{"id":90463,"date":"2022-08-05T17:57:11","date_gmt":"2022-08-05T16:57:11","guid":{"rendered":"https:\/\/www.copealcoy.es\/?p=90463"},"modified":"2022-08-27T18:52:23","modified_gmt":"2022-08-27T17:52:23","slug":"famorca-ya-disfruta-de-sus-fiestas-patronales","status":"publish","type":"post","link":"https:\/\/www.copealcoy.es\/es\/famorca-ya-disfruta-de-sus-fiestas-patronales\/","title":{"rendered":"Famorca ya disfruta de sus Fiestas Patronales"},"content":{"rendered":"<p style=\"text-align: justify;\">Famorca <strong>ya est\u00e1 inmersa en la celebraci\u00f3n de los d\u00edas grandes de sus Fiestas Patronales<\/strong> tras <strong>una intensa semana que ha estado repleta de actividades previas<\/strong> de car\u00e1cter cultural as\u00ed como para los m\u00e1s peque\u00f1os. Los vecinos acogen con gran ilusi\u00f3n <strong>unos festejos que recuperan su formato habitual<\/strong> despu\u00e9s de que en 2020 y 2021 no pudieran realizarse actos en la calle a causa de la pandemia.<\/p>\n<p style=\"text-align: justify;\">En el programa de actos de Famorca encontramos <strong>volteos generales de campanas, pasacalles, despertaes, competiciones de pilota valenciana, representaciones teatrales o la ofrenda floral dedicada a la Virgen de los Dolores<\/strong>. El s\u00e1bado destacan<strong> la misa solemne y la procesi\u00f3n de la noche en honor al Sant\u00edsimo Sacramento<\/strong> y ya el domingo <strong>la Fil\u00e0 Famorquins es la protagonista<\/strong> con la Diana a las 10:00h o la Entrada las 18:00h. Uno de los momentos m\u00e1s esperados es tambi\u00e9n <strong>la procesi\u00f3n dedicada al patr\u00f3n<\/strong>, <strong>San Cayetano<\/strong>, ya que es un desfile procesional en el que participan gran cantidad de vecinos de estas comarcas.<\/p>\n<p style=\"text-align: justify;\">Todo ello se completa con <strong>un amplio abanico de orquestas<\/strong> que animan las noches festivas en pleno verano. El alcalde de Famorca, <strong>Vicente Antonio Ruiz<\/strong>, ha contado en COPE ALCOY todos los detalles de estos esperados festejos:<\/p>\n<audio class=\"wp-audio-shortcode\" id=\"audio-90463-1\" preload=\"none\" style=\"width: 100%;\" controls=\"controls\"><source type=\"audio\/mpeg\" src=\"https:\/\/www.copealcoy.es\/wp-content\/uploads\/2022\/08\/2022.08.03-ALCALDE-FAMORCA-FESTES.mp3?_=1\" \/><a href=\"https:\/\/www.copealcoy.es\/wp-content\/uploads\/2022\/08\/2022.08.03-ALCALDE-FAMORCA-FESTES.mp3\">https:\/\/www.copealcoy.es\/wp-content\/uploads\/2022\/08\/2022.08.03-ALCALDE-FAMORCA-FESTES.mp3<\/a><\/audio>\n","protected":false},"excerpt":{"rendered":"<p>Famorca ya est\u00e1 inmersa en la celebraci\u00f3n de los d\u00edas grandes de sus Fiestas Patronales tras una intensa semana que&#8230;<\/p>\n","protected":false},"author":1,"featured_media":54125,"comment_status":"open","ping_status":"open","sticky":false,"template":"","format":"standard","meta":{"footnotes":""},"categories":[98,75],"tags":[9097,2954,13030,13031],"class_list":["post-90463","post","type-post","status-publish","format-standard","has-post-thumbnail","hentry","category-comarcas","category-noticias","tag-famorca","tag-fiestas-patronales","tag-san-cayetano","tag-vicente-antonio-ruiz"],"yoast_head":"<!-- This site is optimized with the Yoast SEO plugin v27.3 - https:\/\/yoast.com\/product\/yoast-seo-wordpress\/ -->\n<title>Famorca ya disfruta de sus Fiestas Patronales - COPE Alcoy<\/title>\n<meta name=\"robots\" content=\"index, follow, max-snippet:-1, max-image-preview:large, max-video-preview:-1\" \/>\n<link rel=\"canonical\" href=\"https:\/\/www.copealcoy.es\/es\/famorca-ya-disfruta-de-sus-fiestas-patronales\/\" \/>\n<meta property=\"og:locale\" content=\"es_ES\" \/>\n<meta property=\"og:type\" content=\"article\" \/>\n<meta property=\"og:title\" content=\"Famorca ya disfruta de sus Fiestas Patronales - COPE Alcoy\" \/>\n<meta property=\"og:description\" content=\"Famorca ya est\u00e1 inmersa en la celebraci\u00f3n de los d\u00edas grandes de sus Fiestas Patronales tras una intensa semana que...\" \/>\n<meta property=\"og:url\" content=\"https:\/\/www.copealcoy.es\/es\/famorca-ya-disfruta-de-sus-fiestas-patronales\/\" \/>\n<meta property=\"og:site_name\" content=\"COPE Alcoy\" \/>\n<meta property=\"article:published_time\" content=\"2022-08-05T16:57:11+00:00\" \/>\n<meta property=\"article:modified_time\" content=\"2022-08-27T17:52:23+00:00\" \/>\n<meta property=\"og:image\" content=\"https:\/\/www.copealcoy.es\/wp-content\/uploads\/2019\/08\/foto5-1.jpg\" \/>\n\t<meta property=\"og:image:width\" content=\"2362\" \/>\n\t<meta property=\"og:image:height\" content=\"1549\" \/>\n\t<meta property=\"og:image:type\" content=\"image\/jpeg\" \/>\n<meta name=\"author\" content=\"Cope Alcoy\" \/>\n<meta name=\"twitter:label1\" content=\"Escrito por\" \/>\n\t<meta name=\"twitter:data1\" content=\"Cope Alcoy\" \/>\n\t<meta name=\"twitter:label2\" content=\"Tiempo de lectura\" \/>\n\t<meta name=\"twitter:data2\" content=\"1 minuto\" \/>\n<script type=\"application\/ld+json\" class=\"yoast-schema-graph\">{\"@context\":\"https:\\\/\\\/schema.org\",\"@graph\":[{\"@type\":\"Article\",\"@id\":\"https:\\\/\\\/www.copealcoy.es\\\/es\\\/famorca-ya-disfruta-de-sus-fiestas-patronales\\\/#article\",\"isPartOf\":{\"@id\":\"https:\\\/\\\/www.copealcoy.es\\\/es\\\/famorca-ya-disfruta-de-sus-fiestas-patronales\\\/\"},\"author\":{\"name\":\"Cope Alcoy\",\"@id\":\"https:\\\/\\\/www.copealcoy.es\\\/es\\\/#\\\/schema\\\/person\\\/e777c87fa024e57d40170af9df39882c\"},\"headline\":\"Famorca ya disfruta de sus Fiestas Patronales\",\"datePublished\":\"2022-08-05T16:57:11+00:00\",\"dateModified\":\"2022-08-27T17:52:23+00:00\",\"mainEntityOfPage\":{\"@id\":\"https:\\\/\\\/www.copealcoy.es\\\/es\\\/famorca-ya-disfruta-de-sus-fiestas-patronales\\\/\"},\"wordCount\":235,\"commentCount\":0,\"image\":{\"@id\":\"https:\\\/\\\/www.copealcoy.es\\\/es\\\/famorca-ya-disfruta-de-sus-fiestas-patronales\\\/#primaryimage\"},\"thumbnailUrl\":\"https:\\\/\\\/www.copealcoy.es\\\/wp-content\\\/uploads\\\/2019\\\/08\\\/foto5-1.jpg\",\"keywords\":[\"Famorca\",\"fiestas patronales\",\"San Cayetano\",\"Vicente Antonio Ruiz\"],\"articleSection\":[\"Comarcas\",\"Noticias\"],\"inLanguage\":\"es\"},{\"@type\":\"WebPage\",\"@id\":\"https:\\\/\\\/www.copealcoy.es\\\/es\\\/famorca-ya-disfruta-de-sus-fiestas-patronales\\\/\",\"url\":\"https:\\\/\\\/www.copealcoy.es\\\/es\\\/famorca-ya-disfruta-de-sus-fiestas-patronales\\\/\",\"name\":\"Famorca ya disfruta de sus Fiestas Patronales - COPE Alcoy\",\"isPartOf\":{\"@id\":\"https:\\\/\\\/www.copealcoy.es\\\/es\\\/#website\"},\"primaryImageOfPage\":{\"@id\":\"https:\\\/\\\/www.copealcoy.es\\\/es\\\/famorca-ya-disfruta-de-sus-fiestas-patronales\\\/#primaryimage\"},\"image\":{\"@id\":\"https:\\\/\\\/www.copealcoy.es\\\/es\\\/famorca-ya-disfruta-de-sus-fiestas-patronales\\\/#primaryimage\"},\"thumbnailUrl\":\"https:\\\/\\\/www.copealcoy.es\\\/wp-content\\\/uploads\\\/2019\\\/08\\\/foto5-1.jpg\",\"datePublished\":\"2022-08-05T16:57:11+00:00\",\"dateModified\":\"2022-08-27T17:52:23+00:00\",\"author\":{\"@id\":\"https:\\\/\\\/www.copealcoy.es\\\/es\\\/#\\\/schema\\\/person\\\/e777c87fa024e57d40170af9df39882c\"},\"breadcrumb\":{\"@id\":\"https:\\\/\\\/www.copealcoy.es\\\/es\\\/famorca-ya-disfruta-de-sus-fiestas-patronales\\\/#breadcrumb\"},\"inLanguage\":\"es\",\"potentialAction\":[{\"@type\":\"ReadAction\",\"target\":[\"https:\\\/\\\/www.copealcoy.es\\\/es\\\/famorca-ya-disfruta-de-sus-fiestas-patronales\\\/\"]}]},{\"@type\":\"ImageObject\",\"inLanguage\":\"es\",\"@id\":\"https:\\\/\\\/www.copealcoy.es\\\/es\\\/famorca-ya-disfruta-de-sus-fiestas-patronales\\\/#primaryimage\",\"url\":\"https:\\\/\\\/www.copealcoy.es\\\/wp-content\\\/uploads\\\/2019\\\/08\\\/foto5-1.jpg\",\"contentUrl\":\"https:\\\/\\\/www.copealcoy.es\\\/wp-content\\\/uploads\\\/2019\\\/08\\\/foto5-1.jpg\",\"width\":2362,\"height\":1549},{\"@type\":\"BreadcrumbList\",\"@id\":\"https:\\\/\\\/www.copealcoy.es\\\/es\\\/famorca-ya-disfruta-de-sus-fiestas-patronales\\\/#breadcrumb\",\"itemListElement\":[{\"@type\":\"ListItem\",\"position\":1,\"name\":\"Portada\",\"item\":\"https:\\\/\\\/www.copealcoy.es\\\/es\\\/\"},{\"@type\":\"ListItem\",\"position\":2,\"name\":\"Famorca ya disfruta de sus Fiestas Patronales\"}]},{\"@type\":\"WebSite\",\"@id\":\"https:\\\/\\\/www.copealcoy.es\\\/es\\\/#website\",\"url\":\"https:\\\/\\\/www.copealcoy.es\\\/es\\\/\",\"name\":\"COPE Alcoy\",\"description\":\"Emisora COPE de radio local con emisi\u00f3n online. Pont de Sant Jordi 8-10 03803 Alcoy\",\"potentialAction\":[{\"@type\":\"SearchAction\",\"target\":{\"@type\":\"EntryPoint\",\"urlTemplate\":\"https:\\\/\\\/www.copealcoy.es\\\/es\\\/?s={search_term_string}\"},\"query-input\":{\"@type\":\"PropertyValueSpecification\",\"valueRequired\":true,\"valueName\":\"search_term_string\"}}],\"inLanguage\":\"es\"},{\"@type\":\"Person\",\"@id\":\"https:\\\/\\\/www.copealcoy.es\\\/es\\\/#\\\/schema\\\/person\\\/e777c87fa024e57d40170af9df39882c\",\"name\":\"Cope Alcoy\",\"image\":{\"@type\":\"ImageObject\",\"inLanguage\":\"es\",\"@id\":\"https:\\\/\\\/secure.gravatar.com\\\/avatar\\\/bb65d0283347e303893ba14f0692005417c1e0e690a325a4c5d8bb2b3943ee14?s=96&d=mm&r=g\",\"url\":\"https:\\\/\\\/secure.gravatar.com\\\/avatar\\\/bb65d0283347e303893ba14f0692005417c1e0e690a325a4c5d8bb2b3943ee14?s=96&d=mm&r=g\",\"contentUrl\":\"https:\\\/\\\/secure.gravatar.com\\\/avatar\\\/bb65d0283347e303893ba14f0692005417c1e0e690a325a4c5d8bb2b3943ee14?s=96&d=mm&r=g\",\"caption\":\"Cope Alcoy\"}}]}<\/script>\n<!-- \/ Yoast SEO plugin. -->","yoast_head_json":{"title":"Famorca ya disfruta de sus Fiestas Patronales - COPE Alcoy","robots":{"index":"index","follow":"follow","max-snippet":"max-snippet:-1","max-image-preview":"max-image-preview:large","max-video-preview":"max-video-preview:-1"},"canonical":"https:\/\/www.copealcoy.es\/es\/famorca-ya-disfruta-de-sus-fiestas-patronales\/","og_locale":"es_ES","og_type":"article","og_title":"Famorca ya disfruta de sus Fiestas Patronales - COPE Alcoy","og_description":"Famorca ya est\u00e1 inmersa en la celebraci\u00f3n de los d\u00edas grandes de sus Fiestas Patronales tras una intensa semana que...","og_url":"https:\/\/www.copealcoy.es\/es\/famorca-ya-disfruta-de-sus-fiestas-patronales\/","og_site_name":"COPE Alcoy","article_published_time":"2022-08-05T16:57:11+00:00","article_modified_time":"2022-08-27T17:52:23+00:00","og_image":[{"width":2362,"height":1549,"url":"https:\/\/www.copealcoy.es\/wp-content\/uploads\/2019\/08\/foto5-1.jpg","type":"image\/jpeg"}],"author":"Cope Alcoy","twitter_misc":{"Escrito por":"Cope Alcoy","Tiempo de lectura":"1 minuto"},"schema":{"@context":"https:\/\/schema.org","@graph":[{"@type":"Article","@id":"https:\/\/www.copealcoy.es\/es\/famorca-ya-disfruta-de-sus-fiestas-patronales\/#article","isPartOf":{"@id":"https:\/\/www.copealcoy.es\/es\/famorca-ya-disfruta-de-sus-fiestas-patronales\/"},"author":{"name":"Cope Alcoy","@id":"https:\/\/www.copealcoy.es\/es\/#\/schema\/person\/e777c87fa024e57d40170af9df39882c"},"headline":"Famorca ya disfruta de sus Fiestas Patronales","datePublished":"2022-08-05T16:57:11+00:00","dateModified":"2022-08-27T17:52:23+00:00","mainEntityOfPage":{"@id":"https:\/\/www.copealcoy.es\/es\/famorca-ya-disfruta-de-sus-fiestas-patronales\/"},"wordCount":235,"commentCount":0,"image":{"@id":"https:\/\/www.copealcoy.es\/es\/famorca-ya-disfruta-de-sus-fiestas-patronales\/#primaryimage"},"thumbnailUrl":"https:\/\/www.copealcoy.es\/wp-content\/uploads\/2019\/08\/foto5-1.jpg","keywords":["Famorca","fiestas patronales","San Cayetano","Vicente Antonio Ruiz"],"articleSection":["Comarcas","Noticias"],"inLanguage":"es"},{"@type":"WebPage","@id":"https:\/\/www.copealcoy.es\/es\/famorca-ya-disfruta-de-sus-fiestas-patronales\/","url":"https:\/\/www.copealcoy.es\/es\/famorca-ya-disfruta-de-sus-fiestas-patronales\/","name":"Famorca ya disfruta de sus Fiestas Patronales - COPE Alcoy","isPartOf":{"@id":"https:\/\/www.copealcoy.es\/es\/#website"},"primaryImageOfPage":{"@id":"https:\/\/www.copealcoy.es\/es\/famorca-ya-disfruta-de-sus-fiestas-patronales\/#primaryimage"},"image":{"@id":"https:\/\/www.copealcoy.es\/es\/famorca-ya-disfruta-de-sus-fiestas-patronales\/#primaryimage"},"thumbnailUrl":"https:\/\/www.copealcoy.es\/wp-content\/uploads\/2019\/08\/foto5-1.jpg","datePublished":"2022-08-05T16:57:11+00:00","dateModified":"2022-08-27T17:52:23+00:00","author":{"@id":"https:\/\/www.copealcoy.es\/es\/#\/schema\/person\/e777c87fa024e57d40170af9df39882c"},"breadcrumb":{"@id":"https:\/\/www.copealcoy.es\/es\/famorca-ya-disfruta-de-sus-fiestas-patronales\/#breadcrumb"},"inLanguage":"es","potentialAction":[{"@type":"ReadAction","target":["https:\/\/www.copealcoy.es\/es\/famorca-ya-disfruta-de-sus-fiestas-patronales\/"]}]},{"@type":"ImageObject","inLanguage":"es","@id":"https:\/\/www.copealcoy.es\/es\/famorca-ya-disfruta-de-sus-fiestas-patronales\/#primaryimage","url":"https:\/\/www.copealcoy.es\/wp-content\/uploads\/2019\/08\/foto5-1.jpg","contentUrl":"https:\/\/www.copealcoy.es\/wp-content\/uploads\/2019\/08\/foto5-1.jpg","width":2362,"height":1549},{"@type":"BreadcrumbList","@id":"https:\/\/www.copealcoy.es\/es\/famorca-ya-disfruta-de-sus-fiestas-patronales\/#breadcrumb","itemListElement":[{"@type":"ListItem","position":1,"name":"Portada","item":"https:\/\/www.copealcoy.es\/es\/"},{"@type":"ListItem","position":2,"name":"Famorca ya disfruta de sus Fiestas Patronales"}]},{"@type":"WebSite","@id":"https:\/\/www.copealcoy.es\/es\/#website","url":"https:\/\/www.copealcoy.es\/es\/","name":"COPE Alcoy","description":"Emisora COPE de radio local con emisi\u00f3n online. Pont de Sant Jordi 8-10 03803 Alcoy","potentialAction":[{"@type":"SearchAction","target":{"@type":"EntryPoint","urlTemplate":"https:\/\/www.copealcoy.es\/es\/?s={search_term_string}"},"query-input":{"@type":"PropertyValueSpecification","valueRequired":true,"valueName":"search_term_string"}}],"inLanguage":"es"},{"@type":"Person","@id":"https:\/\/www.copealcoy.es\/es\/#\/schema\/person\/e777c87fa024e57d40170af9df39882c","name":"Cope Alcoy","image":{"@type":"ImageObject","inLanguage":"es","@id":"https:\/\/secure.gravatar.com\/avatar\/bb65d0283347e303893ba14f0692005417c1e0e690a325a4c5d8bb2b3943ee14?s=96&d=mm&r=g","url":"https:\/\/secure.gravatar.com\/avatar\/bb65d0283347e303893ba14f0692005417c1e0e690a325a4c5d8bb2b3943ee14?s=96&d=mm&r=g","contentUrl":"https:\/\/secure.gravatar.com\/avatar\/bb65d0283347e303893ba14f0692005417c1e0e690a325a4c5d8bb2b3943ee14?s=96&d=mm&r=g","caption":"Cope Alcoy"}}]}},"_links":{"self":[{"href":"https:\/\/www.copealcoy.es\/es\/wp-json\/wp\/v2\/posts\/90463","targetHints":{"allow":["GET"]}}],"collection":[{"href":"https:\/\/www.copealcoy.es\/es\/wp-json\/wp\/v2\/posts"}],"about":[{"href":"https:\/\/www.copealcoy.es\/es\/wp-json\/wp\/v2\/types\/post"}],"author":[{"embeddable":true,"href":"https:\/\/www.copealcoy.es\/es\/wp-json\/wp\/v2\/users\/1"}],"replies":[{"embeddable":true,"href":"https:\/\/www.copealcoy.es\/es\/wp-json\/wp\/v2\/comments?post=90463"}],"version-history":[{"count":0,"href":"https:\/\/www.copealcoy.es\/es\/wp-json\/wp\/v2\/posts\/90463\/revisions"}],"wp:featuredmedia":[{"embeddable":true,"href":"https:\/\/www.copealcoy.es\/es\/wp-json\/wp\/v2\/media\/54125"}],"wp:attachment":[{"href":"https:\/\/www.copealcoy.es\/es\/wp-json\/wp\/v2\/media?parent=90463"}],"wp:term":[{"taxonomy":"category","embeddable":true,"href":"https:\/\/www.copealcoy.es\/es\/wp-json\/wp\/v2\/categories?post=90463"},{"taxonomy":"post_tag","embeddable":true,"href":"https:\/\/www.copealcoy.es\/es\/wp-json\/wp\/v2\/tags?post=90463"}],"curies":[{"name":"wp","href":"https:\/\/api.w.org\/{rel}","templated":true}]}}