{"id":90447,"date":"2022-08-05T09:34:09","date_gmt":"2022-08-05T08:34:09","guid":{"rendered":"https:\/\/www.copealcoy.es\/?p=90447"},"modified":"2022-08-05T18:03:41","modified_gmt":"2022-08-05T17:03:41","slug":"la-comarca-da-una-calurosa-y-emotiva-bienvenida-a-la-geperudeta","status":"publish","type":"post","link":"https:\/\/www.copealcoy.es\/es\/la-comarca-da-una-calurosa-y-emotiva-bienvenida-a-la-geperudeta\/","title":{"rendered":"La comarca da una calurosa y emotiva bienvenida a la Geperudeta"},"content":{"rendered":"<p style=\"text-align: justify;\">Los municipios de las comarcas de l\u2019Alcoi\u00e0 y el Comtat <strong>han sido testigos en esta primera semana de agosto de la hist\u00f3rica visita de la imagen peregrina de la Virgen de los Desamparados procedente de la ciudad de Valencia<\/strong>. Este acto se enmarca dentro de las actividades organizadas por la Di\u00f3cesis valentina para conmemorar entre 2022 y 2023 <strong>el I Centenario de la \u00faltima coronaci\u00f3n can\u00f3nica<\/strong> de la imagen de la patrona de la regi\u00f3n.<\/p>\n<p style=\"text-align: justify;\">El recorrido de la Mare de D\u00e9u comenz\u00f3 el lunes d\u00eda 1 y en esta ocasi\u00f3n el \u2018Marem\u00f2vil\u2019 que traslada a la talla hizo parada <strong>Benifallim o Pen\u00e0guila<\/strong>, localidad esta \u00faltima donde fue recibida con danzas populares y la presencia de la patrona del pueblo, la Virgen del Patrocinio. A continuaci\u00f3n, sigui\u00f3 por <strong>Alcoleja, Benasau, Benilloba, Gorga y Quatretondeta<\/strong>. Ya el martes 2 la Geperudeta fue recibida con volteo de campanas en <strong>Famorca<\/strong> y acudi\u00f3 despu\u00e9s a <strong>Fageca, Tollos, Benimassot, Balones, Millena, Benillup y Almudaina<\/strong>. El mi\u00e9rcoles 3 de agosto lleg\u00f3 a <strong>Cocentaina<\/strong>, donde se le dio la bienvenida a las puertas del Monasterio de la Mare de D\u00e9u del Miracle, y poblaci\u00f3n en la que la citada visita dej\u00f3 curiosas im\u00e1genes puesto que se pudo ver el paso de la Virgen de los Desamparados junto al Castillo de Fiestas que preside El Pla para los d\u00edas grandes de los Moros y Cristianos en honor a San Hip\u00f3lito M\u00e1rtir. Despu\u00e9s de esto el \u2018Marem\u00f2vil\u2019 pas\u00f3 por la Parroquia del Salvador, donde el volteo de campanas y los feligreses arroparon su llegada. La traves\u00eda sigui\u00f3 por <strong>la pedan\u00eda contestana de l\u2019Alcudia, l\u2019Alqueria d\u2019Asnar, Setla de Nunyes, Ben\u00e0mer y Muro<\/strong>. Este \u00faltimo pueblo la recibi\u00f3 en la Pla\u00e7a de la Ermita, tambi\u00e9n con el ta\u00f1ido incesante de las campanas, y vivi\u00f3 con emoci\u00f3n esta ceremonia ya tiene a la Geperudeta como patrona. Por \u00faltimo, el jueves 4 pas\u00f3 por <strong>Turballos, Alcosser, Gaianes, Beniarr\u00e9s y L\u2019Orxa<\/strong>. Tras un breve par\u00e9ntesis, la Virgen de los Desamparados volver\u00e1 a la comarca el lunes para recorrer en esta ocasi\u00f3n <strong>Agres, Alfafara o Banyeres de Mariola<\/strong> y despu\u00e9s de este trayecto <strong>regresar\u00e1 a l\u2019Alcoi\u00e0 y el Comtat en noviembre<\/strong>. En ese mes est\u00e1 previsto que haga parada en <strong>Alcoy<\/strong> seg\u00fan informaba semanas atr\u00e1s el titular de las Parroquias del Centro de la ciudad del Serpis; Don Jos\u00e9 Lu\u00eds Llopis.<\/p>\n<div id='gallery-1' class='gallery galleryid-90447 gallery-columns-2 gallery-size-large'><figure class='gallery-item'>\n\t\t\t<div class='gallery-icon landscape'>\n\t\t\t\t<a href='https:\/\/www.copealcoy.es\/es\/la-comarca-da-una-calurosa-y-emotiva-bienvenida-a-la-geperudeta\/2-curiosa-imagen-de-la-mare-de-deu-junto-al-castillo-de-fiestas-de-cocentaina-foto-seguidors-de-la-mare-de-deu\/'><img loading=\"lazy\" decoding=\"async\" width=\"980\" height=\"588\" src=\"https:\/\/www.copealcoy.es\/wp-content\/uploads\/2022\/08\/2-Curiosa-imagen-de-la-Mare-de-De\u0301u-junto-al-Castillo-de-Fiestas-de-Cocentaina-Foto-Seguidors-de-la-Mare-de-De\u0301u-980x588.jpg\" class=\"attachment-large size-large\" alt=\"\" \/><\/a>\n\t\t\t<\/div><\/figure><figure class='gallery-item'>\n\t\t\t<div class='gallery-icon landscape'>\n\t\t\t\t<a href='https:\/\/www.copealcoy.es\/es\/la-comarca-da-una-calurosa-y-emotiva-bienvenida-a-la-geperudeta\/2-la-geperudeta-tras-llegar-a-muro-foto-seguidors-de-la-mare-de-deu\/'><img loading=\"lazy\" decoding=\"async\" width=\"980\" height=\"588\" src=\"https:\/\/www.copealcoy.es\/wp-content\/uploads\/2022\/08\/2-La-Geperudeta-tras-llegar-a-Muro-Foto-Seguidors-de-la-Mare-de-De\u0301u-980x588.jpg\" class=\"attachment-large size-large\" alt=\"\" aria-describedby=\"gallery-1-90452\" \/><\/a>\n\t\t\t<\/div>\n\t\t\t\t<figcaption class='wp-caption-text gallery-caption' id='gallery-1-90452'>\n\t\t\t\tMuro\n\t\t\t\t<\/figcaption><\/figure><figure class='gallery-item'>\n\t\t\t<div class='gallery-icon landscape'>\n\t\t\t\t<a href='https:\/\/www.copealcoy.es\/es\/la-comarca-da-una-calurosa-y-emotiva-bienvenida-a-la-geperudeta\/2-vecinos-de-balones-dando-la-bienvenida-a-la-virgen-foto-seguidors-de-la-mare-de-deu\/'><img loading=\"lazy\" decoding=\"async\" width=\"980\" height=\"588\" src=\"https:\/\/www.copealcoy.es\/wp-content\/uploads\/2022\/08\/2-Vecinos-de-Balones-dando-la-bienvenida-a-la-Virgen-Foto-Seguidors-de-la-Mare-de-De\u0301u-980x588.jpg\" class=\"attachment-large size-large\" alt=\"\" aria-describedby=\"gallery-1-90453\" \/><\/a>\n\t\t\t<\/div>\n\t\t\t\t<figcaption class='wp-caption-text gallery-caption' id='gallery-1-90453'>\n\t\t\t\tBalones\n\t\t\t\t<\/figcaption><\/figure><figure class='gallery-item'>\n\t\t\t<div class='gallery-icon portrait'>\n\t\t\t\t<a href='https:\/\/www.copealcoy.es\/es\/la-comarca-da-una-calurosa-y-emotiva-bienvenida-a-la-geperudeta\/2-en-beniarres-tambien-recibieron-a-la-patrona-de-los-valencianos-foto-seguidors-de-la-mare-de-deujpg\/'><img loading=\"lazy\" decoding=\"async\" width=\"980\" height=\"588\" src=\"https:\/\/www.copealcoy.es\/wp-content\/uploads\/2022\/08\/2-En-Beniarre\u0301s-tambie\u0301n-recibieron-a-la-patrona-de-los-valencianos-Foto-Seguidors-de-la-Mare-de-De\u0301ujpg-980x588.jpg\" class=\"attachment-large size-large\" alt=\"\" aria-describedby=\"gallery-1-90454\" \/><\/a>\n\t\t\t<\/div>\n\t\t\t\t<figcaption class='wp-caption-text gallery-caption' id='gallery-1-90454'>\n\t\t\t\tBeniarr\u00e9s\n\t\t\t\t<\/figcaption><\/figure><figure class='gallery-item'>\n\t\t\t<div class='gallery-icon landscape'>\n\t\t\t\t<a href='https:\/\/www.copealcoy.es\/es\/la-comarca-da-una-calurosa-y-emotiva-bienvenida-a-la-geperudeta\/3d7af33c-a7a2-4d25-84d8-334cf37b1318\/'><img loading=\"lazy\" decoding=\"async\" width=\"980\" height=\"588\" src=\"https:\/\/www.copealcoy.es\/wp-content\/uploads\/2022\/08\/3d7af33c-a7a2-4d25-84d8-334cf37b1318-980x588.jpg\" class=\"attachment-large size-large\" alt=\"\" aria-describedby=\"gallery-1-90455\" \/><\/a>\n\t\t\t<\/div>\n\t\t\t\t<figcaption class='wp-caption-text gallery-caption' id='gallery-1-90455'>\n\t\t\t\tSetla de Nunyes\n\t\t\t\t<\/figcaption><\/figure><figure class='gallery-item'>\n\t\t\t<div class='gallery-icon portrait'>\n\t\t\t\t<a href='https:\/\/www.copealcoy.es\/es\/la-comarca-da-una-calurosa-y-emotiva-bienvenida-a-la-geperudeta\/d626b7b9-b8b9-4e95-91ef-aa7489a0c530\/'><img loading=\"lazy\" decoding=\"async\" width=\"720\" height=\"588\" src=\"https:\/\/www.copealcoy.es\/wp-content\/uploads\/2022\/08\/d626b7b9-b8b9-4e95-91ef-aa7489a0c530-720x588.jpg\" class=\"attachment-large size-large\" alt=\"\" aria-describedby=\"gallery-1-90456\" \/><\/a>\n\t\t\t<\/div>\n\t\t\t\t<figcaption class='wp-caption-text gallery-caption' id='gallery-1-90456'>\n\t\t\t\tTurballos \n\t\t\t\t<\/figcaption><\/figure><figure class='gallery-item'>\n\t\t\t<div class='gallery-icon landscape'>\n\t\t\t\t<a href='https:\/\/www.copealcoy.es\/es\/la-comarca-da-una-calurosa-y-emotiva-bienvenida-a-la-geperudeta\/d2af1f9c-b802-43fa-937d-ea05c21f4130\/'><img loading=\"lazy\" decoding=\"async\" width=\"980\" height=\"588\" src=\"https:\/\/www.copealcoy.es\/wp-content\/uploads\/2022\/08\/d2af1f9c-b802-43fa-937d-ea05c21f4130-980x588.jpg\" class=\"attachment-large size-large\" alt=\"\" aria-describedby=\"gallery-1-90457\" \/><\/a>\n\t\t\t<\/div>\n\t\t\t\t<figcaption class='wp-caption-text gallery-caption' id='gallery-1-90457'>\n\t\t\t\tGaianes\n\t\t\t\t<\/figcaption><\/figure><figure class='gallery-item'>\n\t\t\t<div class='gallery-icon landscape'>\n\t\t\t\t<a href='https:\/\/www.copealcoy.es\/es\/la-comarca-da-una-calurosa-y-emotiva-bienvenida-a-la-geperudeta\/img-8757-1\/'><img loading=\"lazy\" decoding=\"async\" width=\"980\" height=\"588\" src=\"https:\/\/www.copealcoy.es\/wp-content\/uploads\/2022\/08\/IMG-8757-1-980x588.jpg\" class=\"attachment-large size-large\" alt=\"\" aria-describedby=\"gallery-1-90458\" \/><\/a>\n\t\t\t<\/div>\n\t\t\t\t<figcaption class='wp-caption-text gallery-caption' id='gallery-1-90458'>\n\t\t\t\tCocentaina\n\t\t\t\t<\/figcaption><\/figure><figure class='gallery-item'>\n\t\t\t<div class='gallery-icon landscape'>\n\t\t\t\t<a href='https:\/\/www.copealcoy.es\/es\/la-comarca-da-una-calurosa-y-emotiva-bienvenida-a-la-geperudeta\/img-8827\/'><img loading=\"lazy\" decoding=\"async\" width=\"980\" height=\"588\" src=\"https:\/\/www.copealcoy.es\/wp-content\/uploads\/2022\/08\/IMG-8827-980x588.jpg\" class=\"attachment-large size-large\" alt=\"\" aria-describedby=\"gallery-1-90459\" \/><\/a>\n\t\t\t<\/div>\n\t\t\t\t<figcaption class='wp-caption-text gallery-caption' id='gallery-1-90459'>\n\t\t\t\tCocentaina\n\t\t\t\t<\/figcaption><\/figure><figure class='gallery-item'>\n\t\t\t<div class='gallery-icon landscape'>\n\t\t\t\t<a href='https:\/\/www.copealcoy.es\/es\/la-comarca-da-una-calurosa-y-emotiva-bienvenida-a-la-geperudeta\/unnamed-380\/'><img loading=\"lazy\" decoding=\"async\" width=\"980\" height=\"588\" src=\"https:\/\/www.copealcoy.es\/wp-content\/uploads\/2022\/08\/unnamed-2-980x588.jpg\" class=\"attachment-large size-large\" alt=\"\" aria-describedby=\"gallery-1-90461\" \/><\/a>\n\t\t\t<\/div>\n\t\t\t\t<figcaption class='wp-caption-text gallery-caption' id='gallery-1-90461'>\n\t\t\t\tAlcosser\n\t\t\t\t<\/figcaption><\/figure>\n\t\t<\/div>\n\n","protected":false},"excerpt":{"rendered":"<p>Los municipios de las comarcas de l\u2019Alcoi\u00e0 y el Comtat han sido testigos en esta primera semana de agosto de&#8230;<\/p>\n","protected":false},"author":1,"featured_media":90448,"comment_status":"open","ping_status":"open","sticky":false,"template":"","format":"standard","meta":{"footnotes":""},"categories":[98,75],"tags":[6209,482,237,13029,3214,2230,1154],"class_list":["post-90447","post","type-post","status-publish","format-standard","has-post-thumbnail","hentry","category-comarcas","category-noticias","tag-geperudeta","tag-alcoia","tag-comtat","tag-i-centenario-coronacion","tag-recorrido","tag-virgen-de-los-desamparados","tag-visita"],"yoast_head":"<!-- This site is optimized with the Yoast SEO plugin v27.3 - https:\/\/yoast.com\/product\/yoast-seo-wordpress\/ -->\n<title>La comarca da una calurosa y emotiva bienvenida a la Geperudeta - COPE Alcoy<\/title>\n<meta name=\"robots\" content=\"index, follow, max-snippet:-1, max-image-preview:large, max-video-preview:-1\" \/>\n<link rel=\"canonical\" href=\"https:\/\/www.copealcoy.es\/es\/la-comarca-da-una-calurosa-y-emotiva-bienvenida-a-la-geperudeta\/\" \/>\n<meta property=\"og:locale\" content=\"es_ES\" \/>\n<meta property=\"og:type\" content=\"article\" \/>\n<meta property=\"og:title\" content=\"La comarca da una calurosa y emotiva bienvenida a la Geperudeta - COPE Alcoy\" \/>\n<meta property=\"og:description\" content=\"Los municipios de las comarcas de l\u2019Alcoi\u00e0 y el Comtat han sido testigos en esta primera semana de agosto de...\" \/>\n<meta property=\"og:url\" content=\"https:\/\/www.copealcoy.es\/es\/la-comarca-da-una-calurosa-y-emotiva-bienvenida-a-la-geperudeta\/\" \/>\n<meta property=\"og:site_name\" content=\"COPE Alcoy\" \/>\n<meta property=\"article:published_time\" content=\"2022-08-05T08:34:09+00:00\" \/>\n<meta property=\"article:modified_time\" content=\"2022-08-05T17:03:41+00:00\" \/>\n<meta property=\"og:image\" content=\"https:\/\/www.copealcoy.es\/wp-content\/uploads\/2022\/08\/2-La-Comunidad-Parroquia-del-Salvador-de-Cocentaina-recibiendo-a-la-Virgen-Foto-Gabriel-Pascual-scaled-e1659717941921.jpg\" \/>\n\t<meta property=\"og:image:width\" content=\"640\" \/>\n\t<meta property=\"og:image:height\" content=\"478\" \/>\n\t<meta property=\"og:image:type\" content=\"image\/jpeg\" \/>\n<meta name=\"author\" content=\"Cope Alcoy\" \/>\n<meta name=\"twitter:label1\" content=\"Escrito por\" \/>\n\t<meta name=\"twitter:data1\" content=\"Cope Alcoy\" \/>\n\t<meta name=\"twitter:label2\" content=\"Tiempo de lectura\" \/>\n\t<meta name=\"twitter:data2\" content=\"2 minutos\" \/>\n<script type=\"application\/ld+json\" class=\"yoast-schema-graph\">{\"@context\":\"https:\\\/\\\/schema.org\",\"@graph\":[{\"@type\":\"Article\",\"@id\":\"https:\\\/\\\/www.copealcoy.es\\\/es\\\/la-comarca-da-una-calurosa-y-emotiva-bienvenida-a-la-geperudeta\\\/#article\",\"isPartOf\":{\"@id\":\"https:\\\/\\\/www.copealcoy.es\\\/es\\\/la-comarca-da-una-calurosa-y-emotiva-bienvenida-a-la-geperudeta\\\/\"},\"author\":{\"name\":\"Cope Alcoy\",\"@id\":\"https:\\\/\\\/www.copealcoy.es\\\/es\\\/#\\\/schema\\\/person\\\/e777c87fa024e57d40170af9df39882c\"},\"headline\":\"La comarca da una calurosa y emotiva bienvenida a la Geperudeta\",\"datePublished\":\"2022-08-05T08:34:09+00:00\",\"dateModified\":\"2022-08-05T17:03:41+00:00\",\"mainEntityOfPage\":{\"@id\":\"https:\\\/\\\/www.copealcoy.es\\\/es\\\/la-comarca-da-una-calurosa-y-emotiva-bienvenida-a-la-geperudeta\\\/\"},\"wordCount\":438,\"commentCount\":0,\"image\":{\"@id\":\"https:\\\/\\\/www.copealcoy.es\\\/es\\\/la-comarca-da-una-calurosa-y-emotiva-bienvenida-a-la-geperudeta\\\/#primaryimage\"},\"thumbnailUrl\":\"https:\\\/\\\/www.copealcoy.es\\\/wp-content\\\/uploads\\\/2022\\\/08\\\/2-La-Comunidad-Parroquia-del-Salvador-de-Cocentaina-recibiendo-a-la-Virgen-Foto-Gabriel-Pascual-scaled-e1659717941921.jpg\",\"keywords\":[\"'Geperudeta'\",\"Alcoi\u00e0\",\"Comtat\",\"I Centenario coronaci\u00f3n\",\"recorrido\",\"Virgen de los Desamparados\",\"Visita\"],\"articleSection\":[\"Comarcas\",\"Noticias\"],\"inLanguage\":\"es\"},{\"@type\":\"WebPage\",\"@id\":\"https:\\\/\\\/www.copealcoy.es\\\/es\\\/la-comarca-da-una-calurosa-y-emotiva-bienvenida-a-la-geperudeta\\\/\",\"url\":\"https:\\\/\\\/www.copealcoy.es\\\/es\\\/la-comarca-da-una-calurosa-y-emotiva-bienvenida-a-la-geperudeta\\\/\",\"name\":\"La comarca da una calurosa y emotiva bienvenida a la Geperudeta - COPE Alcoy\",\"isPartOf\":{\"@id\":\"https:\\\/\\\/www.copealcoy.es\\\/es\\\/#website\"},\"primaryImageOfPage\":{\"@id\":\"https:\\\/\\\/www.copealcoy.es\\\/es\\\/la-comarca-da-una-calurosa-y-emotiva-bienvenida-a-la-geperudeta\\\/#primaryimage\"},\"image\":{\"@id\":\"https:\\\/\\\/www.copealcoy.es\\\/es\\\/la-comarca-da-una-calurosa-y-emotiva-bienvenida-a-la-geperudeta\\\/#primaryimage\"},\"thumbnailUrl\":\"https:\\\/\\\/www.copealcoy.es\\\/wp-content\\\/uploads\\\/2022\\\/08\\\/2-La-Comunidad-Parroquia-del-Salvador-de-Cocentaina-recibiendo-a-la-Virgen-Foto-Gabriel-Pascual-scaled-e1659717941921.jpg\",\"datePublished\":\"2022-08-05T08:34:09+00:00\",\"dateModified\":\"2022-08-05T17:03:41+00:00\",\"author\":{\"@id\":\"https:\\\/\\\/www.copealcoy.es\\\/es\\\/#\\\/schema\\\/person\\\/e777c87fa024e57d40170af9df39882c\"},\"breadcrumb\":{\"@id\":\"https:\\\/\\\/www.copealcoy.es\\\/es\\\/la-comarca-da-una-calurosa-y-emotiva-bienvenida-a-la-geperudeta\\\/#breadcrumb\"},\"inLanguage\":\"es\",\"potentialAction\":[{\"@type\":\"ReadAction\",\"target\":[\"https:\\\/\\\/www.copealcoy.es\\\/es\\\/la-comarca-da-una-calurosa-y-emotiva-bienvenida-a-la-geperudeta\\\/\"]}]},{\"@type\":\"ImageObject\",\"inLanguage\":\"es\",\"@id\":\"https:\\\/\\\/www.copealcoy.es\\\/es\\\/la-comarca-da-una-calurosa-y-emotiva-bienvenida-a-la-geperudeta\\\/#primaryimage\",\"url\":\"https:\\\/\\\/www.copealcoy.es\\\/wp-content\\\/uploads\\\/2022\\\/08\\\/2-La-Comunidad-Parroquia-del-Salvador-de-Cocentaina-recibiendo-a-la-Virgen-Foto-Gabriel-Pascual-scaled-e1659717941921.jpg\",\"contentUrl\":\"https:\\\/\\\/www.copealcoy.es\\\/wp-content\\\/uploads\\\/2022\\\/08\\\/2-La-Comunidad-Parroquia-del-Salvador-de-Cocentaina-recibiendo-a-la-Virgen-Foto-Gabriel-Pascual-scaled-e1659717941921.jpg\",\"width\":640,\"height\":478},{\"@type\":\"BreadcrumbList\",\"@id\":\"https:\\\/\\\/www.copealcoy.es\\\/es\\\/la-comarca-da-una-calurosa-y-emotiva-bienvenida-a-la-geperudeta\\\/#breadcrumb\",\"itemListElement\":[{\"@type\":\"ListItem\",\"position\":1,\"name\":\"Portada\",\"item\":\"https:\\\/\\\/www.copealcoy.es\\\/es\\\/\"},{\"@type\":\"ListItem\",\"position\":2,\"name\":\"La comarca da una calurosa y emotiva bienvenida a la Geperudeta\"}]},{\"@type\":\"WebSite\",\"@id\":\"https:\\\/\\\/www.copealcoy.es\\\/es\\\/#website\",\"url\":\"https:\\\/\\\/www.copealcoy.es\\\/es\\\/\",\"name\":\"COPE Alcoy\",\"description\":\"Emisora COPE de radio local con emisi\u00f3n online. Pont de Sant Jordi 8-10 03803 Alcoy\",\"potentialAction\":[{\"@type\":\"SearchAction\",\"target\":{\"@type\":\"EntryPoint\",\"urlTemplate\":\"https:\\\/\\\/www.copealcoy.es\\\/es\\\/?s={search_term_string}\"},\"query-input\":{\"@type\":\"PropertyValueSpecification\",\"valueRequired\":true,\"valueName\":\"search_term_string\"}}],\"inLanguage\":\"es\"},{\"@type\":\"Person\",\"@id\":\"https:\\\/\\\/www.copealcoy.es\\\/es\\\/#\\\/schema\\\/person\\\/e777c87fa024e57d40170af9df39882c\",\"name\":\"Cope Alcoy\",\"image\":{\"@type\":\"ImageObject\",\"inLanguage\":\"es\",\"@id\":\"https:\\\/\\\/secure.gravatar.com\\\/avatar\\\/bb65d0283347e303893ba14f0692005417c1e0e690a325a4c5d8bb2b3943ee14?s=96&d=mm&r=g\",\"url\":\"https:\\\/\\\/secure.gravatar.com\\\/avatar\\\/bb65d0283347e303893ba14f0692005417c1e0e690a325a4c5d8bb2b3943ee14?s=96&d=mm&r=g\",\"contentUrl\":\"https:\\\/\\\/secure.gravatar.com\\\/avatar\\\/bb65d0283347e303893ba14f0692005417c1e0e690a325a4c5d8bb2b3943ee14?s=96&d=mm&r=g\",\"caption\":\"Cope Alcoy\"}}]}<\/script>\n<!-- \/ Yoast SEO plugin. -->","yoast_head_json":{"title":"La comarca da una calurosa y emotiva bienvenida a la Geperudeta - COPE Alcoy","robots":{"index":"index","follow":"follow","max-snippet":"max-snippet:-1","max-image-preview":"max-image-preview:large","max-video-preview":"max-video-preview:-1"},"canonical":"https:\/\/www.copealcoy.es\/es\/la-comarca-da-una-calurosa-y-emotiva-bienvenida-a-la-geperudeta\/","og_locale":"es_ES","og_type":"article","og_title":"La comarca da una calurosa y emotiva bienvenida a la Geperudeta - COPE Alcoy","og_description":"Los municipios de las comarcas de l\u2019Alcoi\u00e0 y el Comtat han sido testigos en esta primera semana de agosto de...","og_url":"https:\/\/www.copealcoy.es\/es\/la-comarca-da-una-calurosa-y-emotiva-bienvenida-a-la-geperudeta\/","og_site_name":"COPE Alcoy","article_published_time":"2022-08-05T08:34:09+00:00","article_modified_time":"2022-08-05T17:03:41+00:00","og_image":[{"width":640,"height":478,"url":"https:\/\/www.copealcoy.es\/wp-content\/uploads\/2022\/08\/2-La-Comunidad-Parroquia-del-Salvador-de-Cocentaina-recibiendo-a-la-Virgen-Foto-Gabriel-Pascual-scaled-e1659717941921.jpg","type":"image\/jpeg"}],"author":"Cope Alcoy","twitter_misc":{"Escrito por":"Cope Alcoy","Tiempo de lectura":"2 minutos"},"schema":{"@context":"https:\/\/schema.org","@graph":[{"@type":"Article","@id":"https:\/\/www.copealcoy.es\/es\/la-comarca-da-una-calurosa-y-emotiva-bienvenida-a-la-geperudeta\/#article","isPartOf":{"@id":"https:\/\/www.copealcoy.es\/es\/la-comarca-da-una-calurosa-y-emotiva-bienvenida-a-la-geperudeta\/"},"author":{"name":"Cope Alcoy","@id":"https:\/\/www.copealcoy.es\/es\/#\/schema\/person\/e777c87fa024e57d40170af9df39882c"},"headline":"La comarca da una calurosa y emotiva bienvenida a la Geperudeta","datePublished":"2022-08-05T08:34:09+00:00","dateModified":"2022-08-05T17:03:41+00:00","mainEntityOfPage":{"@id":"https:\/\/www.copealcoy.es\/es\/la-comarca-da-una-calurosa-y-emotiva-bienvenida-a-la-geperudeta\/"},"wordCount":438,"commentCount":0,"image":{"@id":"https:\/\/www.copealcoy.es\/es\/la-comarca-da-una-calurosa-y-emotiva-bienvenida-a-la-geperudeta\/#primaryimage"},"thumbnailUrl":"https:\/\/www.copealcoy.es\/wp-content\/uploads\/2022\/08\/2-La-Comunidad-Parroquia-del-Salvador-de-Cocentaina-recibiendo-a-la-Virgen-Foto-Gabriel-Pascual-scaled-e1659717941921.jpg","keywords":["'Geperudeta'","Alcoi\u00e0","Comtat","I Centenario coronaci\u00f3n","recorrido","Virgen de los Desamparados","Visita"],"articleSection":["Comarcas","Noticias"],"inLanguage":"es"},{"@type":"WebPage","@id":"https:\/\/www.copealcoy.es\/es\/la-comarca-da-una-calurosa-y-emotiva-bienvenida-a-la-geperudeta\/","url":"https:\/\/www.copealcoy.es\/es\/la-comarca-da-una-calurosa-y-emotiva-bienvenida-a-la-geperudeta\/","name":"La comarca da una calurosa y emotiva bienvenida a la Geperudeta - COPE Alcoy","isPartOf":{"@id":"https:\/\/www.copealcoy.es\/es\/#website"},"primaryImageOfPage":{"@id":"https:\/\/www.copealcoy.es\/es\/la-comarca-da-una-calurosa-y-emotiva-bienvenida-a-la-geperudeta\/#primaryimage"},"image":{"@id":"https:\/\/www.copealcoy.es\/es\/la-comarca-da-una-calurosa-y-emotiva-bienvenida-a-la-geperudeta\/#primaryimage"},"thumbnailUrl":"https:\/\/www.copealcoy.es\/wp-content\/uploads\/2022\/08\/2-La-Comunidad-Parroquia-del-Salvador-de-Cocentaina-recibiendo-a-la-Virgen-Foto-Gabriel-Pascual-scaled-e1659717941921.jpg","datePublished":"2022-08-05T08:34:09+00:00","dateModified":"2022-08-05T17:03:41+00:00","author":{"@id":"https:\/\/www.copealcoy.es\/es\/#\/schema\/person\/e777c87fa024e57d40170af9df39882c"},"breadcrumb":{"@id":"https:\/\/www.copealcoy.es\/es\/la-comarca-da-una-calurosa-y-emotiva-bienvenida-a-la-geperudeta\/#breadcrumb"},"inLanguage":"es","potentialAction":[{"@type":"ReadAction","target":["https:\/\/www.copealcoy.es\/es\/la-comarca-da-una-calurosa-y-emotiva-bienvenida-a-la-geperudeta\/"]}]},{"@type":"ImageObject","inLanguage":"es","@id":"https:\/\/www.copealcoy.es\/es\/la-comarca-da-una-calurosa-y-emotiva-bienvenida-a-la-geperudeta\/#primaryimage","url":"https:\/\/www.copealcoy.es\/wp-content\/uploads\/2022\/08\/2-La-Comunidad-Parroquia-del-Salvador-de-Cocentaina-recibiendo-a-la-Virgen-Foto-Gabriel-Pascual-scaled-e1659717941921.jpg","contentUrl":"https:\/\/www.copealcoy.es\/wp-content\/uploads\/2022\/08\/2-La-Comunidad-Parroquia-del-Salvador-de-Cocentaina-recibiendo-a-la-Virgen-Foto-Gabriel-Pascual-scaled-e1659717941921.jpg","width":640,"height":478},{"@type":"BreadcrumbList","@id":"https:\/\/www.copealcoy.es\/es\/la-comarca-da-una-calurosa-y-emotiva-bienvenida-a-la-geperudeta\/#breadcrumb","itemListElement":[{"@type":"ListItem","position":1,"name":"Portada","item":"https:\/\/www.copealcoy.es\/es\/"},{"@type":"ListItem","position":2,"name":"La comarca da una calurosa y emotiva bienvenida a la Geperudeta"}]},{"@type":"WebSite","@id":"https:\/\/www.copealcoy.es\/es\/#website","url":"https:\/\/www.copealcoy.es\/es\/","name":"COPE Alcoy","description":"Emisora COPE de radio local con emisi\u00f3n online. Pont de Sant Jordi 8-10 03803 Alcoy","potentialAction":[{"@type":"SearchAction","target":{"@type":"EntryPoint","urlTemplate":"https:\/\/www.copealcoy.es\/es\/?s={search_term_string}"},"query-input":{"@type":"PropertyValueSpecification","valueRequired":true,"valueName":"search_term_string"}}],"inLanguage":"es"},{"@type":"Person","@id":"https:\/\/www.copealcoy.es\/es\/#\/schema\/person\/e777c87fa024e57d40170af9df39882c","name":"Cope Alcoy","image":{"@type":"ImageObject","inLanguage":"es","@id":"https:\/\/secure.gravatar.com\/avatar\/bb65d0283347e303893ba14f0692005417c1e0e690a325a4c5d8bb2b3943ee14?s=96&d=mm&r=g","url":"https:\/\/secure.gravatar.com\/avatar\/bb65d0283347e303893ba14f0692005417c1e0e690a325a4c5d8bb2b3943ee14?s=96&d=mm&r=g","contentUrl":"https:\/\/secure.gravatar.com\/avatar\/bb65d0283347e303893ba14f0692005417c1e0e690a325a4c5d8bb2b3943ee14?s=96&d=mm&r=g","caption":"Cope Alcoy"}}]}},"_links":{"self":[{"href":"https:\/\/www.copealcoy.es\/es\/wp-json\/wp\/v2\/posts\/90447","targetHints":{"allow":["GET"]}}],"collection":[{"href":"https:\/\/www.copealcoy.es\/es\/wp-json\/wp\/v2\/posts"}],"about":[{"href":"https:\/\/www.copealcoy.es\/es\/wp-json\/wp\/v2\/types\/post"}],"author":[{"embeddable":true,"href":"https:\/\/www.copealcoy.es\/es\/wp-json\/wp\/v2\/users\/1"}],"replies":[{"embeddable":true,"href":"https:\/\/www.copealcoy.es\/es\/wp-json\/wp\/v2\/comments?post=90447"}],"version-history":[{"count":0,"href":"https:\/\/www.copealcoy.es\/es\/wp-json\/wp\/v2\/posts\/90447\/revisions"}],"wp:featuredmedia":[{"embeddable":true,"href":"https:\/\/www.copealcoy.es\/es\/wp-json\/wp\/v2\/media\/90448"}],"wp:attachment":[{"href":"https:\/\/www.copealcoy.es\/es\/wp-json\/wp\/v2\/media?parent=90447"}],"wp:term":[{"taxonomy":"category","embeddable":true,"href":"https:\/\/www.copealcoy.es\/es\/wp-json\/wp\/v2\/categories?post=90447"},{"taxonomy":"post_tag","embeddable":true,"href":"https:\/\/www.copealcoy.es\/es\/wp-json\/wp\/v2\/tags?post=90447"}],"curies":[{"name":"wp","href":"https:\/\/api.w.org\/{rel}","templated":true}]}}