{"id":90440,"date":"2022-08-05T16:56:37","date_gmt":"2022-08-05T15:56:37","guid":{"rendered":"https:\/\/www.copealcoy.es\/?p=90440"},"modified":"2022-08-05T17:03:48","modified_gmt":"2022-08-05T16:03:48","slug":"cocentaina-inicia-la-semana-festera-con-el-tradicional-dia-dels-comptes","status":"publish","type":"post","link":"https:\/\/www.copealcoy.es\/es\/cocentaina-inicia-la-semana-festera-con-el-tradicional-dia-dels-comptes\/","title":{"rendered":"Cocentaina inicia la Semana Festera con el tradicional &#8216;Dia dels Comptes&#8217;"},"content":{"rendered":"<p style=\"text-align: justify;\">Cocentaina <strong>ya se encuentra a una semana vista del inicio de sus Fiestas en honor a San Hip\u00f3lito M\u00e1rtir<\/strong> y antes de los d\u00edas grandes, el municipio vivir\u00e1 <strong>una fren\u00e9tica Semana Festera<\/strong> repleta de actividades tanto culturales como de \u00edndole festiva. El pistoletazo de salida se produce este fin de semana con <strong>la celebraci\u00f3n del tradicional \u2018Dia dels Comptes\u2019<\/strong>, unas jornadas en las que los festeros <strong>ponen al d\u00eda sus respectivas cuotas en las Filaes<\/strong> al mismo tiempo que <strong>ultiman todos los detalles<\/strong> de cara a la inminente trilog\u00eda.<\/p>\n<p style=\"text-align: justify;\">Es habitual que en \u2018Els Comptes\u2019 los festeros y las festeras arranquen la actividad con un buen almuerzo que da paso al cl\u00e1sico <em>vermudet<\/em> de mediod\u00eda como <strong>preludio a las \u2018Voltetes\u2019<\/strong> que llenar\u00e1n de m\u00fasica y buen ambiente el Passeig del Comtat durante la noche. Hay que destacar que en este 6 de agosto desfilar\u00e1n, a partir de las 23:00h, las Filaes <strong>Mulad\u00eds, Cavallers de Ll\u00faria, Contestanos, Maseros, Almog\u00e0vers, Gentils, Creuats, Contrabandistes, Cavalleria Ministerial, Bereberes \u2018Els Borts\u2019, Manta Roja, Bequeteros, Mud\u00e8jars, Gu\u00e0rdia Jalifiana \u2018Sahorins\u2019 y Kabilenyos<\/strong>. Finalmente, el domingo, a las 23:30h, <strong>desfilar\u00e1 la Fil\u00e0 Llana<\/strong> que todav\u00eda mantiene la costumbre de realizar \u2018Els Comptes\u2019 en domingo tal y como era t\u00edpico anta\u00f1o.<\/p>\n<p style=\"text-align: justify;\">A partir de ah\u00ed los actos ir\u00e1n sucedi\u00e9ndose y <strong>la m\u00fasica festera ser\u00e1 la protagonista<\/strong> en el patio de armas del Palau Comtal con el <strong>XIX Concierto de la Colla Mal Passet<\/strong> previsto para el domingo a las 21:00h, el <strong>XXXVI Concierto del Ateneu Musical<\/strong> del lunes a las 22:30h y el <strong>L Concierto de la Uni\u00f3n Musical Contestana<\/strong> que se celebrar\u00e1 el jueves 11 tambi\u00e9n a las 22:30h. A ello se le suman <strong>la peculiar \u2018Volteta dels Xiquets\u2019<\/strong> del martes por la tarde o <strong>la misa solemne<\/strong>, seguida del <strong>traslado de la imagen peque\u00f1a de San Hip\u00f3lito<\/strong> desde la Parroquia del Salvador al Monasterio de la Mare de D\u00e9u del Miracle, a las 19:30h del mismo jueves.<\/p>\n<p style=\"text-align: justify;\">Por \u00faltimo, martes y mi\u00e9rcoles <strong>habr\u00e1 \u2018Voltetes\u2019<\/strong> a las 00:00h con las Filaes Cavallers de Ll\u00faria y Maseros as\u00ed como Contrabandistas y Mud\u00e9jares; respectivamente. A\u00f1adir que cada tarde en la Parroquia de Santa Mar\u00eda <strong>sigue el Novenario dedicado a San Hip\u00f3lito<\/strong> y el mi\u00e9rcoles, con ocasi\u00f3n del \u00faltimo d\u00eda, ser\u00e1n presentados los reci\u00e9n nacidos al patr\u00f3n y se escoger\u00e1n por sorteo los mayorales del santo para 2023.<\/p>\n","protected":false},"excerpt":{"rendered":"<p>Cocentaina ya se encuentra a una semana vista del inicio de sus Fiestas en honor a San Hip\u00f3lito M\u00e1rtir y&#8230;<\/p>\n","protected":false},"author":1,"featured_media":90441,"comment_status":"open","ping_status":"open","sticky":false,"template":"","format":"standard","meta":{"footnotes":""},"categories":[98,75],"tags":[132,2725,609,4488,1293],"class_list":["post-90440","post","type-post","status-publish","format-standard","has-post-thumbnail","hentry","category-comarcas","category-noticias","tag-cocentaina","tag-els-comptes","tag-moros-y-cristianos","tag-san-hipolito-martir","tag-semana-festera"],"yoast_head":"<!-- This site is optimized with the Yoast SEO plugin v27.3 - https:\/\/yoast.com\/product\/yoast-seo-wordpress\/ -->\n<title>Cocentaina inicia la Semana Festera con el tradicional &#039;Dia dels Comptes&#039; - COPE Alcoy<\/title>\n<meta name=\"robots\" content=\"index, follow, max-snippet:-1, max-image-preview:large, max-video-preview:-1\" \/>\n<link rel=\"canonical\" href=\"https:\/\/www.copealcoy.es\/es\/cocentaina-inicia-la-semana-festera-con-el-tradicional-dia-dels-comptes\/\" \/>\n<meta property=\"og:locale\" content=\"es_ES\" \/>\n<meta property=\"og:type\" content=\"article\" \/>\n<meta property=\"og:title\" content=\"Cocentaina inicia la Semana Festera con el tradicional &#039;Dia dels Comptes&#039; - COPE Alcoy\" \/>\n<meta property=\"og:description\" content=\"Cocentaina ya se encuentra a una semana vista del inicio de sus Fiestas en honor a San Hip\u00f3lito M\u00e1rtir y...\" \/>\n<meta property=\"og:url\" content=\"https:\/\/www.copealcoy.es\/es\/cocentaina-inicia-la-semana-festera-con-el-tradicional-dia-dels-comptes\/\" \/>\n<meta property=\"og:site_name\" content=\"COPE Alcoy\" \/>\n<meta property=\"article:published_time\" content=\"2022-08-05T15:56:37+00:00\" \/>\n<meta property=\"article:modified_time\" content=\"2022-08-05T16:03:48+00:00\" \/>\n<meta property=\"og:image\" content=\"https:\/\/www.copealcoy.es\/wp-content\/uploads\/2022\/08\/296710424_5840303722666147_1266743605077348948_n.jpg\" \/>\n\t<meta property=\"og:image:width\" content=\"960\" \/>\n\t<meta property=\"og:image:height\" content=\"767\" \/>\n\t<meta property=\"og:image:type\" content=\"image\/jpeg\" \/>\n<meta name=\"author\" content=\"Cope Alcoy\" \/>\n<meta name=\"twitter:label1\" content=\"Escrito por\" \/>\n\t<meta name=\"twitter:data1\" content=\"Cope Alcoy\" \/>\n\t<meta name=\"twitter:label2\" content=\"Tiempo de lectura\" \/>\n\t<meta name=\"twitter:data2\" content=\"2 minutos\" \/>\n<script type=\"application\/ld+json\" class=\"yoast-schema-graph\">{\"@context\":\"https:\\\/\\\/schema.org\",\"@graph\":[{\"@type\":\"Article\",\"@id\":\"https:\\\/\\\/www.copealcoy.es\\\/es\\\/cocentaina-inicia-la-semana-festera-con-el-tradicional-dia-dels-comptes\\\/#article\",\"isPartOf\":{\"@id\":\"https:\\\/\\\/www.copealcoy.es\\\/es\\\/cocentaina-inicia-la-semana-festera-con-el-tradicional-dia-dels-comptes\\\/\"},\"author\":{\"name\":\"Cope Alcoy\",\"@id\":\"https:\\\/\\\/www.copealcoy.es\\\/es\\\/#\\\/schema\\\/person\\\/e777c87fa024e57d40170af9df39882c\"},\"headline\":\"Cocentaina inicia la Semana Festera con el tradicional &#8216;Dia dels Comptes&#8217;\",\"datePublished\":\"2022-08-05T15:56:37+00:00\",\"dateModified\":\"2022-08-05T16:03:48+00:00\",\"mainEntityOfPage\":{\"@id\":\"https:\\\/\\\/www.copealcoy.es\\\/es\\\/cocentaina-inicia-la-semana-festera-con-el-tradicional-dia-dels-comptes\\\/\"},\"wordCount\":436,\"commentCount\":0,\"image\":{\"@id\":\"https:\\\/\\\/www.copealcoy.es\\\/es\\\/cocentaina-inicia-la-semana-festera-con-el-tradicional-dia-dels-comptes\\\/#primaryimage\"},\"thumbnailUrl\":\"https:\\\/\\\/www.copealcoy.es\\\/wp-content\\\/uploads\\\/2022\\\/08\\\/296710424_5840303722666147_1266743605077348948_n.jpg\",\"keywords\":[\"Cocentaina\",\"Els Comptes\",\"Moros Y Cristianos\",\"San Hip\u00f3lito M\u00e1rtir\",\"Semana Festera\"],\"articleSection\":[\"Comarcas\",\"Noticias\"],\"inLanguage\":\"es\"},{\"@type\":\"WebPage\",\"@id\":\"https:\\\/\\\/www.copealcoy.es\\\/es\\\/cocentaina-inicia-la-semana-festera-con-el-tradicional-dia-dels-comptes\\\/\",\"url\":\"https:\\\/\\\/www.copealcoy.es\\\/es\\\/cocentaina-inicia-la-semana-festera-con-el-tradicional-dia-dels-comptes\\\/\",\"name\":\"Cocentaina inicia la Semana Festera con el tradicional 'Dia dels Comptes' - COPE Alcoy\",\"isPartOf\":{\"@id\":\"https:\\\/\\\/www.copealcoy.es\\\/es\\\/#website\"},\"primaryImageOfPage\":{\"@id\":\"https:\\\/\\\/www.copealcoy.es\\\/es\\\/cocentaina-inicia-la-semana-festera-con-el-tradicional-dia-dels-comptes\\\/#primaryimage\"},\"image\":{\"@id\":\"https:\\\/\\\/www.copealcoy.es\\\/es\\\/cocentaina-inicia-la-semana-festera-con-el-tradicional-dia-dels-comptes\\\/#primaryimage\"},\"thumbnailUrl\":\"https:\\\/\\\/www.copealcoy.es\\\/wp-content\\\/uploads\\\/2022\\\/08\\\/296710424_5840303722666147_1266743605077348948_n.jpg\",\"datePublished\":\"2022-08-05T15:56:37+00:00\",\"dateModified\":\"2022-08-05T16:03:48+00:00\",\"author\":{\"@id\":\"https:\\\/\\\/www.copealcoy.es\\\/es\\\/#\\\/schema\\\/person\\\/e777c87fa024e57d40170af9df39882c\"},\"breadcrumb\":{\"@id\":\"https:\\\/\\\/www.copealcoy.es\\\/es\\\/cocentaina-inicia-la-semana-festera-con-el-tradicional-dia-dels-comptes\\\/#breadcrumb\"},\"inLanguage\":\"es\",\"potentialAction\":[{\"@type\":\"ReadAction\",\"target\":[\"https:\\\/\\\/www.copealcoy.es\\\/es\\\/cocentaina-inicia-la-semana-festera-con-el-tradicional-dia-dels-comptes\\\/\"]}]},{\"@type\":\"ImageObject\",\"inLanguage\":\"es\",\"@id\":\"https:\\\/\\\/www.copealcoy.es\\\/es\\\/cocentaina-inicia-la-semana-festera-con-el-tradicional-dia-dels-comptes\\\/#primaryimage\",\"url\":\"https:\\\/\\\/www.copealcoy.es\\\/wp-content\\\/uploads\\\/2022\\\/08\\\/296710424_5840303722666147_1266743605077348948_n.jpg\",\"contentUrl\":\"https:\\\/\\\/www.copealcoy.es\\\/wp-content\\\/uploads\\\/2022\\\/08\\\/296710424_5840303722666147_1266743605077348948_n.jpg\",\"width\":960,\"height\":767},{\"@type\":\"BreadcrumbList\",\"@id\":\"https:\\\/\\\/www.copealcoy.es\\\/es\\\/cocentaina-inicia-la-semana-festera-con-el-tradicional-dia-dels-comptes\\\/#breadcrumb\",\"itemListElement\":[{\"@type\":\"ListItem\",\"position\":1,\"name\":\"Portada\",\"item\":\"https:\\\/\\\/www.copealcoy.es\\\/es\\\/\"},{\"@type\":\"ListItem\",\"position\":2,\"name\":\"Cocentaina inicia la Semana Festera con el tradicional &#8216;Dia dels Comptes&#8217;\"}]},{\"@type\":\"WebSite\",\"@id\":\"https:\\\/\\\/www.copealcoy.es\\\/es\\\/#website\",\"url\":\"https:\\\/\\\/www.copealcoy.es\\\/es\\\/\",\"name\":\"COPE Alcoy\",\"description\":\"Emisora COPE de radio local con emisi\u00f3n online. Pont de Sant Jordi 8-10 03803 Alcoy\",\"potentialAction\":[{\"@type\":\"SearchAction\",\"target\":{\"@type\":\"EntryPoint\",\"urlTemplate\":\"https:\\\/\\\/www.copealcoy.es\\\/es\\\/?s={search_term_string}\"},\"query-input\":{\"@type\":\"PropertyValueSpecification\",\"valueRequired\":true,\"valueName\":\"search_term_string\"}}],\"inLanguage\":\"es\"},{\"@type\":\"Person\",\"@id\":\"https:\\\/\\\/www.copealcoy.es\\\/es\\\/#\\\/schema\\\/person\\\/e777c87fa024e57d40170af9df39882c\",\"name\":\"Cope Alcoy\",\"image\":{\"@type\":\"ImageObject\",\"inLanguage\":\"es\",\"@id\":\"https:\\\/\\\/secure.gravatar.com\\\/avatar\\\/bb65d0283347e303893ba14f0692005417c1e0e690a325a4c5d8bb2b3943ee14?s=96&d=mm&r=g\",\"url\":\"https:\\\/\\\/secure.gravatar.com\\\/avatar\\\/bb65d0283347e303893ba14f0692005417c1e0e690a325a4c5d8bb2b3943ee14?s=96&d=mm&r=g\",\"contentUrl\":\"https:\\\/\\\/secure.gravatar.com\\\/avatar\\\/bb65d0283347e303893ba14f0692005417c1e0e690a325a4c5d8bb2b3943ee14?s=96&d=mm&r=g\",\"caption\":\"Cope Alcoy\"}}]}<\/script>\n<!-- \/ Yoast SEO plugin. -->","yoast_head_json":{"title":"Cocentaina inicia la Semana Festera con el tradicional 'Dia dels Comptes' - COPE Alcoy","robots":{"index":"index","follow":"follow","max-snippet":"max-snippet:-1","max-image-preview":"max-image-preview:large","max-video-preview":"max-video-preview:-1"},"canonical":"https:\/\/www.copealcoy.es\/es\/cocentaina-inicia-la-semana-festera-con-el-tradicional-dia-dels-comptes\/","og_locale":"es_ES","og_type":"article","og_title":"Cocentaina inicia la Semana Festera con el tradicional 'Dia dels Comptes' - COPE Alcoy","og_description":"Cocentaina ya se encuentra a una semana vista del inicio de sus Fiestas en honor a San Hip\u00f3lito M\u00e1rtir y...","og_url":"https:\/\/www.copealcoy.es\/es\/cocentaina-inicia-la-semana-festera-con-el-tradicional-dia-dels-comptes\/","og_site_name":"COPE Alcoy","article_published_time":"2022-08-05T15:56:37+00:00","article_modified_time":"2022-08-05T16:03:48+00:00","og_image":[{"width":960,"height":767,"url":"https:\/\/www.copealcoy.es\/wp-content\/uploads\/2022\/08\/296710424_5840303722666147_1266743605077348948_n.jpg","type":"image\/jpeg"}],"author":"Cope Alcoy","twitter_misc":{"Escrito por":"Cope Alcoy","Tiempo de lectura":"2 minutos"},"schema":{"@context":"https:\/\/schema.org","@graph":[{"@type":"Article","@id":"https:\/\/www.copealcoy.es\/es\/cocentaina-inicia-la-semana-festera-con-el-tradicional-dia-dels-comptes\/#article","isPartOf":{"@id":"https:\/\/www.copealcoy.es\/es\/cocentaina-inicia-la-semana-festera-con-el-tradicional-dia-dels-comptes\/"},"author":{"name":"Cope Alcoy","@id":"https:\/\/www.copealcoy.es\/es\/#\/schema\/person\/e777c87fa024e57d40170af9df39882c"},"headline":"Cocentaina inicia la Semana Festera con el tradicional &#8216;Dia dels Comptes&#8217;","datePublished":"2022-08-05T15:56:37+00:00","dateModified":"2022-08-05T16:03:48+00:00","mainEntityOfPage":{"@id":"https:\/\/www.copealcoy.es\/es\/cocentaina-inicia-la-semana-festera-con-el-tradicional-dia-dels-comptes\/"},"wordCount":436,"commentCount":0,"image":{"@id":"https:\/\/www.copealcoy.es\/es\/cocentaina-inicia-la-semana-festera-con-el-tradicional-dia-dels-comptes\/#primaryimage"},"thumbnailUrl":"https:\/\/www.copealcoy.es\/wp-content\/uploads\/2022\/08\/296710424_5840303722666147_1266743605077348948_n.jpg","keywords":["Cocentaina","Els Comptes","Moros Y Cristianos","San Hip\u00f3lito M\u00e1rtir","Semana Festera"],"articleSection":["Comarcas","Noticias"],"inLanguage":"es"},{"@type":"WebPage","@id":"https:\/\/www.copealcoy.es\/es\/cocentaina-inicia-la-semana-festera-con-el-tradicional-dia-dels-comptes\/","url":"https:\/\/www.copealcoy.es\/es\/cocentaina-inicia-la-semana-festera-con-el-tradicional-dia-dels-comptes\/","name":"Cocentaina inicia la Semana Festera con el tradicional 'Dia dels Comptes' - COPE Alcoy","isPartOf":{"@id":"https:\/\/www.copealcoy.es\/es\/#website"},"primaryImageOfPage":{"@id":"https:\/\/www.copealcoy.es\/es\/cocentaina-inicia-la-semana-festera-con-el-tradicional-dia-dels-comptes\/#primaryimage"},"image":{"@id":"https:\/\/www.copealcoy.es\/es\/cocentaina-inicia-la-semana-festera-con-el-tradicional-dia-dels-comptes\/#primaryimage"},"thumbnailUrl":"https:\/\/www.copealcoy.es\/wp-content\/uploads\/2022\/08\/296710424_5840303722666147_1266743605077348948_n.jpg","datePublished":"2022-08-05T15:56:37+00:00","dateModified":"2022-08-05T16:03:48+00:00","author":{"@id":"https:\/\/www.copealcoy.es\/es\/#\/schema\/person\/e777c87fa024e57d40170af9df39882c"},"breadcrumb":{"@id":"https:\/\/www.copealcoy.es\/es\/cocentaina-inicia-la-semana-festera-con-el-tradicional-dia-dels-comptes\/#breadcrumb"},"inLanguage":"es","potentialAction":[{"@type":"ReadAction","target":["https:\/\/www.copealcoy.es\/es\/cocentaina-inicia-la-semana-festera-con-el-tradicional-dia-dels-comptes\/"]}]},{"@type":"ImageObject","inLanguage":"es","@id":"https:\/\/www.copealcoy.es\/es\/cocentaina-inicia-la-semana-festera-con-el-tradicional-dia-dels-comptes\/#primaryimage","url":"https:\/\/www.copealcoy.es\/wp-content\/uploads\/2022\/08\/296710424_5840303722666147_1266743605077348948_n.jpg","contentUrl":"https:\/\/www.copealcoy.es\/wp-content\/uploads\/2022\/08\/296710424_5840303722666147_1266743605077348948_n.jpg","width":960,"height":767},{"@type":"BreadcrumbList","@id":"https:\/\/www.copealcoy.es\/es\/cocentaina-inicia-la-semana-festera-con-el-tradicional-dia-dels-comptes\/#breadcrumb","itemListElement":[{"@type":"ListItem","position":1,"name":"Portada","item":"https:\/\/www.copealcoy.es\/es\/"},{"@type":"ListItem","position":2,"name":"Cocentaina inicia la Semana Festera con el tradicional &#8216;Dia dels Comptes&#8217;"}]},{"@type":"WebSite","@id":"https:\/\/www.copealcoy.es\/es\/#website","url":"https:\/\/www.copealcoy.es\/es\/","name":"COPE Alcoy","description":"Emisora COPE de radio local con emisi\u00f3n online. Pont de Sant Jordi 8-10 03803 Alcoy","potentialAction":[{"@type":"SearchAction","target":{"@type":"EntryPoint","urlTemplate":"https:\/\/www.copealcoy.es\/es\/?s={search_term_string}"},"query-input":{"@type":"PropertyValueSpecification","valueRequired":true,"valueName":"search_term_string"}}],"inLanguage":"es"},{"@type":"Person","@id":"https:\/\/www.copealcoy.es\/es\/#\/schema\/person\/e777c87fa024e57d40170af9df39882c","name":"Cope Alcoy","image":{"@type":"ImageObject","inLanguage":"es","@id":"https:\/\/secure.gravatar.com\/avatar\/bb65d0283347e303893ba14f0692005417c1e0e690a325a4c5d8bb2b3943ee14?s=96&d=mm&r=g","url":"https:\/\/secure.gravatar.com\/avatar\/bb65d0283347e303893ba14f0692005417c1e0e690a325a4c5d8bb2b3943ee14?s=96&d=mm&r=g","contentUrl":"https:\/\/secure.gravatar.com\/avatar\/bb65d0283347e303893ba14f0692005417c1e0e690a325a4c5d8bb2b3943ee14?s=96&d=mm&r=g","caption":"Cope Alcoy"}}]}},"_links":{"self":[{"href":"https:\/\/www.copealcoy.es\/es\/wp-json\/wp\/v2\/posts\/90440","targetHints":{"allow":["GET"]}}],"collection":[{"href":"https:\/\/www.copealcoy.es\/es\/wp-json\/wp\/v2\/posts"}],"about":[{"href":"https:\/\/www.copealcoy.es\/es\/wp-json\/wp\/v2\/types\/post"}],"author":[{"embeddable":true,"href":"https:\/\/www.copealcoy.es\/es\/wp-json\/wp\/v2\/users\/1"}],"replies":[{"embeddable":true,"href":"https:\/\/www.copealcoy.es\/es\/wp-json\/wp\/v2\/comments?post=90440"}],"version-history":[{"count":0,"href":"https:\/\/www.copealcoy.es\/es\/wp-json\/wp\/v2\/posts\/90440\/revisions"}],"wp:featuredmedia":[{"embeddable":true,"href":"https:\/\/www.copealcoy.es\/es\/wp-json\/wp\/v2\/media\/90441"}],"wp:attachment":[{"href":"https:\/\/www.copealcoy.es\/es\/wp-json\/wp\/v2\/media?parent=90440"}],"wp:term":[{"taxonomy":"category","embeddable":true,"href":"https:\/\/www.copealcoy.es\/es\/wp-json\/wp\/v2\/categories?post=90440"},{"taxonomy":"post_tag","embeddable":true,"href":"https:\/\/www.copealcoy.es\/es\/wp-json\/wp\/v2\/tags?post=90440"}],"curies":[{"name":"wp","href":"https:\/\/api.w.org\/{rel}","templated":true}]}}