{"id":90421,"date":"2022-08-04T18:29:14","date_gmt":"2022-08-04T17:29:14","guid":{"rendered":"https:\/\/www.copealcoy.es\/?p=90421"},"modified":"2022-08-05T10:42:16","modified_gmt":"2022-08-05T09:42:16","slug":"moises-gil-y-vicent-torro-esperan-con-ilusion-las-fiestas-de-cocentaina","status":"publish","type":"post","link":"https:\/\/www.copealcoy.es\/es\/moises-gil-y-vicent-torro-esperan-con-ilusion-las-fiestas-de-cocentaina\/","title":{"rendered":"Mois\u00e9s Gil y Vicent Torr\u00f3 esperan con ilusi\u00f3n las Fiestas de Cocentaina"},"content":{"rendered":"<p style=\"text-align: justify;\">Dos de los <strong>protagonistas de las Fiestas de Moros y Cristianos de Cocentaina<\/strong> de este 2022 ser\u00e1n <strong>Mois\u00e9s Gil Igual y Vicent Torr\u00f3 Castell\u00f3<\/strong>. Ambos d<strong>esempe\u00f1an los cargos de Abanderado, cristiano y moro respectivamente<\/strong>, y antes de adentrarse en la trilog\u00eda en honor a San Hip\u00f3lito M\u00e1rtir <strong>han pasado por COPE ALCOY<\/strong> para contarnos todas las vivencias que les est\u00e1 dejando este a\u00f1o tan especial.<\/p>\n<p style=\"text-align: justify;\">La <strong>Fil\u00e0 Almog\u00e0vers<\/strong> es la que este a\u00f1o ostenta el cargo de <strong>Abanderado Cristiano<\/strong> y la citada responsabilidad <strong>la asume el reconocido escultor contestano Mois\u00e9s Gil Igual<\/strong>. Su trayectoria en la Festa Contestana le ha llevado a ser, por ejemplo, autor del cartel en 2019 o Mantenedor de la Presentaci\u00f3n de Cargos en 2013. Todo ello, sin dejar de lado la realizaci\u00f3n de diversas tareas relacionadas con su actividad laboral y los Moros y Cristianos. Mois\u00e9s Gil reconoce que <strong>la idea de hacer el cargo viene de su familia<\/strong> \u201c<em>mi hija me lo coment\u00f3 un d\u00eda viniendo de Valencia y al llegar a casa lo seguimos comentando con mi mujer y mi hijo. Tras una larga conversaci\u00f3n no me pude negar y acept\u00e9<\/em>\u201d, reconoce entre risas. Como buen conocedor del \u00e1mbito del dise\u00f1o, <strong>ha sido el encargado de crear su traje y coordinar el proyecto del boato<\/strong> mientras que <strong>Juan Climent ha ideado la Escuadra de Negros<\/strong>. En la Entrada <strong>estar\u00e1 arropado por la Societat Musical Nova d\u2019Alcoi<\/strong> interpretando varias piezas: <em>Cant d\u2019Al.leluia <\/em>de Jos\u00e9 Francisco Molina y <em>Tino Herrera <\/em>de Amando Blanquer. Junto a \u00e9l estar\u00e1n toda la familia: su esposa <strong>Rosanna Bernabeu<\/strong> como favorita y <strong>Mois\u00e9s Gil, Anna Gil y Alicia Lucas<\/strong> como rodellas.<\/p>\n<p style=\"text-align: justify;\">Por otra parte, <strong>la persona encargada de cerrar la Entrada del pr\u00f3ximo s\u00e1bado 13 de agosto<\/strong> ser\u00e1 <strong>Vicent Torr\u00f3 Castell\u00f3<\/strong>, el <strong>Abanderado Moro<\/strong> de este a\u00f1o representando a la <strong>Fil\u00e0 Mud\u00e9jares<\/strong>. Estamos de nuevo ante un <em>fester de tota la vida <\/em>que tras pasar por formaciones como los Contrabandistas o la Cavalleria Ministerial recal\u00f3 en 1972 en los Mud\u00e9jares, formaci\u00f3n en la que tiene a pr\u00e1cticamente toda su familia. El propio Abanderado Moro explica que<strong> su mujer ha sido la verdadera promotora para que desempe\u00f1e el cargo<\/strong> y se\u00f1ala que <strong>el empuje definitivo se lo dio su nieta Jana<\/strong> \u201c<em>me atrever\u00eda a decir que son casi m\u00e1s festeros que yo. Insistieron mucho y al final no pude decir que no porque ya se daba por hecho que saldr\u00eda delante el cargo. Adem\u00e1s, quer\u00eda hacerlo en 2020 porque se cumpl\u00edan veinte a\u00f1os desde que hizo mi hijo el Capit\u00e1n en el 2000<\/em>\u201d, se\u00f1ala. Vicent Torr\u00f3 <strong>quiere dedicar este cargo de manera muy especial a su sobrino Pablo<\/strong>, que falleci\u00f3 en 2018 de forma repentina, y que cuando anunci\u00f3 que har\u00eda el Abanderado le dijo que \u00e9l ser\u00eda su primer caballero. En la entrada desfilar\u00e1 a los sones de la marcha mora <em>Titanic<\/em> de Gaspar \u00c1ngel Tortosa interpretada por<strong> la SIM de Benig\u00e0nim<\/strong>. <strong>Ernesto Ferr\u00e1ndiz Briva y Roper\u00eda Chimo<\/strong> han dise\u00f1ado los trajes mientras que estar\u00e1n al lado del cargo <strong>Jana Grau<\/strong>, como favorita, y los rodellas <strong>Marta Torr\u00f3, Arnau Torr\u00f3 y Andreu Torr\u00f3<\/strong>.<\/p>\n<p style=\"text-align: justify;\">Tanto Mois\u00e9s Gil como Vicent Torr\u00f3 <strong>cuentan ya los d\u00edas que quedan para que arranquen las Fiestas de Moros y Cristianos contestanas<\/strong>, unos festejos que se han hecho esperar a causa de la pandemia del Coronavirus. Aqu\u00ed <strong>puedes escuchar<\/strong> todo lo que nos han contado en <strong>una edici\u00f3n especial del espacio #LaNostraFesta<\/strong>, junto a Destiler\u00edas Sinc, conducida por nuestro compa\u00f1ero Gabriel Pascual:<\/p>\n<p><iframe loading=\"lazy\" title=\"La Nostra Festa Mi\u00e9rcoles 3 De Agosto De 2022 (13:00h)\" width=\"100%\" height=\"120\" src=\"https:\/\/www.mixcloud.com\/widget\/iframe\/?feed=https%3A%2F%2Fwww.mixcloud.com%2FCOPEAlcoy%2Fla-nostra-festa-mi%25C3%25A9rcoles-3-de-agosto-2022-1300h%2F&amp;hide_cover=1\" frameborder=\"0\"><\/iframe><\/p>\n","protected":false},"excerpt":{"rendered":"<p>Dos de los protagonistas de las Fiestas de Moros y Cristianos de Cocentaina de este 2022 ser\u00e1n Mois\u00e9s Gil Igual&#8230;<\/p>\n","protected":false},"author":1,"featured_media":90422,"comment_status":"open","ping_status":"open","sticky":false,"template":"","format":"standard","meta":{"footnotes":""},"categories":[6909,98,75],"tags":[2747,2745,132,565,3860,4290,8899,609,4488,13025],"class_list":["post-90421","post","type-post","status-publish","format-standard","has-post-thumbnail","hentry","category-actualidad","category-comarcas","category-noticias","tag-abanderado-cristiano","tag-abanderado-moro","tag-cocentaina","tag-fiestas","tag-fila-almogavers","tag-fila-mudejares","tag-moises-gil","tag-moros-y-cristianos","tag-san-hipolito-martir","tag-vicent-torro"],"yoast_head":"<!-- This site is optimized with the Yoast SEO plugin v27.3 - https:\/\/yoast.com\/product\/yoast-seo-wordpress\/ -->\n<title>Mois\u00e9s Gil y Vicent Torr\u00f3 esperan con ilusi\u00f3n las Fiestas de Cocentaina - COPE Alcoy<\/title>\n<meta name=\"robots\" content=\"index, follow, max-snippet:-1, max-image-preview:large, max-video-preview:-1\" \/>\n<link rel=\"canonical\" href=\"https:\/\/www.copealcoy.es\/es\/moises-gil-y-vicent-torro-esperan-con-ilusion-las-fiestas-de-cocentaina\/\" \/>\n<meta property=\"og:locale\" content=\"es_ES\" \/>\n<meta property=\"og:type\" content=\"article\" \/>\n<meta property=\"og:title\" content=\"Mois\u00e9s Gil y Vicent Torr\u00f3 esperan con ilusi\u00f3n las Fiestas de Cocentaina - COPE Alcoy\" \/>\n<meta property=\"og:description\" content=\"Dos de los protagonistas de las Fiestas de Moros y Cristianos de Cocentaina de este 2022 ser\u00e1n Mois\u00e9s Gil Igual...\" \/>\n<meta property=\"og:url\" content=\"https:\/\/www.copealcoy.es\/es\/moises-gil-y-vicent-torro-esperan-con-ilusion-las-fiestas-de-cocentaina\/\" \/>\n<meta property=\"og:site_name\" content=\"COPE Alcoy\" \/>\n<meta property=\"article:published_time\" content=\"2022-08-04T17:29:14+00:00\" \/>\n<meta property=\"article:modified_time\" content=\"2022-08-05T09:42:16+00:00\" \/>\n<meta property=\"og:image\" content=\"https:\/\/www.copealcoy.es\/wp-content\/uploads\/2022\/08\/unnamed-1-e1659634789518.jpg\" \/>\n\t<meta property=\"og:image:width\" content=\"640\" \/>\n\t<meta property=\"og:image:height\" content=\"371\" \/>\n\t<meta property=\"og:image:type\" content=\"image\/jpeg\" \/>\n<meta name=\"author\" content=\"Cope Alcoy\" \/>\n<meta name=\"twitter:label1\" content=\"Escrito por\" \/>\n\t<meta name=\"twitter:data1\" content=\"Cope Alcoy\" \/>\n\t<meta name=\"twitter:label2\" content=\"Tiempo de lectura\" \/>\n\t<meta name=\"twitter:data2\" content=\"3 minutos\" \/>\n<script type=\"application\/ld+json\" class=\"yoast-schema-graph\">{\"@context\":\"https:\\\/\\\/schema.org\",\"@graph\":[{\"@type\":\"Article\",\"@id\":\"https:\\\/\\\/www.copealcoy.es\\\/es\\\/moises-gil-y-vicent-torro-esperan-con-ilusion-las-fiestas-de-cocentaina\\\/#article\",\"isPartOf\":{\"@id\":\"https:\\\/\\\/www.copealcoy.es\\\/es\\\/moises-gil-y-vicent-torro-esperan-con-ilusion-las-fiestas-de-cocentaina\\\/\"},\"author\":{\"name\":\"Cope Alcoy\",\"@id\":\"https:\\\/\\\/www.copealcoy.es\\\/es\\\/#\\\/schema\\\/person\\\/e777c87fa024e57d40170af9df39882c\"},\"headline\":\"Mois\u00e9s Gil y Vicent Torr\u00f3 esperan con ilusi\u00f3n las Fiestas de Cocentaina\",\"datePublished\":\"2022-08-04T17:29:14+00:00\",\"dateModified\":\"2022-08-05T09:42:16+00:00\",\"mainEntityOfPage\":{\"@id\":\"https:\\\/\\\/www.copealcoy.es\\\/es\\\/moises-gil-y-vicent-torro-esperan-con-ilusion-las-fiestas-de-cocentaina\\\/\"},\"wordCount\":642,\"commentCount\":0,\"image\":{\"@id\":\"https:\\\/\\\/www.copealcoy.es\\\/es\\\/moises-gil-y-vicent-torro-esperan-con-ilusion-las-fiestas-de-cocentaina\\\/#primaryimage\"},\"thumbnailUrl\":\"https:\\\/\\\/www.copealcoy.es\\\/wp-content\\\/uploads\\\/2022\\\/08\\\/unnamed-1-e1659634789518.jpg\",\"keywords\":[\"Abanderado Cristiano\",\"Abanderado Moro\",\"Cocentaina\",\"Fiestas\",\"Fil\u00e0 Almog\u00e0vers\",\"Fil\u00e0 Mud\u00e9jares\",\"Mois\u00e9s Gil\",\"Moros Y Cristianos\",\"San Hip\u00f3lito M\u00e1rtir\",\"Vicent Torr\u00f3\"],\"articleSection\":[\"Actualidad\",\"Comarcas\",\"Noticias\"],\"inLanguage\":\"es\"},{\"@type\":\"WebPage\",\"@id\":\"https:\\\/\\\/www.copealcoy.es\\\/es\\\/moises-gil-y-vicent-torro-esperan-con-ilusion-las-fiestas-de-cocentaina\\\/\",\"url\":\"https:\\\/\\\/www.copealcoy.es\\\/es\\\/moises-gil-y-vicent-torro-esperan-con-ilusion-las-fiestas-de-cocentaina\\\/\",\"name\":\"Mois\u00e9s Gil y Vicent Torr\u00f3 esperan con ilusi\u00f3n las Fiestas de Cocentaina - COPE Alcoy\",\"isPartOf\":{\"@id\":\"https:\\\/\\\/www.copealcoy.es\\\/es\\\/#website\"},\"primaryImageOfPage\":{\"@id\":\"https:\\\/\\\/www.copealcoy.es\\\/es\\\/moises-gil-y-vicent-torro-esperan-con-ilusion-las-fiestas-de-cocentaina\\\/#primaryimage\"},\"image\":{\"@id\":\"https:\\\/\\\/www.copealcoy.es\\\/es\\\/moises-gil-y-vicent-torro-esperan-con-ilusion-las-fiestas-de-cocentaina\\\/#primaryimage\"},\"thumbnailUrl\":\"https:\\\/\\\/www.copealcoy.es\\\/wp-content\\\/uploads\\\/2022\\\/08\\\/unnamed-1-e1659634789518.jpg\",\"datePublished\":\"2022-08-04T17:29:14+00:00\",\"dateModified\":\"2022-08-05T09:42:16+00:00\",\"author\":{\"@id\":\"https:\\\/\\\/www.copealcoy.es\\\/es\\\/#\\\/schema\\\/person\\\/e777c87fa024e57d40170af9df39882c\"},\"breadcrumb\":{\"@id\":\"https:\\\/\\\/www.copealcoy.es\\\/es\\\/moises-gil-y-vicent-torro-esperan-con-ilusion-las-fiestas-de-cocentaina\\\/#breadcrumb\"},\"inLanguage\":\"es\",\"potentialAction\":[{\"@type\":\"ReadAction\",\"target\":[\"https:\\\/\\\/www.copealcoy.es\\\/es\\\/moises-gil-y-vicent-torro-esperan-con-ilusion-las-fiestas-de-cocentaina\\\/\"]}]},{\"@type\":\"ImageObject\",\"inLanguage\":\"es\",\"@id\":\"https:\\\/\\\/www.copealcoy.es\\\/es\\\/moises-gil-y-vicent-torro-esperan-con-ilusion-las-fiestas-de-cocentaina\\\/#primaryimage\",\"url\":\"https:\\\/\\\/www.copealcoy.es\\\/wp-content\\\/uploads\\\/2022\\\/08\\\/unnamed-1-e1659634789518.jpg\",\"contentUrl\":\"https:\\\/\\\/www.copealcoy.es\\\/wp-content\\\/uploads\\\/2022\\\/08\\\/unnamed-1-e1659634789518.jpg\",\"width\":640,\"height\":371},{\"@type\":\"BreadcrumbList\",\"@id\":\"https:\\\/\\\/www.copealcoy.es\\\/es\\\/moises-gil-y-vicent-torro-esperan-con-ilusion-las-fiestas-de-cocentaina\\\/#breadcrumb\",\"itemListElement\":[{\"@type\":\"ListItem\",\"position\":1,\"name\":\"Portada\",\"item\":\"https:\\\/\\\/www.copealcoy.es\\\/es\\\/\"},{\"@type\":\"ListItem\",\"position\":2,\"name\":\"Mois\u00e9s Gil y Vicent Torr\u00f3 esperan con ilusi\u00f3n las Fiestas de Cocentaina\"}]},{\"@type\":\"WebSite\",\"@id\":\"https:\\\/\\\/www.copealcoy.es\\\/es\\\/#website\",\"url\":\"https:\\\/\\\/www.copealcoy.es\\\/es\\\/\",\"name\":\"COPE Alcoy\",\"description\":\"Emisora COPE de radio local con emisi\u00f3n online. Pont de Sant Jordi 8-10 03803 Alcoy\",\"potentialAction\":[{\"@type\":\"SearchAction\",\"target\":{\"@type\":\"EntryPoint\",\"urlTemplate\":\"https:\\\/\\\/www.copealcoy.es\\\/es\\\/?s={search_term_string}\"},\"query-input\":{\"@type\":\"PropertyValueSpecification\",\"valueRequired\":true,\"valueName\":\"search_term_string\"}}],\"inLanguage\":\"es\"},{\"@type\":\"Person\",\"@id\":\"https:\\\/\\\/www.copealcoy.es\\\/es\\\/#\\\/schema\\\/person\\\/e777c87fa024e57d40170af9df39882c\",\"name\":\"Cope Alcoy\",\"image\":{\"@type\":\"ImageObject\",\"inLanguage\":\"es\",\"@id\":\"https:\\\/\\\/secure.gravatar.com\\\/avatar\\\/bb65d0283347e303893ba14f0692005417c1e0e690a325a4c5d8bb2b3943ee14?s=96&d=mm&r=g\",\"url\":\"https:\\\/\\\/secure.gravatar.com\\\/avatar\\\/bb65d0283347e303893ba14f0692005417c1e0e690a325a4c5d8bb2b3943ee14?s=96&d=mm&r=g\",\"contentUrl\":\"https:\\\/\\\/secure.gravatar.com\\\/avatar\\\/bb65d0283347e303893ba14f0692005417c1e0e690a325a4c5d8bb2b3943ee14?s=96&d=mm&r=g\",\"caption\":\"Cope Alcoy\"}}]}<\/script>\n<!-- \/ Yoast SEO plugin. -->","yoast_head_json":{"title":"Mois\u00e9s Gil y Vicent Torr\u00f3 esperan con ilusi\u00f3n las Fiestas de Cocentaina - COPE Alcoy","robots":{"index":"index","follow":"follow","max-snippet":"max-snippet:-1","max-image-preview":"max-image-preview:large","max-video-preview":"max-video-preview:-1"},"canonical":"https:\/\/www.copealcoy.es\/es\/moises-gil-y-vicent-torro-esperan-con-ilusion-las-fiestas-de-cocentaina\/","og_locale":"es_ES","og_type":"article","og_title":"Mois\u00e9s Gil y Vicent Torr\u00f3 esperan con ilusi\u00f3n las Fiestas de Cocentaina - COPE Alcoy","og_description":"Dos de los protagonistas de las Fiestas de Moros y Cristianos de Cocentaina de este 2022 ser\u00e1n Mois\u00e9s Gil Igual...","og_url":"https:\/\/www.copealcoy.es\/es\/moises-gil-y-vicent-torro-esperan-con-ilusion-las-fiestas-de-cocentaina\/","og_site_name":"COPE Alcoy","article_published_time":"2022-08-04T17:29:14+00:00","article_modified_time":"2022-08-05T09:42:16+00:00","og_image":[{"width":640,"height":371,"url":"https:\/\/www.copealcoy.es\/wp-content\/uploads\/2022\/08\/unnamed-1-e1659634789518.jpg","type":"image\/jpeg"}],"author":"Cope Alcoy","twitter_misc":{"Escrito por":"Cope Alcoy","Tiempo de lectura":"3 minutos"},"schema":{"@context":"https:\/\/schema.org","@graph":[{"@type":"Article","@id":"https:\/\/www.copealcoy.es\/es\/moises-gil-y-vicent-torro-esperan-con-ilusion-las-fiestas-de-cocentaina\/#article","isPartOf":{"@id":"https:\/\/www.copealcoy.es\/es\/moises-gil-y-vicent-torro-esperan-con-ilusion-las-fiestas-de-cocentaina\/"},"author":{"name":"Cope Alcoy","@id":"https:\/\/www.copealcoy.es\/es\/#\/schema\/person\/e777c87fa024e57d40170af9df39882c"},"headline":"Mois\u00e9s Gil y Vicent Torr\u00f3 esperan con ilusi\u00f3n las Fiestas de Cocentaina","datePublished":"2022-08-04T17:29:14+00:00","dateModified":"2022-08-05T09:42:16+00:00","mainEntityOfPage":{"@id":"https:\/\/www.copealcoy.es\/es\/moises-gil-y-vicent-torro-esperan-con-ilusion-las-fiestas-de-cocentaina\/"},"wordCount":642,"commentCount":0,"image":{"@id":"https:\/\/www.copealcoy.es\/es\/moises-gil-y-vicent-torro-esperan-con-ilusion-las-fiestas-de-cocentaina\/#primaryimage"},"thumbnailUrl":"https:\/\/www.copealcoy.es\/wp-content\/uploads\/2022\/08\/unnamed-1-e1659634789518.jpg","keywords":["Abanderado Cristiano","Abanderado Moro","Cocentaina","Fiestas","Fil\u00e0 Almog\u00e0vers","Fil\u00e0 Mud\u00e9jares","Mois\u00e9s Gil","Moros Y Cristianos","San Hip\u00f3lito M\u00e1rtir","Vicent Torr\u00f3"],"articleSection":["Actualidad","Comarcas","Noticias"],"inLanguage":"es"},{"@type":"WebPage","@id":"https:\/\/www.copealcoy.es\/es\/moises-gil-y-vicent-torro-esperan-con-ilusion-las-fiestas-de-cocentaina\/","url":"https:\/\/www.copealcoy.es\/es\/moises-gil-y-vicent-torro-esperan-con-ilusion-las-fiestas-de-cocentaina\/","name":"Mois\u00e9s Gil y Vicent Torr\u00f3 esperan con ilusi\u00f3n las Fiestas de Cocentaina - COPE Alcoy","isPartOf":{"@id":"https:\/\/www.copealcoy.es\/es\/#website"},"primaryImageOfPage":{"@id":"https:\/\/www.copealcoy.es\/es\/moises-gil-y-vicent-torro-esperan-con-ilusion-las-fiestas-de-cocentaina\/#primaryimage"},"image":{"@id":"https:\/\/www.copealcoy.es\/es\/moises-gil-y-vicent-torro-esperan-con-ilusion-las-fiestas-de-cocentaina\/#primaryimage"},"thumbnailUrl":"https:\/\/www.copealcoy.es\/wp-content\/uploads\/2022\/08\/unnamed-1-e1659634789518.jpg","datePublished":"2022-08-04T17:29:14+00:00","dateModified":"2022-08-05T09:42:16+00:00","author":{"@id":"https:\/\/www.copealcoy.es\/es\/#\/schema\/person\/e777c87fa024e57d40170af9df39882c"},"breadcrumb":{"@id":"https:\/\/www.copealcoy.es\/es\/moises-gil-y-vicent-torro-esperan-con-ilusion-las-fiestas-de-cocentaina\/#breadcrumb"},"inLanguage":"es","potentialAction":[{"@type":"ReadAction","target":["https:\/\/www.copealcoy.es\/es\/moises-gil-y-vicent-torro-esperan-con-ilusion-las-fiestas-de-cocentaina\/"]}]},{"@type":"ImageObject","inLanguage":"es","@id":"https:\/\/www.copealcoy.es\/es\/moises-gil-y-vicent-torro-esperan-con-ilusion-las-fiestas-de-cocentaina\/#primaryimage","url":"https:\/\/www.copealcoy.es\/wp-content\/uploads\/2022\/08\/unnamed-1-e1659634789518.jpg","contentUrl":"https:\/\/www.copealcoy.es\/wp-content\/uploads\/2022\/08\/unnamed-1-e1659634789518.jpg","width":640,"height":371},{"@type":"BreadcrumbList","@id":"https:\/\/www.copealcoy.es\/es\/moises-gil-y-vicent-torro-esperan-con-ilusion-las-fiestas-de-cocentaina\/#breadcrumb","itemListElement":[{"@type":"ListItem","position":1,"name":"Portada","item":"https:\/\/www.copealcoy.es\/es\/"},{"@type":"ListItem","position":2,"name":"Mois\u00e9s Gil y Vicent Torr\u00f3 esperan con ilusi\u00f3n las Fiestas de Cocentaina"}]},{"@type":"WebSite","@id":"https:\/\/www.copealcoy.es\/es\/#website","url":"https:\/\/www.copealcoy.es\/es\/","name":"COPE Alcoy","description":"Emisora COPE de radio local con emisi\u00f3n online. Pont de Sant Jordi 8-10 03803 Alcoy","potentialAction":[{"@type":"SearchAction","target":{"@type":"EntryPoint","urlTemplate":"https:\/\/www.copealcoy.es\/es\/?s={search_term_string}"},"query-input":{"@type":"PropertyValueSpecification","valueRequired":true,"valueName":"search_term_string"}}],"inLanguage":"es"},{"@type":"Person","@id":"https:\/\/www.copealcoy.es\/es\/#\/schema\/person\/e777c87fa024e57d40170af9df39882c","name":"Cope Alcoy","image":{"@type":"ImageObject","inLanguage":"es","@id":"https:\/\/secure.gravatar.com\/avatar\/bb65d0283347e303893ba14f0692005417c1e0e690a325a4c5d8bb2b3943ee14?s=96&d=mm&r=g","url":"https:\/\/secure.gravatar.com\/avatar\/bb65d0283347e303893ba14f0692005417c1e0e690a325a4c5d8bb2b3943ee14?s=96&d=mm&r=g","contentUrl":"https:\/\/secure.gravatar.com\/avatar\/bb65d0283347e303893ba14f0692005417c1e0e690a325a4c5d8bb2b3943ee14?s=96&d=mm&r=g","caption":"Cope Alcoy"}}]}},"_links":{"self":[{"href":"https:\/\/www.copealcoy.es\/es\/wp-json\/wp\/v2\/posts\/90421","targetHints":{"allow":["GET"]}}],"collection":[{"href":"https:\/\/www.copealcoy.es\/es\/wp-json\/wp\/v2\/posts"}],"about":[{"href":"https:\/\/www.copealcoy.es\/es\/wp-json\/wp\/v2\/types\/post"}],"author":[{"embeddable":true,"href":"https:\/\/www.copealcoy.es\/es\/wp-json\/wp\/v2\/users\/1"}],"replies":[{"embeddable":true,"href":"https:\/\/www.copealcoy.es\/es\/wp-json\/wp\/v2\/comments?post=90421"}],"version-history":[{"count":0,"href":"https:\/\/www.copealcoy.es\/es\/wp-json\/wp\/v2\/posts\/90421\/revisions"}],"wp:featuredmedia":[{"embeddable":true,"href":"https:\/\/www.copealcoy.es\/es\/wp-json\/wp\/v2\/media\/90422"}],"wp:attachment":[{"href":"https:\/\/www.copealcoy.es\/es\/wp-json\/wp\/v2\/media?parent=90421"}],"wp:term":[{"taxonomy":"category","embeddable":true,"href":"https:\/\/www.copealcoy.es\/es\/wp-json\/wp\/v2\/categories?post=90421"},{"taxonomy":"post_tag","embeddable":true,"href":"https:\/\/www.copealcoy.es\/es\/wp-json\/wp\/v2\/tags?post=90421"}],"curies":[{"name":"wp","href":"https:\/\/api.w.org\/{rel}","templated":true}]}}