{"id":90377,"date":"2022-08-01T18:23:34","date_gmt":"2022-08-01T17:23:34","guid":{"rendered":"https:\/\/www.copealcoy.es\/?p=90377"},"modified":"2022-08-01T18:34:23","modified_gmt":"2022-08-01T17:34:23","slug":"arranca-la-novena-en-honor-a-san-hipolito-martir","status":"publish","type":"post","link":"https:\/\/www.copealcoy.es\/es\/arranca-la-novena-en-honor-a-san-hipolito-martir\/","title":{"rendered":"Arranca la Novena en honor a San Hip\u00f3lito M\u00e1rtir"},"content":{"rendered":"<p style=\"text-align: justify;\">Cocentaina se prepara para vivir <strong>las Fiestas de Moros y Cristianos de este 2022<\/strong>, unas jornadas que <strong>tendr\u00e1n lugar entre el 12 y el 15 del pr\u00f3ximo mes de agosto<\/strong>. Antes de este esperado instante <strong>ser\u00e1 el momento de rendir homenaje al patr\u00f3n<\/strong>, San Hip\u00f3lito M\u00e1rtir, con <strong>actos religiosos como el Novenario<\/strong> que arranca este martes por la tarde en la Parroquia de Santa Mar\u00eda.<\/p>\n<p style=\"text-align: justify;\">La cita ser\u00e1 cada tarde, a las 19:45h, con <strong>el ejercicio de la Novena seguido de la Misa<\/strong> con la participaci\u00f3n destacada cada d\u00eda de <strong>un sacerdote perteneciente a la Hermandad Sacerdotal contestana<\/strong>. Asimismo cada jornada estar\u00e1 <strong>ser\u00e1 en memoria de los festeros difuntos de una Fil\u00e0<\/strong> estando previsto que las intenciones de este 2022 sean las siguientes: 2 de agosto (Contrabandistas y Bequeteros), 3 de agosto (Creuats i Bereberes &#8220;Els Borts&#8221;), 4 de agosto (Contestanos y Guardia Jalifiana), 5 de agosto (Gentils y Mulad\u00eds), 6 de agosto (Junta de Festes), 7 de agoto (Cavalleria Ministerial y Mud\u00e9jares), 8 de agosto (Maseros y Llana), 9 de agosto (Cavallers de Ll\u00faria y Kabilenyos), 10 de agosto (Manta Roja y Almog\u00e0vers). Cabe mencionar que en este \u00faltimo d\u00eda <strong>se presentar\u00e1n los reci\u00e9n nacidos al patr\u00f3n as\u00ed como se escoger\u00e1n por sorteo los mayorales de 2023 y la persona que recibir\u00e1 una imagen del santo<\/strong> &#8220;<em>estos nueve d\u00edas nos sirven para tener presente a San Hip\u00f3lito, eje sobre el cual giran nuestras Fiestas, y para recordar tambi\u00e9n a todos los que nos han dejado en los \u00faltimos tiempos. Con la Novena nos preparamos para vivir los d\u00edas grandes de unos Moros y Cristianos que tanto tiempo llevamos esperando<\/em>&#8220;, explicaba en COPE ALCOY <strong>Kike Pascual<\/strong>; Vicepresidente de Culto en la Junta de Festes contestana.<\/p>\n<p style=\"text-align: justify;\">Una vez finalizada la novena, <strong>llegar\u00e1 el traslado de la imagen peque\u00f1a de San Hip\u00f3lito desde la Parroquia del Salvador al Monasterio de la Mare de D\u00e9u del Miracle<\/strong>. El acto se ha previsto para el <strong>jueves 11 de agosto<\/strong> a partir de las 19:30h de la tarde.<\/p>\n","protected":false},"excerpt":{"rendered":"<p>Cocentaina se prepara para vivir las Fiestas de Moros y Cristianos de este 2022, unas jornadas que tendr\u00e1n lugar entre&#8230;<\/p>\n","protected":false},"author":1,"featured_media":80388,"comment_status":"open","ping_status":"open","sticky":false,"template":"","format":"standard","meta":{"footnotes":""},"categories":[98,75],"tags":[132,2001,2702,4489,4488],"class_list":["post-90377","post","type-post","status-publish","format-standard","has-post-thumbnail","hentry","category-comarcas","category-noticias","tag-cocentaina","tag-fiestas-de-moros-y-cristianos","tag-novena","tag-parroquia-de-santa-maria","tag-san-hipolito-martir"],"yoast_head":"<!-- This site is optimized with the Yoast SEO plugin v27.3 - https:\/\/yoast.com\/product\/yoast-seo-wordpress\/ -->\n<title>Arranca la Novena en honor a San Hip\u00f3lito M\u00e1rtir - COPE Alcoy<\/title>\n<meta name=\"robots\" content=\"index, follow, max-snippet:-1, max-image-preview:large, max-video-preview:-1\" \/>\n<link rel=\"canonical\" href=\"https:\/\/www.copealcoy.es\/es\/arranca-la-novena-en-honor-a-san-hipolito-martir\/\" \/>\n<meta property=\"og:locale\" content=\"es_ES\" \/>\n<meta property=\"og:type\" content=\"article\" \/>\n<meta property=\"og:title\" content=\"Arranca la Novena en honor a San Hip\u00f3lito M\u00e1rtir - COPE Alcoy\" \/>\n<meta property=\"og:description\" content=\"Cocentaina se prepara para vivir las Fiestas de Moros y Cristianos de este 2022, unas jornadas que tendr\u00e1n lugar entre...\" \/>\n<meta property=\"og:url\" content=\"https:\/\/www.copealcoy.es\/es\/arranca-la-novena-en-honor-a-san-hipolito-martir\/\" \/>\n<meta property=\"og:site_name\" content=\"COPE Alcoy\" \/>\n<meta property=\"article:published_time\" content=\"2022-08-01T17:23:34+00:00\" \/>\n<meta property=\"article:modified_time\" content=\"2022-08-01T17:34:23+00:00\" \/>\n<meta property=\"og:image\" content=\"https:\/\/www.copealcoy.es\/wp-content\/uploads\/2021\/11\/3-La-imagen-de-San-Hipo\u0301lito-fue-trasladada-al-altar-mayor-de-Santa-Mari\u0301a-Foto-Gabriel-Pascual-scaled-e1637439091158.jpg\" \/>\n\t<meta property=\"og:image:width\" content=\"2560\" \/>\n\t<meta property=\"og:image:height\" content=\"1433\" \/>\n\t<meta property=\"og:image:type\" content=\"image\/jpeg\" \/>\n<meta name=\"author\" content=\"Cope Alcoy\" \/>\n<meta name=\"twitter:label1\" content=\"Escrito por\" \/>\n\t<meta name=\"twitter:data1\" content=\"Cope Alcoy\" \/>\n\t<meta name=\"twitter:label2\" content=\"Tiempo de lectura\" \/>\n\t<meta name=\"twitter:data2\" content=\"2 minutos\" \/>\n<script type=\"application\/ld+json\" class=\"yoast-schema-graph\">{\"@context\":\"https:\\\/\\\/schema.org\",\"@graph\":[{\"@type\":\"Article\",\"@id\":\"https:\\\/\\\/www.copealcoy.es\\\/es\\\/arranca-la-novena-en-honor-a-san-hipolito-martir\\\/#article\",\"isPartOf\":{\"@id\":\"https:\\\/\\\/www.copealcoy.es\\\/es\\\/arranca-la-novena-en-honor-a-san-hipolito-martir\\\/\"},\"author\":{\"name\":\"Cope Alcoy\",\"@id\":\"https:\\\/\\\/www.copealcoy.es\\\/es\\\/#\\\/schema\\\/person\\\/e777c87fa024e57d40170af9df39882c\"},\"headline\":\"Arranca la Novena en honor a San Hip\u00f3lito M\u00e1rtir\",\"datePublished\":\"2022-08-01T17:23:34+00:00\",\"dateModified\":\"2022-08-01T17:34:23+00:00\",\"mainEntityOfPage\":{\"@id\":\"https:\\\/\\\/www.copealcoy.es\\\/es\\\/arranca-la-novena-en-honor-a-san-hipolito-martir\\\/\"},\"wordCount\":353,\"commentCount\":0,\"image\":{\"@id\":\"https:\\\/\\\/www.copealcoy.es\\\/es\\\/arranca-la-novena-en-honor-a-san-hipolito-martir\\\/#primaryimage\"},\"thumbnailUrl\":\"https:\\\/\\\/www.copealcoy.es\\\/wp-content\\\/uploads\\\/2021\\\/11\\\/3-La-imagen-de-San-Hipo\u0301lito-fue-trasladada-al-altar-mayor-de-Santa-Mari\u0301a-Foto-Gabriel-Pascual-scaled-e1637439091158.jpg\",\"keywords\":[\"Cocentaina\",\"Fiestas de Moros y Cristianos\",\"Novena\",\"parroquia de Santa Mar\u00eda\",\"San Hip\u00f3lito M\u00e1rtir\"],\"articleSection\":[\"Comarcas\",\"Noticias\"],\"inLanguage\":\"es\"},{\"@type\":\"WebPage\",\"@id\":\"https:\\\/\\\/www.copealcoy.es\\\/es\\\/arranca-la-novena-en-honor-a-san-hipolito-martir\\\/\",\"url\":\"https:\\\/\\\/www.copealcoy.es\\\/es\\\/arranca-la-novena-en-honor-a-san-hipolito-martir\\\/\",\"name\":\"Arranca la Novena en honor a San Hip\u00f3lito M\u00e1rtir - COPE Alcoy\",\"isPartOf\":{\"@id\":\"https:\\\/\\\/www.copealcoy.es\\\/es\\\/#website\"},\"primaryImageOfPage\":{\"@id\":\"https:\\\/\\\/www.copealcoy.es\\\/es\\\/arranca-la-novena-en-honor-a-san-hipolito-martir\\\/#primaryimage\"},\"image\":{\"@id\":\"https:\\\/\\\/www.copealcoy.es\\\/es\\\/arranca-la-novena-en-honor-a-san-hipolito-martir\\\/#primaryimage\"},\"thumbnailUrl\":\"https:\\\/\\\/www.copealcoy.es\\\/wp-content\\\/uploads\\\/2021\\\/11\\\/3-La-imagen-de-San-Hipo\u0301lito-fue-trasladada-al-altar-mayor-de-Santa-Mari\u0301a-Foto-Gabriel-Pascual-scaled-e1637439091158.jpg\",\"datePublished\":\"2022-08-01T17:23:34+00:00\",\"dateModified\":\"2022-08-01T17:34:23+00:00\",\"author\":{\"@id\":\"https:\\\/\\\/www.copealcoy.es\\\/es\\\/#\\\/schema\\\/person\\\/e777c87fa024e57d40170af9df39882c\"},\"breadcrumb\":{\"@id\":\"https:\\\/\\\/www.copealcoy.es\\\/es\\\/arranca-la-novena-en-honor-a-san-hipolito-martir\\\/#breadcrumb\"},\"inLanguage\":\"es\",\"potentialAction\":[{\"@type\":\"ReadAction\",\"target\":[\"https:\\\/\\\/www.copealcoy.es\\\/es\\\/arranca-la-novena-en-honor-a-san-hipolito-martir\\\/\"]}]},{\"@type\":\"ImageObject\",\"inLanguage\":\"es\",\"@id\":\"https:\\\/\\\/www.copealcoy.es\\\/es\\\/arranca-la-novena-en-honor-a-san-hipolito-martir\\\/#primaryimage\",\"url\":\"https:\\\/\\\/www.copealcoy.es\\\/wp-content\\\/uploads\\\/2021\\\/11\\\/3-La-imagen-de-San-Hipo\u0301lito-fue-trasladada-al-altar-mayor-de-Santa-Mari\u0301a-Foto-Gabriel-Pascual-scaled-e1637439091158.jpg\",\"contentUrl\":\"https:\\\/\\\/www.copealcoy.es\\\/wp-content\\\/uploads\\\/2021\\\/11\\\/3-La-imagen-de-San-Hipo\u0301lito-fue-trasladada-al-altar-mayor-de-Santa-Mari\u0301a-Foto-Gabriel-Pascual-scaled-e1637439091158.jpg\",\"width\":2560,\"height\":1433},{\"@type\":\"BreadcrumbList\",\"@id\":\"https:\\\/\\\/www.copealcoy.es\\\/es\\\/arranca-la-novena-en-honor-a-san-hipolito-martir\\\/#breadcrumb\",\"itemListElement\":[{\"@type\":\"ListItem\",\"position\":1,\"name\":\"Portada\",\"item\":\"https:\\\/\\\/www.copealcoy.es\\\/es\\\/\"},{\"@type\":\"ListItem\",\"position\":2,\"name\":\"Arranca la Novena en honor a San Hip\u00f3lito M\u00e1rtir\"}]},{\"@type\":\"WebSite\",\"@id\":\"https:\\\/\\\/www.copealcoy.es\\\/es\\\/#website\",\"url\":\"https:\\\/\\\/www.copealcoy.es\\\/es\\\/\",\"name\":\"COPE Alcoy\",\"description\":\"Emisora COPE de radio local con emisi\u00f3n online. Pont de Sant Jordi 8-10 03803 Alcoy\",\"potentialAction\":[{\"@type\":\"SearchAction\",\"target\":{\"@type\":\"EntryPoint\",\"urlTemplate\":\"https:\\\/\\\/www.copealcoy.es\\\/es\\\/?s={search_term_string}\"},\"query-input\":{\"@type\":\"PropertyValueSpecification\",\"valueRequired\":true,\"valueName\":\"search_term_string\"}}],\"inLanguage\":\"es\"},{\"@type\":\"Person\",\"@id\":\"https:\\\/\\\/www.copealcoy.es\\\/es\\\/#\\\/schema\\\/person\\\/e777c87fa024e57d40170af9df39882c\",\"name\":\"Cope Alcoy\",\"image\":{\"@type\":\"ImageObject\",\"inLanguage\":\"es\",\"@id\":\"https:\\\/\\\/secure.gravatar.com\\\/avatar\\\/bb65d0283347e303893ba14f0692005417c1e0e690a325a4c5d8bb2b3943ee14?s=96&d=mm&r=g\",\"url\":\"https:\\\/\\\/secure.gravatar.com\\\/avatar\\\/bb65d0283347e303893ba14f0692005417c1e0e690a325a4c5d8bb2b3943ee14?s=96&d=mm&r=g\",\"contentUrl\":\"https:\\\/\\\/secure.gravatar.com\\\/avatar\\\/bb65d0283347e303893ba14f0692005417c1e0e690a325a4c5d8bb2b3943ee14?s=96&d=mm&r=g\",\"caption\":\"Cope Alcoy\"}}]}<\/script>\n<!-- \/ Yoast SEO plugin. -->","yoast_head_json":{"title":"Arranca la Novena en honor a San Hip\u00f3lito M\u00e1rtir - COPE Alcoy","robots":{"index":"index","follow":"follow","max-snippet":"max-snippet:-1","max-image-preview":"max-image-preview:large","max-video-preview":"max-video-preview:-1"},"canonical":"https:\/\/www.copealcoy.es\/es\/arranca-la-novena-en-honor-a-san-hipolito-martir\/","og_locale":"es_ES","og_type":"article","og_title":"Arranca la Novena en honor a San Hip\u00f3lito M\u00e1rtir - COPE Alcoy","og_description":"Cocentaina se prepara para vivir las Fiestas de Moros y Cristianos de este 2022, unas jornadas que tendr\u00e1n lugar entre...","og_url":"https:\/\/www.copealcoy.es\/es\/arranca-la-novena-en-honor-a-san-hipolito-martir\/","og_site_name":"COPE Alcoy","article_published_time":"2022-08-01T17:23:34+00:00","article_modified_time":"2022-08-01T17:34:23+00:00","og_image":[{"width":2560,"height":1433,"url":"https:\/\/www.copealcoy.es\/wp-content\/uploads\/2021\/11\/3-La-imagen-de-San-Hipo\u0301lito-fue-trasladada-al-altar-mayor-de-Santa-Mari\u0301a-Foto-Gabriel-Pascual-scaled-e1637439091158.jpg","type":"image\/jpeg"}],"author":"Cope Alcoy","twitter_misc":{"Escrito por":"Cope Alcoy","Tiempo de lectura":"2 minutos"},"schema":{"@context":"https:\/\/schema.org","@graph":[{"@type":"Article","@id":"https:\/\/www.copealcoy.es\/es\/arranca-la-novena-en-honor-a-san-hipolito-martir\/#article","isPartOf":{"@id":"https:\/\/www.copealcoy.es\/es\/arranca-la-novena-en-honor-a-san-hipolito-martir\/"},"author":{"name":"Cope Alcoy","@id":"https:\/\/www.copealcoy.es\/es\/#\/schema\/person\/e777c87fa024e57d40170af9df39882c"},"headline":"Arranca la Novena en honor a San Hip\u00f3lito M\u00e1rtir","datePublished":"2022-08-01T17:23:34+00:00","dateModified":"2022-08-01T17:34:23+00:00","mainEntityOfPage":{"@id":"https:\/\/www.copealcoy.es\/es\/arranca-la-novena-en-honor-a-san-hipolito-martir\/"},"wordCount":353,"commentCount":0,"image":{"@id":"https:\/\/www.copealcoy.es\/es\/arranca-la-novena-en-honor-a-san-hipolito-martir\/#primaryimage"},"thumbnailUrl":"https:\/\/www.copealcoy.es\/wp-content\/uploads\/2021\/11\/3-La-imagen-de-San-Hipo\u0301lito-fue-trasladada-al-altar-mayor-de-Santa-Mari\u0301a-Foto-Gabriel-Pascual-scaled-e1637439091158.jpg","keywords":["Cocentaina","Fiestas de Moros y Cristianos","Novena","parroquia de Santa Mar\u00eda","San Hip\u00f3lito M\u00e1rtir"],"articleSection":["Comarcas","Noticias"],"inLanguage":"es"},{"@type":"WebPage","@id":"https:\/\/www.copealcoy.es\/es\/arranca-la-novena-en-honor-a-san-hipolito-martir\/","url":"https:\/\/www.copealcoy.es\/es\/arranca-la-novena-en-honor-a-san-hipolito-martir\/","name":"Arranca la Novena en honor a San Hip\u00f3lito M\u00e1rtir - COPE Alcoy","isPartOf":{"@id":"https:\/\/www.copealcoy.es\/es\/#website"},"primaryImageOfPage":{"@id":"https:\/\/www.copealcoy.es\/es\/arranca-la-novena-en-honor-a-san-hipolito-martir\/#primaryimage"},"image":{"@id":"https:\/\/www.copealcoy.es\/es\/arranca-la-novena-en-honor-a-san-hipolito-martir\/#primaryimage"},"thumbnailUrl":"https:\/\/www.copealcoy.es\/wp-content\/uploads\/2021\/11\/3-La-imagen-de-San-Hipo\u0301lito-fue-trasladada-al-altar-mayor-de-Santa-Mari\u0301a-Foto-Gabriel-Pascual-scaled-e1637439091158.jpg","datePublished":"2022-08-01T17:23:34+00:00","dateModified":"2022-08-01T17:34:23+00:00","author":{"@id":"https:\/\/www.copealcoy.es\/es\/#\/schema\/person\/e777c87fa024e57d40170af9df39882c"},"breadcrumb":{"@id":"https:\/\/www.copealcoy.es\/es\/arranca-la-novena-en-honor-a-san-hipolito-martir\/#breadcrumb"},"inLanguage":"es","potentialAction":[{"@type":"ReadAction","target":["https:\/\/www.copealcoy.es\/es\/arranca-la-novena-en-honor-a-san-hipolito-martir\/"]}]},{"@type":"ImageObject","inLanguage":"es","@id":"https:\/\/www.copealcoy.es\/es\/arranca-la-novena-en-honor-a-san-hipolito-martir\/#primaryimage","url":"https:\/\/www.copealcoy.es\/wp-content\/uploads\/2021\/11\/3-La-imagen-de-San-Hipo\u0301lito-fue-trasladada-al-altar-mayor-de-Santa-Mari\u0301a-Foto-Gabriel-Pascual-scaled-e1637439091158.jpg","contentUrl":"https:\/\/www.copealcoy.es\/wp-content\/uploads\/2021\/11\/3-La-imagen-de-San-Hipo\u0301lito-fue-trasladada-al-altar-mayor-de-Santa-Mari\u0301a-Foto-Gabriel-Pascual-scaled-e1637439091158.jpg","width":2560,"height":1433},{"@type":"BreadcrumbList","@id":"https:\/\/www.copealcoy.es\/es\/arranca-la-novena-en-honor-a-san-hipolito-martir\/#breadcrumb","itemListElement":[{"@type":"ListItem","position":1,"name":"Portada","item":"https:\/\/www.copealcoy.es\/es\/"},{"@type":"ListItem","position":2,"name":"Arranca la Novena en honor a San Hip\u00f3lito M\u00e1rtir"}]},{"@type":"WebSite","@id":"https:\/\/www.copealcoy.es\/es\/#website","url":"https:\/\/www.copealcoy.es\/es\/","name":"COPE Alcoy","description":"Emisora COPE de radio local con emisi\u00f3n online. Pont de Sant Jordi 8-10 03803 Alcoy","potentialAction":[{"@type":"SearchAction","target":{"@type":"EntryPoint","urlTemplate":"https:\/\/www.copealcoy.es\/es\/?s={search_term_string}"},"query-input":{"@type":"PropertyValueSpecification","valueRequired":true,"valueName":"search_term_string"}}],"inLanguage":"es"},{"@type":"Person","@id":"https:\/\/www.copealcoy.es\/es\/#\/schema\/person\/e777c87fa024e57d40170af9df39882c","name":"Cope Alcoy","image":{"@type":"ImageObject","inLanguage":"es","@id":"https:\/\/secure.gravatar.com\/avatar\/bb65d0283347e303893ba14f0692005417c1e0e690a325a4c5d8bb2b3943ee14?s=96&d=mm&r=g","url":"https:\/\/secure.gravatar.com\/avatar\/bb65d0283347e303893ba14f0692005417c1e0e690a325a4c5d8bb2b3943ee14?s=96&d=mm&r=g","contentUrl":"https:\/\/secure.gravatar.com\/avatar\/bb65d0283347e303893ba14f0692005417c1e0e690a325a4c5d8bb2b3943ee14?s=96&d=mm&r=g","caption":"Cope Alcoy"}}]}},"_links":{"self":[{"href":"https:\/\/www.copealcoy.es\/es\/wp-json\/wp\/v2\/posts\/90377","targetHints":{"allow":["GET"]}}],"collection":[{"href":"https:\/\/www.copealcoy.es\/es\/wp-json\/wp\/v2\/posts"}],"about":[{"href":"https:\/\/www.copealcoy.es\/es\/wp-json\/wp\/v2\/types\/post"}],"author":[{"embeddable":true,"href":"https:\/\/www.copealcoy.es\/es\/wp-json\/wp\/v2\/users\/1"}],"replies":[{"embeddable":true,"href":"https:\/\/www.copealcoy.es\/es\/wp-json\/wp\/v2\/comments?post=90377"}],"version-history":[{"count":0,"href":"https:\/\/www.copealcoy.es\/es\/wp-json\/wp\/v2\/posts\/90377\/revisions"}],"wp:featuredmedia":[{"embeddable":true,"href":"https:\/\/www.copealcoy.es\/es\/wp-json\/wp\/v2\/media\/80388"}],"wp:attachment":[{"href":"https:\/\/www.copealcoy.es\/es\/wp-json\/wp\/v2\/media?parent=90377"}],"wp:term":[{"taxonomy":"category","embeddable":true,"href":"https:\/\/www.copealcoy.es\/es\/wp-json\/wp\/v2\/categories?post=90377"},{"taxonomy":"post_tag","embeddable":true,"href":"https:\/\/www.copealcoy.es\/es\/wp-json\/wp\/v2\/tags?post=90377"}],"curies":[{"name":"wp","href":"https:\/\/api.w.org\/{rel}","templated":true}]}}