{"id":90243,"date":"2022-07-27T17:00:15","date_gmt":"2022-07-27T16:00:15","guid":{"rendered":"https:\/\/www.copealcoy.es\/?p=90243"},"modified":"2022-07-30T06:55:30","modified_gmt":"2022-07-30T05:55:30","slug":"orfeu-ensemble-de-cambra-prepara-un-doble-concierto-en-beniarres","status":"publish","type":"post","link":"https:\/\/www.copealcoy.es\/es\/orfeu-ensemble-de-cambra-prepara-un-doble-concierto-en-beniarres\/","title":{"rendered":"Orfeu Ensemble de Cambra prepara un doble concierto en Beniarr\u00e9s"},"content":{"rendered":"<p style=\"text-align: justify;\">Beniarr\u00e9s acoger\u00e1 <strong>el pr\u00f3ximo 7 de agosto<\/strong> una <strong>doble cita con la m\u00fasica<\/strong> de la mano de <strong>Orfeu Ensemble de Cambra<\/strong>, una agrupaci\u00f3n de la que <strong>forman parte cuatro j\u00f3venes alcoyanos<\/strong>. La audici\u00f3n <strong>tendr\u00e1 lugar a las 12:00h y a las 18:00h<\/strong>, en el Centre Cultural Joan Fuster del municipio, y <strong>ser\u00e1 la primera actividad<\/strong> que los impulsores de este proyecto desarrollen fuera de la capital de l&#8217;Alcoi\u00e0.<\/p>\n<p style=\"text-align: justify;\">En el concierto que prepara Orfeu Ensemble de C\u00e1mara <strong>estar\u00e1n presentes V\u00edctor Pastor en el viol\u00edn, Celia Jim\u00e9nez en el clarinete, Ausi\u00e0s Gisbert en el violoncello y la pianista Carmen Mart\u00ednez<\/strong>. Sobre el escenario interpretar\u00e1n <strong>un repertorio variado de obras<\/strong> que abarcan periodos hist\u00f3ricos como el clasicismo y el romanticismo. Adem\u00e1s el p\u00fablico disfrutar\u00e1 de diferentes sonatas para viol\u00edn y piano, un tr\u00edo con viol\u00edn piano y violonchelo o un tr\u00edo con clarinete, piano y violonchelo. Todo ello se completa con m\u00fasica de Schubert, Haydn, Rachmanninov o Brahms y <strong>la presencia de una clarinetista invitada<\/strong>, con la que interpretar\u00e1n el tr\u00edo op. 114 de Johannes Brahms.<\/p>\n<p style=\"text-align: justify;\"><a href=\"https:\/\/www.copealcoy.es\/wp-content\/uploads\/2022\/07\/timThumb-3.jpg\"><img loading=\"lazy\" decoding=\"async\" class=\"size-medium wp-image-90244 aligncenter\" src=\"https:\/\/www.copealcoy.es\/wp-content\/uploads\/2022\/07\/timThumb-3-413x455.jpg\" alt=\"\" width=\"413\" height=\"455\" \/><\/a><\/p>\n<p style=\"text-align: justify;\">Las entradas para disfrutar en primer persona de esta actividad cultural, que cuenta con el respaldo de <strong>la Fundaci\u00f3n Mutua de Levante<\/strong>, est\u00e1n ya a la venta al precio de cinco euros. Se pueden adquirir en la taquilla del <strong>Centro Cultural de Beniarr\u00e9s<\/strong> o reservando previamente <strong>en el correo electr\u00f3nico orfeucambra@gmail.com<\/strong>. El <strong>Ayuntamiento de esta localidad del Comtat<\/strong> es tambi\u00e9n otro punto de venta.<\/p>\n<div class=\"editor_content\" style=\"text-align: justify;\">Los protagonistas del concierto han pasado por COPE ALCOY y <strong>nos han contado todo lo que han preparado<\/strong>. Aqu\u00ed <strong>lo puedes escuchar<\/strong>:<\/div>\n<div><\/div>\n<div><\/div>\n<div>\n<p><iframe loading=\"lazy\" title=\"Mediod\u00eda Cope Alcoy Mi\u00e9rcoles 27 De Julio 2022 (13:50h)\" width=\"100%\" height=\"120\" src=\"https:\/\/www.mixcloud.com\/widget\/iframe\/?feed=https%3A%2F%2Fwww.mixcloud.com%2FCOPEAlcoy%2Fmediod%25C3%25ADa-cope-alcoy-mi%25C3%25A9rcoles-27-de-julio-2022-1350h%2F&amp;hide_cover=1\" frameborder=\"0\"><\/iframe><\/p>\n<\/div>\n<div><\/div>\n","protected":false},"excerpt":{"rendered":"<p>Beniarr\u00e9s acoger\u00e1 el pr\u00f3ximo 7 de agosto una doble cita con la m\u00fasica de la mano de Orfeu Ensemble de&#8230;<\/p>\n","protected":false},"author":1,"featured_media":90248,"comment_status":"open","ping_status":"open","sticky":false,"template":"","format":"standard","meta":{"footnotes":""},"categories":[6909,97,78,75],"tags":[13013,1494,851,701,13012],"class_list":["post-90243","post","type-post","status-publish","format-standard","has-post-thumbnail","hentry","category-actualidad","category-alcoy","category-fiestaycultura","category-noticias","tag-7-de-agosto","tag-alcoy","tag-beniarres","tag-concierto","tag-orfeu-ensemble-de-cambra"],"yoast_head":"<!-- This site is optimized with the Yoast SEO plugin v27.3 - https:\/\/yoast.com\/product\/yoast-seo-wordpress\/ -->\n<title>Orfeu Ensemble de Cambra prepara un doble concierto en Beniarr\u00e9s - COPE Alcoy<\/title>\n<meta name=\"robots\" content=\"index, follow, max-snippet:-1, max-image-preview:large, max-video-preview:-1\" \/>\n<link rel=\"canonical\" href=\"https:\/\/www.copealcoy.es\/es\/orfeu-ensemble-de-cambra-prepara-un-doble-concierto-en-beniarres\/\" \/>\n<meta property=\"og:locale\" content=\"es_ES\" \/>\n<meta property=\"og:type\" content=\"article\" \/>\n<meta property=\"og:title\" content=\"Orfeu Ensemble de Cambra prepara un doble concierto en Beniarr\u00e9s - COPE Alcoy\" \/>\n<meta property=\"og:description\" content=\"Beniarr\u00e9s acoger\u00e1 el pr\u00f3ximo 7 de agosto una doble cita con la m\u00fasica de la mano de Orfeu Ensemble de...\" \/>\n<meta property=\"og:url\" content=\"https:\/\/www.copealcoy.es\/es\/orfeu-ensemble-de-cambra-prepara-un-doble-concierto-en-beniarres\/\" \/>\n<meta property=\"og:site_name\" content=\"COPE Alcoy\" \/>\n<meta property=\"article:published_time\" content=\"2022-07-27T16:00:15+00:00\" \/>\n<meta property=\"article:modified_time\" content=\"2022-07-30T05:55:30+00:00\" \/>\n<meta property=\"og:image\" content=\"https:\/\/www.copealcoy.es\/wp-content\/uploads\/2022\/07\/unnamed-1-2-scaled-e1658937778290.jpg\" \/>\n\t<meta property=\"og:image:width\" content=\"640\" \/>\n\t<meta property=\"og:image:height\" content=\"412\" \/>\n\t<meta property=\"og:image:type\" content=\"image\/jpeg\" \/>\n<meta name=\"author\" content=\"Cope Alcoy\" \/>\n<meta name=\"twitter:label1\" content=\"Escrito por\" \/>\n\t<meta name=\"twitter:data1\" content=\"Cope Alcoy\" \/>\n\t<meta name=\"twitter:label2\" content=\"Tiempo de lectura\" \/>\n\t<meta name=\"twitter:data2\" content=\"2 minutos\" \/>\n<script type=\"application\/ld+json\" class=\"yoast-schema-graph\">{\"@context\":\"https:\\\/\\\/schema.org\",\"@graph\":[{\"@type\":\"Article\",\"@id\":\"https:\\\/\\\/www.copealcoy.es\\\/es\\\/orfeu-ensemble-de-cambra-prepara-un-doble-concierto-en-beniarres\\\/#article\",\"isPartOf\":{\"@id\":\"https:\\\/\\\/www.copealcoy.es\\\/es\\\/orfeu-ensemble-de-cambra-prepara-un-doble-concierto-en-beniarres\\\/\"},\"author\":{\"name\":\"Cope Alcoy\",\"@id\":\"https:\\\/\\\/www.copealcoy.es\\\/es\\\/#\\\/schema\\\/person\\\/e777c87fa024e57d40170af9df39882c\"},\"headline\":\"Orfeu Ensemble de Cambra prepara un doble concierto en Beniarr\u00e9s\",\"datePublished\":\"2022-07-27T16:00:15+00:00\",\"dateModified\":\"2022-07-30T05:55:30+00:00\",\"mainEntityOfPage\":{\"@id\":\"https:\\\/\\\/www.copealcoy.es\\\/es\\\/orfeu-ensemble-de-cambra-prepara-un-doble-concierto-en-beniarres\\\/\"},\"wordCount\":314,\"commentCount\":0,\"image\":{\"@id\":\"https:\\\/\\\/www.copealcoy.es\\\/es\\\/orfeu-ensemble-de-cambra-prepara-un-doble-concierto-en-beniarres\\\/#primaryimage\"},\"thumbnailUrl\":\"https:\\\/\\\/www.copealcoy.es\\\/wp-content\\\/uploads\\\/2022\\\/07\\\/unnamed-1-2-scaled-e1658937778290.jpg\",\"keywords\":[\"7 de agosto\",\"Alcoy\",\"Beniarres\",\"Concierto\",\"Orfeu Ensemble de Cambra\"],\"articleSection\":[\"Actualidad\",\"Alcoy\",\"Fiesta y Cultura\",\"Noticias\"],\"inLanguage\":\"es\"},{\"@type\":\"WebPage\",\"@id\":\"https:\\\/\\\/www.copealcoy.es\\\/es\\\/orfeu-ensemble-de-cambra-prepara-un-doble-concierto-en-beniarres\\\/\",\"url\":\"https:\\\/\\\/www.copealcoy.es\\\/es\\\/orfeu-ensemble-de-cambra-prepara-un-doble-concierto-en-beniarres\\\/\",\"name\":\"Orfeu Ensemble de Cambra prepara un doble concierto en Beniarr\u00e9s - COPE Alcoy\",\"isPartOf\":{\"@id\":\"https:\\\/\\\/www.copealcoy.es\\\/es\\\/#website\"},\"primaryImageOfPage\":{\"@id\":\"https:\\\/\\\/www.copealcoy.es\\\/es\\\/orfeu-ensemble-de-cambra-prepara-un-doble-concierto-en-beniarres\\\/#primaryimage\"},\"image\":{\"@id\":\"https:\\\/\\\/www.copealcoy.es\\\/es\\\/orfeu-ensemble-de-cambra-prepara-un-doble-concierto-en-beniarres\\\/#primaryimage\"},\"thumbnailUrl\":\"https:\\\/\\\/www.copealcoy.es\\\/wp-content\\\/uploads\\\/2022\\\/07\\\/unnamed-1-2-scaled-e1658937778290.jpg\",\"datePublished\":\"2022-07-27T16:00:15+00:00\",\"dateModified\":\"2022-07-30T05:55:30+00:00\",\"author\":{\"@id\":\"https:\\\/\\\/www.copealcoy.es\\\/es\\\/#\\\/schema\\\/person\\\/e777c87fa024e57d40170af9df39882c\"},\"breadcrumb\":{\"@id\":\"https:\\\/\\\/www.copealcoy.es\\\/es\\\/orfeu-ensemble-de-cambra-prepara-un-doble-concierto-en-beniarres\\\/#breadcrumb\"},\"inLanguage\":\"es\",\"potentialAction\":[{\"@type\":\"ReadAction\",\"target\":[\"https:\\\/\\\/www.copealcoy.es\\\/es\\\/orfeu-ensemble-de-cambra-prepara-un-doble-concierto-en-beniarres\\\/\"]}]},{\"@type\":\"ImageObject\",\"inLanguage\":\"es\",\"@id\":\"https:\\\/\\\/www.copealcoy.es\\\/es\\\/orfeu-ensemble-de-cambra-prepara-un-doble-concierto-en-beniarres\\\/#primaryimage\",\"url\":\"https:\\\/\\\/www.copealcoy.es\\\/wp-content\\\/uploads\\\/2022\\\/07\\\/unnamed-1-2-scaled-e1658937778290.jpg\",\"contentUrl\":\"https:\\\/\\\/www.copealcoy.es\\\/wp-content\\\/uploads\\\/2022\\\/07\\\/unnamed-1-2-scaled-e1658937778290.jpg\",\"width\":640,\"height\":412},{\"@type\":\"BreadcrumbList\",\"@id\":\"https:\\\/\\\/www.copealcoy.es\\\/es\\\/orfeu-ensemble-de-cambra-prepara-un-doble-concierto-en-beniarres\\\/#breadcrumb\",\"itemListElement\":[{\"@type\":\"ListItem\",\"position\":1,\"name\":\"Portada\",\"item\":\"https:\\\/\\\/www.copealcoy.es\\\/es\\\/\"},{\"@type\":\"ListItem\",\"position\":2,\"name\":\"Orfeu Ensemble de Cambra prepara un doble concierto en Beniarr\u00e9s\"}]},{\"@type\":\"WebSite\",\"@id\":\"https:\\\/\\\/www.copealcoy.es\\\/es\\\/#website\",\"url\":\"https:\\\/\\\/www.copealcoy.es\\\/es\\\/\",\"name\":\"COPE Alcoy\",\"description\":\"Emisora COPE de radio local con emisi\u00f3n online. Pont de Sant Jordi 8-10 03803 Alcoy\",\"potentialAction\":[{\"@type\":\"SearchAction\",\"target\":{\"@type\":\"EntryPoint\",\"urlTemplate\":\"https:\\\/\\\/www.copealcoy.es\\\/es\\\/?s={search_term_string}\"},\"query-input\":{\"@type\":\"PropertyValueSpecification\",\"valueRequired\":true,\"valueName\":\"search_term_string\"}}],\"inLanguage\":\"es\"},{\"@type\":\"Person\",\"@id\":\"https:\\\/\\\/www.copealcoy.es\\\/es\\\/#\\\/schema\\\/person\\\/e777c87fa024e57d40170af9df39882c\",\"name\":\"Cope Alcoy\",\"image\":{\"@type\":\"ImageObject\",\"inLanguage\":\"es\",\"@id\":\"https:\\\/\\\/secure.gravatar.com\\\/avatar\\\/bb65d0283347e303893ba14f0692005417c1e0e690a325a4c5d8bb2b3943ee14?s=96&d=mm&r=g\",\"url\":\"https:\\\/\\\/secure.gravatar.com\\\/avatar\\\/bb65d0283347e303893ba14f0692005417c1e0e690a325a4c5d8bb2b3943ee14?s=96&d=mm&r=g\",\"contentUrl\":\"https:\\\/\\\/secure.gravatar.com\\\/avatar\\\/bb65d0283347e303893ba14f0692005417c1e0e690a325a4c5d8bb2b3943ee14?s=96&d=mm&r=g\",\"caption\":\"Cope Alcoy\"}}]}<\/script>\n<!-- \/ Yoast SEO plugin. -->","yoast_head_json":{"title":"Orfeu Ensemble de Cambra prepara un doble concierto en Beniarr\u00e9s - COPE Alcoy","robots":{"index":"index","follow":"follow","max-snippet":"max-snippet:-1","max-image-preview":"max-image-preview:large","max-video-preview":"max-video-preview:-1"},"canonical":"https:\/\/www.copealcoy.es\/es\/orfeu-ensemble-de-cambra-prepara-un-doble-concierto-en-beniarres\/","og_locale":"es_ES","og_type":"article","og_title":"Orfeu Ensemble de Cambra prepara un doble concierto en Beniarr\u00e9s - COPE Alcoy","og_description":"Beniarr\u00e9s acoger\u00e1 el pr\u00f3ximo 7 de agosto una doble cita con la m\u00fasica de la mano de Orfeu Ensemble de...","og_url":"https:\/\/www.copealcoy.es\/es\/orfeu-ensemble-de-cambra-prepara-un-doble-concierto-en-beniarres\/","og_site_name":"COPE Alcoy","article_published_time":"2022-07-27T16:00:15+00:00","article_modified_time":"2022-07-30T05:55:30+00:00","og_image":[{"width":640,"height":412,"url":"https:\/\/www.copealcoy.es\/wp-content\/uploads\/2022\/07\/unnamed-1-2-scaled-e1658937778290.jpg","type":"image\/jpeg"}],"author":"Cope Alcoy","twitter_misc":{"Escrito por":"Cope Alcoy","Tiempo de lectura":"2 minutos"},"schema":{"@context":"https:\/\/schema.org","@graph":[{"@type":"Article","@id":"https:\/\/www.copealcoy.es\/es\/orfeu-ensemble-de-cambra-prepara-un-doble-concierto-en-beniarres\/#article","isPartOf":{"@id":"https:\/\/www.copealcoy.es\/es\/orfeu-ensemble-de-cambra-prepara-un-doble-concierto-en-beniarres\/"},"author":{"name":"Cope Alcoy","@id":"https:\/\/www.copealcoy.es\/es\/#\/schema\/person\/e777c87fa024e57d40170af9df39882c"},"headline":"Orfeu Ensemble de Cambra prepara un doble concierto en Beniarr\u00e9s","datePublished":"2022-07-27T16:00:15+00:00","dateModified":"2022-07-30T05:55:30+00:00","mainEntityOfPage":{"@id":"https:\/\/www.copealcoy.es\/es\/orfeu-ensemble-de-cambra-prepara-un-doble-concierto-en-beniarres\/"},"wordCount":314,"commentCount":0,"image":{"@id":"https:\/\/www.copealcoy.es\/es\/orfeu-ensemble-de-cambra-prepara-un-doble-concierto-en-beniarres\/#primaryimage"},"thumbnailUrl":"https:\/\/www.copealcoy.es\/wp-content\/uploads\/2022\/07\/unnamed-1-2-scaled-e1658937778290.jpg","keywords":["7 de agosto","Alcoy","Beniarres","Concierto","Orfeu Ensemble de Cambra"],"articleSection":["Actualidad","Alcoy","Fiesta y Cultura","Noticias"],"inLanguage":"es"},{"@type":"WebPage","@id":"https:\/\/www.copealcoy.es\/es\/orfeu-ensemble-de-cambra-prepara-un-doble-concierto-en-beniarres\/","url":"https:\/\/www.copealcoy.es\/es\/orfeu-ensemble-de-cambra-prepara-un-doble-concierto-en-beniarres\/","name":"Orfeu Ensemble de Cambra prepara un doble concierto en Beniarr\u00e9s - COPE Alcoy","isPartOf":{"@id":"https:\/\/www.copealcoy.es\/es\/#website"},"primaryImageOfPage":{"@id":"https:\/\/www.copealcoy.es\/es\/orfeu-ensemble-de-cambra-prepara-un-doble-concierto-en-beniarres\/#primaryimage"},"image":{"@id":"https:\/\/www.copealcoy.es\/es\/orfeu-ensemble-de-cambra-prepara-un-doble-concierto-en-beniarres\/#primaryimage"},"thumbnailUrl":"https:\/\/www.copealcoy.es\/wp-content\/uploads\/2022\/07\/unnamed-1-2-scaled-e1658937778290.jpg","datePublished":"2022-07-27T16:00:15+00:00","dateModified":"2022-07-30T05:55:30+00:00","author":{"@id":"https:\/\/www.copealcoy.es\/es\/#\/schema\/person\/e777c87fa024e57d40170af9df39882c"},"breadcrumb":{"@id":"https:\/\/www.copealcoy.es\/es\/orfeu-ensemble-de-cambra-prepara-un-doble-concierto-en-beniarres\/#breadcrumb"},"inLanguage":"es","potentialAction":[{"@type":"ReadAction","target":["https:\/\/www.copealcoy.es\/es\/orfeu-ensemble-de-cambra-prepara-un-doble-concierto-en-beniarres\/"]}]},{"@type":"ImageObject","inLanguage":"es","@id":"https:\/\/www.copealcoy.es\/es\/orfeu-ensemble-de-cambra-prepara-un-doble-concierto-en-beniarres\/#primaryimage","url":"https:\/\/www.copealcoy.es\/wp-content\/uploads\/2022\/07\/unnamed-1-2-scaled-e1658937778290.jpg","contentUrl":"https:\/\/www.copealcoy.es\/wp-content\/uploads\/2022\/07\/unnamed-1-2-scaled-e1658937778290.jpg","width":640,"height":412},{"@type":"BreadcrumbList","@id":"https:\/\/www.copealcoy.es\/es\/orfeu-ensemble-de-cambra-prepara-un-doble-concierto-en-beniarres\/#breadcrumb","itemListElement":[{"@type":"ListItem","position":1,"name":"Portada","item":"https:\/\/www.copealcoy.es\/es\/"},{"@type":"ListItem","position":2,"name":"Orfeu Ensemble de Cambra prepara un doble concierto en Beniarr\u00e9s"}]},{"@type":"WebSite","@id":"https:\/\/www.copealcoy.es\/es\/#website","url":"https:\/\/www.copealcoy.es\/es\/","name":"COPE Alcoy","description":"Emisora COPE de radio local con emisi\u00f3n online. Pont de Sant Jordi 8-10 03803 Alcoy","potentialAction":[{"@type":"SearchAction","target":{"@type":"EntryPoint","urlTemplate":"https:\/\/www.copealcoy.es\/es\/?s={search_term_string}"},"query-input":{"@type":"PropertyValueSpecification","valueRequired":true,"valueName":"search_term_string"}}],"inLanguage":"es"},{"@type":"Person","@id":"https:\/\/www.copealcoy.es\/es\/#\/schema\/person\/e777c87fa024e57d40170af9df39882c","name":"Cope Alcoy","image":{"@type":"ImageObject","inLanguage":"es","@id":"https:\/\/secure.gravatar.com\/avatar\/bb65d0283347e303893ba14f0692005417c1e0e690a325a4c5d8bb2b3943ee14?s=96&d=mm&r=g","url":"https:\/\/secure.gravatar.com\/avatar\/bb65d0283347e303893ba14f0692005417c1e0e690a325a4c5d8bb2b3943ee14?s=96&d=mm&r=g","contentUrl":"https:\/\/secure.gravatar.com\/avatar\/bb65d0283347e303893ba14f0692005417c1e0e690a325a4c5d8bb2b3943ee14?s=96&d=mm&r=g","caption":"Cope Alcoy"}}]}},"_links":{"self":[{"href":"https:\/\/www.copealcoy.es\/es\/wp-json\/wp\/v2\/posts\/90243","targetHints":{"allow":["GET"]}}],"collection":[{"href":"https:\/\/www.copealcoy.es\/es\/wp-json\/wp\/v2\/posts"}],"about":[{"href":"https:\/\/www.copealcoy.es\/es\/wp-json\/wp\/v2\/types\/post"}],"author":[{"embeddable":true,"href":"https:\/\/www.copealcoy.es\/es\/wp-json\/wp\/v2\/users\/1"}],"replies":[{"embeddable":true,"href":"https:\/\/www.copealcoy.es\/es\/wp-json\/wp\/v2\/comments?post=90243"}],"version-history":[{"count":0,"href":"https:\/\/www.copealcoy.es\/es\/wp-json\/wp\/v2\/posts\/90243\/revisions"}],"wp:featuredmedia":[{"embeddable":true,"href":"https:\/\/www.copealcoy.es\/es\/wp-json\/wp\/v2\/media\/90248"}],"wp:attachment":[{"href":"https:\/\/www.copealcoy.es\/es\/wp-json\/wp\/v2\/media?parent=90243"}],"wp:term":[{"taxonomy":"category","embeddable":true,"href":"https:\/\/www.copealcoy.es\/es\/wp-json\/wp\/v2\/categories?post=90243"},{"taxonomy":"post_tag","embeddable":true,"href":"https:\/\/www.copealcoy.es\/es\/wp-json\/wp\/v2\/tags?post=90243"}],"curies":[{"name":"wp","href":"https:\/\/api.w.org\/{rel}","templated":true}]}}