{"id":90235,"date":"2022-07-27T16:25:25","date_gmt":"2022-07-27T15:25:25","guid":{"rendered":"https:\/\/www.copealcoy.es\/?p=90235"},"modified":"2022-07-27T16:27:18","modified_gmt":"2022-07-27T15:27:18","slug":"el-gobierno-valenciano-aumenta-en-20-unidades-mas-los-conciertos-con-escuelas-privadas-para-el-proximo-curso","status":"publish","type":"post","link":"https:\/\/www.copealcoy.es\/es\/el-gobierno-valenciano-aumenta-en-20-unidades-mas-los-conciertos-con-escuelas-privadas-para-el-proximo-curso\/","title":{"rendered":"El gobierno valenciano aumenta en 20 unidades m\u00e1s los conciertos con escuelas privadas para el pr\u00f3ximo curso"},"content":{"rendered":"<p style=\"text-align: justify;\">El Pleno del Consell del pasado 15 de julio autorizaba <strong>el n\u00famero de unidades que hay que concertar en centros docentes privados valencianos<\/strong> para el curso escolar 2022-2023, con <strong>20 m\u00e1s<\/strong> respecto al curso 2021-2022.<\/p>\n<p style=\"text-align: justify;\">Las unidades autorizadas por el gobierno valenciano <strong>abarcan los niveles<\/strong> de Educaci\u00f3n Infantil, Educaci\u00f3n Primaria, Educaci\u00f3n Especial, Educaci\u00f3n Secundaria Obligatoria, Formaci\u00f3n Profesional B\u00e1sica, Bachillerato y Formaci\u00f3n Profesional.<\/p>\n<p style=\"text-align: justify;\">Los expedientes <strong>se han tramitado<\/strong><em>&#8220;de acuerdo con los par\u00e1metros derivados de la planificaci\u00f3n educativa de cada zona escolar para el curso 2022-2023, teniendo en cuenta el n\u00famero de alumnado y el n\u00famero de plazas, el descenso de la tasa de natalidad, los criterios de racionalizaci\u00f3n de gastos y las consideraciones de la Direcci\u00f3n General de Centros Docentes&#8221;<\/em>, ha explicado la administraci\u00f3n.<\/p>\n<p style=\"text-align: justify;\">Igualmente, <strong>se han seguido los criterios establecidos por el Decreto 6\/2017<\/strong>, que aprueba el Reglamento de conciertos educativos de la Comunitat Valenciana, y la Ley de Presupuestos de la Generalitat para el ejercicio 2022, de manera que se asegura la estabilidad presupuestaria y la sostenibilidad financiera de la Comunitat Valenciana por una parte y, por otra, se garantiza la prestaci\u00f3n de los servicios p\u00fablicos fundamentales.<\/p>\n<p style=\"text-align: justify;\">El c<strong>\u00f3mputo final resultante<\/strong> es de 20 unidades concertadas m\u00e1s con respecto al curso 2021-2022.<\/p>\n","protected":false},"excerpt":{"rendered":"<p>El Pleno del Consell del pasado 15 de julio autorizaba el n\u00famero de unidades que hay que concertar en centros&#8230;<\/p>\n","protected":false},"author":1,"featured_media":84684,"comment_status":"open","ping_status":"open","sticky":false,"template":"","format":"standard","meta":{"footnotes":""},"categories":[6909,900,75],"tags":[639,1299,479,13011],"class_list":["post-90235","post","type-post","status-publish","format-standard","has-post-thumbnail","hentry","category-actualidad","category-educacion","category-noticias","tag-comunidad-valenciana","tag-conciertos","tag-consell","tag-escuelas-privadas"],"yoast_head":"<!-- This site is optimized with the Yoast SEO plugin v27.3 - https:\/\/yoast.com\/product\/yoast-seo-wordpress\/ -->\n<title>El gobierno valenciano aumenta en 20 unidades m\u00e1s los conciertos con escuelas privadas para el pr\u00f3ximo curso - COPE Alcoy<\/title>\n<meta name=\"robots\" content=\"index, follow, max-snippet:-1, max-image-preview:large, max-video-preview:-1\" \/>\n<link rel=\"canonical\" href=\"https:\/\/www.copealcoy.es\/es\/el-gobierno-valenciano-aumenta-en-20-unidades-mas-los-conciertos-con-escuelas-privadas-para-el-proximo-curso\/\" \/>\n<meta property=\"og:locale\" content=\"es_ES\" \/>\n<meta property=\"og:type\" content=\"article\" \/>\n<meta property=\"og:title\" content=\"El gobierno valenciano aumenta en 20 unidades m\u00e1s los conciertos con escuelas privadas para el pr\u00f3ximo curso - COPE Alcoy\" \/>\n<meta property=\"og:description\" content=\"El Pleno del Consell del pasado 15 de julio autorizaba el n\u00famero de unidades que hay que concertar en centros...\" \/>\n<meta property=\"og:url\" content=\"https:\/\/www.copealcoy.es\/es\/el-gobierno-valenciano-aumenta-en-20-unidades-mas-los-conciertos-con-escuelas-privadas-para-el-proximo-curso\/\" \/>\n<meta property=\"og:site_name\" content=\"COPE Alcoy\" \/>\n<meta property=\"article:published_time\" content=\"2022-07-27T15:25:25+00:00\" \/>\n<meta property=\"article:modified_time\" content=\"2022-07-27T15:27:18+00:00\" \/>\n<meta property=\"og:image\" content=\"https:\/\/www.copealcoy.es\/wp-content\/uploads\/2022\/03\/23674968_1447871641977512_1006227888188586166_o.jpg\" \/>\n\t<meta property=\"og:image:width\" content=\"2047\" \/>\n\t<meta property=\"og:image:height\" content=\"1011\" \/>\n\t<meta property=\"og:image:type\" content=\"image\/jpeg\" \/>\n<meta name=\"author\" content=\"Cope Alcoy\" \/>\n<meta name=\"twitter:label1\" content=\"Escrito por\" \/>\n\t<meta name=\"twitter:data1\" content=\"Cope Alcoy\" \/>\n\t<meta name=\"twitter:label2\" content=\"Tiempo de lectura\" \/>\n\t<meta name=\"twitter:data2\" content=\"1 minuto\" \/>\n<script type=\"application\/ld+json\" class=\"yoast-schema-graph\">{\"@context\":\"https:\\\/\\\/schema.org\",\"@graph\":[{\"@type\":\"Article\",\"@id\":\"https:\\\/\\\/www.copealcoy.es\\\/es\\\/el-gobierno-valenciano-aumenta-en-20-unidades-mas-los-conciertos-con-escuelas-privadas-para-el-proximo-curso\\\/#article\",\"isPartOf\":{\"@id\":\"https:\\\/\\\/www.copealcoy.es\\\/es\\\/el-gobierno-valenciano-aumenta-en-20-unidades-mas-los-conciertos-con-escuelas-privadas-para-el-proximo-curso\\\/\"},\"author\":{\"name\":\"Cope Alcoy\",\"@id\":\"https:\\\/\\\/www.copealcoy.es\\\/es\\\/#\\\/schema\\\/person\\\/e777c87fa024e57d40170af9df39882c\"},\"headline\":\"El gobierno valenciano aumenta en 20 unidades m\u00e1s los conciertos con escuelas privadas para el pr\u00f3ximo curso\",\"datePublished\":\"2022-07-27T15:25:25+00:00\",\"dateModified\":\"2022-07-27T15:27:18+00:00\",\"mainEntityOfPage\":{\"@id\":\"https:\\\/\\\/www.copealcoy.es\\\/es\\\/el-gobierno-valenciano-aumenta-en-20-unidades-mas-los-conciertos-con-escuelas-privadas-para-el-proximo-curso\\\/\"},\"wordCount\":237,\"commentCount\":0,\"image\":{\"@id\":\"https:\\\/\\\/www.copealcoy.es\\\/es\\\/el-gobierno-valenciano-aumenta-en-20-unidades-mas-los-conciertos-con-escuelas-privadas-para-el-proximo-curso\\\/#primaryimage\"},\"thumbnailUrl\":\"https:\\\/\\\/www.copealcoy.es\\\/wp-content\\\/uploads\\\/2022\\\/03\\\/23674968_1447871641977512_1006227888188586166_o.jpg\",\"keywords\":[\"Comunidad Valenciana\",\"conciertos\",\"Consell\",\"escuelas privadas\"],\"articleSection\":[\"Actualidad\",\"Educaci\u00f3n\",\"Noticias\"],\"inLanguage\":\"es\"},{\"@type\":\"WebPage\",\"@id\":\"https:\\\/\\\/www.copealcoy.es\\\/es\\\/el-gobierno-valenciano-aumenta-en-20-unidades-mas-los-conciertos-con-escuelas-privadas-para-el-proximo-curso\\\/\",\"url\":\"https:\\\/\\\/www.copealcoy.es\\\/es\\\/el-gobierno-valenciano-aumenta-en-20-unidades-mas-los-conciertos-con-escuelas-privadas-para-el-proximo-curso\\\/\",\"name\":\"El gobierno valenciano aumenta en 20 unidades m\u00e1s los conciertos con escuelas privadas para el pr\u00f3ximo curso - COPE Alcoy\",\"isPartOf\":{\"@id\":\"https:\\\/\\\/www.copealcoy.es\\\/es\\\/#website\"},\"primaryImageOfPage\":{\"@id\":\"https:\\\/\\\/www.copealcoy.es\\\/es\\\/el-gobierno-valenciano-aumenta-en-20-unidades-mas-los-conciertos-con-escuelas-privadas-para-el-proximo-curso\\\/#primaryimage\"},\"image\":{\"@id\":\"https:\\\/\\\/www.copealcoy.es\\\/es\\\/el-gobierno-valenciano-aumenta-en-20-unidades-mas-los-conciertos-con-escuelas-privadas-para-el-proximo-curso\\\/#primaryimage\"},\"thumbnailUrl\":\"https:\\\/\\\/www.copealcoy.es\\\/wp-content\\\/uploads\\\/2022\\\/03\\\/23674968_1447871641977512_1006227888188586166_o.jpg\",\"datePublished\":\"2022-07-27T15:25:25+00:00\",\"dateModified\":\"2022-07-27T15:27:18+00:00\",\"author\":{\"@id\":\"https:\\\/\\\/www.copealcoy.es\\\/es\\\/#\\\/schema\\\/person\\\/e777c87fa024e57d40170af9df39882c\"},\"breadcrumb\":{\"@id\":\"https:\\\/\\\/www.copealcoy.es\\\/es\\\/el-gobierno-valenciano-aumenta-en-20-unidades-mas-los-conciertos-con-escuelas-privadas-para-el-proximo-curso\\\/#breadcrumb\"},\"inLanguage\":\"es\",\"potentialAction\":[{\"@type\":\"ReadAction\",\"target\":[\"https:\\\/\\\/www.copealcoy.es\\\/es\\\/el-gobierno-valenciano-aumenta-en-20-unidades-mas-los-conciertos-con-escuelas-privadas-para-el-proximo-curso\\\/\"]}]},{\"@type\":\"ImageObject\",\"inLanguage\":\"es\",\"@id\":\"https:\\\/\\\/www.copealcoy.es\\\/es\\\/el-gobierno-valenciano-aumenta-en-20-unidades-mas-los-conciertos-con-escuelas-privadas-para-el-proximo-curso\\\/#primaryimage\",\"url\":\"https:\\\/\\\/www.copealcoy.es\\\/wp-content\\\/uploads\\\/2022\\\/03\\\/23674968_1447871641977512_1006227888188586166_o.jpg\",\"contentUrl\":\"https:\\\/\\\/www.copealcoy.es\\\/wp-content\\\/uploads\\\/2022\\\/03\\\/23674968_1447871641977512_1006227888188586166_o.jpg\",\"width\":2047,\"height\":1011},{\"@type\":\"BreadcrumbList\",\"@id\":\"https:\\\/\\\/www.copealcoy.es\\\/es\\\/el-gobierno-valenciano-aumenta-en-20-unidades-mas-los-conciertos-con-escuelas-privadas-para-el-proximo-curso\\\/#breadcrumb\",\"itemListElement\":[{\"@type\":\"ListItem\",\"position\":1,\"name\":\"Portada\",\"item\":\"https:\\\/\\\/www.copealcoy.es\\\/es\\\/\"},{\"@type\":\"ListItem\",\"position\":2,\"name\":\"El gobierno valenciano aumenta en 20 unidades m\u00e1s los conciertos con escuelas privadas para el pr\u00f3ximo curso\"}]},{\"@type\":\"WebSite\",\"@id\":\"https:\\\/\\\/www.copealcoy.es\\\/es\\\/#website\",\"url\":\"https:\\\/\\\/www.copealcoy.es\\\/es\\\/\",\"name\":\"COPE Alcoy\",\"description\":\"Emisora COPE de radio local con emisi\u00f3n online. Pont de Sant Jordi 8-10 03803 Alcoy\",\"potentialAction\":[{\"@type\":\"SearchAction\",\"target\":{\"@type\":\"EntryPoint\",\"urlTemplate\":\"https:\\\/\\\/www.copealcoy.es\\\/es\\\/?s={search_term_string}\"},\"query-input\":{\"@type\":\"PropertyValueSpecification\",\"valueRequired\":true,\"valueName\":\"search_term_string\"}}],\"inLanguage\":\"es\"},{\"@type\":\"Person\",\"@id\":\"https:\\\/\\\/www.copealcoy.es\\\/es\\\/#\\\/schema\\\/person\\\/e777c87fa024e57d40170af9df39882c\",\"name\":\"Cope Alcoy\",\"image\":{\"@type\":\"ImageObject\",\"inLanguage\":\"es\",\"@id\":\"https:\\\/\\\/secure.gravatar.com\\\/avatar\\\/bb65d0283347e303893ba14f0692005417c1e0e690a325a4c5d8bb2b3943ee14?s=96&d=mm&r=g\",\"url\":\"https:\\\/\\\/secure.gravatar.com\\\/avatar\\\/bb65d0283347e303893ba14f0692005417c1e0e690a325a4c5d8bb2b3943ee14?s=96&d=mm&r=g\",\"contentUrl\":\"https:\\\/\\\/secure.gravatar.com\\\/avatar\\\/bb65d0283347e303893ba14f0692005417c1e0e690a325a4c5d8bb2b3943ee14?s=96&d=mm&r=g\",\"caption\":\"Cope Alcoy\"}}]}<\/script>\n<!-- \/ Yoast SEO plugin. -->","yoast_head_json":{"title":"El gobierno valenciano aumenta en 20 unidades m\u00e1s los conciertos con escuelas privadas para el pr\u00f3ximo curso - COPE Alcoy","robots":{"index":"index","follow":"follow","max-snippet":"max-snippet:-1","max-image-preview":"max-image-preview:large","max-video-preview":"max-video-preview:-1"},"canonical":"https:\/\/www.copealcoy.es\/es\/el-gobierno-valenciano-aumenta-en-20-unidades-mas-los-conciertos-con-escuelas-privadas-para-el-proximo-curso\/","og_locale":"es_ES","og_type":"article","og_title":"El gobierno valenciano aumenta en 20 unidades m\u00e1s los conciertos con escuelas privadas para el pr\u00f3ximo curso - COPE Alcoy","og_description":"El Pleno del Consell del pasado 15 de julio autorizaba el n\u00famero de unidades que hay que concertar en centros...","og_url":"https:\/\/www.copealcoy.es\/es\/el-gobierno-valenciano-aumenta-en-20-unidades-mas-los-conciertos-con-escuelas-privadas-para-el-proximo-curso\/","og_site_name":"COPE Alcoy","article_published_time":"2022-07-27T15:25:25+00:00","article_modified_time":"2022-07-27T15:27:18+00:00","og_image":[{"width":2047,"height":1011,"url":"https:\/\/www.copealcoy.es\/wp-content\/uploads\/2022\/03\/23674968_1447871641977512_1006227888188586166_o.jpg","type":"image\/jpeg"}],"author":"Cope Alcoy","twitter_misc":{"Escrito por":"Cope Alcoy","Tiempo de lectura":"1 minuto"},"schema":{"@context":"https:\/\/schema.org","@graph":[{"@type":"Article","@id":"https:\/\/www.copealcoy.es\/es\/el-gobierno-valenciano-aumenta-en-20-unidades-mas-los-conciertos-con-escuelas-privadas-para-el-proximo-curso\/#article","isPartOf":{"@id":"https:\/\/www.copealcoy.es\/es\/el-gobierno-valenciano-aumenta-en-20-unidades-mas-los-conciertos-con-escuelas-privadas-para-el-proximo-curso\/"},"author":{"name":"Cope Alcoy","@id":"https:\/\/www.copealcoy.es\/es\/#\/schema\/person\/e777c87fa024e57d40170af9df39882c"},"headline":"El gobierno valenciano aumenta en 20 unidades m\u00e1s los conciertos con escuelas privadas para el pr\u00f3ximo curso","datePublished":"2022-07-27T15:25:25+00:00","dateModified":"2022-07-27T15:27:18+00:00","mainEntityOfPage":{"@id":"https:\/\/www.copealcoy.es\/es\/el-gobierno-valenciano-aumenta-en-20-unidades-mas-los-conciertos-con-escuelas-privadas-para-el-proximo-curso\/"},"wordCount":237,"commentCount":0,"image":{"@id":"https:\/\/www.copealcoy.es\/es\/el-gobierno-valenciano-aumenta-en-20-unidades-mas-los-conciertos-con-escuelas-privadas-para-el-proximo-curso\/#primaryimage"},"thumbnailUrl":"https:\/\/www.copealcoy.es\/wp-content\/uploads\/2022\/03\/23674968_1447871641977512_1006227888188586166_o.jpg","keywords":["Comunidad Valenciana","conciertos","Consell","escuelas privadas"],"articleSection":["Actualidad","Educaci\u00f3n","Noticias"],"inLanguage":"es"},{"@type":"WebPage","@id":"https:\/\/www.copealcoy.es\/es\/el-gobierno-valenciano-aumenta-en-20-unidades-mas-los-conciertos-con-escuelas-privadas-para-el-proximo-curso\/","url":"https:\/\/www.copealcoy.es\/es\/el-gobierno-valenciano-aumenta-en-20-unidades-mas-los-conciertos-con-escuelas-privadas-para-el-proximo-curso\/","name":"El gobierno valenciano aumenta en 20 unidades m\u00e1s los conciertos con escuelas privadas para el pr\u00f3ximo curso - COPE Alcoy","isPartOf":{"@id":"https:\/\/www.copealcoy.es\/es\/#website"},"primaryImageOfPage":{"@id":"https:\/\/www.copealcoy.es\/es\/el-gobierno-valenciano-aumenta-en-20-unidades-mas-los-conciertos-con-escuelas-privadas-para-el-proximo-curso\/#primaryimage"},"image":{"@id":"https:\/\/www.copealcoy.es\/es\/el-gobierno-valenciano-aumenta-en-20-unidades-mas-los-conciertos-con-escuelas-privadas-para-el-proximo-curso\/#primaryimage"},"thumbnailUrl":"https:\/\/www.copealcoy.es\/wp-content\/uploads\/2022\/03\/23674968_1447871641977512_1006227888188586166_o.jpg","datePublished":"2022-07-27T15:25:25+00:00","dateModified":"2022-07-27T15:27:18+00:00","author":{"@id":"https:\/\/www.copealcoy.es\/es\/#\/schema\/person\/e777c87fa024e57d40170af9df39882c"},"breadcrumb":{"@id":"https:\/\/www.copealcoy.es\/es\/el-gobierno-valenciano-aumenta-en-20-unidades-mas-los-conciertos-con-escuelas-privadas-para-el-proximo-curso\/#breadcrumb"},"inLanguage":"es","potentialAction":[{"@type":"ReadAction","target":["https:\/\/www.copealcoy.es\/es\/el-gobierno-valenciano-aumenta-en-20-unidades-mas-los-conciertos-con-escuelas-privadas-para-el-proximo-curso\/"]}]},{"@type":"ImageObject","inLanguage":"es","@id":"https:\/\/www.copealcoy.es\/es\/el-gobierno-valenciano-aumenta-en-20-unidades-mas-los-conciertos-con-escuelas-privadas-para-el-proximo-curso\/#primaryimage","url":"https:\/\/www.copealcoy.es\/wp-content\/uploads\/2022\/03\/23674968_1447871641977512_1006227888188586166_o.jpg","contentUrl":"https:\/\/www.copealcoy.es\/wp-content\/uploads\/2022\/03\/23674968_1447871641977512_1006227888188586166_o.jpg","width":2047,"height":1011},{"@type":"BreadcrumbList","@id":"https:\/\/www.copealcoy.es\/es\/el-gobierno-valenciano-aumenta-en-20-unidades-mas-los-conciertos-con-escuelas-privadas-para-el-proximo-curso\/#breadcrumb","itemListElement":[{"@type":"ListItem","position":1,"name":"Portada","item":"https:\/\/www.copealcoy.es\/es\/"},{"@type":"ListItem","position":2,"name":"El gobierno valenciano aumenta en 20 unidades m\u00e1s los conciertos con escuelas privadas para el pr\u00f3ximo curso"}]},{"@type":"WebSite","@id":"https:\/\/www.copealcoy.es\/es\/#website","url":"https:\/\/www.copealcoy.es\/es\/","name":"COPE Alcoy","description":"Emisora COPE de radio local con emisi\u00f3n online. Pont de Sant Jordi 8-10 03803 Alcoy","potentialAction":[{"@type":"SearchAction","target":{"@type":"EntryPoint","urlTemplate":"https:\/\/www.copealcoy.es\/es\/?s={search_term_string}"},"query-input":{"@type":"PropertyValueSpecification","valueRequired":true,"valueName":"search_term_string"}}],"inLanguage":"es"},{"@type":"Person","@id":"https:\/\/www.copealcoy.es\/es\/#\/schema\/person\/e777c87fa024e57d40170af9df39882c","name":"Cope Alcoy","image":{"@type":"ImageObject","inLanguage":"es","@id":"https:\/\/secure.gravatar.com\/avatar\/bb65d0283347e303893ba14f0692005417c1e0e690a325a4c5d8bb2b3943ee14?s=96&d=mm&r=g","url":"https:\/\/secure.gravatar.com\/avatar\/bb65d0283347e303893ba14f0692005417c1e0e690a325a4c5d8bb2b3943ee14?s=96&d=mm&r=g","contentUrl":"https:\/\/secure.gravatar.com\/avatar\/bb65d0283347e303893ba14f0692005417c1e0e690a325a4c5d8bb2b3943ee14?s=96&d=mm&r=g","caption":"Cope Alcoy"}}]}},"_links":{"self":[{"href":"https:\/\/www.copealcoy.es\/es\/wp-json\/wp\/v2\/posts\/90235","targetHints":{"allow":["GET"]}}],"collection":[{"href":"https:\/\/www.copealcoy.es\/es\/wp-json\/wp\/v2\/posts"}],"about":[{"href":"https:\/\/www.copealcoy.es\/es\/wp-json\/wp\/v2\/types\/post"}],"author":[{"embeddable":true,"href":"https:\/\/www.copealcoy.es\/es\/wp-json\/wp\/v2\/users\/1"}],"replies":[{"embeddable":true,"href":"https:\/\/www.copealcoy.es\/es\/wp-json\/wp\/v2\/comments?post=90235"}],"version-history":[{"count":0,"href":"https:\/\/www.copealcoy.es\/es\/wp-json\/wp\/v2\/posts\/90235\/revisions"}],"wp:featuredmedia":[{"embeddable":true,"href":"https:\/\/www.copealcoy.es\/es\/wp-json\/wp\/v2\/media\/84684"}],"wp:attachment":[{"href":"https:\/\/www.copealcoy.es\/es\/wp-json\/wp\/v2\/media?parent=90235"}],"wp:term":[{"taxonomy":"category","embeddable":true,"href":"https:\/\/www.copealcoy.es\/es\/wp-json\/wp\/v2\/categories?post=90235"},{"taxonomy":"post_tag","embeddable":true,"href":"https:\/\/www.copealcoy.es\/es\/wp-json\/wp\/v2\/tags?post=90235"}],"curies":[{"name":"wp","href":"https:\/\/api.w.org\/{rel}","templated":true}]}}