{"id":90226,"date":"2022-07-27T16:02:06","date_gmt":"2022-07-27T15:02:06","guid":{"rendered":"https:\/\/www.copealcoy.es\/?p=90226"},"modified":"2022-07-27T16:14:31","modified_gmt":"2022-07-27T15:14:31","slug":"el-pp-de-alcoy-insiste-en-conocer-los-datos-que-ha-dejado-hasta-el-momento-la-peatonalizacion-del-centro","status":"publish","type":"post","link":"https:\/\/www.copealcoy.es\/es\/el-pp-de-alcoy-insiste-en-conocer-los-datos-que-ha-dejado-hasta-el-momento-la-peatonalizacion-del-centro\/","title":{"rendered":"El PP de Alcoy insiste en conocer los datos que ha dejado hasta el momento la peatonalizaci\u00f3n del Centro"},"content":{"rendered":"<p style=\"text-align: justify;\">El <strong>Partido Popular de Alcoy<\/strong> sigue reclamando al Gobierno Municipal del PSOE que<strong> aporte los datos que ha dejado hasta el momento la peatonalizaci\u00f3n del Centro<\/strong>. Los populares afirman que <strong>no han obtenido respuesta a esta petici\u00f3n<\/strong> y acusan de opacidad al Ejecutivo de Franc\u00e9s por <strong>no querer compartir esta informaci\u00f3n<\/strong> con los Grupos Pol\u00edticos de la Corporaci\u00f3n Local.<\/p>\n<p style=\"text-align: justify;\">Desde el PP aclaran que las \u00fanicas cifras ofrecidas por los socialistas <strong>corresponden a 2021<\/strong>. En este sentido apuntan que en mayo de ese a\u00f1o, apenas un mes despu\u00e9s de la entrada en vigor de la peatonalizaci\u00f3n, <strong>los datos reflejaban un fuerte incremento del paso de veh\u00edculos en las calles que asumieron el tr\u00e1fico que dejaba de pasar por las calles de San Nicol\u00e1s y San Lorenzo<\/strong>. Adem\u00e1s a\u00f1aden que por <strong>la calle de San Jaime<\/strong>, antes de la peatonalizaci\u00f3n, circulaban 77 veh\u00edculos por hora. En mayo de 2021 la media fue de 258 veh\u00edculos. En <strong>Casablanca<\/strong>, la intensidad del tr\u00e1nsito pas\u00f3 de 73 a 270 veh\u00edculos. En cuanto a <strong>la evoluci\u00f3n de la contaminaci\u00f3n<\/strong>, el PP tuvo acceso a <strong>tablas de mediciones de gases y part\u00edculas<\/strong> que, seg\u00fan los t\u00e9cnicos municipales, est\u00e1n pendientes de ser sometidos a un proceso de validaci\u00f3n por personal t\u00e9cnico cualificado &#8220;<em>existen datos y mediciones que el PSOE trata de ocultar a toda costa. Hab\u00eda informaci\u00f3n sobre niveles de tr\u00e1fico y de contaminaci\u00f3n antes de la peatonalizaci\u00f3n y cuando entr\u00f3 en vigor esta medida dejaron de ofrecerse. Que ahora el PSOE diga que quiere instalar m\u00e1s sensores no es m\u00e1s que una huida hacia delante para ocultar la informaci\u00f3n de la que ya disponen. Es evidente que quieren tapar el fracaso de una peatonalizaci\u00f3n que no ha reducido el tr\u00e1fico ni la contaminaci\u00f3n ni ha supuesto un revulsivo para el comercio<\/em>&#8220;, afirma contundentemente el portavoz de la formaci\u00f3n pol\u00edtica; <strong>Quique Ruiz<\/strong>.<\/p>\n<p style=\"text-align: justify;\">Desde el PP <strong>han presentado varias preguntas sobre este asunto al Pleno del viernes<\/strong>. Con esta decisi\u00f3n, reiteran, pretenden que el PSOE <strong>ofrezca as\u00ed p\u00fablicamente las cifras<\/strong> sobre la evoluci\u00f3n del tr\u00e1fico y la contaminaci\u00f3n del barrio.<\/p>\n","protected":false},"excerpt":{"rendered":"<p>El Partido Popular de Alcoy sigue reclamando al Gobierno Municipal del PSOE que aporte los datos que ha dejado hasta&#8230;<\/p>\n","protected":false},"author":1,"featured_media":85525,"comment_status":"open","ping_status":"open","sticky":false,"template":"","format":"standard","meta":{"footnotes":""},"categories":[6909,97,75,79],"tags":[1494,295,448,294,322,6934],"class_list":["post-90226","post","type-post","status-publish","format-standard","has-post-thumbnail","hentry","category-actualidad","category-alcoy","category-noticias","category-politicayeconomia","tag-alcoy","tag-centro","tag-partido-popular","tag-peatonalizacion","tag-pleno","tag-quique-ruiz"],"yoast_head":"<!-- This site is optimized with the Yoast SEO plugin v27.3 - https:\/\/yoast.com\/product\/yoast-seo-wordpress\/ -->\n<title>El PP de Alcoy insiste en conocer los datos que ha dejado hasta el momento la peatonalizaci\u00f3n del Centro - COPE Alcoy<\/title>\n<meta name=\"robots\" content=\"index, follow, max-snippet:-1, max-image-preview:large, max-video-preview:-1\" \/>\n<link rel=\"canonical\" href=\"https:\/\/www.copealcoy.es\/es\/el-pp-de-alcoy-insiste-en-conocer-los-datos-que-ha-dejado-hasta-el-momento-la-peatonalizacion-del-centro\/\" \/>\n<meta property=\"og:locale\" content=\"es_ES\" \/>\n<meta property=\"og:type\" content=\"article\" \/>\n<meta property=\"og:title\" content=\"El PP de Alcoy insiste en conocer los datos que ha dejado hasta el momento la peatonalizaci\u00f3n del Centro - COPE Alcoy\" \/>\n<meta property=\"og:description\" content=\"El Partido Popular de Alcoy sigue reclamando al Gobierno Municipal del PSOE que aporte los datos que ha dejado hasta...\" \/>\n<meta property=\"og:url\" content=\"https:\/\/www.copealcoy.es\/es\/el-pp-de-alcoy-insiste-en-conocer-los-datos-que-ha-dejado-hasta-el-momento-la-peatonalizacion-del-centro\/\" \/>\n<meta property=\"og:site_name\" content=\"COPE Alcoy\" \/>\n<meta property=\"article:published_time\" content=\"2022-07-27T15:02:06+00:00\" \/>\n<meta property=\"article:modified_time\" content=\"2022-07-27T15:14:31+00:00\" \/>\n<meta property=\"og:image\" content=\"https:\/\/www.copealcoy.es\/wp-content\/uploads\/2022\/03\/119103015_5005197429506401_7070069087167750794_n-980x588-1-e1648567007552.jpg\" \/>\n\t<meta property=\"og:image:width\" content=\"640\" \/>\n\t<meta property=\"og:image:height\" content=\"384\" \/>\n\t<meta property=\"og:image:type\" content=\"image\/jpeg\" \/>\n<meta name=\"author\" content=\"Cope Alcoy\" \/>\n<meta name=\"twitter:label1\" content=\"Escrito por\" \/>\n\t<meta name=\"twitter:data1\" content=\"Cope Alcoy\" \/>\n\t<meta name=\"twitter:label2\" content=\"Tiempo de lectura\" \/>\n\t<meta name=\"twitter:data2\" content=\"2 minutos\" \/>\n<script type=\"application\/ld+json\" class=\"yoast-schema-graph\">{\"@context\":\"https:\\\/\\\/schema.org\",\"@graph\":[{\"@type\":\"Article\",\"@id\":\"https:\\\/\\\/www.copealcoy.es\\\/es\\\/el-pp-de-alcoy-insiste-en-conocer-los-datos-que-ha-dejado-hasta-el-momento-la-peatonalizacion-del-centro\\\/#article\",\"isPartOf\":{\"@id\":\"https:\\\/\\\/www.copealcoy.es\\\/es\\\/el-pp-de-alcoy-insiste-en-conocer-los-datos-que-ha-dejado-hasta-el-momento-la-peatonalizacion-del-centro\\\/\"},\"author\":{\"name\":\"Cope Alcoy\",\"@id\":\"https:\\\/\\\/www.copealcoy.es\\\/es\\\/#\\\/schema\\\/person\\\/e777c87fa024e57d40170af9df39882c\"},\"headline\":\"El PP de Alcoy insiste en conocer los datos que ha dejado hasta el momento la peatonalizaci\u00f3n del Centro\",\"datePublished\":\"2022-07-27T15:02:06+00:00\",\"dateModified\":\"2022-07-27T15:14:31+00:00\",\"mainEntityOfPage\":{\"@id\":\"https:\\\/\\\/www.copealcoy.es\\\/es\\\/el-pp-de-alcoy-insiste-en-conocer-los-datos-que-ha-dejado-hasta-el-momento-la-peatonalizacion-del-centro\\\/\"},\"wordCount\":401,\"commentCount\":0,\"image\":{\"@id\":\"https:\\\/\\\/www.copealcoy.es\\\/es\\\/el-pp-de-alcoy-insiste-en-conocer-los-datos-que-ha-dejado-hasta-el-momento-la-peatonalizacion-del-centro\\\/#primaryimage\"},\"thumbnailUrl\":\"https:\\\/\\\/www.copealcoy.es\\\/wp-content\\\/uploads\\\/2022\\\/03\\\/119103015_5005197429506401_7070069087167750794_n-980x588-1-e1648567007552.jpg\",\"keywords\":[\"Alcoy\",\"Centro\",\"Partido Popular\",\"Peatonalizaci\u00f3n\",\"Pleno\",\"Quique Ruiz\"],\"articleSection\":[\"Actualidad\",\"Alcoy\",\"Noticias\",\"Pol\u00edtica y Econom\u00eda\"],\"inLanguage\":\"es\"},{\"@type\":\"WebPage\",\"@id\":\"https:\\\/\\\/www.copealcoy.es\\\/es\\\/el-pp-de-alcoy-insiste-en-conocer-los-datos-que-ha-dejado-hasta-el-momento-la-peatonalizacion-del-centro\\\/\",\"url\":\"https:\\\/\\\/www.copealcoy.es\\\/es\\\/el-pp-de-alcoy-insiste-en-conocer-los-datos-que-ha-dejado-hasta-el-momento-la-peatonalizacion-del-centro\\\/\",\"name\":\"El PP de Alcoy insiste en conocer los datos que ha dejado hasta el momento la peatonalizaci\u00f3n del Centro - COPE Alcoy\",\"isPartOf\":{\"@id\":\"https:\\\/\\\/www.copealcoy.es\\\/es\\\/#website\"},\"primaryImageOfPage\":{\"@id\":\"https:\\\/\\\/www.copealcoy.es\\\/es\\\/el-pp-de-alcoy-insiste-en-conocer-los-datos-que-ha-dejado-hasta-el-momento-la-peatonalizacion-del-centro\\\/#primaryimage\"},\"image\":{\"@id\":\"https:\\\/\\\/www.copealcoy.es\\\/es\\\/el-pp-de-alcoy-insiste-en-conocer-los-datos-que-ha-dejado-hasta-el-momento-la-peatonalizacion-del-centro\\\/#primaryimage\"},\"thumbnailUrl\":\"https:\\\/\\\/www.copealcoy.es\\\/wp-content\\\/uploads\\\/2022\\\/03\\\/119103015_5005197429506401_7070069087167750794_n-980x588-1-e1648567007552.jpg\",\"datePublished\":\"2022-07-27T15:02:06+00:00\",\"dateModified\":\"2022-07-27T15:14:31+00:00\",\"author\":{\"@id\":\"https:\\\/\\\/www.copealcoy.es\\\/es\\\/#\\\/schema\\\/person\\\/e777c87fa024e57d40170af9df39882c\"},\"breadcrumb\":{\"@id\":\"https:\\\/\\\/www.copealcoy.es\\\/es\\\/el-pp-de-alcoy-insiste-en-conocer-los-datos-que-ha-dejado-hasta-el-momento-la-peatonalizacion-del-centro\\\/#breadcrumb\"},\"inLanguage\":\"es\",\"potentialAction\":[{\"@type\":\"ReadAction\",\"target\":[\"https:\\\/\\\/www.copealcoy.es\\\/es\\\/el-pp-de-alcoy-insiste-en-conocer-los-datos-que-ha-dejado-hasta-el-momento-la-peatonalizacion-del-centro\\\/\"]}]},{\"@type\":\"ImageObject\",\"inLanguage\":\"es\",\"@id\":\"https:\\\/\\\/www.copealcoy.es\\\/es\\\/el-pp-de-alcoy-insiste-en-conocer-los-datos-que-ha-dejado-hasta-el-momento-la-peatonalizacion-del-centro\\\/#primaryimage\",\"url\":\"https:\\\/\\\/www.copealcoy.es\\\/wp-content\\\/uploads\\\/2022\\\/03\\\/119103015_5005197429506401_7070069087167750794_n-980x588-1-e1648567007552.jpg\",\"contentUrl\":\"https:\\\/\\\/www.copealcoy.es\\\/wp-content\\\/uploads\\\/2022\\\/03\\\/119103015_5005197429506401_7070069087167750794_n-980x588-1-e1648567007552.jpg\",\"width\":640,\"height\":384},{\"@type\":\"BreadcrumbList\",\"@id\":\"https:\\\/\\\/www.copealcoy.es\\\/es\\\/el-pp-de-alcoy-insiste-en-conocer-los-datos-que-ha-dejado-hasta-el-momento-la-peatonalizacion-del-centro\\\/#breadcrumb\",\"itemListElement\":[{\"@type\":\"ListItem\",\"position\":1,\"name\":\"Portada\",\"item\":\"https:\\\/\\\/www.copealcoy.es\\\/es\\\/\"},{\"@type\":\"ListItem\",\"position\":2,\"name\":\"El PP de Alcoy insiste en conocer los datos que ha dejado hasta el momento la peatonalizaci\u00f3n del Centro\"}]},{\"@type\":\"WebSite\",\"@id\":\"https:\\\/\\\/www.copealcoy.es\\\/es\\\/#website\",\"url\":\"https:\\\/\\\/www.copealcoy.es\\\/es\\\/\",\"name\":\"COPE Alcoy\",\"description\":\"Emisora COPE de radio local con emisi\u00f3n online. Pont de Sant Jordi 8-10 03803 Alcoy\",\"potentialAction\":[{\"@type\":\"SearchAction\",\"target\":{\"@type\":\"EntryPoint\",\"urlTemplate\":\"https:\\\/\\\/www.copealcoy.es\\\/es\\\/?s={search_term_string}\"},\"query-input\":{\"@type\":\"PropertyValueSpecification\",\"valueRequired\":true,\"valueName\":\"search_term_string\"}}],\"inLanguage\":\"es\"},{\"@type\":\"Person\",\"@id\":\"https:\\\/\\\/www.copealcoy.es\\\/es\\\/#\\\/schema\\\/person\\\/e777c87fa024e57d40170af9df39882c\",\"name\":\"Cope Alcoy\",\"image\":{\"@type\":\"ImageObject\",\"inLanguage\":\"es\",\"@id\":\"https:\\\/\\\/secure.gravatar.com\\\/avatar\\\/bb65d0283347e303893ba14f0692005417c1e0e690a325a4c5d8bb2b3943ee14?s=96&d=mm&r=g\",\"url\":\"https:\\\/\\\/secure.gravatar.com\\\/avatar\\\/bb65d0283347e303893ba14f0692005417c1e0e690a325a4c5d8bb2b3943ee14?s=96&d=mm&r=g\",\"contentUrl\":\"https:\\\/\\\/secure.gravatar.com\\\/avatar\\\/bb65d0283347e303893ba14f0692005417c1e0e690a325a4c5d8bb2b3943ee14?s=96&d=mm&r=g\",\"caption\":\"Cope Alcoy\"}}]}<\/script>\n<!-- \/ Yoast SEO plugin. -->","yoast_head_json":{"title":"El PP de Alcoy insiste en conocer los datos que ha dejado hasta el momento la peatonalizaci\u00f3n del Centro - COPE Alcoy","robots":{"index":"index","follow":"follow","max-snippet":"max-snippet:-1","max-image-preview":"max-image-preview:large","max-video-preview":"max-video-preview:-1"},"canonical":"https:\/\/www.copealcoy.es\/es\/el-pp-de-alcoy-insiste-en-conocer-los-datos-que-ha-dejado-hasta-el-momento-la-peatonalizacion-del-centro\/","og_locale":"es_ES","og_type":"article","og_title":"El PP de Alcoy insiste en conocer los datos que ha dejado hasta el momento la peatonalizaci\u00f3n del Centro - COPE Alcoy","og_description":"El Partido Popular de Alcoy sigue reclamando al Gobierno Municipal del PSOE que aporte los datos que ha dejado hasta...","og_url":"https:\/\/www.copealcoy.es\/es\/el-pp-de-alcoy-insiste-en-conocer-los-datos-que-ha-dejado-hasta-el-momento-la-peatonalizacion-del-centro\/","og_site_name":"COPE Alcoy","article_published_time":"2022-07-27T15:02:06+00:00","article_modified_time":"2022-07-27T15:14:31+00:00","og_image":[{"width":640,"height":384,"url":"https:\/\/www.copealcoy.es\/wp-content\/uploads\/2022\/03\/119103015_5005197429506401_7070069087167750794_n-980x588-1-e1648567007552.jpg","type":"image\/jpeg"}],"author":"Cope Alcoy","twitter_misc":{"Escrito por":"Cope Alcoy","Tiempo de lectura":"2 minutos"},"schema":{"@context":"https:\/\/schema.org","@graph":[{"@type":"Article","@id":"https:\/\/www.copealcoy.es\/es\/el-pp-de-alcoy-insiste-en-conocer-los-datos-que-ha-dejado-hasta-el-momento-la-peatonalizacion-del-centro\/#article","isPartOf":{"@id":"https:\/\/www.copealcoy.es\/es\/el-pp-de-alcoy-insiste-en-conocer-los-datos-que-ha-dejado-hasta-el-momento-la-peatonalizacion-del-centro\/"},"author":{"name":"Cope Alcoy","@id":"https:\/\/www.copealcoy.es\/es\/#\/schema\/person\/e777c87fa024e57d40170af9df39882c"},"headline":"El PP de Alcoy insiste en conocer los datos que ha dejado hasta el momento la peatonalizaci\u00f3n del Centro","datePublished":"2022-07-27T15:02:06+00:00","dateModified":"2022-07-27T15:14:31+00:00","mainEntityOfPage":{"@id":"https:\/\/www.copealcoy.es\/es\/el-pp-de-alcoy-insiste-en-conocer-los-datos-que-ha-dejado-hasta-el-momento-la-peatonalizacion-del-centro\/"},"wordCount":401,"commentCount":0,"image":{"@id":"https:\/\/www.copealcoy.es\/es\/el-pp-de-alcoy-insiste-en-conocer-los-datos-que-ha-dejado-hasta-el-momento-la-peatonalizacion-del-centro\/#primaryimage"},"thumbnailUrl":"https:\/\/www.copealcoy.es\/wp-content\/uploads\/2022\/03\/119103015_5005197429506401_7070069087167750794_n-980x588-1-e1648567007552.jpg","keywords":["Alcoy","Centro","Partido Popular","Peatonalizaci\u00f3n","Pleno","Quique Ruiz"],"articleSection":["Actualidad","Alcoy","Noticias","Pol\u00edtica y Econom\u00eda"],"inLanguage":"es"},{"@type":"WebPage","@id":"https:\/\/www.copealcoy.es\/es\/el-pp-de-alcoy-insiste-en-conocer-los-datos-que-ha-dejado-hasta-el-momento-la-peatonalizacion-del-centro\/","url":"https:\/\/www.copealcoy.es\/es\/el-pp-de-alcoy-insiste-en-conocer-los-datos-que-ha-dejado-hasta-el-momento-la-peatonalizacion-del-centro\/","name":"El PP de Alcoy insiste en conocer los datos que ha dejado hasta el momento la peatonalizaci\u00f3n del Centro - COPE Alcoy","isPartOf":{"@id":"https:\/\/www.copealcoy.es\/es\/#website"},"primaryImageOfPage":{"@id":"https:\/\/www.copealcoy.es\/es\/el-pp-de-alcoy-insiste-en-conocer-los-datos-que-ha-dejado-hasta-el-momento-la-peatonalizacion-del-centro\/#primaryimage"},"image":{"@id":"https:\/\/www.copealcoy.es\/es\/el-pp-de-alcoy-insiste-en-conocer-los-datos-que-ha-dejado-hasta-el-momento-la-peatonalizacion-del-centro\/#primaryimage"},"thumbnailUrl":"https:\/\/www.copealcoy.es\/wp-content\/uploads\/2022\/03\/119103015_5005197429506401_7070069087167750794_n-980x588-1-e1648567007552.jpg","datePublished":"2022-07-27T15:02:06+00:00","dateModified":"2022-07-27T15:14:31+00:00","author":{"@id":"https:\/\/www.copealcoy.es\/es\/#\/schema\/person\/e777c87fa024e57d40170af9df39882c"},"breadcrumb":{"@id":"https:\/\/www.copealcoy.es\/es\/el-pp-de-alcoy-insiste-en-conocer-los-datos-que-ha-dejado-hasta-el-momento-la-peatonalizacion-del-centro\/#breadcrumb"},"inLanguage":"es","potentialAction":[{"@type":"ReadAction","target":["https:\/\/www.copealcoy.es\/es\/el-pp-de-alcoy-insiste-en-conocer-los-datos-que-ha-dejado-hasta-el-momento-la-peatonalizacion-del-centro\/"]}]},{"@type":"ImageObject","inLanguage":"es","@id":"https:\/\/www.copealcoy.es\/es\/el-pp-de-alcoy-insiste-en-conocer-los-datos-que-ha-dejado-hasta-el-momento-la-peatonalizacion-del-centro\/#primaryimage","url":"https:\/\/www.copealcoy.es\/wp-content\/uploads\/2022\/03\/119103015_5005197429506401_7070069087167750794_n-980x588-1-e1648567007552.jpg","contentUrl":"https:\/\/www.copealcoy.es\/wp-content\/uploads\/2022\/03\/119103015_5005197429506401_7070069087167750794_n-980x588-1-e1648567007552.jpg","width":640,"height":384},{"@type":"BreadcrumbList","@id":"https:\/\/www.copealcoy.es\/es\/el-pp-de-alcoy-insiste-en-conocer-los-datos-que-ha-dejado-hasta-el-momento-la-peatonalizacion-del-centro\/#breadcrumb","itemListElement":[{"@type":"ListItem","position":1,"name":"Portada","item":"https:\/\/www.copealcoy.es\/es\/"},{"@type":"ListItem","position":2,"name":"El PP de Alcoy insiste en conocer los datos que ha dejado hasta el momento la peatonalizaci\u00f3n del Centro"}]},{"@type":"WebSite","@id":"https:\/\/www.copealcoy.es\/es\/#website","url":"https:\/\/www.copealcoy.es\/es\/","name":"COPE Alcoy","description":"Emisora COPE de radio local con emisi\u00f3n online. Pont de Sant Jordi 8-10 03803 Alcoy","potentialAction":[{"@type":"SearchAction","target":{"@type":"EntryPoint","urlTemplate":"https:\/\/www.copealcoy.es\/es\/?s={search_term_string}"},"query-input":{"@type":"PropertyValueSpecification","valueRequired":true,"valueName":"search_term_string"}}],"inLanguage":"es"},{"@type":"Person","@id":"https:\/\/www.copealcoy.es\/es\/#\/schema\/person\/e777c87fa024e57d40170af9df39882c","name":"Cope Alcoy","image":{"@type":"ImageObject","inLanguage":"es","@id":"https:\/\/secure.gravatar.com\/avatar\/bb65d0283347e303893ba14f0692005417c1e0e690a325a4c5d8bb2b3943ee14?s=96&d=mm&r=g","url":"https:\/\/secure.gravatar.com\/avatar\/bb65d0283347e303893ba14f0692005417c1e0e690a325a4c5d8bb2b3943ee14?s=96&d=mm&r=g","contentUrl":"https:\/\/secure.gravatar.com\/avatar\/bb65d0283347e303893ba14f0692005417c1e0e690a325a4c5d8bb2b3943ee14?s=96&d=mm&r=g","caption":"Cope Alcoy"}}]}},"_links":{"self":[{"href":"https:\/\/www.copealcoy.es\/es\/wp-json\/wp\/v2\/posts\/90226","targetHints":{"allow":["GET"]}}],"collection":[{"href":"https:\/\/www.copealcoy.es\/es\/wp-json\/wp\/v2\/posts"}],"about":[{"href":"https:\/\/www.copealcoy.es\/es\/wp-json\/wp\/v2\/types\/post"}],"author":[{"embeddable":true,"href":"https:\/\/www.copealcoy.es\/es\/wp-json\/wp\/v2\/users\/1"}],"replies":[{"embeddable":true,"href":"https:\/\/www.copealcoy.es\/es\/wp-json\/wp\/v2\/comments?post=90226"}],"version-history":[{"count":0,"href":"https:\/\/www.copealcoy.es\/es\/wp-json\/wp\/v2\/posts\/90226\/revisions"}],"wp:featuredmedia":[{"embeddable":true,"href":"https:\/\/www.copealcoy.es\/es\/wp-json\/wp\/v2\/media\/85525"}],"wp:attachment":[{"href":"https:\/\/www.copealcoy.es\/es\/wp-json\/wp\/v2\/media?parent=90226"}],"wp:term":[{"taxonomy":"category","embeddable":true,"href":"https:\/\/www.copealcoy.es\/es\/wp-json\/wp\/v2\/categories?post=90226"},{"taxonomy":"post_tag","embeddable":true,"href":"https:\/\/www.copealcoy.es\/es\/wp-json\/wp\/v2\/tags?post=90226"}],"curies":[{"name":"wp","href":"https:\/\/api.w.org\/{rel}","templated":true}]}}