{"id":90190,"date":"2022-07-26T15:24:12","date_gmt":"2022-07-26T14:24:12","guid":{"rendered":"https:\/\/www.copealcoy.es\/?p=90190"},"modified":"2022-07-26T16:01:30","modified_gmt":"2022-07-26T15:01:30","slug":"fedac-denuncia-el-mal-estado-de-las-calles-de-los-poligonos-de-alcoy","status":"publish","type":"post","link":"https:\/\/www.copealcoy.es\/es\/fedac-denuncia-el-mal-estado-de-las-calles-de-los-poligonos-de-alcoy\/","title":{"rendered":"FEDAC denuncia el mal estado de las calles de los Pol\u00edgonos de Alcoy"},"content":{"rendered":"<p style=\"text-align: justify;\">La <strong>Federaci\u00f3n de Empesarios de l&#8217;Alcoi\u00e0 y el Comtat (FEDAC)<\/strong> ha criticado el estado de abandono en el que, a su juicio, se encuentran <strong>la mayor parte de las calles de los pol\u00edgonos industriales de nuestra ciudad<\/strong>. Desde la patronal <strong>ponen especial \u00e9nfasis en las \u00e1reas empresariales de Sant Benet y La Beniata<\/strong>.<\/p>\n<p style=\"text-align: justify;\">A trav\u00e9s de un comunicado, FEDAC se\u00f1ala que<strong> en las principales v\u00edas de ambos pol\u00edgonos crece y se reproduce sin control gran cantidad de vegetaci\u00f3n<\/strong>. De igual forma apuntan que <strong>los arbustos se acumulan en los arcenes de las calles<\/strong> as\u00ed como <strong>entre los muros de las naves<\/strong> &#8220;<em>esta situaci\u00f3n genera una mala imagen de Alcoy, y tambi\u00e9n de nuestros pol\u00edgonos, al mismo tiempo que existe un elevado riesgo de incendio debido a la presencia de tanta maleza<\/em>&#8220;, afirma el Presidente de la instituci\u00f3n; <strong>Nacho G\u00f3mez<\/strong>.<\/p>\n<p style=\"text-align: justify;\">Desde FEDAC aseguran que <strong>algunas de las empresas han transmitido esta situaci\u00f3n de manera reiterada a los responsables del Consistorio<\/strong> y afirman que sus quejas no han sido atendidas. Finalmente proponen como soluci\u00f3n urgente\u00a0que el <strong>Ayuntamiento de Alcoy\u00a0<\/strong>considere las calles de las zonas industriales como <strong>viales propios de la ciudad<\/strong> para que as\u00ed puedan ser tratados como cualquier otro aplic\u00e1ndose en ellos <strong>las correspondientes tareas de mantenimiento<\/strong>. Por \u00faltimo dejan claro en que la situaci\u00f3n en la que se encuentran las calles de nuestros pol\u00edgonos <strong>proyecta una imagen descuidada<\/strong> que causa una mala impresi\u00f3n a proveedores, empresas y posibles firmas interesadas en empezar su negocio en la ciudad.<\/p>\n","protected":false},"excerpt":{"rendered":"<p>La Federaci\u00f3n de Empesarios de l&#8217;Alcoi\u00e0 y el Comtat (FEDAC) ha criticado el estado de abandono en el que, a&#8230;<\/p>\n","protected":false},"author":1,"featured_media":90191,"comment_status":"open","ping_status":"open","sticky":false,"template":"","format":"standard","meta":{"footnotes":""},"categories":[6909,97,75,79],"tags":[1494,1461,743,13003,453,1469],"class_list":["post-90190","post","type-post","status-publish","format-standard","has-post-thumbnail","hentry","category-actualidad","category-alcoy","category-noticias","category-politicayeconomia","tag-alcoy","tag-denuncia","tag-fedac","tag-maleza","tag-mantenimiento","tag-poligonos-industriales"],"yoast_head":"<!-- This site is optimized with the Yoast SEO plugin v27.3 - https:\/\/yoast.com\/product\/yoast-seo-wordpress\/ -->\n<title>FEDAC denuncia el mal estado de las calles de los Pol\u00edgonos de Alcoy - COPE Alcoy<\/title>\n<meta name=\"robots\" content=\"index, follow, max-snippet:-1, max-image-preview:large, max-video-preview:-1\" \/>\n<link rel=\"canonical\" href=\"https:\/\/www.copealcoy.es\/es\/fedac-denuncia-el-mal-estado-de-las-calles-de-los-poligonos-de-alcoy\/\" \/>\n<meta property=\"og:locale\" content=\"es_ES\" \/>\n<meta property=\"og:type\" content=\"article\" \/>\n<meta property=\"og:title\" content=\"FEDAC denuncia el mal estado de las calles de los Pol\u00edgonos de Alcoy - COPE Alcoy\" \/>\n<meta property=\"og:description\" content=\"La Federaci\u00f3n de Empesarios de l&#8217;Alcoi\u00e0 y el Comtat (FEDAC) ha criticado el estado de abandono en el que, a...\" \/>\n<meta property=\"og:url\" content=\"https:\/\/www.copealcoy.es\/es\/fedac-denuncia-el-mal-estado-de-las-calles-de-los-poligonos-de-alcoy\/\" \/>\n<meta property=\"og:site_name\" content=\"COPE Alcoy\" \/>\n<meta property=\"article:published_time\" content=\"2022-07-26T14:24:12+00:00\" \/>\n<meta property=\"article:modified_time\" content=\"2022-07-26T15:01:30+00:00\" \/>\n<meta property=\"og:image\" content=\"https:\/\/www.copealcoy.es\/wp-content\/uploads\/2022\/07\/5986_poligono-sant-benet.jpg\" \/>\n\t<meta property=\"og:image:width\" content=\"980\" \/>\n\t<meta property=\"og:image:height\" content=\"551\" \/>\n\t<meta property=\"og:image:type\" content=\"image\/jpeg\" \/>\n<meta name=\"author\" content=\"Cope Alcoy\" \/>\n<meta name=\"twitter:label1\" content=\"Escrito por\" \/>\n\t<meta name=\"twitter:data1\" content=\"Cope Alcoy\" \/>\n\t<meta name=\"twitter:label2\" content=\"Tiempo de lectura\" \/>\n\t<meta name=\"twitter:data2\" content=\"2 minutos\" \/>\n<script type=\"application\/ld+json\" class=\"yoast-schema-graph\">{\"@context\":\"https:\\\/\\\/schema.org\",\"@graph\":[{\"@type\":\"Article\",\"@id\":\"https:\\\/\\\/www.copealcoy.es\\\/es\\\/fedac-denuncia-el-mal-estado-de-las-calles-de-los-poligonos-de-alcoy\\\/#article\",\"isPartOf\":{\"@id\":\"https:\\\/\\\/www.copealcoy.es\\\/es\\\/fedac-denuncia-el-mal-estado-de-las-calles-de-los-poligonos-de-alcoy\\\/\"},\"author\":{\"name\":\"Cope Alcoy\",\"@id\":\"https:\\\/\\\/www.copealcoy.es\\\/es\\\/#\\\/schema\\\/person\\\/e777c87fa024e57d40170af9df39882c\"},\"headline\":\"FEDAC denuncia el mal estado de las calles de los Pol\u00edgonos de Alcoy\",\"datePublished\":\"2022-07-26T14:24:12+00:00\",\"dateModified\":\"2022-07-26T15:01:30+00:00\",\"mainEntityOfPage\":{\"@id\":\"https:\\\/\\\/www.copealcoy.es\\\/es\\\/fedac-denuncia-el-mal-estado-de-las-calles-de-los-poligonos-de-alcoy\\\/\"},\"wordCount\":282,\"commentCount\":0,\"image\":{\"@id\":\"https:\\\/\\\/www.copealcoy.es\\\/es\\\/fedac-denuncia-el-mal-estado-de-las-calles-de-los-poligonos-de-alcoy\\\/#primaryimage\"},\"thumbnailUrl\":\"https:\\\/\\\/www.copealcoy.es\\\/wp-content\\\/uploads\\\/2022\\\/07\\\/5986_poligono-sant-benet.jpg\",\"keywords\":[\"Alcoy\",\"Denuncia\",\"FEDAC\",\"maleza\",\"Mantenimiento\",\"Pol\u00edgonos Industriales\"],\"articleSection\":[\"Actualidad\",\"Alcoy\",\"Noticias\",\"Pol\u00edtica y Econom\u00eda\"],\"inLanguage\":\"es\"},{\"@type\":\"WebPage\",\"@id\":\"https:\\\/\\\/www.copealcoy.es\\\/es\\\/fedac-denuncia-el-mal-estado-de-las-calles-de-los-poligonos-de-alcoy\\\/\",\"url\":\"https:\\\/\\\/www.copealcoy.es\\\/es\\\/fedac-denuncia-el-mal-estado-de-las-calles-de-los-poligonos-de-alcoy\\\/\",\"name\":\"FEDAC denuncia el mal estado de las calles de los Pol\u00edgonos de Alcoy - COPE Alcoy\",\"isPartOf\":{\"@id\":\"https:\\\/\\\/www.copealcoy.es\\\/es\\\/#website\"},\"primaryImageOfPage\":{\"@id\":\"https:\\\/\\\/www.copealcoy.es\\\/es\\\/fedac-denuncia-el-mal-estado-de-las-calles-de-los-poligonos-de-alcoy\\\/#primaryimage\"},\"image\":{\"@id\":\"https:\\\/\\\/www.copealcoy.es\\\/es\\\/fedac-denuncia-el-mal-estado-de-las-calles-de-los-poligonos-de-alcoy\\\/#primaryimage\"},\"thumbnailUrl\":\"https:\\\/\\\/www.copealcoy.es\\\/wp-content\\\/uploads\\\/2022\\\/07\\\/5986_poligono-sant-benet.jpg\",\"datePublished\":\"2022-07-26T14:24:12+00:00\",\"dateModified\":\"2022-07-26T15:01:30+00:00\",\"author\":{\"@id\":\"https:\\\/\\\/www.copealcoy.es\\\/es\\\/#\\\/schema\\\/person\\\/e777c87fa024e57d40170af9df39882c\"},\"breadcrumb\":{\"@id\":\"https:\\\/\\\/www.copealcoy.es\\\/es\\\/fedac-denuncia-el-mal-estado-de-las-calles-de-los-poligonos-de-alcoy\\\/#breadcrumb\"},\"inLanguage\":\"es\",\"potentialAction\":[{\"@type\":\"ReadAction\",\"target\":[\"https:\\\/\\\/www.copealcoy.es\\\/es\\\/fedac-denuncia-el-mal-estado-de-las-calles-de-los-poligonos-de-alcoy\\\/\"]}]},{\"@type\":\"ImageObject\",\"inLanguage\":\"es\",\"@id\":\"https:\\\/\\\/www.copealcoy.es\\\/es\\\/fedac-denuncia-el-mal-estado-de-las-calles-de-los-poligonos-de-alcoy\\\/#primaryimage\",\"url\":\"https:\\\/\\\/www.copealcoy.es\\\/wp-content\\\/uploads\\\/2022\\\/07\\\/5986_poligono-sant-benet.jpg\",\"contentUrl\":\"https:\\\/\\\/www.copealcoy.es\\\/wp-content\\\/uploads\\\/2022\\\/07\\\/5986_poligono-sant-benet.jpg\",\"width\":980,\"height\":551},{\"@type\":\"BreadcrumbList\",\"@id\":\"https:\\\/\\\/www.copealcoy.es\\\/es\\\/fedac-denuncia-el-mal-estado-de-las-calles-de-los-poligonos-de-alcoy\\\/#breadcrumb\",\"itemListElement\":[{\"@type\":\"ListItem\",\"position\":1,\"name\":\"Portada\",\"item\":\"https:\\\/\\\/www.copealcoy.es\\\/es\\\/\"},{\"@type\":\"ListItem\",\"position\":2,\"name\":\"FEDAC denuncia el mal estado de las calles de los Pol\u00edgonos de Alcoy\"}]},{\"@type\":\"WebSite\",\"@id\":\"https:\\\/\\\/www.copealcoy.es\\\/es\\\/#website\",\"url\":\"https:\\\/\\\/www.copealcoy.es\\\/es\\\/\",\"name\":\"COPE Alcoy\",\"description\":\"Emisora COPE de radio local con emisi\u00f3n online. Pont de Sant Jordi 8-10 03803 Alcoy\",\"potentialAction\":[{\"@type\":\"SearchAction\",\"target\":{\"@type\":\"EntryPoint\",\"urlTemplate\":\"https:\\\/\\\/www.copealcoy.es\\\/es\\\/?s={search_term_string}\"},\"query-input\":{\"@type\":\"PropertyValueSpecification\",\"valueRequired\":true,\"valueName\":\"search_term_string\"}}],\"inLanguage\":\"es\"},{\"@type\":\"Person\",\"@id\":\"https:\\\/\\\/www.copealcoy.es\\\/es\\\/#\\\/schema\\\/person\\\/e777c87fa024e57d40170af9df39882c\",\"name\":\"Cope Alcoy\",\"image\":{\"@type\":\"ImageObject\",\"inLanguage\":\"es\",\"@id\":\"https:\\\/\\\/secure.gravatar.com\\\/avatar\\\/bb65d0283347e303893ba14f0692005417c1e0e690a325a4c5d8bb2b3943ee14?s=96&d=mm&r=g\",\"url\":\"https:\\\/\\\/secure.gravatar.com\\\/avatar\\\/bb65d0283347e303893ba14f0692005417c1e0e690a325a4c5d8bb2b3943ee14?s=96&d=mm&r=g\",\"contentUrl\":\"https:\\\/\\\/secure.gravatar.com\\\/avatar\\\/bb65d0283347e303893ba14f0692005417c1e0e690a325a4c5d8bb2b3943ee14?s=96&d=mm&r=g\",\"caption\":\"Cope Alcoy\"}}]}<\/script>\n<!-- \/ Yoast SEO plugin. -->","yoast_head_json":{"title":"FEDAC denuncia el mal estado de las calles de los Pol\u00edgonos de Alcoy - COPE Alcoy","robots":{"index":"index","follow":"follow","max-snippet":"max-snippet:-1","max-image-preview":"max-image-preview:large","max-video-preview":"max-video-preview:-1"},"canonical":"https:\/\/www.copealcoy.es\/es\/fedac-denuncia-el-mal-estado-de-las-calles-de-los-poligonos-de-alcoy\/","og_locale":"es_ES","og_type":"article","og_title":"FEDAC denuncia el mal estado de las calles de los Pol\u00edgonos de Alcoy - COPE Alcoy","og_description":"La Federaci\u00f3n de Empesarios de l&#8217;Alcoi\u00e0 y el Comtat (FEDAC) ha criticado el estado de abandono en el que, a...","og_url":"https:\/\/www.copealcoy.es\/es\/fedac-denuncia-el-mal-estado-de-las-calles-de-los-poligonos-de-alcoy\/","og_site_name":"COPE Alcoy","article_published_time":"2022-07-26T14:24:12+00:00","article_modified_time":"2022-07-26T15:01:30+00:00","og_image":[{"width":980,"height":551,"url":"https:\/\/www.copealcoy.es\/wp-content\/uploads\/2022\/07\/5986_poligono-sant-benet.jpg","type":"image\/jpeg"}],"author":"Cope Alcoy","twitter_misc":{"Escrito por":"Cope Alcoy","Tiempo de lectura":"2 minutos"},"schema":{"@context":"https:\/\/schema.org","@graph":[{"@type":"Article","@id":"https:\/\/www.copealcoy.es\/es\/fedac-denuncia-el-mal-estado-de-las-calles-de-los-poligonos-de-alcoy\/#article","isPartOf":{"@id":"https:\/\/www.copealcoy.es\/es\/fedac-denuncia-el-mal-estado-de-las-calles-de-los-poligonos-de-alcoy\/"},"author":{"name":"Cope Alcoy","@id":"https:\/\/www.copealcoy.es\/es\/#\/schema\/person\/e777c87fa024e57d40170af9df39882c"},"headline":"FEDAC denuncia el mal estado de las calles de los Pol\u00edgonos de Alcoy","datePublished":"2022-07-26T14:24:12+00:00","dateModified":"2022-07-26T15:01:30+00:00","mainEntityOfPage":{"@id":"https:\/\/www.copealcoy.es\/es\/fedac-denuncia-el-mal-estado-de-las-calles-de-los-poligonos-de-alcoy\/"},"wordCount":282,"commentCount":0,"image":{"@id":"https:\/\/www.copealcoy.es\/es\/fedac-denuncia-el-mal-estado-de-las-calles-de-los-poligonos-de-alcoy\/#primaryimage"},"thumbnailUrl":"https:\/\/www.copealcoy.es\/wp-content\/uploads\/2022\/07\/5986_poligono-sant-benet.jpg","keywords":["Alcoy","Denuncia","FEDAC","maleza","Mantenimiento","Pol\u00edgonos Industriales"],"articleSection":["Actualidad","Alcoy","Noticias","Pol\u00edtica y Econom\u00eda"],"inLanguage":"es"},{"@type":"WebPage","@id":"https:\/\/www.copealcoy.es\/es\/fedac-denuncia-el-mal-estado-de-las-calles-de-los-poligonos-de-alcoy\/","url":"https:\/\/www.copealcoy.es\/es\/fedac-denuncia-el-mal-estado-de-las-calles-de-los-poligonos-de-alcoy\/","name":"FEDAC denuncia el mal estado de las calles de los Pol\u00edgonos de Alcoy - COPE Alcoy","isPartOf":{"@id":"https:\/\/www.copealcoy.es\/es\/#website"},"primaryImageOfPage":{"@id":"https:\/\/www.copealcoy.es\/es\/fedac-denuncia-el-mal-estado-de-las-calles-de-los-poligonos-de-alcoy\/#primaryimage"},"image":{"@id":"https:\/\/www.copealcoy.es\/es\/fedac-denuncia-el-mal-estado-de-las-calles-de-los-poligonos-de-alcoy\/#primaryimage"},"thumbnailUrl":"https:\/\/www.copealcoy.es\/wp-content\/uploads\/2022\/07\/5986_poligono-sant-benet.jpg","datePublished":"2022-07-26T14:24:12+00:00","dateModified":"2022-07-26T15:01:30+00:00","author":{"@id":"https:\/\/www.copealcoy.es\/es\/#\/schema\/person\/e777c87fa024e57d40170af9df39882c"},"breadcrumb":{"@id":"https:\/\/www.copealcoy.es\/es\/fedac-denuncia-el-mal-estado-de-las-calles-de-los-poligonos-de-alcoy\/#breadcrumb"},"inLanguage":"es","potentialAction":[{"@type":"ReadAction","target":["https:\/\/www.copealcoy.es\/es\/fedac-denuncia-el-mal-estado-de-las-calles-de-los-poligonos-de-alcoy\/"]}]},{"@type":"ImageObject","inLanguage":"es","@id":"https:\/\/www.copealcoy.es\/es\/fedac-denuncia-el-mal-estado-de-las-calles-de-los-poligonos-de-alcoy\/#primaryimage","url":"https:\/\/www.copealcoy.es\/wp-content\/uploads\/2022\/07\/5986_poligono-sant-benet.jpg","contentUrl":"https:\/\/www.copealcoy.es\/wp-content\/uploads\/2022\/07\/5986_poligono-sant-benet.jpg","width":980,"height":551},{"@type":"BreadcrumbList","@id":"https:\/\/www.copealcoy.es\/es\/fedac-denuncia-el-mal-estado-de-las-calles-de-los-poligonos-de-alcoy\/#breadcrumb","itemListElement":[{"@type":"ListItem","position":1,"name":"Portada","item":"https:\/\/www.copealcoy.es\/es\/"},{"@type":"ListItem","position":2,"name":"FEDAC denuncia el mal estado de las calles de los Pol\u00edgonos de Alcoy"}]},{"@type":"WebSite","@id":"https:\/\/www.copealcoy.es\/es\/#website","url":"https:\/\/www.copealcoy.es\/es\/","name":"COPE Alcoy","description":"Emisora COPE de radio local con emisi\u00f3n online. Pont de Sant Jordi 8-10 03803 Alcoy","potentialAction":[{"@type":"SearchAction","target":{"@type":"EntryPoint","urlTemplate":"https:\/\/www.copealcoy.es\/es\/?s={search_term_string}"},"query-input":{"@type":"PropertyValueSpecification","valueRequired":true,"valueName":"search_term_string"}}],"inLanguage":"es"},{"@type":"Person","@id":"https:\/\/www.copealcoy.es\/es\/#\/schema\/person\/e777c87fa024e57d40170af9df39882c","name":"Cope Alcoy","image":{"@type":"ImageObject","inLanguage":"es","@id":"https:\/\/secure.gravatar.com\/avatar\/bb65d0283347e303893ba14f0692005417c1e0e690a325a4c5d8bb2b3943ee14?s=96&d=mm&r=g","url":"https:\/\/secure.gravatar.com\/avatar\/bb65d0283347e303893ba14f0692005417c1e0e690a325a4c5d8bb2b3943ee14?s=96&d=mm&r=g","contentUrl":"https:\/\/secure.gravatar.com\/avatar\/bb65d0283347e303893ba14f0692005417c1e0e690a325a4c5d8bb2b3943ee14?s=96&d=mm&r=g","caption":"Cope Alcoy"}}]}},"_links":{"self":[{"href":"https:\/\/www.copealcoy.es\/es\/wp-json\/wp\/v2\/posts\/90190","targetHints":{"allow":["GET"]}}],"collection":[{"href":"https:\/\/www.copealcoy.es\/es\/wp-json\/wp\/v2\/posts"}],"about":[{"href":"https:\/\/www.copealcoy.es\/es\/wp-json\/wp\/v2\/types\/post"}],"author":[{"embeddable":true,"href":"https:\/\/www.copealcoy.es\/es\/wp-json\/wp\/v2\/users\/1"}],"replies":[{"embeddable":true,"href":"https:\/\/www.copealcoy.es\/es\/wp-json\/wp\/v2\/comments?post=90190"}],"version-history":[{"count":0,"href":"https:\/\/www.copealcoy.es\/es\/wp-json\/wp\/v2\/posts\/90190\/revisions"}],"wp:featuredmedia":[{"embeddable":true,"href":"https:\/\/www.copealcoy.es\/es\/wp-json\/wp\/v2\/media\/90191"}],"wp:attachment":[{"href":"https:\/\/www.copealcoy.es\/es\/wp-json\/wp\/v2\/media?parent=90190"}],"wp:term":[{"taxonomy":"category","embeddable":true,"href":"https:\/\/www.copealcoy.es\/es\/wp-json\/wp\/v2\/categories?post=90190"},{"taxonomy":"post_tag","embeddable":true,"href":"https:\/\/www.copealcoy.es\/es\/wp-json\/wp\/v2\/tags?post=90190"}],"curies":[{"name":"wp","href":"https:\/\/api.w.org\/{rel}","templated":true}]}}