{"id":90181,"date":"2022-07-26T14:21:39","date_gmt":"2022-07-26T13:21:39","guid":{"rendered":"https:\/\/www.copealcoy.es\/?p=90181"},"modified":"2022-07-26T14:34:28","modified_gmt":"2022-07-26T13:34:28","slug":"detenido-tras-asestar-tres-punaladas-en-alcoy","status":"publish","type":"post","link":"https:\/\/www.copealcoy.es\/es\/detenido-tras-asestar-tres-punaladas-en-alcoy\/","title":{"rendered":"Detenido tras asestar tres pu\u00f1aladas en Alcoy"},"content":{"rendered":"<p style=\"text-align: justify;\">La <strong>Polic\u00eda Nacional<\/strong> ha informado de <strong>la detenci\u00f3n de un var\u00f3n de 32 a\u00f1os de edad<\/strong> por <strong>un delito de tentativa de homicidio<\/strong>. El juez <strong>ha decretado prisi\u00f3n preventiva para el acusado como presunto autor material de las graves lesiones<\/strong> que sufri\u00f3 la v\u00edctima envuelta en este suceso.<\/p>\n<p style=\"text-align: justify;\">Los agentes, seg\u00fan la informaci\u00f3n facilitada, tuvieron conocimiento de que <strong>en una calle c\u00e9ntrica de Alcoy hab\u00eda sido agredida una persona por otro individuo<\/strong> con un arma blanca y se hab\u00eda dado a la fuga. Precisamente <strong>los efectivos comprobaron a su llegada tales hechos<\/strong>, as\u00ed como <strong>la gravedad del estado la v\u00edctima<\/strong>, la cual <strong>tuvo que ser trasladada y posteriormente operada de urgencia<\/strong> debido a las lesiones que le hab\u00eda provocado su agresor.<\/p>\n<p style=\"text-align: justify;\">Seguidamente <strong>se iniciaron las gestiones por parte de los investigadores de la Brigada de Polic\u00eda Judicial de la Comisar\u00eda de Alcoy<\/strong> de cara a identificar al agresor. El trabajo realizado permiti\u00f3 comprobar por declaraciones de los testigos que, al parecer, tanto agresor como v\u00edctima; <strong>hab\u00edan tenido diversas desavenencias previas<\/strong> en unos salones recreativos. La \u00faltima de las peleas <strong>se hab\u00eda producido apenas unas horas antes<\/strong>.<\/p>\n<p style=\"text-align: justify;\">El agresor, <strong>esper\u00f3 a que la v\u00edctima regresara a su domicilio escondido en un portal cercano y le asalt\u00f3 de forma sorpresiva a su paso<\/strong>, asest\u00e1ndole <strong>hasta tres pu\u00f1aladas con un cuchillo<\/strong> en las zonas del cuello, abdomen y gl\u00fateo. A continuaci\u00f3n, tal y como describe la misma Polic\u00eda Nacional,\u00a0 el\u00a0 causante de las mencionadas pu\u00f1aladas escap\u00f3 del lugar dejando al agredido en grave estado. En este tiempo <strong>fue tambi\u00e9n vital la ayuda que le prestaron diversas personas<\/strong> que se encontraban en la terraza de un pub cercano, los cuales solicitaron urgentemente presencia policial y sanitaria.<\/p>\n<p style=\"text-align: justify;\">Apuntar que el presunto autor, un var\u00f3n de nacionalidad marroqu\u00ed,<strong> fue detenido tras ser identificado<\/strong>. Tras ello <strong>fue puesto a disposici\u00f3n del juzgado de Instrucci\u00f3n n\u00famero uno de Alcoy<\/strong> en funciones de guardia, <strong>decretando su ingreso en prisi\u00f3n preventiva<\/strong> por un il\u00edcito de tentativa de homicidio.<\/p>\n","protected":false},"excerpt":{"rendered":"<p>La Polic\u00eda Nacional ha informado de la detenci\u00f3n de un var\u00f3n de 32 a\u00f1os de edad por un delito de&#8230;<\/p>\n","protected":false},"author":1,"featured_media":90182,"comment_status":"open","ping_status":"open","sticky":false,"template":"","format":"standard","meta":{"footnotes":""},"categories":[6909,97,75,125],"tags":[1494,1393,1836,13001],"class_list":["post-90181","post","type-post","status-publish","format-standard","has-post-thumbnail","hentry","category-actualidad","category-alcoy","category-noticias","category-portada","tag-alcoy","tag-detencion","tag-policia-nacional","tag-tres-punaladas"],"yoast_head":"<!-- This site is optimized with the Yoast SEO plugin v27.3 - https:\/\/yoast.com\/product\/yoast-seo-wordpress\/ -->\n<title>Detenido tras asestar tres pu\u00f1aladas en Alcoy - COPE Alcoy<\/title>\n<meta name=\"robots\" content=\"index, follow, max-snippet:-1, max-image-preview:large, max-video-preview:-1\" \/>\n<link rel=\"canonical\" href=\"https:\/\/www.copealcoy.es\/es\/detenido-tras-asestar-tres-punaladas-en-alcoy\/\" \/>\n<meta property=\"og:locale\" content=\"es_ES\" \/>\n<meta property=\"og:type\" content=\"article\" \/>\n<meta property=\"og:title\" content=\"Detenido tras asestar tres pu\u00f1aladas en Alcoy - COPE Alcoy\" \/>\n<meta property=\"og:description\" content=\"La Polic\u00eda Nacional ha informado de la detenci\u00f3n de un var\u00f3n de 32 a\u00f1os de edad por un delito de...\" \/>\n<meta property=\"og:url\" content=\"https:\/\/www.copealcoy.es\/es\/detenido-tras-asestar-tres-punaladas-en-alcoy\/\" \/>\n<meta property=\"og:site_name\" content=\"COPE Alcoy\" \/>\n<meta property=\"article:published_time\" content=\"2022-07-26T13:21:39+00:00\" \/>\n<meta property=\"article:modified_time\" content=\"2022-07-26T13:34:28+00:00\" \/>\n<meta property=\"og:image\" content=\"https:\/\/www.copealcoy.es\/wp-content\/uploads\/2022\/07\/Foto-Archivo-Alcoy-scaled.jpg\" \/>\n\t<meta property=\"og:image:width\" content=\"1146\" \/>\n\t<meta property=\"og:image:height\" content=\"1080\" \/>\n\t<meta property=\"og:image:type\" content=\"image\/jpeg\" \/>\n<meta name=\"author\" content=\"Cope Alcoy\" \/>\n<meta name=\"twitter:label1\" content=\"Escrito por\" \/>\n\t<meta name=\"twitter:data1\" content=\"Cope Alcoy\" \/>\n\t<meta name=\"twitter:label2\" content=\"Tiempo de lectura\" \/>\n\t<meta name=\"twitter:data2\" content=\"2 minutos\" \/>\n<script type=\"application\/ld+json\" class=\"yoast-schema-graph\">{\"@context\":\"https:\\\/\\\/schema.org\",\"@graph\":[{\"@type\":\"Article\",\"@id\":\"https:\\\/\\\/www.copealcoy.es\\\/es\\\/detenido-tras-asestar-tres-punaladas-en-alcoy\\\/#article\",\"isPartOf\":{\"@id\":\"https:\\\/\\\/www.copealcoy.es\\\/es\\\/detenido-tras-asestar-tres-punaladas-en-alcoy\\\/\"},\"author\":{\"name\":\"Cope Alcoy\",\"@id\":\"https:\\\/\\\/www.copealcoy.es\\\/es\\\/#\\\/schema\\\/person\\\/e777c87fa024e57d40170af9df39882c\"},\"headline\":\"Detenido tras asestar tres pu\u00f1aladas en Alcoy\",\"datePublished\":\"2022-07-26T13:21:39+00:00\",\"dateModified\":\"2022-07-26T13:34:28+00:00\",\"mainEntityOfPage\":{\"@id\":\"https:\\\/\\\/www.copealcoy.es\\\/es\\\/detenido-tras-asestar-tres-punaladas-en-alcoy\\\/\"},\"wordCount\":367,\"commentCount\":0,\"image\":{\"@id\":\"https:\\\/\\\/www.copealcoy.es\\\/es\\\/detenido-tras-asestar-tres-punaladas-en-alcoy\\\/#primaryimage\"},\"thumbnailUrl\":\"https:\\\/\\\/www.copealcoy.es\\\/wp-content\\\/uploads\\\/2022\\\/07\\\/Foto-Archivo-Alcoy-scaled-e1662441708882.jpg\",\"keywords\":[\"Alcoy\",\"detenci\u00f3n\",\"Polic\u00eda Nacional\",\"tres pu\u00f1aladas\"],\"articleSection\":[\"Actualidad\",\"Alcoy\",\"Noticias\",\"Portada\"],\"inLanguage\":\"es\"},{\"@type\":\"WebPage\",\"@id\":\"https:\\\/\\\/www.copealcoy.es\\\/es\\\/detenido-tras-asestar-tres-punaladas-en-alcoy\\\/\",\"url\":\"https:\\\/\\\/www.copealcoy.es\\\/es\\\/detenido-tras-asestar-tres-punaladas-en-alcoy\\\/\",\"name\":\"Detenido tras asestar tres pu\u00f1aladas en Alcoy - COPE Alcoy\",\"isPartOf\":{\"@id\":\"https:\\\/\\\/www.copealcoy.es\\\/es\\\/#website\"},\"primaryImageOfPage\":{\"@id\":\"https:\\\/\\\/www.copealcoy.es\\\/es\\\/detenido-tras-asestar-tres-punaladas-en-alcoy\\\/#primaryimage\"},\"image\":{\"@id\":\"https:\\\/\\\/www.copealcoy.es\\\/es\\\/detenido-tras-asestar-tres-punaladas-en-alcoy\\\/#primaryimage\"},\"thumbnailUrl\":\"https:\\\/\\\/www.copealcoy.es\\\/wp-content\\\/uploads\\\/2022\\\/07\\\/Foto-Archivo-Alcoy-scaled-e1662441708882.jpg\",\"datePublished\":\"2022-07-26T13:21:39+00:00\",\"dateModified\":\"2022-07-26T13:34:28+00:00\",\"author\":{\"@id\":\"https:\\\/\\\/www.copealcoy.es\\\/es\\\/#\\\/schema\\\/person\\\/e777c87fa024e57d40170af9df39882c\"},\"breadcrumb\":{\"@id\":\"https:\\\/\\\/www.copealcoy.es\\\/es\\\/detenido-tras-asestar-tres-punaladas-en-alcoy\\\/#breadcrumb\"},\"inLanguage\":\"es\",\"potentialAction\":[{\"@type\":\"ReadAction\",\"target\":[\"https:\\\/\\\/www.copealcoy.es\\\/es\\\/detenido-tras-asestar-tres-punaladas-en-alcoy\\\/\"]}]},{\"@type\":\"ImageObject\",\"inLanguage\":\"es\",\"@id\":\"https:\\\/\\\/www.copealcoy.es\\\/es\\\/detenido-tras-asestar-tres-punaladas-en-alcoy\\\/#primaryimage\",\"url\":\"https:\\\/\\\/www.copealcoy.es\\\/wp-content\\\/uploads\\\/2022\\\/07\\\/Foto-Archivo-Alcoy-scaled-e1662441708882.jpg\",\"contentUrl\":\"https:\\\/\\\/www.copealcoy.es\\\/wp-content\\\/uploads\\\/2022\\\/07\\\/Foto-Archivo-Alcoy-scaled-e1662441708882.jpg\",\"width\":640,\"height\":603},{\"@type\":\"BreadcrumbList\",\"@id\":\"https:\\\/\\\/www.copealcoy.es\\\/es\\\/detenido-tras-asestar-tres-punaladas-en-alcoy\\\/#breadcrumb\",\"itemListElement\":[{\"@type\":\"ListItem\",\"position\":1,\"name\":\"Portada\",\"item\":\"https:\\\/\\\/www.copealcoy.es\\\/es\\\/\"},{\"@type\":\"ListItem\",\"position\":2,\"name\":\"Detenido tras asestar tres pu\u00f1aladas en Alcoy\"}]},{\"@type\":\"WebSite\",\"@id\":\"https:\\\/\\\/www.copealcoy.es\\\/es\\\/#website\",\"url\":\"https:\\\/\\\/www.copealcoy.es\\\/es\\\/\",\"name\":\"COPE Alcoy\",\"description\":\"Emisora COPE de radio local con emisi\u00f3n online. Pont de Sant Jordi 8-10 03803 Alcoy\",\"potentialAction\":[{\"@type\":\"SearchAction\",\"target\":{\"@type\":\"EntryPoint\",\"urlTemplate\":\"https:\\\/\\\/www.copealcoy.es\\\/es\\\/?s={search_term_string}\"},\"query-input\":{\"@type\":\"PropertyValueSpecification\",\"valueRequired\":true,\"valueName\":\"search_term_string\"}}],\"inLanguage\":\"es\"},{\"@type\":\"Person\",\"@id\":\"https:\\\/\\\/www.copealcoy.es\\\/es\\\/#\\\/schema\\\/person\\\/e777c87fa024e57d40170af9df39882c\",\"name\":\"Cope Alcoy\",\"image\":{\"@type\":\"ImageObject\",\"inLanguage\":\"es\",\"@id\":\"https:\\\/\\\/secure.gravatar.com\\\/avatar\\\/bb65d0283347e303893ba14f0692005417c1e0e690a325a4c5d8bb2b3943ee14?s=96&d=mm&r=g\",\"url\":\"https:\\\/\\\/secure.gravatar.com\\\/avatar\\\/bb65d0283347e303893ba14f0692005417c1e0e690a325a4c5d8bb2b3943ee14?s=96&d=mm&r=g\",\"contentUrl\":\"https:\\\/\\\/secure.gravatar.com\\\/avatar\\\/bb65d0283347e303893ba14f0692005417c1e0e690a325a4c5d8bb2b3943ee14?s=96&d=mm&r=g\",\"caption\":\"Cope Alcoy\"}}]}<\/script>\n<!-- \/ Yoast SEO plugin. -->","yoast_head_json":{"title":"Detenido tras asestar tres pu\u00f1aladas en Alcoy - COPE Alcoy","robots":{"index":"index","follow":"follow","max-snippet":"max-snippet:-1","max-image-preview":"max-image-preview:large","max-video-preview":"max-video-preview:-1"},"canonical":"https:\/\/www.copealcoy.es\/es\/detenido-tras-asestar-tres-punaladas-en-alcoy\/","og_locale":"es_ES","og_type":"article","og_title":"Detenido tras asestar tres pu\u00f1aladas en Alcoy - COPE Alcoy","og_description":"La Polic\u00eda Nacional ha informado de la detenci\u00f3n de un var\u00f3n de 32 a\u00f1os de edad por un delito de...","og_url":"https:\/\/www.copealcoy.es\/es\/detenido-tras-asestar-tres-punaladas-en-alcoy\/","og_site_name":"COPE Alcoy","article_published_time":"2022-07-26T13:21:39+00:00","article_modified_time":"2022-07-26T13:34:28+00:00","og_image":[{"width":1146,"height":1080,"url":"https:\/\/www.copealcoy.es\/wp-content\/uploads\/2022\/07\/Foto-Archivo-Alcoy-scaled.jpg","type":"image\/jpeg"}],"author":"Cope Alcoy","twitter_misc":{"Escrito por":"Cope Alcoy","Tiempo de lectura":"2 minutos"},"schema":{"@context":"https:\/\/schema.org","@graph":[{"@type":"Article","@id":"https:\/\/www.copealcoy.es\/es\/detenido-tras-asestar-tres-punaladas-en-alcoy\/#article","isPartOf":{"@id":"https:\/\/www.copealcoy.es\/es\/detenido-tras-asestar-tres-punaladas-en-alcoy\/"},"author":{"name":"Cope Alcoy","@id":"https:\/\/www.copealcoy.es\/es\/#\/schema\/person\/e777c87fa024e57d40170af9df39882c"},"headline":"Detenido tras asestar tres pu\u00f1aladas en Alcoy","datePublished":"2022-07-26T13:21:39+00:00","dateModified":"2022-07-26T13:34:28+00:00","mainEntityOfPage":{"@id":"https:\/\/www.copealcoy.es\/es\/detenido-tras-asestar-tres-punaladas-en-alcoy\/"},"wordCount":367,"commentCount":0,"image":{"@id":"https:\/\/www.copealcoy.es\/es\/detenido-tras-asestar-tres-punaladas-en-alcoy\/#primaryimage"},"thumbnailUrl":"https:\/\/www.copealcoy.es\/wp-content\/uploads\/2022\/07\/Foto-Archivo-Alcoy-scaled-e1662441708882.jpg","keywords":["Alcoy","detenci\u00f3n","Polic\u00eda Nacional","tres pu\u00f1aladas"],"articleSection":["Actualidad","Alcoy","Noticias","Portada"],"inLanguage":"es"},{"@type":"WebPage","@id":"https:\/\/www.copealcoy.es\/es\/detenido-tras-asestar-tres-punaladas-en-alcoy\/","url":"https:\/\/www.copealcoy.es\/es\/detenido-tras-asestar-tres-punaladas-en-alcoy\/","name":"Detenido tras asestar tres pu\u00f1aladas en Alcoy - COPE Alcoy","isPartOf":{"@id":"https:\/\/www.copealcoy.es\/es\/#website"},"primaryImageOfPage":{"@id":"https:\/\/www.copealcoy.es\/es\/detenido-tras-asestar-tres-punaladas-en-alcoy\/#primaryimage"},"image":{"@id":"https:\/\/www.copealcoy.es\/es\/detenido-tras-asestar-tres-punaladas-en-alcoy\/#primaryimage"},"thumbnailUrl":"https:\/\/www.copealcoy.es\/wp-content\/uploads\/2022\/07\/Foto-Archivo-Alcoy-scaled-e1662441708882.jpg","datePublished":"2022-07-26T13:21:39+00:00","dateModified":"2022-07-26T13:34:28+00:00","author":{"@id":"https:\/\/www.copealcoy.es\/es\/#\/schema\/person\/e777c87fa024e57d40170af9df39882c"},"breadcrumb":{"@id":"https:\/\/www.copealcoy.es\/es\/detenido-tras-asestar-tres-punaladas-en-alcoy\/#breadcrumb"},"inLanguage":"es","potentialAction":[{"@type":"ReadAction","target":["https:\/\/www.copealcoy.es\/es\/detenido-tras-asestar-tres-punaladas-en-alcoy\/"]}]},{"@type":"ImageObject","inLanguage":"es","@id":"https:\/\/www.copealcoy.es\/es\/detenido-tras-asestar-tres-punaladas-en-alcoy\/#primaryimage","url":"https:\/\/www.copealcoy.es\/wp-content\/uploads\/2022\/07\/Foto-Archivo-Alcoy-scaled-e1662441708882.jpg","contentUrl":"https:\/\/www.copealcoy.es\/wp-content\/uploads\/2022\/07\/Foto-Archivo-Alcoy-scaled-e1662441708882.jpg","width":640,"height":603},{"@type":"BreadcrumbList","@id":"https:\/\/www.copealcoy.es\/es\/detenido-tras-asestar-tres-punaladas-en-alcoy\/#breadcrumb","itemListElement":[{"@type":"ListItem","position":1,"name":"Portada","item":"https:\/\/www.copealcoy.es\/es\/"},{"@type":"ListItem","position":2,"name":"Detenido tras asestar tres pu\u00f1aladas en Alcoy"}]},{"@type":"WebSite","@id":"https:\/\/www.copealcoy.es\/es\/#website","url":"https:\/\/www.copealcoy.es\/es\/","name":"COPE Alcoy","description":"Emisora COPE de radio local con emisi\u00f3n online. Pont de Sant Jordi 8-10 03803 Alcoy","potentialAction":[{"@type":"SearchAction","target":{"@type":"EntryPoint","urlTemplate":"https:\/\/www.copealcoy.es\/es\/?s={search_term_string}"},"query-input":{"@type":"PropertyValueSpecification","valueRequired":true,"valueName":"search_term_string"}}],"inLanguage":"es"},{"@type":"Person","@id":"https:\/\/www.copealcoy.es\/es\/#\/schema\/person\/e777c87fa024e57d40170af9df39882c","name":"Cope Alcoy","image":{"@type":"ImageObject","inLanguage":"es","@id":"https:\/\/secure.gravatar.com\/avatar\/bb65d0283347e303893ba14f0692005417c1e0e690a325a4c5d8bb2b3943ee14?s=96&d=mm&r=g","url":"https:\/\/secure.gravatar.com\/avatar\/bb65d0283347e303893ba14f0692005417c1e0e690a325a4c5d8bb2b3943ee14?s=96&d=mm&r=g","contentUrl":"https:\/\/secure.gravatar.com\/avatar\/bb65d0283347e303893ba14f0692005417c1e0e690a325a4c5d8bb2b3943ee14?s=96&d=mm&r=g","caption":"Cope Alcoy"}}]}},"_links":{"self":[{"href":"https:\/\/www.copealcoy.es\/es\/wp-json\/wp\/v2\/posts\/90181","targetHints":{"allow":["GET"]}}],"collection":[{"href":"https:\/\/www.copealcoy.es\/es\/wp-json\/wp\/v2\/posts"}],"about":[{"href":"https:\/\/www.copealcoy.es\/es\/wp-json\/wp\/v2\/types\/post"}],"author":[{"embeddable":true,"href":"https:\/\/www.copealcoy.es\/es\/wp-json\/wp\/v2\/users\/1"}],"replies":[{"embeddable":true,"href":"https:\/\/www.copealcoy.es\/es\/wp-json\/wp\/v2\/comments?post=90181"}],"version-history":[{"count":0,"href":"https:\/\/www.copealcoy.es\/es\/wp-json\/wp\/v2\/posts\/90181\/revisions"}],"wp:featuredmedia":[{"embeddable":true,"href":"https:\/\/www.copealcoy.es\/es\/wp-json\/wp\/v2\/media\/90182"}],"wp:attachment":[{"href":"https:\/\/www.copealcoy.es\/es\/wp-json\/wp\/v2\/media?parent=90181"}],"wp:term":[{"taxonomy":"category","embeddable":true,"href":"https:\/\/www.copealcoy.es\/es\/wp-json\/wp\/v2\/categories?post=90181"},{"taxonomy":"post_tag","embeddable":true,"href":"https:\/\/www.copealcoy.es\/es\/wp-json\/wp\/v2\/tags?post=90181"}],"curies":[{"name":"wp","href":"https:\/\/api.w.org\/{rel}","templated":true}]}}