{"id":9016,"date":"2014-12-12T20:03:50","date_gmt":"2014-12-12T20:03:50","guid":{"rendered":"http:\/\/copealcoi.es\/new\/?p=9016"},"modified":"2014-12-14T09:54:04","modified_gmt":"2014-12-14T09:54:04","slug":"compromis-plantea-sus-propuestas-para-el-contrato-de-la-basura","status":"publish","type":"post","link":"https:\/\/www.copealcoy.es\/es\/compromis-plantea-sus-propuestas-para-el-contrato-de-la-basura\/","title":{"rendered":"Comprom\u00eds plantea sus propuestas para el contrato de la basura"},"content":{"rendered":"<p style=\"text-align: justify;\">El Grupo Municipal\u00a0de Comprom\u00eds\u00a0ha presentado sus propuestas para el nuevo contrato de la recogida de la basura. Los nacionalistas creen que los alcoyanos deben estar bien informados sobre las caracter\u00edsticas del nuevo pliego de condiciones que regir\u00e1 la contrataci\u00f3n de la empresa que asumir\u00e1 esta tarea y por eso informar\u00e1n en los<br \/>\npr\u00f3ximos d\u00edas a todos los interesados sobre estas cuestiones.<\/p>\n<p style=\"text-align: justify;\">Por otra parte tambi\u00e9n plantean mejoras t\u00e9cnicas en el citado pliego de condiciones para que sea la empresa que presente la oferta m\u00e1s econ\u00f3mica la que finalmente se adjudique el servicio. Adem\u00e1s lanzar\u00e1n por Internet, por medio de una plataforma, una<br \/>\nvotaci\u00f3n en la que preguntar\u00e1n por el sistema de recogida de la basura. Seg\u00fan el portavoz David Abad, se pueden plantear otras opciones m\u00e1s all\u00e1 de la recogida con los contenedores de carga lateral &#8220;por ejemplo recoger los residuos\u00a0puerta por puerta para contratar a m\u00e1s personal&#8221; y explica que se podr\u00eda aplicar el modelo de Oviedo &#8220;una de las ciudades m\u00e1s limpias del estadp Espa\u00f1ol. Se deber\u00edan mejorar mucho las condiciones higi\u00e9nicas de cuando se hac\u00eda eso antes aqu\u00ed en Alcoy&#8221;, indica.<\/p>\n<p style=\"text-align: justify;\">Finalmente Abad se\u00f1ala que el modelo de contrato a aplicar deber\u00eda ser el de servicios p\u00fablicos para as\u00ed no prolongar el r\u00e9gimen de concesi\u00f3n. De esta forma, dicen, el Ayuntamiento reducir\u00eda el tiempo de adjudicaci\u00f3n y no llevar\u00eda \u00a0el citado servicio de la basura en manos de una empresa.<\/p>\n","protected":false},"excerpt":{"rendered":"<p>El Grupo Municipal\u00a0de Comprom\u00eds\u00a0ha presentado sus propuestas para el nuevo contrato de la recogida de la basura. Los nacionalistas creen&#8230;<\/p>\n","protected":false},"author":1,"featured_media":9017,"comment_status":"open","ping_status":"open","sticky":false,"template":"","format":"standard","meta":{"footnotes":""},"categories":[97,75,79],"tags":[1494,396,152,137,1489],"class_list":["post-9016","post","type-post","status-publish","format-standard","has-post-thumbnail","hentry","category-alcoy","category-noticias","category-politicayeconomia","tag-alcoy","tag-basuras","tag-compromis","tag-contrato","tag-servicios"],"yoast_head":"<!-- This site is optimized with the Yoast SEO plugin v27.3 - https:\/\/yoast.com\/product\/yoast-seo-wordpress\/ -->\n<title>Comprom\u00eds plantea sus propuestas para el contrato de la basura - COPE Alcoy<\/title>\n<meta name=\"robots\" content=\"index, follow, max-snippet:-1, max-image-preview:large, max-video-preview:-1\" \/>\n<link rel=\"canonical\" href=\"https:\/\/www.copealcoy.es\/es\/compromis-plantea-sus-propuestas-para-el-contrato-de-la-basura\/\" \/>\n<meta property=\"og:locale\" content=\"es_ES\" \/>\n<meta property=\"og:type\" content=\"article\" \/>\n<meta property=\"og:title\" content=\"Comprom\u00eds plantea sus propuestas para el contrato de la basura - COPE Alcoy\" \/>\n<meta property=\"og:description\" content=\"El Grupo Municipal\u00a0de Comprom\u00eds\u00a0ha presentado sus propuestas para el nuevo contrato de la recogida de la basura. Los nacionalistas creen...\" \/>\n<meta property=\"og:url\" content=\"https:\/\/www.copealcoy.es\/es\/compromis-plantea-sus-propuestas-para-el-contrato-de-la-basura\/\" \/>\n<meta property=\"og:site_name\" content=\"COPE Alcoy\" \/>\n<meta property=\"article:published_time\" content=\"2014-12-12T20:03:50+00:00\" \/>\n<meta property=\"article:modified_time\" content=\"2014-12-14T09:54:04+00:00\" \/>\n<meta property=\"og:image\" content=\"https:\/\/www.copealcoy.es\/wp-content\/uploads\/2014\/12\/image72.jpg\" \/>\n\t<meta property=\"og:image:width\" content=\"1024\" \/>\n\t<meta property=\"og:image:height\" content=\"572\" \/>\n\t<meta property=\"og:image:type\" content=\"image\/jpeg\" \/>\n<meta name=\"author\" content=\"Cope Alcoy\" \/>\n<meta name=\"twitter:label1\" content=\"Escrito por\" \/>\n\t<meta name=\"twitter:data1\" content=\"Cope Alcoy\" \/>\n\t<meta name=\"twitter:label2\" content=\"Tiempo de lectura\" \/>\n\t<meta name=\"twitter:data2\" content=\"1 minuto\" \/>\n<script type=\"application\/ld+json\" class=\"yoast-schema-graph\">{\"@context\":\"https:\\\/\\\/schema.org\",\"@graph\":[{\"@type\":\"Article\",\"@id\":\"https:\\\/\\\/www.copealcoy.es\\\/es\\\/compromis-plantea-sus-propuestas-para-el-contrato-de-la-basura\\\/#article\",\"isPartOf\":{\"@id\":\"https:\\\/\\\/www.copealcoy.es\\\/es\\\/compromis-plantea-sus-propuestas-para-el-contrato-de-la-basura\\\/\"},\"author\":{\"name\":\"Cope Alcoy\",\"@id\":\"https:\\\/\\\/www.copealcoy.es\\\/es\\\/#\\\/schema\\\/person\\\/e777c87fa024e57d40170af9df39882c\"},\"headline\":\"Comprom\u00eds plantea sus propuestas para el contrato de la basura\",\"datePublished\":\"2014-12-12T20:03:50+00:00\",\"dateModified\":\"2014-12-14T09:54:04+00:00\",\"mainEntityOfPage\":{\"@id\":\"https:\\\/\\\/www.copealcoy.es\\\/es\\\/compromis-plantea-sus-propuestas-para-el-contrato-de-la-basura\\\/\"},\"wordCount\":278,\"commentCount\":0,\"image\":{\"@id\":\"https:\\\/\\\/www.copealcoy.es\\\/es\\\/compromis-plantea-sus-propuestas-para-el-contrato-de-la-basura\\\/#primaryimage\"},\"thumbnailUrl\":\"https:\\\/\\\/www.copealcoy.es\\\/wp-content\\\/uploads\\\/2014\\\/12\\\/image72.jpg\",\"keywords\":[\"Alcoy\",\"Basuras\",\"Comprom\u00eds\",\"Contrato\",\"Servicios\"],\"articleSection\":[\"Alcoy\",\"Noticias\",\"Pol\u00edtica y Econom\u00eda\"],\"inLanguage\":\"es\"},{\"@type\":\"WebPage\",\"@id\":\"https:\\\/\\\/www.copealcoy.es\\\/es\\\/compromis-plantea-sus-propuestas-para-el-contrato-de-la-basura\\\/\",\"url\":\"https:\\\/\\\/www.copealcoy.es\\\/es\\\/compromis-plantea-sus-propuestas-para-el-contrato-de-la-basura\\\/\",\"name\":\"Comprom\u00eds plantea sus propuestas para el contrato de la basura - COPE Alcoy\",\"isPartOf\":{\"@id\":\"https:\\\/\\\/www.copealcoy.es\\\/es\\\/#website\"},\"primaryImageOfPage\":{\"@id\":\"https:\\\/\\\/www.copealcoy.es\\\/es\\\/compromis-plantea-sus-propuestas-para-el-contrato-de-la-basura\\\/#primaryimage\"},\"image\":{\"@id\":\"https:\\\/\\\/www.copealcoy.es\\\/es\\\/compromis-plantea-sus-propuestas-para-el-contrato-de-la-basura\\\/#primaryimage\"},\"thumbnailUrl\":\"https:\\\/\\\/www.copealcoy.es\\\/wp-content\\\/uploads\\\/2014\\\/12\\\/image72.jpg\",\"datePublished\":\"2014-12-12T20:03:50+00:00\",\"dateModified\":\"2014-12-14T09:54:04+00:00\",\"author\":{\"@id\":\"https:\\\/\\\/www.copealcoy.es\\\/es\\\/#\\\/schema\\\/person\\\/e777c87fa024e57d40170af9df39882c\"},\"breadcrumb\":{\"@id\":\"https:\\\/\\\/www.copealcoy.es\\\/es\\\/compromis-plantea-sus-propuestas-para-el-contrato-de-la-basura\\\/#breadcrumb\"},\"inLanguage\":\"es\",\"potentialAction\":[{\"@type\":\"ReadAction\",\"target\":[\"https:\\\/\\\/www.copealcoy.es\\\/es\\\/compromis-plantea-sus-propuestas-para-el-contrato-de-la-basura\\\/\"]}]},{\"@type\":\"ImageObject\",\"inLanguage\":\"es\",\"@id\":\"https:\\\/\\\/www.copealcoy.es\\\/es\\\/compromis-plantea-sus-propuestas-para-el-contrato-de-la-basura\\\/#primaryimage\",\"url\":\"https:\\\/\\\/www.copealcoy.es\\\/wp-content\\\/uploads\\\/2014\\\/12\\\/image72.jpg\",\"contentUrl\":\"https:\\\/\\\/www.copealcoy.es\\\/wp-content\\\/uploads\\\/2014\\\/12\\\/image72.jpg\",\"width\":1024,\"height\":572,\"caption\":\"Anna Climent junto al portavoz de Comprom\u00eds en Alcoy, David Abad\"},{\"@type\":\"BreadcrumbList\",\"@id\":\"https:\\\/\\\/www.copealcoy.es\\\/es\\\/compromis-plantea-sus-propuestas-para-el-contrato-de-la-basura\\\/#breadcrumb\",\"itemListElement\":[{\"@type\":\"ListItem\",\"position\":1,\"name\":\"Portada\",\"item\":\"https:\\\/\\\/www.copealcoy.es\\\/es\\\/\"},{\"@type\":\"ListItem\",\"position\":2,\"name\":\"Comprom\u00eds plantea sus propuestas para el contrato de la basura\"}]},{\"@type\":\"WebSite\",\"@id\":\"https:\\\/\\\/www.copealcoy.es\\\/es\\\/#website\",\"url\":\"https:\\\/\\\/www.copealcoy.es\\\/es\\\/\",\"name\":\"COPE Alcoy\",\"description\":\"Emisora COPE de radio local con emisi\u00f3n online. Pont de Sant Jordi 8-10 03803 Alcoy\",\"potentialAction\":[{\"@type\":\"SearchAction\",\"target\":{\"@type\":\"EntryPoint\",\"urlTemplate\":\"https:\\\/\\\/www.copealcoy.es\\\/es\\\/?s={search_term_string}\"},\"query-input\":{\"@type\":\"PropertyValueSpecification\",\"valueRequired\":true,\"valueName\":\"search_term_string\"}}],\"inLanguage\":\"es\"},{\"@type\":\"Person\",\"@id\":\"https:\\\/\\\/www.copealcoy.es\\\/es\\\/#\\\/schema\\\/person\\\/e777c87fa024e57d40170af9df39882c\",\"name\":\"Cope Alcoy\",\"image\":{\"@type\":\"ImageObject\",\"inLanguage\":\"es\",\"@id\":\"https:\\\/\\\/secure.gravatar.com\\\/avatar\\\/bb65d0283347e303893ba14f0692005417c1e0e690a325a4c5d8bb2b3943ee14?s=96&d=mm&r=g\",\"url\":\"https:\\\/\\\/secure.gravatar.com\\\/avatar\\\/bb65d0283347e303893ba14f0692005417c1e0e690a325a4c5d8bb2b3943ee14?s=96&d=mm&r=g\",\"contentUrl\":\"https:\\\/\\\/secure.gravatar.com\\\/avatar\\\/bb65d0283347e303893ba14f0692005417c1e0e690a325a4c5d8bb2b3943ee14?s=96&d=mm&r=g\",\"caption\":\"Cope Alcoy\"}}]}<\/script>\n<!-- \/ Yoast SEO plugin. -->","yoast_head_json":{"title":"Comprom\u00eds plantea sus propuestas para el contrato de la basura - COPE Alcoy","robots":{"index":"index","follow":"follow","max-snippet":"max-snippet:-1","max-image-preview":"max-image-preview:large","max-video-preview":"max-video-preview:-1"},"canonical":"https:\/\/www.copealcoy.es\/es\/compromis-plantea-sus-propuestas-para-el-contrato-de-la-basura\/","og_locale":"es_ES","og_type":"article","og_title":"Comprom\u00eds plantea sus propuestas para el contrato de la basura - COPE Alcoy","og_description":"El Grupo Municipal\u00a0de Comprom\u00eds\u00a0ha presentado sus propuestas para el nuevo contrato de la recogida de la basura. Los nacionalistas creen...","og_url":"https:\/\/www.copealcoy.es\/es\/compromis-plantea-sus-propuestas-para-el-contrato-de-la-basura\/","og_site_name":"COPE Alcoy","article_published_time":"2014-12-12T20:03:50+00:00","article_modified_time":"2014-12-14T09:54:04+00:00","og_image":[{"width":1024,"height":572,"url":"https:\/\/www.copealcoy.es\/wp-content\/uploads\/2014\/12\/image72.jpg","type":"image\/jpeg"}],"author":"Cope Alcoy","twitter_misc":{"Escrito por":"Cope Alcoy","Tiempo de lectura":"1 minuto"},"schema":{"@context":"https:\/\/schema.org","@graph":[{"@type":"Article","@id":"https:\/\/www.copealcoy.es\/es\/compromis-plantea-sus-propuestas-para-el-contrato-de-la-basura\/#article","isPartOf":{"@id":"https:\/\/www.copealcoy.es\/es\/compromis-plantea-sus-propuestas-para-el-contrato-de-la-basura\/"},"author":{"name":"Cope Alcoy","@id":"https:\/\/www.copealcoy.es\/es\/#\/schema\/person\/e777c87fa024e57d40170af9df39882c"},"headline":"Comprom\u00eds plantea sus propuestas para el contrato de la basura","datePublished":"2014-12-12T20:03:50+00:00","dateModified":"2014-12-14T09:54:04+00:00","mainEntityOfPage":{"@id":"https:\/\/www.copealcoy.es\/es\/compromis-plantea-sus-propuestas-para-el-contrato-de-la-basura\/"},"wordCount":278,"commentCount":0,"image":{"@id":"https:\/\/www.copealcoy.es\/es\/compromis-plantea-sus-propuestas-para-el-contrato-de-la-basura\/#primaryimage"},"thumbnailUrl":"https:\/\/www.copealcoy.es\/wp-content\/uploads\/2014\/12\/image72.jpg","keywords":["Alcoy","Basuras","Comprom\u00eds","Contrato","Servicios"],"articleSection":["Alcoy","Noticias","Pol\u00edtica y Econom\u00eda"],"inLanguage":"es"},{"@type":"WebPage","@id":"https:\/\/www.copealcoy.es\/es\/compromis-plantea-sus-propuestas-para-el-contrato-de-la-basura\/","url":"https:\/\/www.copealcoy.es\/es\/compromis-plantea-sus-propuestas-para-el-contrato-de-la-basura\/","name":"Comprom\u00eds plantea sus propuestas para el contrato de la basura - COPE Alcoy","isPartOf":{"@id":"https:\/\/www.copealcoy.es\/es\/#website"},"primaryImageOfPage":{"@id":"https:\/\/www.copealcoy.es\/es\/compromis-plantea-sus-propuestas-para-el-contrato-de-la-basura\/#primaryimage"},"image":{"@id":"https:\/\/www.copealcoy.es\/es\/compromis-plantea-sus-propuestas-para-el-contrato-de-la-basura\/#primaryimage"},"thumbnailUrl":"https:\/\/www.copealcoy.es\/wp-content\/uploads\/2014\/12\/image72.jpg","datePublished":"2014-12-12T20:03:50+00:00","dateModified":"2014-12-14T09:54:04+00:00","author":{"@id":"https:\/\/www.copealcoy.es\/es\/#\/schema\/person\/e777c87fa024e57d40170af9df39882c"},"breadcrumb":{"@id":"https:\/\/www.copealcoy.es\/es\/compromis-plantea-sus-propuestas-para-el-contrato-de-la-basura\/#breadcrumb"},"inLanguage":"es","potentialAction":[{"@type":"ReadAction","target":["https:\/\/www.copealcoy.es\/es\/compromis-plantea-sus-propuestas-para-el-contrato-de-la-basura\/"]}]},{"@type":"ImageObject","inLanguage":"es","@id":"https:\/\/www.copealcoy.es\/es\/compromis-plantea-sus-propuestas-para-el-contrato-de-la-basura\/#primaryimage","url":"https:\/\/www.copealcoy.es\/wp-content\/uploads\/2014\/12\/image72.jpg","contentUrl":"https:\/\/www.copealcoy.es\/wp-content\/uploads\/2014\/12\/image72.jpg","width":1024,"height":572,"caption":"Anna Climent junto al portavoz de Comprom\u00eds en Alcoy, David Abad"},{"@type":"BreadcrumbList","@id":"https:\/\/www.copealcoy.es\/es\/compromis-plantea-sus-propuestas-para-el-contrato-de-la-basura\/#breadcrumb","itemListElement":[{"@type":"ListItem","position":1,"name":"Portada","item":"https:\/\/www.copealcoy.es\/es\/"},{"@type":"ListItem","position":2,"name":"Comprom\u00eds plantea sus propuestas para el contrato de la basura"}]},{"@type":"WebSite","@id":"https:\/\/www.copealcoy.es\/es\/#website","url":"https:\/\/www.copealcoy.es\/es\/","name":"COPE Alcoy","description":"Emisora COPE de radio local con emisi\u00f3n online. Pont de Sant Jordi 8-10 03803 Alcoy","potentialAction":[{"@type":"SearchAction","target":{"@type":"EntryPoint","urlTemplate":"https:\/\/www.copealcoy.es\/es\/?s={search_term_string}"},"query-input":{"@type":"PropertyValueSpecification","valueRequired":true,"valueName":"search_term_string"}}],"inLanguage":"es"},{"@type":"Person","@id":"https:\/\/www.copealcoy.es\/es\/#\/schema\/person\/e777c87fa024e57d40170af9df39882c","name":"Cope Alcoy","image":{"@type":"ImageObject","inLanguage":"es","@id":"https:\/\/secure.gravatar.com\/avatar\/bb65d0283347e303893ba14f0692005417c1e0e690a325a4c5d8bb2b3943ee14?s=96&d=mm&r=g","url":"https:\/\/secure.gravatar.com\/avatar\/bb65d0283347e303893ba14f0692005417c1e0e690a325a4c5d8bb2b3943ee14?s=96&d=mm&r=g","contentUrl":"https:\/\/secure.gravatar.com\/avatar\/bb65d0283347e303893ba14f0692005417c1e0e690a325a4c5d8bb2b3943ee14?s=96&d=mm&r=g","caption":"Cope Alcoy"}}]}},"_links":{"self":[{"href":"https:\/\/www.copealcoy.es\/es\/wp-json\/wp\/v2\/posts\/9016","targetHints":{"allow":["GET"]}}],"collection":[{"href":"https:\/\/www.copealcoy.es\/es\/wp-json\/wp\/v2\/posts"}],"about":[{"href":"https:\/\/www.copealcoy.es\/es\/wp-json\/wp\/v2\/types\/post"}],"author":[{"embeddable":true,"href":"https:\/\/www.copealcoy.es\/es\/wp-json\/wp\/v2\/users\/1"}],"replies":[{"embeddable":true,"href":"https:\/\/www.copealcoy.es\/es\/wp-json\/wp\/v2\/comments?post=9016"}],"version-history":[{"count":0,"href":"https:\/\/www.copealcoy.es\/es\/wp-json\/wp\/v2\/posts\/9016\/revisions"}],"wp:featuredmedia":[{"embeddable":true,"href":"https:\/\/www.copealcoy.es\/es\/wp-json\/wp\/v2\/media\/9017"}],"wp:attachment":[{"href":"https:\/\/www.copealcoy.es\/es\/wp-json\/wp\/v2\/media?parent=9016"}],"wp:term":[{"taxonomy":"category","embeddable":true,"href":"https:\/\/www.copealcoy.es\/es\/wp-json\/wp\/v2\/categories?post=9016"},{"taxonomy":"post_tag","embeddable":true,"href":"https:\/\/www.copealcoy.es\/es\/wp-json\/wp\/v2\/tags?post=9016"}],"curies":[{"name":"wp","href":"https:\/\/api.w.org\/{rel}","templated":true}]}}