{"id":90137,"date":"2022-07-25T07:22:19","date_gmt":"2022-07-25T06:22:19","guid":{"rendered":"https:\/\/www.copealcoy.es\/?p=90137"},"modified":"2022-07-25T17:43:10","modified_gmt":"2022-07-25T16:43:10","slug":"aiju-desarrollo-en-2021-medio-centenar-de-proyectos-de-idi-en-seguridad-infantil","status":"publish","type":"post","link":"https:\/\/www.copealcoy.es\/es\/aiju-desarrollo-en-2021-medio-centenar-de-proyectos-de-idi-en-seguridad-infantil\/","title":{"rendered":"AIJU desarroll\u00f3 en 2021 medio centenar de proyectos de I+D+I en seguridad infantil"},"content":{"rendered":"<p style=\"text-align: justify;\">El <strong>Instituto Tecnol\u00f3gico del Producto Infantil y de Ocio-AIJU\u00a0<\/strong>ha hecho balance de la actividad desarrollada durante 2021 y ha presentado reciente mente su memoria. Seg\u00fan la informaci\u00f3n facilitada, se ejecutaron m\u00e1s de medio centenar de proyectos de I+D+I en los que participaron <strong>37 empresas, universidades y centros de investigaci\u00f3n relacionados con la seguridad infantil, la aplicaci\u00f3n de tecnolog\u00edas TIC y sostenibilidad y econom\u00eda circular, movilizando m\u00e1s de 12 millones de euros<\/strong>.<\/p>\n<p style=\"text-align: justify;\">De igual forma, durante este ejercicio, AIJU ha trabajado tambi\u00e9n en <strong>diversos proyectos de salud y bienestar<\/strong> para la capacitaci\u00f3n y el empoderamiento de personas mayores y envejecimiento activo; el desarrollo de todo aquello que supone <strong>un impulso a la innovaci\u00f3n<\/strong>, fundamentalmente en las peque\u00f1as y medianas empresas industriales de la Comunitat Valenciana, o la potenciaci\u00f3n de herramientas de educaci\u00f3n medioambiental mediante el juego o de evaluaci\u00f3n del potencial del juguete como elemento de concienciaci\u00f3n en valores c\u00edvicos por parte del ciudadano infantil. \u00a0Durante el acto de presentaci\u00f3n de la Memoria Anual, el presidente de AIJU, <strong>Pablo Ca\u00f1izares<\/strong>, destac\u00f3 los <strong>numerosos proyectos desarrollados<\/strong>, a lo largo del ejercicio, sobre nuevos materiales, biopl\u00e1sticos y materiales sostenibles, as\u00ed como la modernizaci\u00f3n de las infraestructuras de AIJU y sucualificaci\u00f3n t\u00e9cnica en el \u00e1mbito de la seguridad de producto \u201c<em>la innovaci\u00f3n est\u00e1 ligada intr\u00ednsecamente a la existencia de un tejido empresarial fuerte que respalde y refrende la labor del Instituto. Toda iniciativa nuestra, como investigadores, ha de tener un objetivo trasladable a las empresas, si no, simplemente pierde el sentido para el cual fueron creados los institutos y su raz\u00f3n misma de existir<\/em>\u201d, indic\u00f3.<\/p>\n<p style=\"text-align: justify;\"><span style=\"color: #0000ff;\"><strong>Servicios a empresas<\/strong><\/span><\/p>\n<p style=\"text-align: justify;\">En cuanto a servicios tecnol\u00f3gicos, <strong>AIJU realiz\u00f3 39.990 servicios tecnol\u00f3gicos a 1.644 empresas clientes<\/strong>. En su mayor\u00eda estos servicios fueron: 23.243 an\u00e1lisis qu\u00edmicos; 13.363 an\u00e1lisis f\u00edsicos; 2.851 servicios de materiales y procesos y 177 servicios de organizaci\u00f3n, gesti\u00f3n de producto y desarrollo sostenible.<\/p>\n<p style=\"text-align: justify;\">Adem\u00e1s, otro de los grandes ejes de la memoria de 2021 es el compromiso de AIJU con <strong>la formaci\u00f3n del tejido empresarial<\/strong>. En este \u00e1mbito, se han llevado a cabo un total de 210 acciones formativas, repartidas en m\u00e1s de 4.316 horas lectivas y en las que han participado m\u00e1s de 1.500 personas, en su mayor\u00eda t\u00e9cnicos y empleados cualificados.<\/p>\n<p style=\"text-align: justify;\">A lo largo de 2021,<strong> AIJU obtuvo un total de 8,5 millones de euros de ingresos<\/strong>, fundamentalmente de incentivos de I+D y los servicios I+D a empresas.<\/p>\n<p style=\"text-align: justify;\"><span style=\"color: #0000ff;\"><strong>Proyectos destacados<\/strong><\/span><\/p>\n<p style=\"text-align: justify;\">Entre los proyectos destacados en el ejercicio 2021, <strong>la memoria de AIJU hace hincapi\u00e9 en la iniciativa CIRCULAR INDUSTRY CV<\/strong>, que pretende desarrollar y validar nuevos modelos de econom\u00eda circular para la revalorizaci\u00f3n de residuos multicomposici\u00f3n en los sectores del calzado, textil y juguete.<\/p>\n<p style=\"text-align: justify;\">Para ello, se desarroll\u00f3 un demostrador con el fin de abordar el reto asociado a la tarea de clasificar, transformar e implementar las materias primas derivadas del procesado de estos residuos. Esta planta piloto, la primera en Espa\u00f1a y Europa, ha sido desarrollada por AIJU, junto a los centros tecnol\u00f3gicos INESCOP y AITEX.<\/p>\n<p style=\"text-align: justify;\">Otros de los proyectos recogidos en la memoria son <strong>el proyecto BioFase<\/strong>, centrado en la investigaci\u00f3n de biomateriales funcionales para su aplicaci\u00f3n en sectores como el del juguete, el envase y el menaje o la realizaci\u00f3n de un estudio europeo para la valorizaci\u00f3n del producto infantil en los mercados, a trav\u00e9s del proyecto SAFEVALOR.<\/p>\n<p style=\"text-align: justify;\">Asimismo, cabe destacar tambi\u00e9n, <strong>el proyecto SmartTUR+ECO<\/strong>, cuyo objetivo es la creaci\u00f3n de una plataforma de inteligencia artificial y realidad virtual para la generaci\u00f3n de experiencias tur\u00edsticas personalizadas y sostenibles<\/p>\n<p style=\"text-align: justify;\"><span style=\"color: #0000ff;\"><strong>Compromiso medioambiental y apuesta por la sostenibilidad<\/strong> \u00a0<\/span><\/p>\n<p style=\"text-align: justify;\">AIJU mejora su comportamiento ambiental avalado por su sistema de Gesti\u00f3n Ambiental, seg\u00fan la norma UNE-EN ISO 14001:2015 y <strong>contin\u00faa asesorando a las empresas en sus objetivos destinados a la optimizaci\u00f3n del uso de los recursos, la autosuficiencia energ\u00e9tica a trav\u00e9s de energ\u00eda fotovoltaica o la gesti\u00f3n de recursos peligrosos para el medioambiente<\/strong>. <em>\u00a0<\/em>\u00a0Adem\u00e1s, el Instituto Tecnol\u00f3gico contin\u00faa con la labor de concienciaci\u00f3n y sensibilizaci\u00f3n medioambiental del tejido industrial mediante el desarrollo de proyectos de I+D+I europeos, adem\u00e1s de otros proyectos vinculados a la Econom\u00eda Circular y el desarrollo de materiales m\u00e1s sostenibles.<strong>\u00a0<\/strong><\/p>\n<p style=\"text-align: justify;\"><span style=\"color: #0000ff;\"><strong>Igualdad de oportunidades entre hombres y mujeres<\/strong><strong>\u00a0<\/strong><\/span><\/p>\n<p style=\"text-align: justify;\">AIJU <strong>ha desarrollado el tercer Plan de Igualdad 2021-2025<\/strong> visado por la Generalitat Valenciana, el cual contiene actuaciones que favorecen la igualdad entre hombres y mujeres en diversas \u00e1reas como el acceso al empleo, la conciliaci\u00f3n, la clasificaci\u00f3n profesional, promoci\u00f3n y formaci\u00f3n, retribuciones, salud laboral y comunicaci\u00f3n y lenguaje no sexista.\u00a0Asimismo, el Instituto Tecnol\u00f3gico del Producto Infantil y de Ocio <strong>cuenta con un Plan de conciliaci\u00f3n de la vida laboral y familiar en el que se recogen una serie de medidas relacionadas con la flexibilidad horaria o los beneficios sociales<\/strong>.<\/p>\n<p style=\"text-align: justify;\">Apuntarque el equipo humano de AIJU est\u00e1 compuesto actualmente por 117 profesionales con 13 doctores (31% de hombres y 69% de mujeres), 46 titulados superiores (55% hombres y 46% mujeres), 14 titulados medios (65% hombres y 35% mujeres), 31 auxiliares t\u00e9cnicos (26% hombres y 74% mujeres) y 13 auxiliares (25% hombres y 75% mujeres).<\/p>\n","protected":false},"excerpt":{"rendered":"<p>El Instituto Tecnol\u00f3gico del Producto Infantil y de Ocio-AIJU\u00a0ha hecho balance de la actividad desarrollada durante 2021 y ha presentado&#8230;<\/p>\n","protected":false},"author":1,"featured_media":90141,"comment_status":"open","ping_status":"open","sticky":false,"template":"","format":"standard","meta":{"footnotes":""},"categories":[6909,98,75,125],"tags":[2402,430,12995,452],"class_list":["post-90137","post","type-post","status-publish","format-standard","has-post-thumbnail","hentry","category-actualidad","category-comarcas","category-noticias","category-portada","tag-aiju","tag-balance","tag-memoria-2021","tag-proyectos"],"yoast_head":"<!-- This site is optimized with the Yoast SEO plugin v27.3 - https:\/\/yoast.com\/product\/yoast-seo-wordpress\/ -->\n<title>AIJU desarroll\u00f3 en 2021 medio centenar de proyectos de I+D+I en seguridad infantil - COPE Alcoy<\/title>\n<meta name=\"robots\" content=\"index, follow, max-snippet:-1, max-image-preview:large, max-video-preview:-1\" \/>\n<link rel=\"canonical\" href=\"https:\/\/www.copealcoy.es\/es\/aiju-desarrollo-en-2021-medio-centenar-de-proyectos-de-idi-en-seguridad-infantil\/\" \/>\n<meta property=\"og:locale\" content=\"es_ES\" \/>\n<meta property=\"og:type\" content=\"article\" \/>\n<meta property=\"og:title\" content=\"AIJU desarroll\u00f3 en 2021 medio centenar de proyectos de I+D+I en seguridad infantil - COPE Alcoy\" \/>\n<meta property=\"og:description\" content=\"El Instituto Tecnol\u00f3gico del Producto Infantil y de Ocio-AIJU\u00a0ha hecho balance de la actividad desarrollada durante 2021 y ha presentado...\" \/>\n<meta property=\"og:url\" content=\"https:\/\/www.copealcoy.es\/es\/aiju-desarrollo-en-2021-medio-centenar-de-proyectos-de-idi-en-seguridad-infantil\/\" \/>\n<meta property=\"og:site_name\" content=\"COPE Alcoy\" \/>\n<meta property=\"article:published_time\" content=\"2022-07-25T06:22:19+00:00\" \/>\n<meta property=\"article:modified_time\" content=\"2022-07-25T16:43:10+00:00\" \/>\n<meta property=\"og:image\" content=\"https:\/\/www.copealcoy.es\/wp-content\/uploads\/2022\/07\/Memoria-AIJU-2021-2-e1658683816860.jpeg\" \/>\n\t<meta property=\"og:image:width\" content=\"640\" \/>\n\t<meta property=\"og:image:height\" content=\"426\" \/>\n\t<meta property=\"og:image:type\" content=\"image\/jpeg\" \/>\n<meta name=\"author\" content=\"Cope Alcoy\" \/>\n<meta name=\"twitter:label1\" content=\"Escrito por\" \/>\n\t<meta name=\"twitter:data1\" content=\"Cope Alcoy\" \/>\n\t<meta name=\"twitter:label2\" content=\"Tiempo de lectura\" \/>\n\t<meta name=\"twitter:data2\" content=\"4 minutos\" \/>\n<script type=\"application\/ld+json\" class=\"yoast-schema-graph\">{\"@context\":\"https:\\\/\\\/schema.org\",\"@graph\":[{\"@type\":\"Article\",\"@id\":\"https:\\\/\\\/www.copealcoy.es\\\/es\\\/aiju-desarrollo-en-2021-medio-centenar-de-proyectos-de-idi-en-seguridad-infantil\\\/#article\",\"isPartOf\":{\"@id\":\"https:\\\/\\\/www.copealcoy.es\\\/es\\\/aiju-desarrollo-en-2021-medio-centenar-de-proyectos-de-idi-en-seguridad-infantil\\\/\"},\"author\":{\"name\":\"Cope Alcoy\",\"@id\":\"https:\\\/\\\/www.copealcoy.es\\\/es\\\/#\\\/schema\\\/person\\\/e777c87fa024e57d40170af9df39882c\"},\"headline\":\"AIJU desarroll\u00f3 en 2021 medio centenar de proyectos de I+D+I en seguridad infantil\",\"datePublished\":\"2022-07-25T06:22:19+00:00\",\"dateModified\":\"2022-07-25T16:43:10+00:00\",\"mainEntityOfPage\":{\"@id\":\"https:\\\/\\\/www.copealcoy.es\\\/es\\\/aiju-desarrollo-en-2021-medio-centenar-de-proyectos-de-idi-en-seguridad-infantil\\\/\"},\"wordCount\":898,\"commentCount\":0,\"image\":{\"@id\":\"https:\\\/\\\/www.copealcoy.es\\\/es\\\/aiju-desarrollo-en-2021-medio-centenar-de-proyectos-de-idi-en-seguridad-infantil\\\/#primaryimage\"},\"thumbnailUrl\":\"https:\\\/\\\/www.copealcoy.es\\\/wp-content\\\/uploads\\\/2022\\\/07\\\/Memoria-AIJU-2021-2-e1658683816860.jpeg\",\"keywords\":[\"AIJU\",\"Balance\",\"memoria 2021\",\"Proyectos\"],\"articleSection\":[\"Actualidad\",\"Comarcas\",\"Noticias\",\"Portada\"],\"inLanguage\":\"es\"},{\"@type\":\"WebPage\",\"@id\":\"https:\\\/\\\/www.copealcoy.es\\\/es\\\/aiju-desarrollo-en-2021-medio-centenar-de-proyectos-de-idi-en-seguridad-infantil\\\/\",\"url\":\"https:\\\/\\\/www.copealcoy.es\\\/es\\\/aiju-desarrollo-en-2021-medio-centenar-de-proyectos-de-idi-en-seguridad-infantil\\\/\",\"name\":\"AIJU desarroll\u00f3 en 2021 medio centenar de proyectos de I+D+I en seguridad infantil - COPE Alcoy\",\"isPartOf\":{\"@id\":\"https:\\\/\\\/www.copealcoy.es\\\/es\\\/#website\"},\"primaryImageOfPage\":{\"@id\":\"https:\\\/\\\/www.copealcoy.es\\\/es\\\/aiju-desarrollo-en-2021-medio-centenar-de-proyectos-de-idi-en-seguridad-infantil\\\/#primaryimage\"},\"image\":{\"@id\":\"https:\\\/\\\/www.copealcoy.es\\\/es\\\/aiju-desarrollo-en-2021-medio-centenar-de-proyectos-de-idi-en-seguridad-infantil\\\/#primaryimage\"},\"thumbnailUrl\":\"https:\\\/\\\/www.copealcoy.es\\\/wp-content\\\/uploads\\\/2022\\\/07\\\/Memoria-AIJU-2021-2-e1658683816860.jpeg\",\"datePublished\":\"2022-07-25T06:22:19+00:00\",\"dateModified\":\"2022-07-25T16:43:10+00:00\",\"author\":{\"@id\":\"https:\\\/\\\/www.copealcoy.es\\\/es\\\/#\\\/schema\\\/person\\\/e777c87fa024e57d40170af9df39882c\"},\"breadcrumb\":{\"@id\":\"https:\\\/\\\/www.copealcoy.es\\\/es\\\/aiju-desarrollo-en-2021-medio-centenar-de-proyectos-de-idi-en-seguridad-infantil\\\/#breadcrumb\"},\"inLanguage\":\"es\",\"potentialAction\":[{\"@type\":\"ReadAction\",\"target\":[\"https:\\\/\\\/www.copealcoy.es\\\/es\\\/aiju-desarrollo-en-2021-medio-centenar-de-proyectos-de-idi-en-seguridad-infantil\\\/\"]}]},{\"@type\":\"ImageObject\",\"inLanguage\":\"es\",\"@id\":\"https:\\\/\\\/www.copealcoy.es\\\/es\\\/aiju-desarrollo-en-2021-medio-centenar-de-proyectos-de-idi-en-seguridad-infantil\\\/#primaryimage\",\"url\":\"https:\\\/\\\/www.copealcoy.es\\\/wp-content\\\/uploads\\\/2022\\\/07\\\/Memoria-AIJU-2021-2-e1658683816860.jpeg\",\"contentUrl\":\"https:\\\/\\\/www.copealcoy.es\\\/wp-content\\\/uploads\\\/2022\\\/07\\\/Memoria-AIJU-2021-2-e1658683816860.jpeg\",\"width\":640,\"height\":426},{\"@type\":\"BreadcrumbList\",\"@id\":\"https:\\\/\\\/www.copealcoy.es\\\/es\\\/aiju-desarrollo-en-2021-medio-centenar-de-proyectos-de-idi-en-seguridad-infantil\\\/#breadcrumb\",\"itemListElement\":[{\"@type\":\"ListItem\",\"position\":1,\"name\":\"Portada\",\"item\":\"https:\\\/\\\/www.copealcoy.es\\\/es\\\/\"},{\"@type\":\"ListItem\",\"position\":2,\"name\":\"AIJU desarroll\u00f3 en 2021 medio centenar de proyectos de I+D+I en seguridad infantil\"}]},{\"@type\":\"WebSite\",\"@id\":\"https:\\\/\\\/www.copealcoy.es\\\/es\\\/#website\",\"url\":\"https:\\\/\\\/www.copealcoy.es\\\/es\\\/\",\"name\":\"COPE Alcoy\",\"description\":\"Emisora COPE de radio local con emisi\u00f3n online. Pont de Sant Jordi 8-10 03803 Alcoy\",\"potentialAction\":[{\"@type\":\"SearchAction\",\"target\":{\"@type\":\"EntryPoint\",\"urlTemplate\":\"https:\\\/\\\/www.copealcoy.es\\\/es\\\/?s={search_term_string}\"},\"query-input\":{\"@type\":\"PropertyValueSpecification\",\"valueRequired\":true,\"valueName\":\"search_term_string\"}}],\"inLanguage\":\"es\"},{\"@type\":\"Person\",\"@id\":\"https:\\\/\\\/www.copealcoy.es\\\/es\\\/#\\\/schema\\\/person\\\/e777c87fa024e57d40170af9df39882c\",\"name\":\"Cope Alcoy\",\"image\":{\"@type\":\"ImageObject\",\"inLanguage\":\"es\",\"@id\":\"https:\\\/\\\/secure.gravatar.com\\\/avatar\\\/bb65d0283347e303893ba14f0692005417c1e0e690a325a4c5d8bb2b3943ee14?s=96&d=mm&r=g\",\"url\":\"https:\\\/\\\/secure.gravatar.com\\\/avatar\\\/bb65d0283347e303893ba14f0692005417c1e0e690a325a4c5d8bb2b3943ee14?s=96&d=mm&r=g\",\"contentUrl\":\"https:\\\/\\\/secure.gravatar.com\\\/avatar\\\/bb65d0283347e303893ba14f0692005417c1e0e690a325a4c5d8bb2b3943ee14?s=96&d=mm&r=g\",\"caption\":\"Cope Alcoy\"}}]}<\/script>\n<!-- \/ Yoast SEO plugin. -->","yoast_head_json":{"title":"AIJU desarroll\u00f3 en 2021 medio centenar de proyectos de I+D+I en seguridad infantil - COPE Alcoy","robots":{"index":"index","follow":"follow","max-snippet":"max-snippet:-1","max-image-preview":"max-image-preview:large","max-video-preview":"max-video-preview:-1"},"canonical":"https:\/\/www.copealcoy.es\/es\/aiju-desarrollo-en-2021-medio-centenar-de-proyectos-de-idi-en-seguridad-infantil\/","og_locale":"es_ES","og_type":"article","og_title":"AIJU desarroll\u00f3 en 2021 medio centenar de proyectos de I+D+I en seguridad infantil - COPE Alcoy","og_description":"El Instituto Tecnol\u00f3gico del Producto Infantil y de Ocio-AIJU\u00a0ha hecho balance de la actividad desarrollada durante 2021 y ha presentado...","og_url":"https:\/\/www.copealcoy.es\/es\/aiju-desarrollo-en-2021-medio-centenar-de-proyectos-de-idi-en-seguridad-infantil\/","og_site_name":"COPE Alcoy","article_published_time":"2022-07-25T06:22:19+00:00","article_modified_time":"2022-07-25T16:43:10+00:00","og_image":[{"width":640,"height":426,"url":"https:\/\/www.copealcoy.es\/wp-content\/uploads\/2022\/07\/Memoria-AIJU-2021-2-e1658683816860.jpeg","type":"image\/jpeg"}],"author":"Cope Alcoy","twitter_misc":{"Escrito por":"Cope Alcoy","Tiempo de lectura":"4 minutos"},"schema":{"@context":"https:\/\/schema.org","@graph":[{"@type":"Article","@id":"https:\/\/www.copealcoy.es\/es\/aiju-desarrollo-en-2021-medio-centenar-de-proyectos-de-idi-en-seguridad-infantil\/#article","isPartOf":{"@id":"https:\/\/www.copealcoy.es\/es\/aiju-desarrollo-en-2021-medio-centenar-de-proyectos-de-idi-en-seguridad-infantil\/"},"author":{"name":"Cope Alcoy","@id":"https:\/\/www.copealcoy.es\/es\/#\/schema\/person\/e777c87fa024e57d40170af9df39882c"},"headline":"AIJU desarroll\u00f3 en 2021 medio centenar de proyectos de I+D+I en seguridad infantil","datePublished":"2022-07-25T06:22:19+00:00","dateModified":"2022-07-25T16:43:10+00:00","mainEntityOfPage":{"@id":"https:\/\/www.copealcoy.es\/es\/aiju-desarrollo-en-2021-medio-centenar-de-proyectos-de-idi-en-seguridad-infantil\/"},"wordCount":898,"commentCount":0,"image":{"@id":"https:\/\/www.copealcoy.es\/es\/aiju-desarrollo-en-2021-medio-centenar-de-proyectos-de-idi-en-seguridad-infantil\/#primaryimage"},"thumbnailUrl":"https:\/\/www.copealcoy.es\/wp-content\/uploads\/2022\/07\/Memoria-AIJU-2021-2-e1658683816860.jpeg","keywords":["AIJU","Balance","memoria 2021","Proyectos"],"articleSection":["Actualidad","Comarcas","Noticias","Portada"],"inLanguage":"es"},{"@type":"WebPage","@id":"https:\/\/www.copealcoy.es\/es\/aiju-desarrollo-en-2021-medio-centenar-de-proyectos-de-idi-en-seguridad-infantil\/","url":"https:\/\/www.copealcoy.es\/es\/aiju-desarrollo-en-2021-medio-centenar-de-proyectos-de-idi-en-seguridad-infantil\/","name":"AIJU desarroll\u00f3 en 2021 medio centenar de proyectos de I+D+I en seguridad infantil - COPE Alcoy","isPartOf":{"@id":"https:\/\/www.copealcoy.es\/es\/#website"},"primaryImageOfPage":{"@id":"https:\/\/www.copealcoy.es\/es\/aiju-desarrollo-en-2021-medio-centenar-de-proyectos-de-idi-en-seguridad-infantil\/#primaryimage"},"image":{"@id":"https:\/\/www.copealcoy.es\/es\/aiju-desarrollo-en-2021-medio-centenar-de-proyectos-de-idi-en-seguridad-infantil\/#primaryimage"},"thumbnailUrl":"https:\/\/www.copealcoy.es\/wp-content\/uploads\/2022\/07\/Memoria-AIJU-2021-2-e1658683816860.jpeg","datePublished":"2022-07-25T06:22:19+00:00","dateModified":"2022-07-25T16:43:10+00:00","author":{"@id":"https:\/\/www.copealcoy.es\/es\/#\/schema\/person\/e777c87fa024e57d40170af9df39882c"},"breadcrumb":{"@id":"https:\/\/www.copealcoy.es\/es\/aiju-desarrollo-en-2021-medio-centenar-de-proyectos-de-idi-en-seguridad-infantil\/#breadcrumb"},"inLanguage":"es","potentialAction":[{"@type":"ReadAction","target":["https:\/\/www.copealcoy.es\/es\/aiju-desarrollo-en-2021-medio-centenar-de-proyectos-de-idi-en-seguridad-infantil\/"]}]},{"@type":"ImageObject","inLanguage":"es","@id":"https:\/\/www.copealcoy.es\/es\/aiju-desarrollo-en-2021-medio-centenar-de-proyectos-de-idi-en-seguridad-infantil\/#primaryimage","url":"https:\/\/www.copealcoy.es\/wp-content\/uploads\/2022\/07\/Memoria-AIJU-2021-2-e1658683816860.jpeg","contentUrl":"https:\/\/www.copealcoy.es\/wp-content\/uploads\/2022\/07\/Memoria-AIJU-2021-2-e1658683816860.jpeg","width":640,"height":426},{"@type":"BreadcrumbList","@id":"https:\/\/www.copealcoy.es\/es\/aiju-desarrollo-en-2021-medio-centenar-de-proyectos-de-idi-en-seguridad-infantil\/#breadcrumb","itemListElement":[{"@type":"ListItem","position":1,"name":"Portada","item":"https:\/\/www.copealcoy.es\/es\/"},{"@type":"ListItem","position":2,"name":"AIJU desarroll\u00f3 en 2021 medio centenar de proyectos de I+D+I en seguridad infantil"}]},{"@type":"WebSite","@id":"https:\/\/www.copealcoy.es\/es\/#website","url":"https:\/\/www.copealcoy.es\/es\/","name":"COPE Alcoy","description":"Emisora COPE de radio local con emisi\u00f3n online. Pont de Sant Jordi 8-10 03803 Alcoy","potentialAction":[{"@type":"SearchAction","target":{"@type":"EntryPoint","urlTemplate":"https:\/\/www.copealcoy.es\/es\/?s={search_term_string}"},"query-input":{"@type":"PropertyValueSpecification","valueRequired":true,"valueName":"search_term_string"}}],"inLanguage":"es"},{"@type":"Person","@id":"https:\/\/www.copealcoy.es\/es\/#\/schema\/person\/e777c87fa024e57d40170af9df39882c","name":"Cope Alcoy","image":{"@type":"ImageObject","inLanguage":"es","@id":"https:\/\/secure.gravatar.com\/avatar\/bb65d0283347e303893ba14f0692005417c1e0e690a325a4c5d8bb2b3943ee14?s=96&d=mm&r=g","url":"https:\/\/secure.gravatar.com\/avatar\/bb65d0283347e303893ba14f0692005417c1e0e690a325a4c5d8bb2b3943ee14?s=96&d=mm&r=g","contentUrl":"https:\/\/secure.gravatar.com\/avatar\/bb65d0283347e303893ba14f0692005417c1e0e690a325a4c5d8bb2b3943ee14?s=96&d=mm&r=g","caption":"Cope Alcoy"}}]}},"_links":{"self":[{"href":"https:\/\/www.copealcoy.es\/es\/wp-json\/wp\/v2\/posts\/90137","targetHints":{"allow":["GET"]}}],"collection":[{"href":"https:\/\/www.copealcoy.es\/es\/wp-json\/wp\/v2\/posts"}],"about":[{"href":"https:\/\/www.copealcoy.es\/es\/wp-json\/wp\/v2\/types\/post"}],"author":[{"embeddable":true,"href":"https:\/\/www.copealcoy.es\/es\/wp-json\/wp\/v2\/users\/1"}],"replies":[{"embeddable":true,"href":"https:\/\/www.copealcoy.es\/es\/wp-json\/wp\/v2\/comments?post=90137"}],"version-history":[{"count":0,"href":"https:\/\/www.copealcoy.es\/es\/wp-json\/wp\/v2\/posts\/90137\/revisions"}],"wp:featuredmedia":[{"embeddable":true,"href":"https:\/\/www.copealcoy.es\/es\/wp-json\/wp\/v2\/media\/90141"}],"wp:attachment":[{"href":"https:\/\/www.copealcoy.es\/es\/wp-json\/wp\/v2\/media?parent=90137"}],"wp:term":[{"taxonomy":"category","embeddable":true,"href":"https:\/\/www.copealcoy.es\/es\/wp-json\/wp\/v2\/categories?post=90137"},{"taxonomy":"post_tag","embeddable":true,"href":"https:\/\/www.copealcoy.es\/es\/wp-json\/wp\/v2\/tags?post=90137"}],"curies":[{"name":"wp","href":"https:\/\/api.w.org\/{rel}","templated":true}]}}