{"id":90095,"date":"2022-07-22T08:17:32","date_gmt":"2022-07-22T07:17:32","guid":{"rendered":"https:\/\/www.copealcoy.es\/?p=90095"},"modified":"2022-07-22T08:29:14","modified_gmt":"2022-07-22T07:29:14","slug":"amigos-de-la-musica-de-alcoy-recauda-8-500-euros-para-la-palma","status":"publish","type":"post","link":"https:\/\/www.copealcoy.es\/es\/amigos-de-la-musica-de-alcoy-recauda-8-500-euros-para-la-palma\/","title":{"rendered":"Amigos de la M\u00fasica de Alcoy recauda 8.500 euros para La Palma"},"content":{"rendered":"<p style=\"text-align: justify;\">La <strong>Asociaci\u00f3n Amigos de la M\u00fasica de Alcoy<\/strong> ha donado a las v\u00edctimas del volc\u00e1n de La Palma <strong>8.550 euros<\/strong>, que <strong>recaud\u00f3 el pasado 9 de abril en un concierto ben\u00e9fico celebrado en el Teatro Calder\u00f3n<\/strong> y que <strong>cont\u00f3 con la interpretaci\u00f3n de piezas de \u00f3pera, zarzuela y napolitanas, de diez reconocidos artistas<\/strong> como: los sopranos Bel\u00e9n Roig, Saray Garc\u00eda y Gema Soler, la mezzosoprano Est\u00edbaliz Ruiz, los tenores Pascual Andreu, Alberto Ballesta y Gustavo de Gennaro o el bar\u00edtono Fernando Piqueras.<\/p>\n<p style=\"text-align: justify;\">La donaci\u00f3n <strong>se ha destinado al Ayuntamiento de La Villa y Puerto de Tazacorte<\/strong>, municipio de la provincia de Santa Cruz de Tenerife, ubicado en el oeste de la isla de La Palma, <strong>gravemente afectado por las consecuencias de la erupci\u00f3n en Cumbre Vieja<\/strong> que comenz\u00f3 el pasado 19 de septiembre y dur\u00f3 82 d\u00edas.<\/p>\n<p style=\"text-align: justify;\">El Ayuntamiento de este municipio ha informado que esta donaci\u00f3n <strong>se ha destinado a la reparaci\u00f3n de una red de agua potable<\/strong>, instalada entre Tazacorte y La Laguna. En concreto, se\u00f1ala que \u201c<em>se ha ejecutado un camino por encima de la lava para poder prestar servicio a una zona aislada entre coladas<\/em>\u201d.<\/p>\n<p style=\"text-align: justify;\">El director de contrataci\u00f3n y contabilidad de la Asociaci\u00f3n, <strong>Miguel Ferr\u00e1ndiz<\/strong>, que recientemente ha visitado el municipio afectado, <strong>afirma<\/strong> que \u201c<em>estamos encantados de haber puesto nuestro granito de arena a este territorio tan desolado, y comprobar que la m\u00fasica puede ser, tambi\u00e9n, un valioso veh\u00edculo para ayudar a cientos de damnificados por esta cat\u00e1strofe<\/em>\u201d.<\/p>\n<p style=\"text-align: justify;\">El Ayuntamiento de Tazacorte <strong>ha agradecido la solidaridad y apoyo de la asociaci\u00f3n cultural de Alcoy<\/strong>, a trav\u00e9s de su concejala de Hacienda y Seguridad, Mar\u00eda del Mar P\u00e9rez.<\/p>\n","protected":false},"excerpt":{"rendered":"<p>La Asociaci\u00f3n Amigos de la M\u00fasica de Alcoy ha donado a las v\u00edctimas del volc\u00e1n de La Palma 8.550 euros,&#8230;<\/p>\n","protected":false},"author":1,"featured_media":90096,"comment_status":"open","ping_status":"open","sticky":false,"template":"","format":"standard","meta":{"footnotes":""},"categories":[6909,97,78,75],"tags":[1494,9813,701,12310,1706,12992],"class_list":["post-90095","post","type-post","status-publish","format-standard","has-post-thumbnail","hentry","category-actualidad","category-alcoy","category-fiestaycultura","category-noticias","tag-alcoy","tag-amigos-de-la-musica","tag-concierto","tag-la-palma","tag-recaudacion","tag-volcan"],"yoast_head":"<!-- This site is optimized with the Yoast SEO plugin v27.3 - https:\/\/yoast.com\/product\/yoast-seo-wordpress\/ -->\n<title>Amigos de la M\u00fasica de Alcoy recauda 8.500 euros para La Palma - COPE Alcoy<\/title>\n<meta name=\"robots\" content=\"index, follow, max-snippet:-1, max-image-preview:large, max-video-preview:-1\" \/>\n<link rel=\"canonical\" href=\"https:\/\/www.copealcoy.es\/es\/amigos-de-la-musica-de-alcoy-recauda-8-500-euros-para-la-palma\/\" \/>\n<meta property=\"og:locale\" content=\"es_ES\" \/>\n<meta property=\"og:type\" content=\"article\" \/>\n<meta property=\"og:title\" content=\"Amigos de la M\u00fasica de Alcoy recauda 8.500 euros para La Palma - COPE Alcoy\" \/>\n<meta property=\"og:description\" content=\"La Asociaci\u00f3n Amigos de la M\u00fasica de Alcoy ha donado a las v\u00edctimas del volc\u00e1n de La Palma 8.550 euros,...\" \/>\n<meta property=\"og:url\" content=\"https:\/\/www.copealcoy.es\/es\/amigos-de-la-musica-de-alcoy-recauda-8-500-euros-para-la-palma\/\" \/>\n<meta property=\"og:site_name\" content=\"COPE Alcoy\" \/>\n<meta property=\"article:published_time\" content=\"2022-07-22T07:17:32+00:00\" \/>\n<meta property=\"article:modified_time\" content=\"2022-07-22T07:29:14+00:00\" \/>\n<meta property=\"og:image\" content=\"https:\/\/www.copealcoy.es\/wp-content\/uploads\/2022\/07\/3903_la-palma.jpg\" \/>\n\t<meta property=\"og:image:width\" content=\"980\" \/>\n\t<meta property=\"og:image:height\" content=\"551\" \/>\n\t<meta property=\"og:image:type\" content=\"image\/jpeg\" \/>\n<meta name=\"author\" content=\"Cope Alcoy\" \/>\n<meta name=\"twitter:label1\" content=\"Escrito por\" \/>\n\t<meta name=\"twitter:data1\" content=\"Cope Alcoy\" \/>\n\t<meta name=\"twitter:label2\" content=\"Tiempo de lectura\" \/>\n\t<meta name=\"twitter:data2\" content=\"2 minutos\" \/>\n<script type=\"application\/ld+json\" class=\"yoast-schema-graph\">{\"@context\":\"https:\\\/\\\/schema.org\",\"@graph\":[{\"@type\":\"Article\",\"@id\":\"https:\\\/\\\/www.copealcoy.es\\\/es\\\/amigos-de-la-musica-de-alcoy-recauda-8-500-euros-para-la-palma\\\/#article\",\"isPartOf\":{\"@id\":\"https:\\\/\\\/www.copealcoy.es\\\/es\\\/amigos-de-la-musica-de-alcoy-recauda-8-500-euros-para-la-palma\\\/\"},\"author\":{\"name\":\"Cope Alcoy\",\"@id\":\"https:\\\/\\\/www.copealcoy.es\\\/es\\\/#\\\/schema\\\/person\\\/e777c87fa024e57d40170af9df39882c\"},\"headline\":\"Amigos de la M\u00fasica de Alcoy recauda 8.500 euros para La Palma\",\"datePublished\":\"2022-07-22T07:17:32+00:00\",\"dateModified\":\"2022-07-22T07:29:14+00:00\",\"mainEntityOfPage\":{\"@id\":\"https:\\\/\\\/www.copealcoy.es\\\/es\\\/amigos-de-la-musica-de-alcoy-recauda-8-500-euros-para-la-palma\\\/\"},\"wordCount\":308,\"commentCount\":0,\"image\":{\"@id\":\"https:\\\/\\\/www.copealcoy.es\\\/es\\\/amigos-de-la-musica-de-alcoy-recauda-8-500-euros-para-la-palma\\\/#primaryimage\"},\"thumbnailUrl\":\"https:\\\/\\\/www.copealcoy.es\\\/wp-content\\\/uploads\\\/2022\\\/07\\\/3903_la-palma.jpg\",\"keywords\":[\"Alcoy\",\"Amigos de la M\u00fasica\",\"Concierto\",\"La Palma\",\"Recaudaci\u00f3n\",\"volc\u00e1n\"],\"articleSection\":[\"Actualidad\",\"Alcoy\",\"Fiesta y Cultura\",\"Noticias\"],\"inLanguage\":\"es\"},{\"@type\":\"WebPage\",\"@id\":\"https:\\\/\\\/www.copealcoy.es\\\/es\\\/amigos-de-la-musica-de-alcoy-recauda-8-500-euros-para-la-palma\\\/\",\"url\":\"https:\\\/\\\/www.copealcoy.es\\\/es\\\/amigos-de-la-musica-de-alcoy-recauda-8-500-euros-para-la-palma\\\/\",\"name\":\"Amigos de la M\u00fasica de Alcoy recauda 8.500 euros para La Palma - COPE Alcoy\",\"isPartOf\":{\"@id\":\"https:\\\/\\\/www.copealcoy.es\\\/es\\\/#website\"},\"primaryImageOfPage\":{\"@id\":\"https:\\\/\\\/www.copealcoy.es\\\/es\\\/amigos-de-la-musica-de-alcoy-recauda-8-500-euros-para-la-palma\\\/#primaryimage\"},\"image\":{\"@id\":\"https:\\\/\\\/www.copealcoy.es\\\/es\\\/amigos-de-la-musica-de-alcoy-recauda-8-500-euros-para-la-palma\\\/#primaryimage\"},\"thumbnailUrl\":\"https:\\\/\\\/www.copealcoy.es\\\/wp-content\\\/uploads\\\/2022\\\/07\\\/3903_la-palma.jpg\",\"datePublished\":\"2022-07-22T07:17:32+00:00\",\"dateModified\":\"2022-07-22T07:29:14+00:00\",\"author\":{\"@id\":\"https:\\\/\\\/www.copealcoy.es\\\/es\\\/#\\\/schema\\\/person\\\/e777c87fa024e57d40170af9df39882c\"},\"breadcrumb\":{\"@id\":\"https:\\\/\\\/www.copealcoy.es\\\/es\\\/amigos-de-la-musica-de-alcoy-recauda-8-500-euros-para-la-palma\\\/#breadcrumb\"},\"inLanguage\":\"es\",\"potentialAction\":[{\"@type\":\"ReadAction\",\"target\":[\"https:\\\/\\\/www.copealcoy.es\\\/es\\\/amigos-de-la-musica-de-alcoy-recauda-8-500-euros-para-la-palma\\\/\"]}]},{\"@type\":\"ImageObject\",\"inLanguage\":\"es\",\"@id\":\"https:\\\/\\\/www.copealcoy.es\\\/es\\\/amigos-de-la-musica-de-alcoy-recauda-8-500-euros-para-la-palma\\\/#primaryimage\",\"url\":\"https:\\\/\\\/www.copealcoy.es\\\/wp-content\\\/uploads\\\/2022\\\/07\\\/3903_la-palma.jpg\",\"contentUrl\":\"https:\\\/\\\/www.copealcoy.es\\\/wp-content\\\/uploads\\\/2022\\\/07\\\/3903_la-palma.jpg\",\"width\":980,\"height\":551},{\"@type\":\"BreadcrumbList\",\"@id\":\"https:\\\/\\\/www.copealcoy.es\\\/es\\\/amigos-de-la-musica-de-alcoy-recauda-8-500-euros-para-la-palma\\\/#breadcrumb\",\"itemListElement\":[{\"@type\":\"ListItem\",\"position\":1,\"name\":\"Portada\",\"item\":\"https:\\\/\\\/www.copealcoy.es\\\/es\\\/\"},{\"@type\":\"ListItem\",\"position\":2,\"name\":\"Amigos de la M\u00fasica de Alcoy recauda 8.500 euros para La Palma\"}]},{\"@type\":\"WebSite\",\"@id\":\"https:\\\/\\\/www.copealcoy.es\\\/es\\\/#website\",\"url\":\"https:\\\/\\\/www.copealcoy.es\\\/es\\\/\",\"name\":\"COPE Alcoy\",\"description\":\"Emisora COPE de radio local con emisi\u00f3n online. Pont de Sant Jordi 8-10 03803 Alcoy\",\"potentialAction\":[{\"@type\":\"SearchAction\",\"target\":{\"@type\":\"EntryPoint\",\"urlTemplate\":\"https:\\\/\\\/www.copealcoy.es\\\/es\\\/?s={search_term_string}\"},\"query-input\":{\"@type\":\"PropertyValueSpecification\",\"valueRequired\":true,\"valueName\":\"search_term_string\"}}],\"inLanguage\":\"es\"},{\"@type\":\"Person\",\"@id\":\"https:\\\/\\\/www.copealcoy.es\\\/es\\\/#\\\/schema\\\/person\\\/e777c87fa024e57d40170af9df39882c\",\"name\":\"Cope Alcoy\",\"image\":{\"@type\":\"ImageObject\",\"inLanguage\":\"es\",\"@id\":\"https:\\\/\\\/secure.gravatar.com\\\/avatar\\\/bb65d0283347e303893ba14f0692005417c1e0e690a325a4c5d8bb2b3943ee14?s=96&d=mm&r=g\",\"url\":\"https:\\\/\\\/secure.gravatar.com\\\/avatar\\\/bb65d0283347e303893ba14f0692005417c1e0e690a325a4c5d8bb2b3943ee14?s=96&d=mm&r=g\",\"contentUrl\":\"https:\\\/\\\/secure.gravatar.com\\\/avatar\\\/bb65d0283347e303893ba14f0692005417c1e0e690a325a4c5d8bb2b3943ee14?s=96&d=mm&r=g\",\"caption\":\"Cope Alcoy\"}}]}<\/script>\n<!-- \/ Yoast SEO plugin. -->","yoast_head_json":{"title":"Amigos de la M\u00fasica de Alcoy recauda 8.500 euros para La Palma - COPE Alcoy","robots":{"index":"index","follow":"follow","max-snippet":"max-snippet:-1","max-image-preview":"max-image-preview:large","max-video-preview":"max-video-preview:-1"},"canonical":"https:\/\/www.copealcoy.es\/es\/amigos-de-la-musica-de-alcoy-recauda-8-500-euros-para-la-palma\/","og_locale":"es_ES","og_type":"article","og_title":"Amigos de la M\u00fasica de Alcoy recauda 8.500 euros para La Palma - COPE Alcoy","og_description":"La Asociaci\u00f3n Amigos de la M\u00fasica de Alcoy ha donado a las v\u00edctimas del volc\u00e1n de La Palma 8.550 euros,...","og_url":"https:\/\/www.copealcoy.es\/es\/amigos-de-la-musica-de-alcoy-recauda-8-500-euros-para-la-palma\/","og_site_name":"COPE Alcoy","article_published_time":"2022-07-22T07:17:32+00:00","article_modified_time":"2022-07-22T07:29:14+00:00","og_image":[{"width":980,"height":551,"url":"https:\/\/www.copealcoy.es\/wp-content\/uploads\/2022\/07\/3903_la-palma.jpg","type":"image\/jpeg"}],"author":"Cope Alcoy","twitter_misc":{"Escrito por":"Cope Alcoy","Tiempo de lectura":"2 minutos"},"schema":{"@context":"https:\/\/schema.org","@graph":[{"@type":"Article","@id":"https:\/\/www.copealcoy.es\/es\/amigos-de-la-musica-de-alcoy-recauda-8-500-euros-para-la-palma\/#article","isPartOf":{"@id":"https:\/\/www.copealcoy.es\/es\/amigos-de-la-musica-de-alcoy-recauda-8-500-euros-para-la-palma\/"},"author":{"name":"Cope Alcoy","@id":"https:\/\/www.copealcoy.es\/es\/#\/schema\/person\/e777c87fa024e57d40170af9df39882c"},"headline":"Amigos de la M\u00fasica de Alcoy recauda 8.500 euros para La Palma","datePublished":"2022-07-22T07:17:32+00:00","dateModified":"2022-07-22T07:29:14+00:00","mainEntityOfPage":{"@id":"https:\/\/www.copealcoy.es\/es\/amigos-de-la-musica-de-alcoy-recauda-8-500-euros-para-la-palma\/"},"wordCount":308,"commentCount":0,"image":{"@id":"https:\/\/www.copealcoy.es\/es\/amigos-de-la-musica-de-alcoy-recauda-8-500-euros-para-la-palma\/#primaryimage"},"thumbnailUrl":"https:\/\/www.copealcoy.es\/wp-content\/uploads\/2022\/07\/3903_la-palma.jpg","keywords":["Alcoy","Amigos de la M\u00fasica","Concierto","La Palma","Recaudaci\u00f3n","volc\u00e1n"],"articleSection":["Actualidad","Alcoy","Fiesta y Cultura","Noticias"],"inLanguage":"es"},{"@type":"WebPage","@id":"https:\/\/www.copealcoy.es\/es\/amigos-de-la-musica-de-alcoy-recauda-8-500-euros-para-la-palma\/","url":"https:\/\/www.copealcoy.es\/es\/amigos-de-la-musica-de-alcoy-recauda-8-500-euros-para-la-palma\/","name":"Amigos de la M\u00fasica de Alcoy recauda 8.500 euros para La Palma - COPE Alcoy","isPartOf":{"@id":"https:\/\/www.copealcoy.es\/es\/#website"},"primaryImageOfPage":{"@id":"https:\/\/www.copealcoy.es\/es\/amigos-de-la-musica-de-alcoy-recauda-8-500-euros-para-la-palma\/#primaryimage"},"image":{"@id":"https:\/\/www.copealcoy.es\/es\/amigos-de-la-musica-de-alcoy-recauda-8-500-euros-para-la-palma\/#primaryimage"},"thumbnailUrl":"https:\/\/www.copealcoy.es\/wp-content\/uploads\/2022\/07\/3903_la-palma.jpg","datePublished":"2022-07-22T07:17:32+00:00","dateModified":"2022-07-22T07:29:14+00:00","author":{"@id":"https:\/\/www.copealcoy.es\/es\/#\/schema\/person\/e777c87fa024e57d40170af9df39882c"},"breadcrumb":{"@id":"https:\/\/www.copealcoy.es\/es\/amigos-de-la-musica-de-alcoy-recauda-8-500-euros-para-la-palma\/#breadcrumb"},"inLanguage":"es","potentialAction":[{"@type":"ReadAction","target":["https:\/\/www.copealcoy.es\/es\/amigos-de-la-musica-de-alcoy-recauda-8-500-euros-para-la-palma\/"]}]},{"@type":"ImageObject","inLanguage":"es","@id":"https:\/\/www.copealcoy.es\/es\/amigos-de-la-musica-de-alcoy-recauda-8-500-euros-para-la-palma\/#primaryimage","url":"https:\/\/www.copealcoy.es\/wp-content\/uploads\/2022\/07\/3903_la-palma.jpg","contentUrl":"https:\/\/www.copealcoy.es\/wp-content\/uploads\/2022\/07\/3903_la-palma.jpg","width":980,"height":551},{"@type":"BreadcrumbList","@id":"https:\/\/www.copealcoy.es\/es\/amigos-de-la-musica-de-alcoy-recauda-8-500-euros-para-la-palma\/#breadcrumb","itemListElement":[{"@type":"ListItem","position":1,"name":"Portada","item":"https:\/\/www.copealcoy.es\/es\/"},{"@type":"ListItem","position":2,"name":"Amigos de la M\u00fasica de Alcoy recauda 8.500 euros para La Palma"}]},{"@type":"WebSite","@id":"https:\/\/www.copealcoy.es\/es\/#website","url":"https:\/\/www.copealcoy.es\/es\/","name":"COPE Alcoy","description":"Emisora COPE de radio local con emisi\u00f3n online. Pont de Sant Jordi 8-10 03803 Alcoy","potentialAction":[{"@type":"SearchAction","target":{"@type":"EntryPoint","urlTemplate":"https:\/\/www.copealcoy.es\/es\/?s={search_term_string}"},"query-input":{"@type":"PropertyValueSpecification","valueRequired":true,"valueName":"search_term_string"}}],"inLanguage":"es"},{"@type":"Person","@id":"https:\/\/www.copealcoy.es\/es\/#\/schema\/person\/e777c87fa024e57d40170af9df39882c","name":"Cope Alcoy","image":{"@type":"ImageObject","inLanguage":"es","@id":"https:\/\/secure.gravatar.com\/avatar\/bb65d0283347e303893ba14f0692005417c1e0e690a325a4c5d8bb2b3943ee14?s=96&d=mm&r=g","url":"https:\/\/secure.gravatar.com\/avatar\/bb65d0283347e303893ba14f0692005417c1e0e690a325a4c5d8bb2b3943ee14?s=96&d=mm&r=g","contentUrl":"https:\/\/secure.gravatar.com\/avatar\/bb65d0283347e303893ba14f0692005417c1e0e690a325a4c5d8bb2b3943ee14?s=96&d=mm&r=g","caption":"Cope Alcoy"}}]}},"_links":{"self":[{"href":"https:\/\/www.copealcoy.es\/es\/wp-json\/wp\/v2\/posts\/90095","targetHints":{"allow":["GET"]}}],"collection":[{"href":"https:\/\/www.copealcoy.es\/es\/wp-json\/wp\/v2\/posts"}],"about":[{"href":"https:\/\/www.copealcoy.es\/es\/wp-json\/wp\/v2\/types\/post"}],"author":[{"embeddable":true,"href":"https:\/\/www.copealcoy.es\/es\/wp-json\/wp\/v2\/users\/1"}],"replies":[{"embeddable":true,"href":"https:\/\/www.copealcoy.es\/es\/wp-json\/wp\/v2\/comments?post=90095"}],"version-history":[{"count":0,"href":"https:\/\/www.copealcoy.es\/es\/wp-json\/wp\/v2\/posts\/90095\/revisions"}],"wp:featuredmedia":[{"embeddable":true,"href":"https:\/\/www.copealcoy.es\/es\/wp-json\/wp\/v2\/media\/90096"}],"wp:attachment":[{"href":"https:\/\/www.copealcoy.es\/es\/wp-json\/wp\/v2\/media?parent=90095"}],"wp:term":[{"taxonomy":"category","embeddable":true,"href":"https:\/\/www.copealcoy.es\/es\/wp-json\/wp\/v2\/categories?post=90095"},{"taxonomy":"post_tag","embeddable":true,"href":"https:\/\/www.copealcoy.es\/es\/wp-json\/wp\/v2\/tags?post=90095"}],"curies":[{"name":"wp","href":"https:\/\/api.w.org\/{rel}","templated":true}]}}