{"id":90091,"date":"2022-07-22T07:51:03","date_gmt":"2022-07-22T06:51:03","guid":{"rendered":"https:\/\/www.copealcoy.es\/?p=90091"},"modified":"2022-07-22T08:01:52","modified_gmt":"2022-07-22T07:01:52","slug":"una-nueva-oportunidad-para-conocer-los-toques-tradicionales-de-las-campanas-del-comtat","status":"publish","type":"post","link":"https:\/\/www.copealcoy.es\/es\/una-nueva-oportunidad-para-conocer-los-toques-tradicionales-de-las-campanas-del-comtat\/","title":{"rendered":"Una nueva oportunidad para conocer los toques tradicionales de las campanas del Comtat"},"content":{"rendered":"<p style=\"text-align: justify;\">La <strong>Colla de Campaners del Comtat<\/strong> ha preparado de nuevo <strong>una interesante actividad pera este verano<\/strong>. Se trata de l<strong>as rutas para descubrir los toques tradicionales de campanas de nuestras comarcas<\/strong> con la posibilidad tambi\u00e9n de <strong>visitar por dentro los campanarios<\/strong> de nuestros municipios.<\/p>\n<p style=\"text-align: justify;\">Esta iniciativa <strong>cuenta con el respaldo de la Mancomunitat de l&#8217;Alcoi\u00e0 i el Comtat<\/strong> y <strong>la primera cita tendr\u00e1 lugar este viernes<\/strong> a partir de las 19:30h en <strong>Benimarfull<\/strong>. En este campanario destaca <strong>la restauraci\u00f3n de las campanas<\/strong>, efectuada recientemente, y <strong>los documentos hist\u00f3ricos de 1862 que reflejan como se cre\u00f3 una campana grande coincidiendo con el II Centenario de la Fiesta del Trisagio<\/strong> &#8220;<em>e incluso se explica como se habl\u00f3 con un m\u00fasico de la banda de Planes para que fuera al pueblo y escuchara las tres campanas existentes con el fin de que la nueva encajara con las que ya hab\u00eda<\/em>&#8220;, afirmaba en COPE ALCOY <strong>Josep Jord\u00e0<\/strong>; miembro de Campaners del Comtat. La siguiente visita <strong>ser\u00e1 el 14 de agosto a partir de las 11:00h en la Ermita del Sant\u00edsimo Cristo de Beniarr\u00e9s<\/strong>, lugar que todav\u00eda conserva <strong>el toque manual de los bronces<\/strong>, y ya <strong>el 4 de agosto a las 10:00h la ruta ser\u00e1 en Gorga<\/strong> cuyas campanas <strong>destacan por su car\u00e1cter hist\u00f3rico<\/strong> siendo la m\u00e1s antigua del Siglo XVIII.<\/p>\n<p style=\"text-align: justify;\">Para participar en las rutas <strong>es necesaria la inscripci\u00f3n previa<\/strong> en el formulario habilitado en l\u00ednea para este mismo fin. Lo <strong>puedes encontrar<\/strong> <a href=\"https:\/\/lamancomunitat.org\/rutes-guiades-20mils-2022\/\"><strong><span style=\"color: #0000ff;\">en la misma p\u00e1gina web de la Mancomunitat<\/span><\/strong><\/a>.<\/p>\n","protected":false},"excerpt":{"rendered":"<p>La Colla de Campaners del Comtat ha preparado de nuevo una interesante actividad pera este verano. Se trata de las&#8230;<\/p>\n","protected":false},"author":1,"featured_media":53835,"comment_status":"open","ping_status":"open","sticky":false,"template":"","format":"standard","meta":{"footnotes":""},"categories":[98,75],"tags":[6981,11094,12991,1745,12990],"class_list":["post-90091","post","type-post","status-publish","format-standard","has-post-thumbnail","hentry","category-comarcas","category-noticias","tag-campaners-del-comtat","tag-colla-de-campaners-del-comtat","tag-josep-jorda","tag-mancomunitat","tag-toques-tradicionales-de-campanas"],"yoast_head":"<!-- This site is optimized with the Yoast SEO plugin v27.3 - https:\/\/yoast.com\/product\/yoast-seo-wordpress\/ -->\n<title>Una nueva oportunidad para conocer los toques tradicionales de las campanas del Comtat - COPE Alcoy<\/title>\n<meta name=\"robots\" content=\"index, follow, max-snippet:-1, max-image-preview:large, max-video-preview:-1\" \/>\n<link rel=\"canonical\" href=\"https:\/\/www.copealcoy.es\/es\/una-nueva-oportunidad-para-conocer-los-toques-tradicionales-de-las-campanas-del-comtat\/\" \/>\n<meta property=\"og:locale\" content=\"es_ES\" \/>\n<meta property=\"og:type\" content=\"article\" \/>\n<meta property=\"og:title\" content=\"Una nueva oportunidad para conocer los toques tradicionales de las campanas del Comtat - COPE Alcoy\" \/>\n<meta property=\"og:description\" content=\"La Colla de Campaners del Comtat ha preparado de nuevo una interesante actividad pera este verano. Se trata de las...\" \/>\n<meta property=\"og:url\" content=\"https:\/\/www.copealcoy.es\/es\/una-nueva-oportunidad-para-conocer-los-toques-tradicionales-de-las-campanas-del-comtat\/\" \/>\n<meta property=\"og:site_name\" content=\"COPE Alcoy\" \/>\n<meta property=\"article:published_time\" content=\"2022-07-22T06:51:03+00:00\" \/>\n<meta property=\"article:modified_time\" content=\"2022-07-22T07:01:52+00:00\" \/>\n<meta property=\"og:image\" content=\"https:\/\/www.copealcoy.es\/wp-content\/uploads\/2019\/08\/casa-de-pueblo_3165919_19420488_xl-1.jpg\" \/>\n\t<meta property=\"og:image:width\" content=\"750\" \/>\n\t<meta property=\"og:image:height\" content=\"421\" \/>\n\t<meta property=\"og:image:type\" content=\"image\/jpeg\" \/>\n<meta name=\"author\" content=\"Cope Alcoy\" \/>\n<meta name=\"twitter:label1\" content=\"Escrito por\" \/>\n\t<meta name=\"twitter:data1\" content=\"Cope Alcoy\" \/>\n\t<meta name=\"twitter:label2\" content=\"Tiempo de lectura\" \/>\n\t<meta name=\"twitter:data2\" content=\"2 minutos\" \/>\n<script type=\"application\/ld+json\" class=\"yoast-schema-graph\">{\"@context\":\"https:\\\/\\\/schema.org\",\"@graph\":[{\"@type\":\"Article\",\"@id\":\"https:\\\/\\\/www.copealcoy.es\\\/es\\\/una-nueva-oportunidad-para-conocer-los-toques-tradicionales-de-las-campanas-del-comtat\\\/#article\",\"isPartOf\":{\"@id\":\"https:\\\/\\\/www.copealcoy.es\\\/es\\\/una-nueva-oportunidad-para-conocer-los-toques-tradicionales-de-las-campanas-del-comtat\\\/\"},\"author\":{\"name\":\"Cope Alcoy\",\"@id\":\"https:\\\/\\\/www.copealcoy.es\\\/es\\\/#\\\/schema\\\/person\\\/e777c87fa024e57d40170af9df39882c\"},\"headline\":\"Una nueva oportunidad para conocer los toques tradicionales de las campanas del Comtat\",\"datePublished\":\"2022-07-22T06:51:03+00:00\",\"dateModified\":\"2022-07-22T07:01:52+00:00\",\"mainEntityOfPage\":{\"@id\":\"https:\\\/\\\/www.copealcoy.es\\\/es\\\/una-nueva-oportunidad-para-conocer-los-toques-tradicionales-de-las-campanas-del-comtat\\\/\"},\"wordCount\":273,\"commentCount\":0,\"image\":{\"@id\":\"https:\\\/\\\/www.copealcoy.es\\\/es\\\/una-nueva-oportunidad-para-conocer-los-toques-tradicionales-de-las-campanas-del-comtat\\\/#primaryimage\"},\"thumbnailUrl\":\"https:\\\/\\\/www.copealcoy.es\\\/wp-content\\\/uploads\\\/2019\\\/08\\\/casa-de-pueblo_3165919_19420488_xl-1.jpg\",\"keywords\":[\"Campaners del Comtat\",\"Colla de Campaners del Comtat\",\"Josep Jord\u00e0\",\"Mancomunitat\",\"toques tradicionales de campanas\"],\"articleSection\":[\"Comarcas\",\"Noticias\"],\"inLanguage\":\"es\"},{\"@type\":\"WebPage\",\"@id\":\"https:\\\/\\\/www.copealcoy.es\\\/es\\\/una-nueva-oportunidad-para-conocer-los-toques-tradicionales-de-las-campanas-del-comtat\\\/\",\"url\":\"https:\\\/\\\/www.copealcoy.es\\\/es\\\/una-nueva-oportunidad-para-conocer-los-toques-tradicionales-de-las-campanas-del-comtat\\\/\",\"name\":\"Una nueva oportunidad para conocer los toques tradicionales de las campanas del Comtat - COPE Alcoy\",\"isPartOf\":{\"@id\":\"https:\\\/\\\/www.copealcoy.es\\\/es\\\/#website\"},\"primaryImageOfPage\":{\"@id\":\"https:\\\/\\\/www.copealcoy.es\\\/es\\\/una-nueva-oportunidad-para-conocer-los-toques-tradicionales-de-las-campanas-del-comtat\\\/#primaryimage\"},\"image\":{\"@id\":\"https:\\\/\\\/www.copealcoy.es\\\/es\\\/una-nueva-oportunidad-para-conocer-los-toques-tradicionales-de-las-campanas-del-comtat\\\/#primaryimage\"},\"thumbnailUrl\":\"https:\\\/\\\/www.copealcoy.es\\\/wp-content\\\/uploads\\\/2019\\\/08\\\/casa-de-pueblo_3165919_19420488_xl-1.jpg\",\"datePublished\":\"2022-07-22T06:51:03+00:00\",\"dateModified\":\"2022-07-22T07:01:52+00:00\",\"author\":{\"@id\":\"https:\\\/\\\/www.copealcoy.es\\\/es\\\/#\\\/schema\\\/person\\\/e777c87fa024e57d40170af9df39882c\"},\"breadcrumb\":{\"@id\":\"https:\\\/\\\/www.copealcoy.es\\\/es\\\/una-nueva-oportunidad-para-conocer-los-toques-tradicionales-de-las-campanas-del-comtat\\\/#breadcrumb\"},\"inLanguage\":\"es\",\"potentialAction\":[{\"@type\":\"ReadAction\",\"target\":[\"https:\\\/\\\/www.copealcoy.es\\\/es\\\/una-nueva-oportunidad-para-conocer-los-toques-tradicionales-de-las-campanas-del-comtat\\\/\"]}]},{\"@type\":\"ImageObject\",\"inLanguage\":\"es\",\"@id\":\"https:\\\/\\\/www.copealcoy.es\\\/es\\\/una-nueva-oportunidad-para-conocer-los-toques-tradicionales-de-las-campanas-del-comtat\\\/#primaryimage\",\"url\":\"https:\\\/\\\/www.copealcoy.es\\\/wp-content\\\/uploads\\\/2019\\\/08\\\/casa-de-pueblo_3165919_19420488_xl-1.jpg\",\"contentUrl\":\"https:\\\/\\\/www.copealcoy.es\\\/wp-content\\\/uploads\\\/2019\\\/08\\\/casa-de-pueblo_3165919_19420488_xl-1.jpg\",\"width\":750,\"height\":421},{\"@type\":\"BreadcrumbList\",\"@id\":\"https:\\\/\\\/www.copealcoy.es\\\/es\\\/una-nueva-oportunidad-para-conocer-los-toques-tradicionales-de-las-campanas-del-comtat\\\/#breadcrumb\",\"itemListElement\":[{\"@type\":\"ListItem\",\"position\":1,\"name\":\"Portada\",\"item\":\"https:\\\/\\\/www.copealcoy.es\\\/es\\\/\"},{\"@type\":\"ListItem\",\"position\":2,\"name\":\"Una nueva oportunidad para conocer los toques tradicionales de las campanas del Comtat\"}]},{\"@type\":\"WebSite\",\"@id\":\"https:\\\/\\\/www.copealcoy.es\\\/es\\\/#website\",\"url\":\"https:\\\/\\\/www.copealcoy.es\\\/es\\\/\",\"name\":\"COPE Alcoy\",\"description\":\"Emisora COPE de radio local con emisi\u00f3n online. Pont de Sant Jordi 8-10 03803 Alcoy\",\"potentialAction\":[{\"@type\":\"SearchAction\",\"target\":{\"@type\":\"EntryPoint\",\"urlTemplate\":\"https:\\\/\\\/www.copealcoy.es\\\/es\\\/?s={search_term_string}\"},\"query-input\":{\"@type\":\"PropertyValueSpecification\",\"valueRequired\":true,\"valueName\":\"search_term_string\"}}],\"inLanguage\":\"es\"},{\"@type\":\"Person\",\"@id\":\"https:\\\/\\\/www.copealcoy.es\\\/es\\\/#\\\/schema\\\/person\\\/e777c87fa024e57d40170af9df39882c\",\"name\":\"Cope Alcoy\",\"image\":{\"@type\":\"ImageObject\",\"inLanguage\":\"es\",\"@id\":\"https:\\\/\\\/secure.gravatar.com\\\/avatar\\\/bb65d0283347e303893ba14f0692005417c1e0e690a325a4c5d8bb2b3943ee14?s=96&d=mm&r=g\",\"url\":\"https:\\\/\\\/secure.gravatar.com\\\/avatar\\\/bb65d0283347e303893ba14f0692005417c1e0e690a325a4c5d8bb2b3943ee14?s=96&d=mm&r=g\",\"contentUrl\":\"https:\\\/\\\/secure.gravatar.com\\\/avatar\\\/bb65d0283347e303893ba14f0692005417c1e0e690a325a4c5d8bb2b3943ee14?s=96&d=mm&r=g\",\"caption\":\"Cope Alcoy\"}}]}<\/script>\n<!-- \/ Yoast SEO plugin. -->","yoast_head_json":{"title":"Una nueva oportunidad para conocer los toques tradicionales de las campanas del Comtat - COPE Alcoy","robots":{"index":"index","follow":"follow","max-snippet":"max-snippet:-1","max-image-preview":"max-image-preview:large","max-video-preview":"max-video-preview:-1"},"canonical":"https:\/\/www.copealcoy.es\/es\/una-nueva-oportunidad-para-conocer-los-toques-tradicionales-de-las-campanas-del-comtat\/","og_locale":"es_ES","og_type":"article","og_title":"Una nueva oportunidad para conocer los toques tradicionales de las campanas del Comtat - COPE Alcoy","og_description":"La Colla de Campaners del Comtat ha preparado de nuevo una interesante actividad pera este verano. Se trata de las...","og_url":"https:\/\/www.copealcoy.es\/es\/una-nueva-oportunidad-para-conocer-los-toques-tradicionales-de-las-campanas-del-comtat\/","og_site_name":"COPE Alcoy","article_published_time":"2022-07-22T06:51:03+00:00","article_modified_time":"2022-07-22T07:01:52+00:00","og_image":[{"width":750,"height":421,"url":"https:\/\/www.copealcoy.es\/wp-content\/uploads\/2019\/08\/casa-de-pueblo_3165919_19420488_xl-1.jpg","type":"image\/jpeg"}],"author":"Cope Alcoy","twitter_misc":{"Escrito por":"Cope Alcoy","Tiempo de lectura":"2 minutos"},"schema":{"@context":"https:\/\/schema.org","@graph":[{"@type":"Article","@id":"https:\/\/www.copealcoy.es\/es\/una-nueva-oportunidad-para-conocer-los-toques-tradicionales-de-las-campanas-del-comtat\/#article","isPartOf":{"@id":"https:\/\/www.copealcoy.es\/es\/una-nueva-oportunidad-para-conocer-los-toques-tradicionales-de-las-campanas-del-comtat\/"},"author":{"name":"Cope Alcoy","@id":"https:\/\/www.copealcoy.es\/es\/#\/schema\/person\/e777c87fa024e57d40170af9df39882c"},"headline":"Una nueva oportunidad para conocer los toques tradicionales de las campanas del Comtat","datePublished":"2022-07-22T06:51:03+00:00","dateModified":"2022-07-22T07:01:52+00:00","mainEntityOfPage":{"@id":"https:\/\/www.copealcoy.es\/es\/una-nueva-oportunidad-para-conocer-los-toques-tradicionales-de-las-campanas-del-comtat\/"},"wordCount":273,"commentCount":0,"image":{"@id":"https:\/\/www.copealcoy.es\/es\/una-nueva-oportunidad-para-conocer-los-toques-tradicionales-de-las-campanas-del-comtat\/#primaryimage"},"thumbnailUrl":"https:\/\/www.copealcoy.es\/wp-content\/uploads\/2019\/08\/casa-de-pueblo_3165919_19420488_xl-1.jpg","keywords":["Campaners del Comtat","Colla de Campaners del Comtat","Josep Jord\u00e0","Mancomunitat","toques tradicionales de campanas"],"articleSection":["Comarcas","Noticias"],"inLanguage":"es"},{"@type":"WebPage","@id":"https:\/\/www.copealcoy.es\/es\/una-nueva-oportunidad-para-conocer-los-toques-tradicionales-de-las-campanas-del-comtat\/","url":"https:\/\/www.copealcoy.es\/es\/una-nueva-oportunidad-para-conocer-los-toques-tradicionales-de-las-campanas-del-comtat\/","name":"Una nueva oportunidad para conocer los toques tradicionales de las campanas del Comtat - COPE Alcoy","isPartOf":{"@id":"https:\/\/www.copealcoy.es\/es\/#website"},"primaryImageOfPage":{"@id":"https:\/\/www.copealcoy.es\/es\/una-nueva-oportunidad-para-conocer-los-toques-tradicionales-de-las-campanas-del-comtat\/#primaryimage"},"image":{"@id":"https:\/\/www.copealcoy.es\/es\/una-nueva-oportunidad-para-conocer-los-toques-tradicionales-de-las-campanas-del-comtat\/#primaryimage"},"thumbnailUrl":"https:\/\/www.copealcoy.es\/wp-content\/uploads\/2019\/08\/casa-de-pueblo_3165919_19420488_xl-1.jpg","datePublished":"2022-07-22T06:51:03+00:00","dateModified":"2022-07-22T07:01:52+00:00","author":{"@id":"https:\/\/www.copealcoy.es\/es\/#\/schema\/person\/e777c87fa024e57d40170af9df39882c"},"breadcrumb":{"@id":"https:\/\/www.copealcoy.es\/es\/una-nueva-oportunidad-para-conocer-los-toques-tradicionales-de-las-campanas-del-comtat\/#breadcrumb"},"inLanguage":"es","potentialAction":[{"@type":"ReadAction","target":["https:\/\/www.copealcoy.es\/es\/una-nueva-oportunidad-para-conocer-los-toques-tradicionales-de-las-campanas-del-comtat\/"]}]},{"@type":"ImageObject","inLanguage":"es","@id":"https:\/\/www.copealcoy.es\/es\/una-nueva-oportunidad-para-conocer-los-toques-tradicionales-de-las-campanas-del-comtat\/#primaryimage","url":"https:\/\/www.copealcoy.es\/wp-content\/uploads\/2019\/08\/casa-de-pueblo_3165919_19420488_xl-1.jpg","contentUrl":"https:\/\/www.copealcoy.es\/wp-content\/uploads\/2019\/08\/casa-de-pueblo_3165919_19420488_xl-1.jpg","width":750,"height":421},{"@type":"BreadcrumbList","@id":"https:\/\/www.copealcoy.es\/es\/una-nueva-oportunidad-para-conocer-los-toques-tradicionales-de-las-campanas-del-comtat\/#breadcrumb","itemListElement":[{"@type":"ListItem","position":1,"name":"Portada","item":"https:\/\/www.copealcoy.es\/es\/"},{"@type":"ListItem","position":2,"name":"Una nueva oportunidad para conocer los toques tradicionales de las campanas del Comtat"}]},{"@type":"WebSite","@id":"https:\/\/www.copealcoy.es\/es\/#website","url":"https:\/\/www.copealcoy.es\/es\/","name":"COPE Alcoy","description":"Emisora COPE de radio local con emisi\u00f3n online. Pont de Sant Jordi 8-10 03803 Alcoy","potentialAction":[{"@type":"SearchAction","target":{"@type":"EntryPoint","urlTemplate":"https:\/\/www.copealcoy.es\/es\/?s={search_term_string}"},"query-input":{"@type":"PropertyValueSpecification","valueRequired":true,"valueName":"search_term_string"}}],"inLanguage":"es"},{"@type":"Person","@id":"https:\/\/www.copealcoy.es\/es\/#\/schema\/person\/e777c87fa024e57d40170af9df39882c","name":"Cope Alcoy","image":{"@type":"ImageObject","inLanguage":"es","@id":"https:\/\/secure.gravatar.com\/avatar\/bb65d0283347e303893ba14f0692005417c1e0e690a325a4c5d8bb2b3943ee14?s=96&d=mm&r=g","url":"https:\/\/secure.gravatar.com\/avatar\/bb65d0283347e303893ba14f0692005417c1e0e690a325a4c5d8bb2b3943ee14?s=96&d=mm&r=g","contentUrl":"https:\/\/secure.gravatar.com\/avatar\/bb65d0283347e303893ba14f0692005417c1e0e690a325a4c5d8bb2b3943ee14?s=96&d=mm&r=g","caption":"Cope Alcoy"}}]}},"_links":{"self":[{"href":"https:\/\/www.copealcoy.es\/es\/wp-json\/wp\/v2\/posts\/90091","targetHints":{"allow":["GET"]}}],"collection":[{"href":"https:\/\/www.copealcoy.es\/es\/wp-json\/wp\/v2\/posts"}],"about":[{"href":"https:\/\/www.copealcoy.es\/es\/wp-json\/wp\/v2\/types\/post"}],"author":[{"embeddable":true,"href":"https:\/\/www.copealcoy.es\/es\/wp-json\/wp\/v2\/users\/1"}],"replies":[{"embeddable":true,"href":"https:\/\/www.copealcoy.es\/es\/wp-json\/wp\/v2\/comments?post=90091"}],"version-history":[{"count":0,"href":"https:\/\/www.copealcoy.es\/es\/wp-json\/wp\/v2\/posts\/90091\/revisions"}],"wp:featuredmedia":[{"embeddable":true,"href":"https:\/\/www.copealcoy.es\/es\/wp-json\/wp\/v2\/media\/53835"}],"wp:attachment":[{"href":"https:\/\/www.copealcoy.es\/es\/wp-json\/wp\/v2\/media?parent=90091"}],"wp:term":[{"taxonomy":"category","embeddable":true,"href":"https:\/\/www.copealcoy.es\/es\/wp-json\/wp\/v2\/categories?post=90091"},{"taxonomy":"post_tag","embeddable":true,"href":"https:\/\/www.copealcoy.es\/es\/wp-json\/wp\/v2\/tags?post=90091"}],"curies":[{"name":"wp","href":"https:\/\/api.w.org\/{rel}","templated":true}]}}