{"id":90034,"date":"2022-07-20T20:02:33","date_gmt":"2022-07-20T19:02:33","guid":{"rendered":"https:\/\/www.copealcoy.es\/?p=90034"},"modified":"2022-07-20T20:03:50","modified_gmt":"2022-07-20T19:03:50","slug":"la-primitiva-vuelve-a-ofrecernos-un-concierto-de-pelicula","status":"publish","type":"post","link":"https:\/\/www.copealcoy.es\/es\/la-primitiva-vuelve-a-ofrecernos-un-concierto-de-pelicula\/","title":{"rendered":"La Primitiva vuelve a ofrecernos un concierto de pel\u00edcula"},"content":{"rendered":"<p style=\"text-align: justify;\">El <strong>anfiteatro de la Zona Norte de Alcoy<\/strong> acoger\u00e1 este pr\u00f3ximo s\u00e1bado <strong>una interesante propuesta musical<\/strong> de la mano de La Primitiva. Se trata de un concierto en el que <strong>las bandas sonoras de pel\u00edculas<\/strong> ser\u00e1n las protagonistas, una iniciativa cultural que <strong>se enmarca dentro de la campa\u00f1a titulada\u00a0<\/strong><em><strong>Musica als pobles<\/strong> <\/em>que promueven desde organismos como la Diputaci\u00f3n de Alicante. La cita es gratuita y en COPE ALCOY <strong>nos han contado todos los detalles de la misma dos de los integrantes de La Primitiva<\/strong>, <strong>Eduard terol y Pablo Mart\u00ednez<\/strong>. Aqu\u00ed lo puedes escuchar:<\/p>\n<p><iframe loading=\"lazy\" title=\"Mediod\u00eda Cope Alcoy Mi\u00e9rcoles 20 De Julio 2022 (13:50h)\" width=\"100%\" height=\"120\" src=\"https:\/\/www.mixcloud.com\/widget\/iframe\/?feed=https%3A%2F%2Fwww.mixcloud.com%2FCOPEAlcoy%2Fmediod%25C3%25ADa-cope-alcoy-mi%25C3%25A9rcoles-19-de-julio-2022-1350h%2F&amp;hide_cover=1\" frameborder=\"0\"><\/iframe><\/p>\n","protected":false},"excerpt":{"rendered":"<p>El anfiteatro de la Zona Norte de Alcoy acoger\u00e1 este pr\u00f3ximo s\u00e1bado una interesante propuesta musical de la mano de&#8230;<\/p>\n","protected":false},"author":1,"featured_media":90035,"comment_status":"open","ping_status":"open","sticky":false,"template":"","format":"standard","meta":{"footnotes":""},"categories":[6909,97,78,75],"tags":[4436,701,12986,12987,2033],"class_list":["post-90034","post","type-post","status-publish","format-standard","has-post-thumbnail","hentry","category-actualidad","category-alcoy","category-fiestaycultura","category-noticias","tag-anfiteatro-zona-norte","tag-concierto","tag-eduard-terol","tag-pablo-martinez","tag-primitiva"],"yoast_head":"<!-- This site is optimized with the Yoast SEO plugin v27.3 - https:\/\/yoast.com\/product\/yoast-seo-wordpress\/ -->\n<title>La Primitiva vuelve a ofrecernos un concierto de pel\u00edcula - COPE Alcoy<\/title>\n<meta name=\"robots\" content=\"index, follow, max-snippet:-1, max-image-preview:large, max-video-preview:-1\" \/>\n<link rel=\"canonical\" href=\"https:\/\/www.copealcoy.es\/es\/la-primitiva-vuelve-a-ofrecernos-un-concierto-de-pelicula\/\" \/>\n<meta property=\"og:locale\" content=\"es_ES\" \/>\n<meta property=\"og:type\" content=\"article\" \/>\n<meta property=\"og:title\" content=\"La Primitiva vuelve a ofrecernos un concierto de pel\u00edcula - COPE Alcoy\" \/>\n<meta property=\"og:description\" content=\"El anfiteatro de la Zona Norte de Alcoy acoger\u00e1 este pr\u00f3ximo s\u00e1bado una interesante propuesta musical de la mano de...\" \/>\n<meta property=\"og:url\" content=\"https:\/\/www.copealcoy.es\/es\/la-primitiva-vuelve-a-ofrecernos-un-concierto-de-pelicula\/\" \/>\n<meta property=\"og:site_name\" content=\"COPE Alcoy\" \/>\n<meta property=\"article:published_time\" content=\"2022-07-20T19:02:33+00:00\" \/>\n<meta property=\"article:modified_time\" content=\"2022-07-20T19:03:50+00:00\" \/>\n<meta property=\"og:image\" content=\"https:\/\/www.copealcoy.es\/wp-content\/uploads\/2022\/07\/unnamed-17-scaled-e1658343430508.jpg\" \/>\n\t<meta property=\"og:image:width\" content=\"640\" \/>\n\t<meta property=\"og:image:height\" content=\"480\" \/>\n\t<meta property=\"og:image:type\" content=\"image\/jpeg\" \/>\n<meta name=\"author\" content=\"Cope Alcoy\" \/>\n<meta name=\"twitter:label1\" content=\"Escrito por\" \/>\n\t<meta name=\"twitter:data1\" content=\"Cope Alcoy\" \/>\n\t<meta name=\"twitter:label2\" content=\"Tiempo de lectura\" \/>\n\t<meta name=\"twitter:data2\" content=\"1 minuto\" \/>\n<script type=\"application\/ld+json\" class=\"yoast-schema-graph\">{\"@context\":\"https:\\\/\\\/schema.org\",\"@graph\":[{\"@type\":\"Article\",\"@id\":\"https:\\\/\\\/www.copealcoy.es\\\/es\\\/la-primitiva-vuelve-a-ofrecernos-un-concierto-de-pelicula\\\/#article\",\"isPartOf\":{\"@id\":\"https:\\\/\\\/www.copealcoy.es\\\/es\\\/la-primitiva-vuelve-a-ofrecernos-un-concierto-de-pelicula\\\/\"},\"author\":{\"name\":\"Cope Alcoy\",\"@id\":\"https:\\\/\\\/www.copealcoy.es\\\/es\\\/#\\\/schema\\\/person\\\/e777c87fa024e57d40170af9df39882c\"},\"headline\":\"La Primitiva vuelve a ofrecernos un concierto de pel\u00edcula\",\"datePublished\":\"2022-07-20T19:02:33+00:00\",\"dateModified\":\"2022-07-20T19:03:50+00:00\",\"mainEntityOfPage\":{\"@id\":\"https:\\\/\\\/www.copealcoy.es\\\/es\\\/la-primitiva-vuelve-a-ofrecernos-un-concierto-de-pelicula\\\/\"},\"wordCount\":122,\"commentCount\":0,\"image\":{\"@id\":\"https:\\\/\\\/www.copealcoy.es\\\/es\\\/la-primitiva-vuelve-a-ofrecernos-un-concierto-de-pelicula\\\/#primaryimage\"},\"thumbnailUrl\":\"https:\\\/\\\/www.copealcoy.es\\\/wp-content\\\/uploads\\\/2022\\\/07\\\/unnamed-17-scaled-e1658343430508.jpg\",\"keywords\":[\"Anfiteatro Zona Norte\",\"Concierto\",\"Eduard Terol\",\"Pablo Mart\u00ednez\",\"Primitiva\"],\"articleSection\":[\"Actualidad\",\"Alcoy\",\"Fiesta y Cultura\",\"Noticias\"],\"inLanguage\":\"es\"},{\"@type\":\"WebPage\",\"@id\":\"https:\\\/\\\/www.copealcoy.es\\\/es\\\/la-primitiva-vuelve-a-ofrecernos-un-concierto-de-pelicula\\\/\",\"url\":\"https:\\\/\\\/www.copealcoy.es\\\/es\\\/la-primitiva-vuelve-a-ofrecernos-un-concierto-de-pelicula\\\/\",\"name\":\"La Primitiva vuelve a ofrecernos un concierto de pel\u00edcula - COPE Alcoy\",\"isPartOf\":{\"@id\":\"https:\\\/\\\/www.copealcoy.es\\\/es\\\/#website\"},\"primaryImageOfPage\":{\"@id\":\"https:\\\/\\\/www.copealcoy.es\\\/es\\\/la-primitiva-vuelve-a-ofrecernos-un-concierto-de-pelicula\\\/#primaryimage\"},\"image\":{\"@id\":\"https:\\\/\\\/www.copealcoy.es\\\/es\\\/la-primitiva-vuelve-a-ofrecernos-un-concierto-de-pelicula\\\/#primaryimage\"},\"thumbnailUrl\":\"https:\\\/\\\/www.copealcoy.es\\\/wp-content\\\/uploads\\\/2022\\\/07\\\/unnamed-17-scaled-e1658343430508.jpg\",\"datePublished\":\"2022-07-20T19:02:33+00:00\",\"dateModified\":\"2022-07-20T19:03:50+00:00\",\"author\":{\"@id\":\"https:\\\/\\\/www.copealcoy.es\\\/es\\\/#\\\/schema\\\/person\\\/e777c87fa024e57d40170af9df39882c\"},\"breadcrumb\":{\"@id\":\"https:\\\/\\\/www.copealcoy.es\\\/es\\\/la-primitiva-vuelve-a-ofrecernos-un-concierto-de-pelicula\\\/#breadcrumb\"},\"inLanguage\":\"es\",\"potentialAction\":[{\"@type\":\"ReadAction\",\"target\":[\"https:\\\/\\\/www.copealcoy.es\\\/es\\\/la-primitiva-vuelve-a-ofrecernos-un-concierto-de-pelicula\\\/\"]}]},{\"@type\":\"ImageObject\",\"inLanguage\":\"es\",\"@id\":\"https:\\\/\\\/www.copealcoy.es\\\/es\\\/la-primitiva-vuelve-a-ofrecernos-un-concierto-de-pelicula\\\/#primaryimage\",\"url\":\"https:\\\/\\\/www.copealcoy.es\\\/wp-content\\\/uploads\\\/2022\\\/07\\\/unnamed-17-scaled-e1658343430508.jpg\",\"contentUrl\":\"https:\\\/\\\/www.copealcoy.es\\\/wp-content\\\/uploads\\\/2022\\\/07\\\/unnamed-17-scaled-e1658343430508.jpg\",\"width\":640,\"height\":480},{\"@type\":\"BreadcrumbList\",\"@id\":\"https:\\\/\\\/www.copealcoy.es\\\/es\\\/la-primitiva-vuelve-a-ofrecernos-un-concierto-de-pelicula\\\/#breadcrumb\",\"itemListElement\":[{\"@type\":\"ListItem\",\"position\":1,\"name\":\"Portada\",\"item\":\"https:\\\/\\\/www.copealcoy.es\\\/es\\\/\"},{\"@type\":\"ListItem\",\"position\":2,\"name\":\"La Primitiva vuelve a ofrecernos un concierto de pel\u00edcula\"}]},{\"@type\":\"WebSite\",\"@id\":\"https:\\\/\\\/www.copealcoy.es\\\/es\\\/#website\",\"url\":\"https:\\\/\\\/www.copealcoy.es\\\/es\\\/\",\"name\":\"COPE Alcoy\",\"description\":\"Emisora COPE de radio local con emisi\u00f3n online. Pont de Sant Jordi 8-10 03803 Alcoy\",\"potentialAction\":[{\"@type\":\"SearchAction\",\"target\":{\"@type\":\"EntryPoint\",\"urlTemplate\":\"https:\\\/\\\/www.copealcoy.es\\\/es\\\/?s={search_term_string}\"},\"query-input\":{\"@type\":\"PropertyValueSpecification\",\"valueRequired\":true,\"valueName\":\"search_term_string\"}}],\"inLanguage\":\"es\"},{\"@type\":\"Person\",\"@id\":\"https:\\\/\\\/www.copealcoy.es\\\/es\\\/#\\\/schema\\\/person\\\/e777c87fa024e57d40170af9df39882c\",\"name\":\"Cope Alcoy\",\"image\":{\"@type\":\"ImageObject\",\"inLanguage\":\"es\",\"@id\":\"https:\\\/\\\/secure.gravatar.com\\\/avatar\\\/bb65d0283347e303893ba14f0692005417c1e0e690a325a4c5d8bb2b3943ee14?s=96&d=mm&r=g\",\"url\":\"https:\\\/\\\/secure.gravatar.com\\\/avatar\\\/bb65d0283347e303893ba14f0692005417c1e0e690a325a4c5d8bb2b3943ee14?s=96&d=mm&r=g\",\"contentUrl\":\"https:\\\/\\\/secure.gravatar.com\\\/avatar\\\/bb65d0283347e303893ba14f0692005417c1e0e690a325a4c5d8bb2b3943ee14?s=96&d=mm&r=g\",\"caption\":\"Cope Alcoy\"}}]}<\/script>\n<!-- \/ Yoast SEO plugin. -->","yoast_head_json":{"title":"La Primitiva vuelve a ofrecernos un concierto de pel\u00edcula - COPE Alcoy","robots":{"index":"index","follow":"follow","max-snippet":"max-snippet:-1","max-image-preview":"max-image-preview:large","max-video-preview":"max-video-preview:-1"},"canonical":"https:\/\/www.copealcoy.es\/es\/la-primitiva-vuelve-a-ofrecernos-un-concierto-de-pelicula\/","og_locale":"es_ES","og_type":"article","og_title":"La Primitiva vuelve a ofrecernos un concierto de pel\u00edcula - COPE Alcoy","og_description":"El anfiteatro de la Zona Norte de Alcoy acoger\u00e1 este pr\u00f3ximo s\u00e1bado una interesante propuesta musical de la mano de...","og_url":"https:\/\/www.copealcoy.es\/es\/la-primitiva-vuelve-a-ofrecernos-un-concierto-de-pelicula\/","og_site_name":"COPE Alcoy","article_published_time":"2022-07-20T19:02:33+00:00","article_modified_time":"2022-07-20T19:03:50+00:00","og_image":[{"width":640,"height":480,"url":"https:\/\/www.copealcoy.es\/wp-content\/uploads\/2022\/07\/unnamed-17-scaled-e1658343430508.jpg","type":"image\/jpeg"}],"author":"Cope Alcoy","twitter_misc":{"Escrito por":"Cope Alcoy","Tiempo de lectura":"1 minuto"},"schema":{"@context":"https:\/\/schema.org","@graph":[{"@type":"Article","@id":"https:\/\/www.copealcoy.es\/es\/la-primitiva-vuelve-a-ofrecernos-un-concierto-de-pelicula\/#article","isPartOf":{"@id":"https:\/\/www.copealcoy.es\/es\/la-primitiva-vuelve-a-ofrecernos-un-concierto-de-pelicula\/"},"author":{"name":"Cope Alcoy","@id":"https:\/\/www.copealcoy.es\/es\/#\/schema\/person\/e777c87fa024e57d40170af9df39882c"},"headline":"La Primitiva vuelve a ofrecernos un concierto de pel\u00edcula","datePublished":"2022-07-20T19:02:33+00:00","dateModified":"2022-07-20T19:03:50+00:00","mainEntityOfPage":{"@id":"https:\/\/www.copealcoy.es\/es\/la-primitiva-vuelve-a-ofrecernos-un-concierto-de-pelicula\/"},"wordCount":122,"commentCount":0,"image":{"@id":"https:\/\/www.copealcoy.es\/es\/la-primitiva-vuelve-a-ofrecernos-un-concierto-de-pelicula\/#primaryimage"},"thumbnailUrl":"https:\/\/www.copealcoy.es\/wp-content\/uploads\/2022\/07\/unnamed-17-scaled-e1658343430508.jpg","keywords":["Anfiteatro Zona Norte","Concierto","Eduard Terol","Pablo Mart\u00ednez","Primitiva"],"articleSection":["Actualidad","Alcoy","Fiesta y Cultura","Noticias"],"inLanguage":"es"},{"@type":"WebPage","@id":"https:\/\/www.copealcoy.es\/es\/la-primitiva-vuelve-a-ofrecernos-un-concierto-de-pelicula\/","url":"https:\/\/www.copealcoy.es\/es\/la-primitiva-vuelve-a-ofrecernos-un-concierto-de-pelicula\/","name":"La Primitiva vuelve a ofrecernos un concierto de pel\u00edcula - COPE Alcoy","isPartOf":{"@id":"https:\/\/www.copealcoy.es\/es\/#website"},"primaryImageOfPage":{"@id":"https:\/\/www.copealcoy.es\/es\/la-primitiva-vuelve-a-ofrecernos-un-concierto-de-pelicula\/#primaryimage"},"image":{"@id":"https:\/\/www.copealcoy.es\/es\/la-primitiva-vuelve-a-ofrecernos-un-concierto-de-pelicula\/#primaryimage"},"thumbnailUrl":"https:\/\/www.copealcoy.es\/wp-content\/uploads\/2022\/07\/unnamed-17-scaled-e1658343430508.jpg","datePublished":"2022-07-20T19:02:33+00:00","dateModified":"2022-07-20T19:03:50+00:00","author":{"@id":"https:\/\/www.copealcoy.es\/es\/#\/schema\/person\/e777c87fa024e57d40170af9df39882c"},"breadcrumb":{"@id":"https:\/\/www.copealcoy.es\/es\/la-primitiva-vuelve-a-ofrecernos-un-concierto-de-pelicula\/#breadcrumb"},"inLanguage":"es","potentialAction":[{"@type":"ReadAction","target":["https:\/\/www.copealcoy.es\/es\/la-primitiva-vuelve-a-ofrecernos-un-concierto-de-pelicula\/"]}]},{"@type":"ImageObject","inLanguage":"es","@id":"https:\/\/www.copealcoy.es\/es\/la-primitiva-vuelve-a-ofrecernos-un-concierto-de-pelicula\/#primaryimage","url":"https:\/\/www.copealcoy.es\/wp-content\/uploads\/2022\/07\/unnamed-17-scaled-e1658343430508.jpg","contentUrl":"https:\/\/www.copealcoy.es\/wp-content\/uploads\/2022\/07\/unnamed-17-scaled-e1658343430508.jpg","width":640,"height":480},{"@type":"BreadcrumbList","@id":"https:\/\/www.copealcoy.es\/es\/la-primitiva-vuelve-a-ofrecernos-un-concierto-de-pelicula\/#breadcrumb","itemListElement":[{"@type":"ListItem","position":1,"name":"Portada","item":"https:\/\/www.copealcoy.es\/es\/"},{"@type":"ListItem","position":2,"name":"La Primitiva vuelve a ofrecernos un concierto de pel\u00edcula"}]},{"@type":"WebSite","@id":"https:\/\/www.copealcoy.es\/es\/#website","url":"https:\/\/www.copealcoy.es\/es\/","name":"COPE Alcoy","description":"Emisora COPE de radio local con emisi\u00f3n online. Pont de Sant Jordi 8-10 03803 Alcoy","potentialAction":[{"@type":"SearchAction","target":{"@type":"EntryPoint","urlTemplate":"https:\/\/www.copealcoy.es\/es\/?s={search_term_string}"},"query-input":{"@type":"PropertyValueSpecification","valueRequired":true,"valueName":"search_term_string"}}],"inLanguage":"es"},{"@type":"Person","@id":"https:\/\/www.copealcoy.es\/es\/#\/schema\/person\/e777c87fa024e57d40170af9df39882c","name":"Cope Alcoy","image":{"@type":"ImageObject","inLanguage":"es","@id":"https:\/\/secure.gravatar.com\/avatar\/bb65d0283347e303893ba14f0692005417c1e0e690a325a4c5d8bb2b3943ee14?s=96&d=mm&r=g","url":"https:\/\/secure.gravatar.com\/avatar\/bb65d0283347e303893ba14f0692005417c1e0e690a325a4c5d8bb2b3943ee14?s=96&d=mm&r=g","contentUrl":"https:\/\/secure.gravatar.com\/avatar\/bb65d0283347e303893ba14f0692005417c1e0e690a325a4c5d8bb2b3943ee14?s=96&d=mm&r=g","caption":"Cope Alcoy"}}]}},"_links":{"self":[{"href":"https:\/\/www.copealcoy.es\/es\/wp-json\/wp\/v2\/posts\/90034","targetHints":{"allow":["GET"]}}],"collection":[{"href":"https:\/\/www.copealcoy.es\/es\/wp-json\/wp\/v2\/posts"}],"about":[{"href":"https:\/\/www.copealcoy.es\/es\/wp-json\/wp\/v2\/types\/post"}],"author":[{"embeddable":true,"href":"https:\/\/www.copealcoy.es\/es\/wp-json\/wp\/v2\/users\/1"}],"replies":[{"embeddable":true,"href":"https:\/\/www.copealcoy.es\/es\/wp-json\/wp\/v2\/comments?post=90034"}],"version-history":[{"count":0,"href":"https:\/\/www.copealcoy.es\/es\/wp-json\/wp\/v2\/posts\/90034\/revisions"}],"wp:featuredmedia":[{"embeddable":true,"href":"https:\/\/www.copealcoy.es\/es\/wp-json\/wp\/v2\/media\/90035"}],"wp:attachment":[{"href":"https:\/\/www.copealcoy.es\/es\/wp-json\/wp\/v2\/media?parent=90034"}],"wp:term":[{"taxonomy":"category","embeddable":true,"href":"https:\/\/www.copealcoy.es\/es\/wp-json\/wp\/v2\/categories?post=90034"},{"taxonomy":"post_tag","embeddable":true,"href":"https:\/\/www.copealcoy.es\/es\/wp-json\/wp\/v2\/tags?post=90034"}],"curies":[{"name":"wp","href":"https:\/\/api.w.org\/{rel}","templated":true}]}}