{"id":89918,"date":"2022-07-18T17:36:19","date_gmt":"2022-07-18T16:36:19","guid":{"rendered":"https:\/\/www.copealcoy.es\/?p=89918"},"modified":"2022-07-21T21:25:05","modified_gmt":"2022-07-21T20:25:05","slug":"presentada-una-nueva-edicion-de-la-revista-de-fiestas-de-cocentaina","status":"publish","type":"post","link":"https:\/\/www.copealcoy.es\/es\/presentada-una-nueva-edicion-de-la-revista-de-fiestas-de-cocentaina\/","title":{"rendered":"Presentada una nueva edici\u00f3n de la Revista de Fiestas de Cocentaina"},"content":{"rendered":"<p style=\"text-align: justify;\">El <strong>patio de armas del Palau Comtal<\/strong> de Cocentaina volvi\u00f3 a acoger <strong>la presentaci\u00f3n de la Revista de Fiestas<\/strong> en el transcurso de <strong>un acto que tuvo lugar el pasado viernes 15 de julio por la noche<\/strong>. La ceremonia, <strong>conducida por el periodista local Enric Albero<\/strong>, sirvi\u00f3 tambi\u00e9n para entregar <strong>los premios a los escolares que han ganado la \u00faltima edici\u00f3n del concurso de dibujo<\/strong> sobre los festejos en honor a San Hip\u00f3lito M\u00e1rtir organizado por la Junta de Festes. Asimismo la Comisi\u00f3n de Archivo de la Junta de Festes<strong> entreg\u00f3 las distinciones &#8220;Roger de Ll\u00faria&#8221; y &#8220;Qusantaniya&#8221;<\/strong>, unos galardones que recayeron en <strong>la Comisi\u00f3n de Fiestas de Banyeres de Mariola<\/strong> y en <strong>Juan Antonio Alcaraz<\/strong>; gran experto este \u00faltimo en las embajadas.<\/p>\n<p style=\"text-align: justify;\">Uno de los momentos destacados de la citada presentaci\u00f3n fue <strong>el descubrimiento de la portada de la misma Revista<\/strong> creada en esta ocasi\u00f3n por <strong>Marcos Monar Miralles<\/strong>, integrante de la entidad festera y miembro de la Fil\u00e0 Gentils a la que pertenece desde que naci\u00f3. En la espectacular obra, que gust\u00f3 much\u00edsimo al p\u00fablico, Marcos Monar <strong>quiso plasmar el regreso esperado de la Fiesta tras dos a\u00f1os de ausencia a causa de la pandemia del Coronavirus<\/strong> &#8220;<em>vemos la parte trasera de la puerta del Palau Comtal y a dos festeros que la est\u00e1n abriendo, concretamente uno de la Fil\u00e0 Cavallers de Ll\u00faria por ser la m\u00e1s joven del bando cristiano y otro de la Fil\u00e0 Llana al ser esta la m\u00e1s veterana del bando moro. En la parte que asoma tras esta puerta he querido colocar elementos de nuestras Fiestas como la partitura del Himno de Fiestas, una imagen de su interpretaci\u00f3n en la Plaza del Pla durante la Nit de l&#8217;Olla, San Hip\u00f3lito en referencia al patr\u00f3n y dos armas que simbolizan la lucha entre las tropas de la cruz y de la media luna<\/em>&#8220;, signific\u00f3 el creador.<\/p>\n<p style=\"text-align: justify;\">Tras conocerse la portada otro miembro de la Junta de Festes,<strong> Juan Lu\u00eds Mahiques<\/strong>, desgran\u00f3 el contenido de una publicaci\u00f3n en la cual figuran <strong>los habituales saludas institucionales, art\u00edculos sobre San Hip\u00f3lito, el gui\u00f3n de actos, un apartado dedicado a las Filaes o una menci\u00f3n a los festeros que nos han dejado en el \u00faltimo a\u00f1o<\/strong>. Todo ello se combina con <strong>poes\u00edas, textos sobre la m\u00fasica festera o la historia de la Festa y las aportaciones de un amplio abanico de colaboradores<\/strong>. Por \u00faltimo figura <strong>la lista de anunciantes<\/strong> que hacen posible que esta Revista de Fiestas haya salido de nuevo a la calle.<\/p>\n<p style=\"text-align: justify;\">En la recta final de la velada intervino de nuevo Enric Albero,<strong> esta vez como Mantenedor<\/strong>, destacando en la intervenci\u00f3n <strong>el papel clave que ha desempe\u00f1ado su abuela materna Rosa en su trayectoria festera<\/strong> vinculada a la Fil\u00e0 Maseros. Las palabras del <strong>Presidente de la Junta de Festes<\/strong> (Juan Francisco Masanet), de <strong>la alcaldesa<\/strong> (Mireia Estepa) y <strong>la interpretaci\u00f3n del Himno de Fiestas<\/strong> pusieron el punto y final a una presentaci\u00f3n que esta vez si que encamina al municipio hacia los d\u00edas grandes de la trilog\u00eda en honor al m\u00e1rtir San Hip\u00f3lito.<\/p>\n","protected":false},"excerpt":{"rendered":"<p>El patio de armas del Palau Comtal de Cocentaina volvi\u00f3 a acoger la presentaci\u00f3n de la Revista de Fiestas en&#8230;<\/p>\n","protected":false},"author":1,"featured_media":89919,"comment_status":"open","ping_status":"open","sticky":false,"template":"","format":"standard","meta":{"footnotes":""},"categories":[98,75],"tags":[132,12968,12967,609,12966,4488],"class_list":["post-89918","post","type-post","status-publish","format-standard","has-post-thumbnail","hentry","category-comarcas","category-noticias","tag-cocentaina","tag-enric-albero","tag-marcos-monar","tag-moros-y-cristianos","tag-revistas-de-fiestas","tag-san-hipolito-martir"],"yoast_head":"<!-- This site is optimized with the Yoast SEO plugin v27.3 - https:\/\/yoast.com\/product\/yoast-seo-wordpress\/ -->\n<title>Presentada una nueva edici\u00f3n de la Revista de Fiestas de Cocentaina - COPE Alcoy<\/title>\n<meta name=\"robots\" content=\"index, follow, max-snippet:-1, max-image-preview:large, max-video-preview:-1\" \/>\n<link rel=\"canonical\" href=\"https:\/\/www.copealcoy.es\/es\/presentada-una-nueva-edicion-de-la-revista-de-fiestas-de-cocentaina\/\" \/>\n<meta property=\"og:locale\" content=\"es_ES\" \/>\n<meta property=\"og:type\" content=\"article\" \/>\n<meta property=\"og:title\" content=\"Presentada una nueva edici\u00f3n de la Revista de Fiestas de Cocentaina - COPE Alcoy\" \/>\n<meta property=\"og:description\" content=\"El patio de armas del Palau Comtal de Cocentaina volvi\u00f3 a acoger la presentaci\u00f3n de la Revista de Fiestas en...\" \/>\n<meta property=\"og:url\" content=\"https:\/\/www.copealcoy.es\/es\/presentada-una-nueva-edicion-de-la-revista-de-fiestas-de-cocentaina\/\" \/>\n<meta property=\"og:site_name\" content=\"COPE Alcoy\" \/>\n<meta property=\"article:published_time\" content=\"2022-07-18T16:36:19+00:00\" \/>\n<meta property=\"article:modified_time\" content=\"2022-07-21T20:25:05+00:00\" \/>\n<meta property=\"og:image\" content=\"https:\/\/www.copealcoy.es\/wp-content\/uploads\/2022\/07\/294058425_5207961915991680_8111237905575110015_n.jpg\" \/>\n\t<meta property=\"og:image:width\" content=\"872\" \/>\n\t<meta property=\"og:image:height\" content=\"467\" \/>\n\t<meta property=\"og:image:type\" content=\"image\/jpeg\" \/>\n<meta name=\"author\" content=\"Cope Alcoy\" \/>\n<meta name=\"twitter:label1\" content=\"Escrito por\" \/>\n\t<meta name=\"twitter:data1\" content=\"Cope Alcoy\" \/>\n\t<meta name=\"twitter:label2\" content=\"Tiempo de lectura\" \/>\n\t<meta name=\"twitter:data2\" content=\"3 minutos\" \/>\n<script type=\"application\/ld+json\" class=\"yoast-schema-graph\">{\"@context\":\"https:\\\/\\\/schema.org\",\"@graph\":[{\"@type\":\"Article\",\"@id\":\"https:\\\/\\\/www.copealcoy.es\\\/es\\\/presentada-una-nueva-edicion-de-la-revista-de-fiestas-de-cocentaina\\\/#article\",\"isPartOf\":{\"@id\":\"https:\\\/\\\/www.copealcoy.es\\\/es\\\/presentada-una-nueva-edicion-de-la-revista-de-fiestas-de-cocentaina\\\/\"},\"author\":{\"name\":\"Cope Alcoy\",\"@id\":\"https:\\\/\\\/www.copealcoy.es\\\/es\\\/#\\\/schema\\\/person\\\/e777c87fa024e57d40170af9df39882c\"},\"headline\":\"Presentada una nueva edici\u00f3n de la Revista de Fiestas de Cocentaina\",\"datePublished\":\"2022-07-18T16:36:19+00:00\",\"dateModified\":\"2022-07-21T20:25:05+00:00\",\"mainEntityOfPage\":{\"@id\":\"https:\\\/\\\/www.copealcoy.es\\\/es\\\/presentada-una-nueva-edicion-de-la-revista-de-fiestas-de-cocentaina\\\/\"},\"wordCount\":557,\"commentCount\":0,\"image\":{\"@id\":\"https:\\\/\\\/www.copealcoy.es\\\/es\\\/presentada-una-nueva-edicion-de-la-revista-de-fiestas-de-cocentaina\\\/#primaryimage\"},\"thumbnailUrl\":\"https:\\\/\\\/www.copealcoy.es\\\/wp-content\\\/uploads\\\/2022\\\/07\\\/294058425_5207961915991680_8111237905575110015_n.jpg\",\"keywords\":[\"Cocentaina\",\"Enric Albero\",\"Marcos Monar\",\"Moros Y Cristianos\",\"Revistas de Fiestas\",\"San Hip\u00f3lito M\u00e1rtir\"],\"articleSection\":[\"Comarcas\",\"Noticias\"],\"inLanguage\":\"es\"},{\"@type\":\"WebPage\",\"@id\":\"https:\\\/\\\/www.copealcoy.es\\\/es\\\/presentada-una-nueva-edicion-de-la-revista-de-fiestas-de-cocentaina\\\/\",\"url\":\"https:\\\/\\\/www.copealcoy.es\\\/es\\\/presentada-una-nueva-edicion-de-la-revista-de-fiestas-de-cocentaina\\\/\",\"name\":\"Presentada una nueva edici\u00f3n de la Revista de Fiestas de Cocentaina - COPE Alcoy\",\"isPartOf\":{\"@id\":\"https:\\\/\\\/www.copealcoy.es\\\/es\\\/#website\"},\"primaryImageOfPage\":{\"@id\":\"https:\\\/\\\/www.copealcoy.es\\\/es\\\/presentada-una-nueva-edicion-de-la-revista-de-fiestas-de-cocentaina\\\/#primaryimage\"},\"image\":{\"@id\":\"https:\\\/\\\/www.copealcoy.es\\\/es\\\/presentada-una-nueva-edicion-de-la-revista-de-fiestas-de-cocentaina\\\/#primaryimage\"},\"thumbnailUrl\":\"https:\\\/\\\/www.copealcoy.es\\\/wp-content\\\/uploads\\\/2022\\\/07\\\/294058425_5207961915991680_8111237905575110015_n.jpg\",\"datePublished\":\"2022-07-18T16:36:19+00:00\",\"dateModified\":\"2022-07-21T20:25:05+00:00\",\"author\":{\"@id\":\"https:\\\/\\\/www.copealcoy.es\\\/es\\\/#\\\/schema\\\/person\\\/e777c87fa024e57d40170af9df39882c\"},\"breadcrumb\":{\"@id\":\"https:\\\/\\\/www.copealcoy.es\\\/es\\\/presentada-una-nueva-edicion-de-la-revista-de-fiestas-de-cocentaina\\\/#breadcrumb\"},\"inLanguage\":\"es\",\"potentialAction\":[{\"@type\":\"ReadAction\",\"target\":[\"https:\\\/\\\/www.copealcoy.es\\\/es\\\/presentada-una-nueva-edicion-de-la-revista-de-fiestas-de-cocentaina\\\/\"]}]},{\"@type\":\"ImageObject\",\"inLanguage\":\"es\",\"@id\":\"https:\\\/\\\/www.copealcoy.es\\\/es\\\/presentada-una-nueva-edicion-de-la-revista-de-fiestas-de-cocentaina\\\/#primaryimage\",\"url\":\"https:\\\/\\\/www.copealcoy.es\\\/wp-content\\\/uploads\\\/2022\\\/07\\\/294058425_5207961915991680_8111237905575110015_n.jpg\",\"contentUrl\":\"https:\\\/\\\/www.copealcoy.es\\\/wp-content\\\/uploads\\\/2022\\\/07\\\/294058425_5207961915991680_8111237905575110015_n.jpg\",\"width\":872,\"height\":467},{\"@type\":\"BreadcrumbList\",\"@id\":\"https:\\\/\\\/www.copealcoy.es\\\/es\\\/presentada-una-nueva-edicion-de-la-revista-de-fiestas-de-cocentaina\\\/#breadcrumb\",\"itemListElement\":[{\"@type\":\"ListItem\",\"position\":1,\"name\":\"Portada\",\"item\":\"https:\\\/\\\/www.copealcoy.es\\\/es\\\/\"},{\"@type\":\"ListItem\",\"position\":2,\"name\":\"Presentada una nueva edici\u00f3n de la Revista de Fiestas de Cocentaina\"}]},{\"@type\":\"WebSite\",\"@id\":\"https:\\\/\\\/www.copealcoy.es\\\/es\\\/#website\",\"url\":\"https:\\\/\\\/www.copealcoy.es\\\/es\\\/\",\"name\":\"COPE Alcoy\",\"description\":\"Emisora COPE de radio local con emisi\u00f3n online. Pont de Sant Jordi 8-10 03803 Alcoy\",\"potentialAction\":[{\"@type\":\"SearchAction\",\"target\":{\"@type\":\"EntryPoint\",\"urlTemplate\":\"https:\\\/\\\/www.copealcoy.es\\\/es\\\/?s={search_term_string}\"},\"query-input\":{\"@type\":\"PropertyValueSpecification\",\"valueRequired\":true,\"valueName\":\"search_term_string\"}}],\"inLanguage\":\"es\"},{\"@type\":\"Person\",\"@id\":\"https:\\\/\\\/www.copealcoy.es\\\/es\\\/#\\\/schema\\\/person\\\/e777c87fa024e57d40170af9df39882c\",\"name\":\"Cope Alcoy\",\"image\":{\"@type\":\"ImageObject\",\"inLanguage\":\"es\",\"@id\":\"https:\\\/\\\/secure.gravatar.com\\\/avatar\\\/bb65d0283347e303893ba14f0692005417c1e0e690a325a4c5d8bb2b3943ee14?s=96&d=mm&r=g\",\"url\":\"https:\\\/\\\/secure.gravatar.com\\\/avatar\\\/bb65d0283347e303893ba14f0692005417c1e0e690a325a4c5d8bb2b3943ee14?s=96&d=mm&r=g\",\"contentUrl\":\"https:\\\/\\\/secure.gravatar.com\\\/avatar\\\/bb65d0283347e303893ba14f0692005417c1e0e690a325a4c5d8bb2b3943ee14?s=96&d=mm&r=g\",\"caption\":\"Cope Alcoy\"}}]}<\/script>\n<!-- \/ Yoast SEO plugin. -->","yoast_head_json":{"title":"Presentada una nueva edici\u00f3n de la Revista de Fiestas de Cocentaina - COPE Alcoy","robots":{"index":"index","follow":"follow","max-snippet":"max-snippet:-1","max-image-preview":"max-image-preview:large","max-video-preview":"max-video-preview:-1"},"canonical":"https:\/\/www.copealcoy.es\/es\/presentada-una-nueva-edicion-de-la-revista-de-fiestas-de-cocentaina\/","og_locale":"es_ES","og_type":"article","og_title":"Presentada una nueva edici\u00f3n de la Revista de Fiestas de Cocentaina - COPE Alcoy","og_description":"El patio de armas del Palau Comtal de Cocentaina volvi\u00f3 a acoger la presentaci\u00f3n de la Revista de Fiestas en...","og_url":"https:\/\/www.copealcoy.es\/es\/presentada-una-nueva-edicion-de-la-revista-de-fiestas-de-cocentaina\/","og_site_name":"COPE Alcoy","article_published_time":"2022-07-18T16:36:19+00:00","article_modified_time":"2022-07-21T20:25:05+00:00","og_image":[{"width":872,"height":467,"url":"https:\/\/www.copealcoy.es\/wp-content\/uploads\/2022\/07\/294058425_5207961915991680_8111237905575110015_n.jpg","type":"image\/jpeg"}],"author":"Cope Alcoy","twitter_misc":{"Escrito por":"Cope Alcoy","Tiempo de lectura":"3 minutos"},"schema":{"@context":"https:\/\/schema.org","@graph":[{"@type":"Article","@id":"https:\/\/www.copealcoy.es\/es\/presentada-una-nueva-edicion-de-la-revista-de-fiestas-de-cocentaina\/#article","isPartOf":{"@id":"https:\/\/www.copealcoy.es\/es\/presentada-una-nueva-edicion-de-la-revista-de-fiestas-de-cocentaina\/"},"author":{"name":"Cope Alcoy","@id":"https:\/\/www.copealcoy.es\/es\/#\/schema\/person\/e777c87fa024e57d40170af9df39882c"},"headline":"Presentada una nueva edici\u00f3n de la Revista de Fiestas de Cocentaina","datePublished":"2022-07-18T16:36:19+00:00","dateModified":"2022-07-21T20:25:05+00:00","mainEntityOfPage":{"@id":"https:\/\/www.copealcoy.es\/es\/presentada-una-nueva-edicion-de-la-revista-de-fiestas-de-cocentaina\/"},"wordCount":557,"commentCount":0,"image":{"@id":"https:\/\/www.copealcoy.es\/es\/presentada-una-nueva-edicion-de-la-revista-de-fiestas-de-cocentaina\/#primaryimage"},"thumbnailUrl":"https:\/\/www.copealcoy.es\/wp-content\/uploads\/2022\/07\/294058425_5207961915991680_8111237905575110015_n.jpg","keywords":["Cocentaina","Enric Albero","Marcos Monar","Moros Y Cristianos","Revistas de Fiestas","San Hip\u00f3lito M\u00e1rtir"],"articleSection":["Comarcas","Noticias"],"inLanguage":"es"},{"@type":"WebPage","@id":"https:\/\/www.copealcoy.es\/es\/presentada-una-nueva-edicion-de-la-revista-de-fiestas-de-cocentaina\/","url":"https:\/\/www.copealcoy.es\/es\/presentada-una-nueva-edicion-de-la-revista-de-fiestas-de-cocentaina\/","name":"Presentada una nueva edici\u00f3n de la Revista de Fiestas de Cocentaina - COPE Alcoy","isPartOf":{"@id":"https:\/\/www.copealcoy.es\/es\/#website"},"primaryImageOfPage":{"@id":"https:\/\/www.copealcoy.es\/es\/presentada-una-nueva-edicion-de-la-revista-de-fiestas-de-cocentaina\/#primaryimage"},"image":{"@id":"https:\/\/www.copealcoy.es\/es\/presentada-una-nueva-edicion-de-la-revista-de-fiestas-de-cocentaina\/#primaryimage"},"thumbnailUrl":"https:\/\/www.copealcoy.es\/wp-content\/uploads\/2022\/07\/294058425_5207961915991680_8111237905575110015_n.jpg","datePublished":"2022-07-18T16:36:19+00:00","dateModified":"2022-07-21T20:25:05+00:00","author":{"@id":"https:\/\/www.copealcoy.es\/es\/#\/schema\/person\/e777c87fa024e57d40170af9df39882c"},"breadcrumb":{"@id":"https:\/\/www.copealcoy.es\/es\/presentada-una-nueva-edicion-de-la-revista-de-fiestas-de-cocentaina\/#breadcrumb"},"inLanguage":"es","potentialAction":[{"@type":"ReadAction","target":["https:\/\/www.copealcoy.es\/es\/presentada-una-nueva-edicion-de-la-revista-de-fiestas-de-cocentaina\/"]}]},{"@type":"ImageObject","inLanguage":"es","@id":"https:\/\/www.copealcoy.es\/es\/presentada-una-nueva-edicion-de-la-revista-de-fiestas-de-cocentaina\/#primaryimage","url":"https:\/\/www.copealcoy.es\/wp-content\/uploads\/2022\/07\/294058425_5207961915991680_8111237905575110015_n.jpg","contentUrl":"https:\/\/www.copealcoy.es\/wp-content\/uploads\/2022\/07\/294058425_5207961915991680_8111237905575110015_n.jpg","width":872,"height":467},{"@type":"BreadcrumbList","@id":"https:\/\/www.copealcoy.es\/es\/presentada-una-nueva-edicion-de-la-revista-de-fiestas-de-cocentaina\/#breadcrumb","itemListElement":[{"@type":"ListItem","position":1,"name":"Portada","item":"https:\/\/www.copealcoy.es\/es\/"},{"@type":"ListItem","position":2,"name":"Presentada una nueva edici\u00f3n de la Revista de Fiestas de Cocentaina"}]},{"@type":"WebSite","@id":"https:\/\/www.copealcoy.es\/es\/#website","url":"https:\/\/www.copealcoy.es\/es\/","name":"COPE Alcoy","description":"Emisora COPE de radio local con emisi\u00f3n online. Pont de Sant Jordi 8-10 03803 Alcoy","potentialAction":[{"@type":"SearchAction","target":{"@type":"EntryPoint","urlTemplate":"https:\/\/www.copealcoy.es\/es\/?s={search_term_string}"},"query-input":{"@type":"PropertyValueSpecification","valueRequired":true,"valueName":"search_term_string"}}],"inLanguage":"es"},{"@type":"Person","@id":"https:\/\/www.copealcoy.es\/es\/#\/schema\/person\/e777c87fa024e57d40170af9df39882c","name":"Cope Alcoy","image":{"@type":"ImageObject","inLanguage":"es","@id":"https:\/\/secure.gravatar.com\/avatar\/bb65d0283347e303893ba14f0692005417c1e0e690a325a4c5d8bb2b3943ee14?s=96&d=mm&r=g","url":"https:\/\/secure.gravatar.com\/avatar\/bb65d0283347e303893ba14f0692005417c1e0e690a325a4c5d8bb2b3943ee14?s=96&d=mm&r=g","contentUrl":"https:\/\/secure.gravatar.com\/avatar\/bb65d0283347e303893ba14f0692005417c1e0e690a325a4c5d8bb2b3943ee14?s=96&d=mm&r=g","caption":"Cope Alcoy"}}]}},"_links":{"self":[{"href":"https:\/\/www.copealcoy.es\/es\/wp-json\/wp\/v2\/posts\/89918","targetHints":{"allow":["GET"]}}],"collection":[{"href":"https:\/\/www.copealcoy.es\/es\/wp-json\/wp\/v2\/posts"}],"about":[{"href":"https:\/\/www.copealcoy.es\/es\/wp-json\/wp\/v2\/types\/post"}],"author":[{"embeddable":true,"href":"https:\/\/www.copealcoy.es\/es\/wp-json\/wp\/v2\/users\/1"}],"replies":[{"embeddable":true,"href":"https:\/\/www.copealcoy.es\/es\/wp-json\/wp\/v2\/comments?post=89918"}],"version-history":[{"count":0,"href":"https:\/\/www.copealcoy.es\/es\/wp-json\/wp\/v2\/posts\/89918\/revisions"}],"wp:featuredmedia":[{"embeddable":true,"href":"https:\/\/www.copealcoy.es\/es\/wp-json\/wp\/v2\/media\/89919"}],"wp:attachment":[{"href":"https:\/\/www.copealcoy.es\/es\/wp-json\/wp\/v2\/media?parent=89918"}],"wp:term":[{"taxonomy":"category","embeddable":true,"href":"https:\/\/www.copealcoy.es\/es\/wp-json\/wp\/v2\/categories?post=89918"},{"taxonomy":"post_tag","embeddable":true,"href":"https:\/\/www.copealcoy.es\/es\/wp-json\/wp\/v2\/tags?post=89918"}],"curies":[{"name":"wp","href":"https:\/\/api.w.org\/{rel}","templated":true}]}}