{"id":89861,"date":"2022-07-15T18:46:39","date_gmt":"2022-07-15T17:46:39","guid":{"rendered":"https:\/\/www.copealcoy.es\/?p=89861"},"modified":"2022-07-15T18:54:34","modified_gmt":"2022-07-15T17:54:34","slug":"ya-se-puede-solicitar-el-transporte-universitario-y-fp-que-oferta-la-manco","status":"publish","type":"post","link":"https:\/\/www.copealcoy.es\/es\/ya-se-puede-solicitar-el-transporte-universitario-y-fp-que-oferta-la-manco\/","title":{"rendered":"Ya se puede solicitar el transporte universitario y FP que oferta la Manco"},"content":{"rendered":"<p class=\"p3\" style=\"text-align: justify;\">La <strong>Mancomunitat de l&#8217;Alcoi\u00e0 y el Comtat<\/strong> ha abierto el plazo para <strong>solicitar la tarjeta de usuario del Servicio de Transporte Universitario y de FP\u00a0 (STU+)<\/strong>. Hay que recordar que con este documento, las personas matriculadas en un centro de estudios para el curso 2022\/2023, y empadronadas en las poblaciones que integran la Mancomunitat, <strong>pueden hacer uso del transporte a precios asequibles<\/strong>. Para obtenerla, de forma gratuita,<strong> hay que hacer el tr\u00e1mite de forma telem\u00e1tica<\/strong> a trav\u00e9s de la<strong><span style=\"color: #0000ff;\"> <a style=\"color: #0000ff;\" href=\"http:\/\/macalcoiaicomtat.sedelectronica.es\/\"><span class=\"s2\">sede electr\u00f3nica de la Mancomunitat<\/span><\/a><\/span><\/strong>, adjuntando justificante de matr\u00edcula, documento de identidad y una fotograf\u00eda.<\/p>\n<p class=\"p3\" style=\"text-align: justify;\">Las personas que dispongan ya de la tarjeta activa <strong>pueden continuar usando sus viaje<\/strong>s, que no tienen caducidad, con normalidad. \u00danicamente <strong>tienen que solicitar su renovaci\u00f3n presentando la matr\u00edcula para el curso 2022\/2023<\/strong>, mediante el tr\u00e1mite habilitado en la\u00a0<span style=\"color: #0000ff;\"><strong><a style=\"color: #0000ff;\" href=\"http:\/\/macalcoiaicomtat.sedelectronica.es\/\"><span class=\"s2\">sede electr\u00f3nica<\/span><\/a><\/strong>,<\/span> <strong>antes del 31 de octubre<\/strong> &#8220;<em>y es muy importante remarcar que las tarjetas no renovadas dentro del plazo ser\u00e1n bloqueadas y se perder\u00e1n los viajes que haya en ellas<\/em>&#8221; explica<strong> Mar\u00eda Segu\u00ed<\/strong>, una de las gerentes de la Manco.<\/p>\n<p class=\"p3\" style=\"text-align: justify;\">El STU+ hace, en diferentes horarios y paradas adaptados a las necesidades del alumnado, <strong>recorridos que unen Muro, l\u2019Alqueria d\u2019Asnar, Cocentaina, Alcoy, Ibi, Onil, Castalla y Sant Vicent del Raspeig<\/strong>. Las personas usuarias <strong>pueden adquirir billetes para cualquiera de las opciones y trayectos y cargarlos en una misma tarjeta<\/strong>. Asimismo,\u00a0 <strong>las tarifas se ofrecen en diferentes modalidades<\/strong> adaptadas a las diferentes modalidades de uso de cada personas \u2013viaje sencillo y abonos de 10, 20 y 40 viajes\u2013, y que suponen un ahorro adicional para las personas que m\u00e1s utilizan el servicio.<\/p>\n<p class=\"p3\" style=\"text-align: justify;\">Las <strong>personas que no re\u00fanen los requisitos<\/strong> tambi\u00e9n pueden utilizar el transporte, sin necesidad de hacer ninguna solicitud y abonando las tarifas ordinarias estipuladas. Se trata de <strong>un servicio del que se beneficia toda la ciudadan\u00eda de l\u2019Alcoi\u00e0 y el Comtat<\/strong> y, especialmente, <strong>unas 600 personas que cursan estudios quienes, adem\u00e1s, disfrutan de precios reducidos<\/strong> &#8220;<em>este curso ha sido el primero\u00a0en el que se ha incorporado la l\u00ednea que une las poblaciones de las comarcas entre s\u00ed y con los centros de estudios de la Foia de Castalla, y las estad\u00edsticas de uso muestran que el servicio ha recibido una buena acogida.<span class=\"Apple-converted-space\">\u00a0\u00a0<\/span>El n\u00famero de usuarios\u00a0 ha aumentado un 8% respecto al curso anterior, y tambi\u00e9n ha crecido la cantidad de viajes llevados a cabo, volviendo a los niveles anteriores a la pandemia<\/em>&#8220;, detalla Segu\u00ed.<\/p>\n<p class=\"p3\" style=\"text-align: justify;\">Toda la informaci\u00f3n sobre <strong>horarios, paradas, tarifas y recarga de viajes<\/strong> se puede encontrar en la\u00a0<strong><span style=\"color: #0000ff;\"><a style=\"color: #0000ff;\" href=\"https:\/\/lamancomunitat.org\/transport-universitari-stu\/\"><span class=\"s2\">p\u00e1gina web de la Mancomunitat<\/span><\/a><\/span><\/strong>.<\/p>\n","protected":false},"excerpt":{"rendered":"<p>La Mancomunitat de l&#8217;Alcoi\u00e0 y el Comtat ha abierto el plazo para solicitar la tarjeta de usuario del Servicio de&#8230;<\/p>\n","protected":false},"author":1,"featured_media":74638,"comment_status":"open","ping_status":"open","sticky":false,"template":"","format":"standard","meta":{"footnotes":""},"categories":[98,75],"tags":[482,1494,203,237,1745,8071],"class_list":["post-89861","post","type-post","status-publish","format-standard","has-post-thumbnail","hentry","category-comarcas","category-noticias","tag-alcoia","tag-alcoy","tag-autobus","tag-comtat","tag-mancomunitat","tag-transporte-universitario"],"yoast_head":"<!-- This site is optimized with the Yoast SEO plugin v27.3 - https:\/\/yoast.com\/product\/yoast-seo-wordpress\/ -->\n<title>Ya se puede solicitar el transporte universitario y FP que oferta la Manco - COPE Alcoy<\/title>\n<meta name=\"robots\" content=\"index, follow, max-snippet:-1, max-image-preview:large, max-video-preview:-1\" \/>\n<link rel=\"canonical\" href=\"https:\/\/www.copealcoy.es\/es\/ya-se-puede-solicitar-el-transporte-universitario-y-fp-que-oferta-la-manco\/\" \/>\n<meta property=\"og:locale\" content=\"es_ES\" \/>\n<meta property=\"og:type\" content=\"article\" \/>\n<meta property=\"og:title\" content=\"Ya se puede solicitar el transporte universitario y FP que oferta la Manco - COPE Alcoy\" \/>\n<meta property=\"og:description\" content=\"La Mancomunitat de l&#8217;Alcoi\u00e0 y el Comtat ha abierto el plazo para solicitar la tarjeta de usuario del Servicio de...\" \/>\n<meta property=\"og:url\" content=\"https:\/\/www.copealcoy.es\/es\/ya-se-puede-solicitar-el-transporte-universitario-y-fp-que-oferta-la-manco\/\" \/>\n<meta property=\"og:site_name\" content=\"COPE Alcoy\" \/>\n<meta property=\"article:published_time\" content=\"2022-07-15T17:46:39+00:00\" \/>\n<meta property=\"article:modified_time\" content=\"2022-07-15T17:54:34+00:00\" \/>\n<meta property=\"og:image\" content=\"https:\/\/www.copealcoy.es\/wp-content\/uploads\/2021\/06\/Autobus-urba-dAlcoi-scaled.jpg\" \/>\n\t<meta property=\"og:image:width\" content=\"2560\" \/>\n\t<meta property=\"og:image:height\" content=\"1920\" \/>\n\t<meta property=\"og:image:type\" content=\"image\/jpeg\" \/>\n<meta name=\"author\" content=\"Cope Alcoy\" \/>\n<meta name=\"twitter:label1\" content=\"Escrito por\" \/>\n\t<meta name=\"twitter:data1\" content=\"Cope Alcoy\" \/>\n\t<meta name=\"twitter:label2\" content=\"Tiempo de lectura\" \/>\n\t<meta name=\"twitter:data2\" content=\"2 minutos\" \/>\n<script type=\"application\/ld+json\" class=\"yoast-schema-graph\">{\"@context\":\"https:\\\/\\\/schema.org\",\"@graph\":[{\"@type\":\"Article\",\"@id\":\"https:\\\/\\\/www.copealcoy.es\\\/es\\\/ya-se-puede-solicitar-el-transporte-universitario-y-fp-que-oferta-la-manco\\\/#article\",\"isPartOf\":{\"@id\":\"https:\\\/\\\/www.copealcoy.es\\\/es\\\/ya-se-puede-solicitar-el-transporte-universitario-y-fp-que-oferta-la-manco\\\/\"},\"author\":{\"name\":\"Cope Alcoy\",\"@id\":\"https:\\\/\\\/www.copealcoy.es\\\/es\\\/#\\\/schema\\\/person\\\/e777c87fa024e57d40170af9df39882c\"},\"headline\":\"Ya se puede solicitar el transporte universitario y FP que oferta la Manco\",\"datePublished\":\"2022-07-15T17:46:39+00:00\",\"dateModified\":\"2022-07-15T17:54:34+00:00\",\"mainEntityOfPage\":{\"@id\":\"https:\\\/\\\/www.copealcoy.es\\\/es\\\/ya-se-puede-solicitar-el-transporte-universitario-y-fp-que-oferta-la-manco\\\/\"},\"wordCount\":455,\"commentCount\":0,\"image\":{\"@id\":\"https:\\\/\\\/www.copealcoy.es\\\/es\\\/ya-se-puede-solicitar-el-transporte-universitario-y-fp-que-oferta-la-manco\\\/#primaryimage\"},\"thumbnailUrl\":\"https:\\\/\\\/www.copealcoy.es\\\/wp-content\\\/uploads\\\/2021\\\/06\\\/Autobus-urba-dAlcoi-scaled.jpg\",\"keywords\":[\"Alcoi\u00e0\",\"Alcoy\",\"Autob\u00fas\",\"Comtat\",\"Mancomunitat\",\"Transporte Universitario\"],\"articleSection\":[\"Comarcas\",\"Noticias\"],\"inLanguage\":\"es\"},{\"@type\":\"WebPage\",\"@id\":\"https:\\\/\\\/www.copealcoy.es\\\/es\\\/ya-se-puede-solicitar-el-transporte-universitario-y-fp-que-oferta-la-manco\\\/\",\"url\":\"https:\\\/\\\/www.copealcoy.es\\\/es\\\/ya-se-puede-solicitar-el-transporte-universitario-y-fp-que-oferta-la-manco\\\/\",\"name\":\"Ya se puede solicitar el transporte universitario y FP que oferta la Manco - COPE Alcoy\",\"isPartOf\":{\"@id\":\"https:\\\/\\\/www.copealcoy.es\\\/es\\\/#website\"},\"primaryImageOfPage\":{\"@id\":\"https:\\\/\\\/www.copealcoy.es\\\/es\\\/ya-se-puede-solicitar-el-transporte-universitario-y-fp-que-oferta-la-manco\\\/#primaryimage\"},\"image\":{\"@id\":\"https:\\\/\\\/www.copealcoy.es\\\/es\\\/ya-se-puede-solicitar-el-transporte-universitario-y-fp-que-oferta-la-manco\\\/#primaryimage\"},\"thumbnailUrl\":\"https:\\\/\\\/www.copealcoy.es\\\/wp-content\\\/uploads\\\/2021\\\/06\\\/Autobus-urba-dAlcoi-scaled.jpg\",\"datePublished\":\"2022-07-15T17:46:39+00:00\",\"dateModified\":\"2022-07-15T17:54:34+00:00\",\"author\":{\"@id\":\"https:\\\/\\\/www.copealcoy.es\\\/es\\\/#\\\/schema\\\/person\\\/e777c87fa024e57d40170af9df39882c\"},\"breadcrumb\":{\"@id\":\"https:\\\/\\\/www.copealcoy.es\\\/es\\\/ya-se-puede-solicitar-el-transporte-universitario-y-fp-que-oferta-la-manco\\\/#breadcrumb\"},\"inLanguage\":\"es\",\"potentialAction\":[{\"@type\":\"ReadAction\",\"target\":[\"https:\\\/\\\/www.copealcoy.es\\\/es\\\/ya-se-puede-solicitar-el-transporte-universitario-y-fp-que-oferta-la-manco\\\/\"]}]},{\"@type\":\"ImageObject\",\"inLanguage\":\"es\",\"@id\":\"https:\\\/\\\/www.copealcoy.es\\\/es\\\/ya-se-puede-solicitar-el-transporte-universitario-y-fp-que-oferta-la-manco\\\/#primaryimage\",\"url\":\"https:\\\/\\\/www.copealcoy.es\\\/wp-content\\\/uploads\\\/2021\\\/06\\\/Autobus-urba-dAlcoi-scaled.jpg\",\"contentUrl\":\"https:\\\/\\\/www.copealcoy.es\\\/wp-content\\\/uploads\\\/2021\\\/06\\\/Autobus-urba-dAlcoi-scaled.jpg\",\"width\":2560,\"height\":1920},{\"@type\":\"BreadcrumbList\",\"@id\":\"https:\\\/\\\/www.copealcoy.es\\\/es\\\/ya-se-puede-solicitar-el-transporte-universitario-y-fp-que-oferta-la-manco\\\/#breadcrumb\",\"itemListElement\":[{\"@type\":\"ListItem\",\"position\":1,\"name\":\"Portada\",\"item\":\"https:\\\/\\\/www.copealcoy.es\\\/es\\\/\"},{\"@type\":\"ListItem\",\"position\":2,\"name\":\"Ya se puede solicitar el transporte universitario y FP que oferta la Manco\"}]},{\"@type\":\"WebSite\",\"@id\":\"https:\\\/\\\/www.copealcoy.es\\\/es\\\/#website\",\"url\":\"https:\\\/\\\/www.copealcoy.es\\\/es\\\/\",\"name\":\"COPE Alcoy\",\"description\":\"Emisora COPE de radio local con emisi\u00f3n online. Pont de Sant Jordi 8-10 03803 Alcoy\",\"potentialAction\":[{\"@type\":\"SearchAction\",\"target\":{\"@type\":\"EntryPoint\",\"urlTemplate\":\"https:\\\/\\\/www.copealcoy.es\\\/es\\\/?s={search_term_string}\"},\"query-input\":{\"@type\":\"PropertyValueSpecification\",\"valueRequired\":true,\"valueName\":\"search_term_string\"}}],\"inLanguage\":\"es\"},{\"@type\":\"Person\",\"@id\":\"https:\\\/\\\/www.copealcoy.es\\\/es\\\/#\\\/schema\\\/person\\\/e777c87fa024e57d40170af9df39882c\",\"name\":\"Cope Alcoy\",\"image\":{\"@type\":\"ImageObject\",\"inLanguage\":\"es\",\"@id\":\"https:\\\/\\\/secure.gravatar.com\\\/avatar\\\/bb65d0283347e303893ba14f0692005417c1e0e690a325a4c5d8bb2b3943ee14?s=96&d=mm&r=g\",\"url\":\"https:\\\/\\\/secure.gravatar.com\\\/avatar\\\/bb65d0283347e303893ba14f0692005417c1e0e690a325a4c5d8bb2b3943ee14?s=96&d=mm&r=g\",\"contentUrl\":\"https:\\\/\\\/secure.gravatar.com\\\/avatar\\\/bb65d0283347e303893ba14f0692005417c1e0e690a325a4c5d8bb2b3943ee14?s=96&d=mm&r=g\",\"caption\":\"Cope Alcoy\"}}]}<\/script>\n<!-- \/ Yoast SEO plugin. -->","yoast_head_json":{"title":"Ya se puede solicitar el transporte universitario y FP que oferta la Manco - COPE Alcoy","robots":{"index":"index","follow":"follow","max-snippet":"max-snippet:-1","max-image-preview":"max-image-preview:large","max-video-preview":"max-video-preview:-1"},"canonical":"https:\/\/www.copealcoy.es\/es\/ya-se-puede-solicitar-el-transporte-universitario-y-fp-que-oferta-la-manco\/","og_locale":"es_ES","og_type":"article","og_title":"Ya se puede solicitar el transporte universitario y FP que oferta la Manco - COPE Alcoy","og_description":"La Mancomunitat de l&#8217;Alcoi\u00e0 y el Comtat ha abierto el plazo para solicitar la tarjeta de usuario del Servicio de...","og_url":"https:\/\/www.copealcoy.es\/es\/ya-se-puede-solicitar-el-transporte-universitario-y-fp-que-oferta-la-manco\/","og_site_name":"COPE Alcoy","article_published_time":"2022-07-15T17:46:39+00:00","article_modified_time":"2022-07-15T17:54:34+00:00","og_image":[{"width":2560,"height":1920,"url":"https:\/\/www.copealcoy.es\/wp-content\/uploads\/2021\/06\/Autobus-urba-dAlcoi-scaled.jpg","type":"image\/jpeg"}],"author":"Cope Alcoy","twitter_misc":{"Escrito por":"Cope Alcoy","Tiempo de lectura":"2 minutos"},"schema":{"@context":"https:\/\/schema.org","@graph":[{"@type":"Article","@id":"https:\/\/www.copealcoy.es\/es\/ya-se-puede-solicitar-el-transporte-universitario-y-fp-que-oferta-la-manco\/#article","isPartOf":{"@id":"https:\/\/www.copealcoy.es\/es\/ya-se-puede-solicitar-el-transporte-universitario-y-fp-que-oferta-la-manco\/"},"author":{"name":"Cope Alcoy","@id":"https:\/\/www.copealcoy.es\/es\/#\/schema\/person\/e777c87fa024e57d40170af9df39882c"},"headline":"Ya se puede solicitar el transporte universitario y FP que oferta la Manco","datePublished":"2022-07-15T17:46:39+00:00","dateModified":"2022-07-15T17:54:34+00:00","mainEntityOfPage":{"@id":"https:\/\/www.copealcoy.es\/es\/ya-se-puede-solicitar-el-transporte-universitario-y-fp-que-oferta-la-manco\/"},"wordCount":455,"commentCount":0,"image":{"@id":"https:\/\/www.copealcoy.es\/es\/ya-se-puede-solicitar-el-transporte-universitario-y-fp-que-oferta-la-manco\/#primaryimage"},"thumbnailUrl":"https:\/\/www.copealcoy.es\/wp-content\/uploads\/2021\/06\/Autobus-urba-dAlcoi-scaled.jpg","keywords":["Alcoi\u00e0","Alcoy","Autob\u00fas","Comtat","Mancomunitat","Transporte Universitario"],"articleSection":["Comarcas","Noticias"],"inLanguage":"es"},{"@type":"WebPage","@id":"https:\/\/www.copealcoy.es\/es\/ya-se-puede-solicitar-el-transporte-universitario-y-fp-que-oferta-la-manco\/","url":"https:\/\/www.copealcoy.es\/es\/ya-se-puede-solicitar-el-transporte-universitario-y-fp-que-oferta-la-manco\/","name":"Ya se puede solicitar el transporte universitario y FP que oferta la Manco - COPE Alcoy","isPartOf":{"@id":"https:\/\/www.copealcoy.es\/es\/#website"},"primaryImageOfPage":{"@id":"https:\/\/www.copealcoy.es\/es\/ya-se-puede-solicitar-el-transporte-universitario-y-fp-que-oferta-la-manco\/#primaryimage"},"image":{"@id":"https:\/\/www.copealcoy.es\/es\/ya-se-puede-solicitar-el-transporte-universitario-y-fp-que-oferta-la-manco\/#primaryimage"},"thumbnailUrl":"https:\/\/www.copealcoy.es\/wp-content\/uploads\/2021\/06\/Autobus-urba-dAlcoi-scaled.jpg","datePublished":"2022-07-15T17:46:39+00:00","dateModified":"2022-07-15T17:54:34+00:00","author":{"@id":"https:\/\/www.copealcoy.es\/es\/#\/schema\/person\/e777c87fa024e57d40170af9df39882c"},"breadcrumb":{"@id":"https:\/\/www.copealcoy.es\/es\/ya-se-puede-solicitar-el-transporte-universitario-y-fp-que-oferta-la-manco\/#breadcrumb"},"inLanguage":"es","potentialAction":[{"@type":"ReadAction","target":["https:\/\/www.copealcoy.es\/es\/ya-se-puede-solicitar-el-transporte-universitario-y-fp-que-oferta-la-manco\/"]}]},{"@type":"ImageObject","inLanguage":"es","@id":"https:\/\/www.copealcoy.es\/es\/ya-se-puede-solicitar-el-transporte-universitario-y-fp-que-oferta-la-manco\/#primaryimage","url":"https:\/\/www.copealcoy.es\/wp-content\/uploads\/2021\/06\/Autobus-urba-dAlcoi-scaled.jpg","contentUrl":"https:\/\/www.copealcoy.es\/wp-content\/uploads\/2021\/06\/Autobus-urba-dAlcoi-scaled.jpg","width":2560,"height":1920},{"@type":"BreadcrumbList","@id":"https:\/\/www.copealcoy.es\/es\/ya-se-puede-solicitar-el-transporte-universitario-y-fp-que-oferta-la-manco\/#breadcrumb","itemListElement":[{"@type":"ListItem","position":1,"name":"Portada","item":"https:\/\/www.copealcoy.es\/es\/"},{"@type":"ListItem","position":2,"name":"Ya se puede solicitar el transporte universitario y FP que oferta la Manco"}]},{"@type":"WebSite","@id":"https:\/\/www.copealcoy.es\/es\/#website","url":"https:\/\/www.copealcoy.es\/es\/","name":"COPE Alcoy","description":"Emisora COPE de radio local con emisi\u00f3n online. Pont de Sant Jordi 8-10 03803 Alcoy","potentialAction":[{"@type":"SearchAction","target":{"@type":"EntryPoint","urlTemplate":"https:\/\/www.copealcoy.es\/es\/?s={search_term_string}"},"query-input":{"@type":"PropertyValueSpecification","valueRequired":true,"valueName":"search_term_string"}}],"inLanguage":"es"},{"@type":"Person","@id":"https:\/\/www.copealcoy.es\/es\/#\/schema\/person\/e777c87fa024e57d40170af9df39882c","name":"Cope Alcoy","image":{"@type":"ImageObject","inLanguage":"es","@id":"https:\/\/secure.gravatar.com\/avatar\/bb65d0283347e303893ba14f0692005417c1e0e690a325a4c5d8bb2b3943ee14?s=96&d=mm&r=g","url":"https:\/\/secure.gravatar.com\/avatar\/bb65d0283347e303893ba14f0692005417c1e0e690a325a4c5d8bb2b3943ee14?s=96&d=mm&r=g","contentUrl":"https:\/\/secure.gravatar.com\/avatar\/bb65d0283347e303893ba14f0692005417c1e0e690a325a4c5d8bb2b3943ee14?s=96&d=mm&r=g","caption":"Cope Alcoy"}}]}},"_links":{"self":[{"href":"https:\/\/www.copealcoy.es\/es\/wp-json\/wp\/v2\/posts\/89861","targetHints":{"allow":["GET"]}}],"collection":[{"href":"https:\/\/www.copealcoy.es\/es\/wp-json\/wp\/v2\/posts"}],"about":[{"href":"https:\/\/www.copealcoy.es\/es\/wp-json\/wp\/v2\/types\/post"}],"author":[{"embeddable":true,"href":"https:\/\/www.copealcoy.es\/es\/wp-json\/wp\/v2\/users\/1"}],"replies":[{"embeddable":true,"href":"https:\/\/www.copealcoy.es\/es\/wp-json\/wp\/v2\/comments?post=89861"}],"version-history":[{"count":0,"href":"https:\/\/www.copealcoy.es\/es\/wp-json\/wp\/v2\/posts\/89861\/revisions"}],"wp:featuredmedia":[{"embeddable":true,"href":"https:\/\/www.copealcoy.es\/es\/wp-json\/wp\/v2\/media\/74638"}],"wp:attachment":[{"href":"https:\/\/www.copealcoy.es\/es\/wp-json\/wp\/v2\/media?parent=89861"}],"wp:term":[{"taxonomy":"category","embeddable":true,"href":"https:\/\/www.copealcoy.es\/es\/wp-json\/wp\/v2\/categories?post=89861"},{"taxonomy":"post_tag","embeddable":true,"href":"https:\/\/www.copealcoy.es\/es\/wp-json\/wp\/v2\/tags?post=89861"}],"curies":[{"name":"wp","href":"https:\/\/api.w.org\/{rel}","templated":true}]}}