{"id":89783,"date":"2022-07-13T19:50:41","date_gmt":"2022-07-13T18:50:41","guid":{"rendered":"https:\/\/www.copealcoy.es\/?p=89783"},"modified":"2022-07-13T20:20:55","modified_gmt":"2022-07-13T19:20:55","slug":"el-poliesportiu-dalcoi-compleix-cinquanta-anys-de-vida","status":"publish","type":"post","link":"https:\/\/www.copealcoy.es\/es\/el-poliesportiu-dalcoi-compleix-cinquanta-anys-de-vida\/","title":{"rendered":"El Poliesportiu d&#8217;Alcoi compleix cinquanta anys de vida"},"content":{"rendered":"<div dir=\"auto\" style=\"text-align: justify;\">\n<p>El <strong>Poliesportiu Municipal d&#8217;Alcoi<\/strong> va complir ahir\u00a0<strong><span class=\"hiddenGreenError\">50<\/span>\u00a0anys de vida des de la seua obertura<\/strong>. Fou el <strong>dimecres 12 de juliol de 1972<\/strong> quan va obrir oficialment les portes, si b\u00e9 es va considerar<strong> deixar per a setembre la\u00a0<span class=\"hiddenGreenError\">seva<\/span>\u00a0inauguraci\u00f3 oficial<\/strong>. A aquesta posada en marxa provisional de juliol <strong>va assistir el delegat provincial d\u2019Educaci\u00f3 F\u00edsica i Esports<\/strong>, acompanyat per <strong>l\u2019alcalde i el regidor d\u2019Esports<\/strong>,\u00a0<span class=\"hiddenSpellError\">Trelis<\/span><\/p>\n<p>En la <strong>primera fase<\/strong> es van invertir 25 milions de pessetes, un ter\u00e7 finan\u00e7at per la Delegaci\u00f3 Nacional d\u2019Educaci\u00f3 F\u00edsica i Esports, i la resta per l\u2019Ajuntament. La mateixa, segons informa la regidoria d&#8217;Esports de l&#8217;Ajuntament d&#8217;Alcoi, comprenia <strong>dues pistes de tenis, una pista poliesportiva a l\u2019aire lliure, un pavell\u00f3 poliesportiu cobert i piscina, gimn\u00e0s i serveis auxiliars com consergeria i ba<\/strong>r.<\/p>\n<p>Pel que fa al nom a qui est\u00e0 dedicat, <strong>Francisco Laporta Boronat<\/strong> era un empresari, fill de l\u2019industrial paperer Jos\u00e9 Laporta i de Rosa Boronat. En morir son pare en 1920, va assumir la direcci\u00f3 de l\u2019empresa abans de la seua integraci\u00f3 en Papereres Reunides en 1931. Laporta va saber compaginar el treball i l\u2019esport com a oci, i en va ser un vertader pioner i puntal a Alcoi. Aix\u00ed v<strong>a promoure la fundaci\u00f3 en 1911 de la societat \u00ab<span class=\"hiddenSpellError\">Arte<\/span>\u00a0<span class=\"hiddenGrammarError\">y<\/span>\u00a0<span class=\"hiddenSpellError\">Sport<\/span>\u00bb<\/strong> potenciant\u00a0tota mena de modalitats esportives, com l\u2019atletisme, el patinatge, el tenis, la boxa, el ciclisme i fins i tot el \u201c<span class=\"hiddenSpellError\">foot<\/span>-ball\u201d, esport que acabava d\u2019arribar des d\u2019Anglaterra. Com que per a practicar el \u201c<span class=\"hiddenSpellError\">foot<\/span>-ball\u201d era necessari un camp de joc adequat, <strong>Laporta va adquirir en 1921 una gran extensi\u00f3 de terreny en El\u00a0<span class=\"hiddenSpellError\">Collao<\/span>\u00a0per a habilitar un camp<\/strong> on pogueren jugar els diversos clubs locals. En 1926 va impulsar <strong>la fundaci\u00f3 de l\u2019<span class=\"hiddenSpellError\">Alcodiam<\/span>\u00a0<span class=\"hiddenSpellError\">Deportivo<\/span><\/strong>, d\u2019on <strong>sorgiria anys despr\u00e9s el Club\u00a0<span class=\"hiddenSpellError\">Deportivo<\/span>\u00a0<span class=\"hiddenSpellError\">Alcoyano<\/span><\/strong>.<\/p>\n<p>El Poliesportiu alcoi\u00e0 <strong>ha experimentat importants reformes i ampliacions<\/strong> en aquest mig segle fins a adquirir la imatge que presenta actualment. Les instal\u00b7lacions<strong> s\u00f3n emprades cada dia per un gran nombre d&#8217;esportistes<\/strong> mentre que els caps de setmana es registra una rellevant activitat en totes les pistes i pavellons.<\/p>\n<\/div>\n","protected":false},"excerpt":{"rendered":"<p>El Poliesportiu Municipal d&#8217;Alcoi va complir ahir\u00a050\u00a0anys de vida des de la seua obertura. Fou el dimecres 12 de juliol&#8230;<\/p>\n","protected":false},"author":1,"featured_media":89784,"comment_status":"open","ping_status":"open","sticky":false,"template":"","format":"standard","meta":{"footnotes":""},"categories":[6909,97,92,75],"tags":[160,12949,11856,7777],"class_list":["post-89783","post","type-post","status-publish","format-standard","has-post-thumbnail","hentry","category-actualidad","category-alcoy","category-deportes","category-noticias","tag-alcoi","tag-cinquanta-aniversari","tag-inauguracio","tag-poliesportiu-municipal"],"yoast_head":"<!-- This site is optimized with the Yoast SEO plugin v27.3 - https:\/\/yoast.com\/product\/yoast-seo-wordpress\/ -->\n<title>El Poliesportiu d&#039;Alcoi compleix cinquanta anys de vida - COPE Alcoy<\/title>\n<meta name=\"robots\" content=\"index, follow, max-snippet:-1, max-image-preview:large, max-video-preview:-1\" \/>\n<link rel=\"canonical\" href=\"https:\/\/www.copealcoy.es\/es\/el-poliesportiu-dalcoi-compleix-cinquanta-anys-de-vida\/\" \/>\n<meta property=\"og:locale\" content=\"es_ES\" \/>\n<meta property=\"og:type\" content=\"article\" \/>\n<meta property=\"og:title\" content=\"El Poliesportiu d&#039;Alcoi compleix cinquanta anys de vida - COPE Alcoy\" \/>\n<meta property=\"og:description\" content=\"El Poliesportiu Municipal d&#8217;Alcoi va complir ahir\u00a050\u00a0anys de vida des de la seua obertura. Fou el dimecres 12 de juliol...\" \/>\n<meta property=\"og:url\" content=\"https:\/\/www.copealcoy.es\/es\/el-poliesportiu-dalcoi-compleix-cinquanta-anys-de-vida\/\" \/>\n<meta property=\"og:site_name\" content=\"COPE Alcoy\" \/>\n<meta property=\"article:published_time\" content=\"2022-07-13T18:50:41+00:00\" \/>\n<meta property=\"article:modified_time\" content=\"2022-07-13T19:20:55+00:00\" \/>\n<meta property=\"og:image\" content=\"https:\/\/www.copealcoy.es\/wp-content\/uploads\/2022\/07\/293144860_418864733615470_1241600734515662336_n-1.jpg\" \/>\n\t<meta property=\"og:image:width\" content=\"689\" \/>\n\t<meta property=\"og:image:height\" content=\"474\" \/>\n\t<meta property=\"og:image:type\" content=\"image\/jpeg\" \/>\n<meta name=\"author\" content=\"Cope Alcoy\" \/>\n<meta name=\"twitter:label1\" content=\"Escrito por\" \/>\n\t<meta name=\"twitter:data1\" content=\"Cope Alcoy\" \/>\n\t<meta name=\"twitter:label2\" content=\"Tiempo de lectura\" \/>\n\t<meta name=\"twitter:data2\" content=\"2 minutos\" \/>\n<script type=\"application\/ld+json\" class=\"yoast-schema-graph\">{\"@context\":\"https:\\\/\\\/schema.org\",\"@graph\":[{\"@type\":\"Article\",\"@id\":\"https:\\\/\\\/www.copealcoy.es\\\/es\\\/el-poliesportiu-dalcoi-compleix-cinquanta-anys-de-vida\\\/#article\",\"isPartOf\":{\"@id\":\"https:\\\/\\\/www.copealcoy.es\\\/es\\\/el-poliesportiu-dalcoi-compleix-cinquanta-anys-de-vida\\\/\"},\"author\":{\"name\":\"Cope Alcoy\",\"@id\":\"https:\\\/\\\/www.copealcoy.es\\\/es\\\/#\\\/schema\\\/person\\\/e777c87fa024e57d40170af9df39882c\"},\"headline\":\"El Poliesportiu d&#8217;Alcoi compleix cinquanta anys de vida\",\"datePublished\":\"2022-07-13T18:50:41+00:00\",\"dateModified\":\"2022-07-13T19:20:55+00:00\",\"mainEntityOfPage\":{\"@id\":\"https:\\\/\\\/www.copealcoy.es\\\/es\\\/el-poliesportiu-dalcoi-compleix-cinquanta-anys-de-vida\\\/\"},\"wordCount\":371,\"commentCount\":0,\"image\":{\"@id\":\"https:\\\/\\\/www.copealcoy.es\\\/es\\\/el-poliesportiu-dalcoi-compleix-cinquanta-anys-de-vida\\\/#primaryimage\"},\"thumbnailUrl\":\"https:\\\/\\\/www.copealcoy.es\\\/wp-content\\\/uploads\\\/2022\\\/07\\\/293144860_418864733615470_1241600734515662336_n-1.jpg\",\"keywords\":[\"Alcoi\",\"cinquanta aniversari\",\"inauguraci\u00f3\",\"Poliesportiu Municipal\"],\"articleSection\":[\"Actualidad\",\"Alcoy\",\"Deportes\",\"Noticias\"],\"inLanguage\":\"es\"},{\"@type\":\"WebPage\",\"@id\":\"https:\\\/\\\/www.copealcoy.es\\\/es\\\/el-poliesportiu-dalcoi-compleix-cinquanta-anys-de-vida\\\/\",\"url\":\"https:\\\/\\\/www.copealcoy.es\\\/es\\\/el-poliesportiu-dalcoi-compleix-cinquanta-anys-de-vida\\\/\",\"name\":\"El Poliesportiu d'Alcoi compleix cinquanta anys de vida - COPE Alcoy\",\"isPartOf\":{\"@id\":\"https:\\\/\\\/www.copealcoy.es\\\/es\\\/#website\"},\"primaryImageOfPage\":{\"@id\":\"https:\\\/\\\/www.copealcoy.es\\\/es\\\/el-poliesportiu-dalcoi-compleix-cinquanta-anys-de-vida\\\/#primaryimage\"},\"image\":{\"@id\":\"https:\\\/\\\/www.copealcoy.es\\\/es\\\/el-poliesportiu-dalcoi-compleix-cinquanta-anys-de-vida\\\/#primaryimage\"},\"thumbnailUrl\":\"https:\\\/\\\/www.copealcoy.es\\\/wp-content\\\/uploads\\\/2022\\\/07\\\/293144860_418864733615470_1241600734515662336_n-1.jpg\",\"datePublished\":\"2022-07-13T18:50:41+00:00\",\"dateModified\":\"2022-07-13T19:20:55+00:00\",\"author\":{\"@id\":\"https:\\\/\\\/www.copealcoy.es\\\/es\\\/#\\\/schema\\\/person\\\/e777c87fa024e57d40170af9df39882c\"},\"breadcrumb\":{\"@id\":\"https:\\\/\\\/www.copealcoy.es\\\/es\\\/el-poliesportiu-dalcoi-compleix-cinquanta-anys-de-vida\\\/#breadcrumb\"},\"inLanguage\":\"es\",\"potentialAction\":[{\"@type\":\"ReadAction\",\"target\":[\"https:\\\/\\\/www.copealcoy.es\\\/es\\\/el-poliesportiu-dalcoi-compleix-cinquanta-anys-de-vida\\\/\"]}]},{\"@type\":\"ImageObject\",\"inLanguage\":\"es\",\"@id\":\"https:\\\/\\\/www.copealcoy.es\\\/es\\\/el-poliesportiu-dalcoi-compleix-cinquanta-anys-de-vida\\\/#primaryimage\",\"url\":\"https:\\\/\\\/www.copealcoy.es\\\/wp-content\\\/uploads\\\/2022\\\/07\\\/293144860_418864733615470_1241600734515662336_n-1.jpg\",\"contentUrl\":\"https:\\\/\\\/www.copealcoy.es\\\/wp-content\\\/uploads\\\/2022\\\/07\\\/293144860_418864733615470_1241600734515662336_n-1.jpg\",\"width\":689,\"height\":474},{\"@type\":\"BreadcrumbList\",\"@id\":\"https:\\\/\\\/www.copealcoy.es\\\/es\\\/el-poliesportiu-dalcoi-compleix-cinquanta-anys-de-vida\\\/#breadcrumb\",\"itemListElement\":[{\"@type\":\"ListItem\",\"position\":1,\"name\":\"Portada\",\"item\":\"https:\\\/\\\/www.copealcoy.es\\\/es\\\/\"},{\"@type\":\"ListItem\",\"position\":2,\"name\":\"El Poliesportiu d&#8217;Alcoi compleix cinquanta anys de vida\"}]},{\"@type\":\"WebSite\",\"@id\":\"https:\\\/\\\/www.copealcoy.es\\\/es\\\/#website\",\"url\":\"https:\\\/\\\/www.copealcoy.es\\\/es\\\/\",\"name\":\"COPE Alcoy\",\"description\":\"Emisora COPE de radio local con emisi\u00f3n online. Pont de Sant Jordi 8-10 03803 Alcoy\",\"potentialAction\":[{\"@type\":\"SearchAction\",\"target\":{\"@type\":\"EntryPoint\",\"urlTemplate\":\"https:\\\/\\\/www.copealcoy.es\\\/es\\\/?s={search_term_string}\"},\"query-input\":{\"@type\":\"PropertyValueSpecification\",\"valueRequired\":true,\"valueName\":\"search_term_string\"}}],\"inLanguage\":\"es\"},{\"@type\":\"Person\",\"@id\":\"https:\\\/\\\/www.copealcoy.es\\\/es\\\/#\\\/schema\\\/person\\\/e777c87fa024e57d40170af9df39882c\",\"name\":\"Cope Alcoy\",\"image\":{\"@type\":\"ImageObject\",\"inLanguage\":\"es\",\"@id\":\"https:\\\/\\\/secure.gravatar.com\\\/avatar\\\/bb65d0283347e303893ba14f0692005417c1e0e690a325a4c5d8bb2b3943ee14?s=96&d=mm&r=g\",\"url\":\"https:\\\/\\\/secure.gravatar.com\\\/avatar\\\/bb65d0283347e303893ba14f0692005417c1e0e690a325a4c5d8bb2b3943ee14?s=96&d=mm&r=g\",\"contentUrl\":\"https:\\\/\\\/secure.gravatar.com\\\/avatar\\\/bb65d0283347e303893ba14f0692005417c1e0e690a325a4c5d8bb2b3943ee14?s=96&d=mm&r=g\",\"caption\":\"Cope Alcoy\"}}]}<\/script>\n<!-- \/ Yoast SEO plugin. -->","yoast_head_json":{"title":"El Poliesportiu d'Alcoi compleix cinquanta anys de vida - COPE Alcoy","robots":{"index":"index","follow":"follow","max-snippet":"max-snippet:-1","max-image-preview":"max-image-preview:large","max-video-preview":"max-video-preview:-1"},"canonical":"https:\/\/www.copealcoy.es\/es\/el-poliesportiu-dalcoi-compleix-cinquanta-anys-de-vida\/","og_locale":"es_ES","og_type":"article","og_title":"El Poliesportiu d'Alcoi compleix cinquanta anys de vida - COPE Alcoy","og_description":"El Poliesportiu Municipal d&#8217;Alcoi va complir ahir\u00a050\u00a0anys de vida des de la seua obertura. Fou el dimecres 12 de juliol...","og_url":"https:\/\/www.copealcoy.es\/es\/el-poliesportiu-dalcoi-compleix-cinquanta-anys-de-vida\/","og_site_name":"COPE Alcoy","article_published_time":"2022-07-13T18:50:41+00:00","article_modified_time":"2022-07-13T19:20:55+00:00","og_image":[{"width":689,"height":474,"url":"https:\/\/www.copealcoy.es\/wp-content\/uploads\/2022\/07\/293144860_418864733615470_1241600734515662336_n-1.jpg","type":"image\/jpeg"}],"author":"Cope Alcoy","twitter_misc":{"Escrito por":"Cope Alcoy","Tiempo de lectura":"2 minutos"},"schema":{"@context":"https:\/\/schema.org","@graph":[{"@type":"Article","@id":"https:\/\/www.copealcoy.es\/es\/el-poliesportiu-dalcoi-compleix-cinquanta-anys-de-vida\/#article","isPartOf":{"@id":"https:\/\/www.copealcoy.es\/es\/el-poliesportiu-dalcoi-compleix-cinquanta-anys-de-vida\/"},"author":{"name":"Cope Alcoy","@id":"https:\/\/www.copealcoy.es\/es\/#\/schema\/person\/e777c87fa024e57d40170af9df39882c"},"headline":"El Poliesportiu d&#8217;Alcoi compleix cinquanta anys de vida","datePublished":"2022-07-13T18:50:41+00:00","dateModified":"2022-07-13T19:20:55+00:00","mainEntityOfPage":{"@id":"https:\/\/www.copealcoy.es\/es\/el-poliesportiu-dalcoi-compleix-cinquanta-anys-de-vida\/"},"wordCount":371,"commentCount":0,"image":{"@id":"https:\/\/www.copealcoy.es\/es\/el-poliesportiu-dalcoi-compleix-cinquanta-anys-de-vida\/#primaryimage"},"thumbnailUrl":"https:\/\/www.copealcoy.es\/wp-content\/uploads\/2022\/07\/293144860_418864733615470_1241600734515662336_n-1.jpg","keywords":["Alcoi","cinquanta aniversari","inauguraci\u00f3","Poliesportiu Municipal"],"articleSection":["Actualidad","Alcoy","Deportes","Noticias"],"inLanguage":"es"},{"@type":"WebPage","@id":"https:\/\/www.copealcoy.es\/es\/el-poliesportiu-dalcoi-compleix-cinquanta-anys-de-vida\/","url":"https:\/\/www.copealcoy.es\/es\/el-poliesportiu-dalcoi-compleix-cinquanta-anys-de-vida\/","name":"El Poliesportiu d'Alcoi compleix cinquanta anys de vida - COPE Alcoy","isPartOf":{"@id":"https:\/\/www.copealcoy.es\/es\/#website"},"primaryImageOfPage":{"@id":"https:\/\/www.copealcoy.es\/es\/el-poliesportiu-dalcoi-compleix-cinquanta-anys-de-vida\/#primaryimage"},"image":{"@id":"https:\/\/www.copealcoy.es\/es\/el-poliesportiu-dalcoi-compleix-cinquanta-anys-de-vida\/#primaryimage"},"thumbnailUrl":"https:\/\/www.copealcoy.es\/wp-content\/uploads\/2022\/07\/293144860_418864733615470_1241600734515662336_n-1.jpg","datePublished":"2022-07-13T18:50:41+00:00","dateModified":"2022-07-13T19:20:55+00:00","author":{"@id":"https:\/\/www.copealcoy.es\/es\/#\/schema\/person\/e777c87fa024e57d40170af9df39882c"},"breadcrumb":{"@id":"https:\/\/www.copealcoy.es\/es\/el-poliesportiu-dalcoi-compleix-cinquanta-anys-de-vida\/#breadcrumb"},"inLanguage":"es","potentialAction":[{"@type":"ReadAction","target":["https:\/\/www.copealcoy.es\/es\/el-poliesportiu-dalcoi-compleix-cinquanta-anys-de-vida\/"]}]},{"@type":"ImageObject","inLanguage":"es","@id":"https:\/\/www.copealcoy.es\/es\/el-poliesportiu-dalcoi-compleix-cinquanta-anys-de-vida\/#primaryimage","url":"https:\/\/www.copealcoy.es\/wp-content\/uploads\/2022\/07\/293144860_418864733615470_1241600734515662336_n-1.jpg","contentUrl":"https:\/\/www.copealcoy.es\/wp-content\/uploads\/2022\/07\/293144860_418864733615470_1241600734515662336_n-1.jpg","width":689,"height":474},{"@type":"BreadcrumbList","@id":"https:\/\/www.copealcoy.es\/es\/el-poliesportiu-dalcoi-compleix-cinquanta-anys-de-vida\/#breadcrumb","itemListElement":[{"@type":"ListItem","position":1,"name":"Portada","item":"https:\/\/www.copealcoy.es\/es\/"},{"@type":"ListItem","position":2,"name":"El Poliesportiu d&#8217;Alcoi compleix cinquanta anys de vida"}]},{"@type":"WebSite","@id":"https:\/\/www.copealcoy.es\/es\/#website","url":"https:\/\/www.copealcoy.es\/es\/","name":"COPE Alcoy","description":"Emisora COPE de radio local con emisi\u00f3n online. Pont de Sant Jordi 8-10 03803 Alcoy","potentialAction":[{"@type":"SearchAction","target":{"@type":"EntryPoint","urlTemplate":"https:\/\/www.copealcoy.es\/es\/?s={search_term_string}"},"query-input":{"@type":"PropertyValueSpecification","valueRequired":true,"valueName":"search_term_string"}}],"inLanguage":"es"},{"@type":"Person","@id":"https:\/\/www.copealcoy.es\/es\/#\/schema\/person\/e777c87fa024e57d40170af9df39882c","name":"Cope Alcoy","image":{"@type":"ImageObject","inLanguage":"es","@id":"https:\/\/secure.gravatar.com\/avatar\/bb65d0283347e303893ba14f0692005417c1e0e690a325a4c5d8bb2b3943ee14?s=96&d=mm&r=g","url":"https:\/\/secure.gravatar.com\/avatar\/bb65d0283347e303893ba14f0692005417c1e0e690a325a4c5d8bb2b3943ee14?s=96&d=mm&r=g","contentUrl":"https:\/\/secure.gravatar.com\/avatar\/bb65d0283347e303893ba14f0692005417c1e0e690a325a4c5d8bb2b3943ee14?s=96&d=mm&r=g","caption":"Cope Alcoy"}}]}},"_links":{"self":[{"href":"https:\/\/www.copealcoy.es\/es\/wp-json\/wp\/v2\/posts\/89783","targetHints":{"allow":["GET"]}}],"collection":[{"href":"https:\/\/www.copealcoy.es\/es\/wp-json\/wp\/v2\/posts"}],"about":[{"href":"https:\/\/www.copealcoy.es\/es\/wp-json\/wp\/v2\/types\/post"}],"author":[{"embeddable":true,"href":"https:\/\/www.copealcoy.es\/es\/wp-json\/wp\/v2\/users\/1"}],"replies":[{"embeddable":true,"href":"https:\/\/www.copealcoy.es\/es\/wp-json\/wp\/v2\/comments?post=89783"}],"version-history":[{"count":0,"href":"https:\/\/www.copealcoy.es\/es\/wp-json\/wp\/v2\/posts\/89783\/revisions"}],"wp:featuredmedia":[{"embeddable":true,"href":"https:\/\/www.copealcoy.es\/es\/wp-json\/wp\/v2\/media\/89784"}],"wp:attachment":[{"href":"https:\/\/www.copealcoy.es\/es\/wp-json\/wp\/v2\/media?parent=89783"}],"wp:term":[{"taxonomy":"category","embeddable":true,"href":"https:\/\/www.copealcoy.es\/es\/wp-json\/wp\/v2\/categories?post=89783"},{"taxonomy":"post_tag","embeddable":true,"href":"https:\/\/www.copealcoy.es\/es\/wp-json\/wp\/v2\/tags?post=89783"}],"curies":[{"name":"wp","href":"https:\/\/api.w.org\/{rel}","templated":true}]}}