{"id":89770,"date":"2022-07-13T18:43:14","date_gmt":"2022-07-13T17:43:14","guid":{"rendered":"https:\/\/www.copealcoy.es\/?p=89770"},"modified":"2022-07-15T23:45:21","modified_gmt":"2022-07-15T22:45:21","slug":"siete-casos-mas-de-viruela-del-mono-elevan-a-65-los-positivos-en-la-comunitat-valenciana","status":"publish","type":"post","link":"https:\/\/www.copealcoy.es\/es\/siete-casos-mas-de-viruela-del-mono-elevan-a-65-los-positivos-en-la-comunitat-valenciana\/","title":{"rendered":"Siete casos m\u00e1s de viruela del mono elevan a 65 los positivos en la Comunitat Valenciana"},"content":{"rendered":"<p style=\"text-align: justify;\">La<strong> Conselleria de Sanidad ha confirmado siete nuevos casos de viruela del mono (Monkeypox) en la Comunitat Valenciana <\/strong>desde la \u00faltima actualizaci\u00f3n del pasado viernes.<\/p>\n<p style=\"text-align: justify;\">Con estos positivos son\u00a0<strong>65 los casos registrados en la Comunitat hasta ahora, que se distribuyen en 29 en la provincia de Alicante, uno en la provincia de Castell\u00f3n, 29 en la provincia de Valencia y seis no residentes<\/strong>.<\/p>\n<p style=\"text-align: justify;\">Sanidad a<strong>ctualiza la informaci\u00f3n sobre los casos de Monkeypox los martes y los viernes<\/strong>, igual que hace con los datos de Coronavirus.<\/p>\n<p style=\"text-align: justify;\"><span style=\"color: #0000ff;\"><strong>\u00bfCu\u00e1les son las diferencias entre la viruela del mono y la viruela com\u00fan?<\/strong><\/span><\/p>\n<p dir=\"ltr\" style=\"text-align: justify;\">Los expertos insisten en que aunque ambas enfermedades\u00a0<strong>presentan lesiones en la piel, son diferentes<\/strong>. Adem\u00e1s, los sanitarios han se\u00f1alado que en el caso de la viruela del mono\u00a0<strong>se inflaman los ganglios linf\u00e1ticos del paciente<\/strong>, pudiendo afectar al cuello o a las axilas, mientras que en la viruela com\u00fan no se inflaman los ganglios linf\u00e1ticos.<\/p>\n<p dir=\"ltr\" style=\"text-align: justify;\">Por otro lado, los s\u00edntomas de viruela del mono son m\u00e1s leves que los de la viruela com\u00fan.\u00a0<strong>La viruela del mono es menos mortal<\/strong>, ya que seg\u00fan los datos que han aportado desde la OMS (Organizaci\u00f3n Mundial de la Salud) la viruela del mono registra 1 muerte de cada diez personas que se contagian de viruela del mono por lo que el porcentaje de letalidad es m\u00ednimo.\u00a0<strong>Hasta ahora en los casos detectados en Espa\u00f1a, ninguno ha perdido la vida<\/strong>. Las autoridades sanitarias, han se\u00f1alado que los casos de viruela del mono son m\u00e1s numerosos en los ni\u00f1os, pero la repercusi\u00f3n sobre la salud del paciente es leve.<\/p>\n<p style=\"text-align: justify;\">La vacuna contra la viruela com\u00fan, se ha desarrollado, mientras que en el caso de la viruela del mono, no existe una medicaci\u00f3n o vacuna efectiva que se haya promovido para combatirla.<\/p>\n<p dir=\"ltr\" style=\"text-align: justify;\">Los estudios desarrollados hasta ahora han determinado que la viruela com\u00fan se puede transmitir entre personas. Sin embargo, en el caso de la viruela del mono, s\u00ed que existen estudios que demuestran que la viruela del mono se transmite de animales a humanos, a trav\u00e9s de mordeduras de los animales o por el contacto con ropa contaminada del virus.\u00a0<strong>Pero en el caso de los contagios de humanos a animales, no existen estudios que demuestran los contagios<\/strong>.<\/p>\n","protected":false},"excerpt":{"rendered":"<p>La Conselleria de Sanidad ha confirmado siete nuevos casos de viruela del mono (Monkeypox) en la Comunitat Valenciana desde la&#8230;<\/p>\n","protected":false},"author":1,"featured_media":89496,"comment_status":"open","ping_status":"open","sticky":false,"template":"","format":"standard","meta":{"footnotes":""},"categories":[6909,98,75],"tags":[639,7401,12906,12740],"class_list":["post-89770","post","type-post","status-publish","format-standard","has-post-thumbnail","hentry","category-actualidad","category-comarcas","category-noticias","tag-comunidad-valenciana","tag-contagios","tag-nuevos-positivos","tag-viruela-del-mono"],"yoast_head":"<!-- This site is optimized with the Yoast SEO plugin v27.3 - https:\/\/yoast.com\/product\/yoast-seo-wordpress\/ -->\n<title>Siete casos m\u00e1s de viruela del mono elevan a 65 los positivos en la Comunitat Valenciana - COPE Alcoy<\/title>\n<meta name=\"robots\" content=\"index, follow, max-snippet:-1, max-image-preview:large, max-video-preview:-1\" \/>\n<link rel=\"canonical\" href=\"https:\/\/www.copealcoy.es\/es\/siete-casos-mas-de-viruela-del-mono-elevan-a-65-los-positivos-en-la-comunitat-valenciana\/\" \/>\n<meta property=\"og:locale\" content=\"es_ES\" \/>\n<meta property=\"og:type\" content=\"article\" \/>\n<meta property=\"og:title\" content=\"Siete casos m\u00e1s de viruela del mono elevan a 65 los positivos en la Comunitat Valenciana - COPE Alcoy\" \/>\n<meta property=\"og:description\" content=\"La Conselleria de Sanidad ha confirmado siete nuevos casos de viruela del mono (Monkeypox) en la Comunitat Valenciana desde la...\" \/>\n<meta property=\"og:url\" content=\"https:\/\/www.copealcoy.es\/es\/siete-casos-mas-de-viruela-del-mono-elevan-a-65-los-positivos-en-la-comunitat-valenciana\/\" \/>\n<meta property=\"og:site_name\" content=\"COPE Alcoy\" \/>\n<meta property=\"article:published_time\" content=\"2022-07-13T17:43:14+00:00\" \/>\n<meta property=\"article:modified_time\" content=\"2022-07-15T22:45:21+00:00\" \/>\n<meta property=\"og:image\" content=\"https:\/\/www.copealcoy.es\/wp-content\/uploads\/2022\/07\/1657038655619.jpg\" \/>\n\t<meta property=\"og:image:width\" content=\"976\" \/>\n\t<meta property=\"og:image:height\" content=\"684\" \/>\n\t<meta property=\"og:image:type\" content=\"image\/jpeg\" \/>\n<meta name=\"author\" content=\"Cope Alcoy\" \/>\n<meta name=\"twitter:label1\" content=\"Escrito por\" \/>\n\t<meta name=\"twitter:data1\" content=\"Cope Alcoy\" \/>\n\t<meta name=\"twitter:label2\" content=\"Tiempo de lectura\" \/>\n\t<meta name=\"twitter:data2\" content=\"2 minutos\" \/>\n<script type=\"application\/ld+json\" class=\"yoast-schema-graph\">{\"@context\":\"https:\\\/\\\/schema.org\",\"@graph\":[{\"@type\":\"Article\",\"@id\":\"https:\\\/\\\/www.copealcoy.es\\\/es\\\/siete-casos-mas-de-viruela-del-mono-elevan-a-65-los-positivos-en-la-comunitat-valenciana\\\/#article\",\"isPartOf\":{\"@id\":\"https:\\\/\\\/www.copealcoy.es\\\/es\\\/siete-casos-mas-de-viruela-del-mono-elevan-a-65-los-positivos-en-la-comunitat-valenciana\\\/\"},\"author\":{\"name\":\"Cope Alcoy\",\"@id\":\"https:\\\/\\\/www.copealcoy.es\\\/es\\\/#\\\/schema\\\/person\\\/e777c87fa024e57d40170af9df39882c\"},\"headline\":\"Siete casos m\u00e1s de viruela del mono elevan a 65 los positivos en la Comunitat Valenciana\",\"datePublished\":\"2022-07-13T17:43:14+00:00\",\"dateModified\":\"2022-07-15T22:45:21+00:00\",\"mainEntityOfPage\":{\"@id\":\"https:\\\/\\\/www.copealcoy.es\\\/es\\\/siete-casos-mas-de-viruela-del-mono-elevan-a-65-los-positivos-en-la-comunitat-valenciana\\\/\"},\"wordCount\":410,\"commentCount\":0,\"image\":{\"@id\":\"https:\\\/\\\/www.copealcoy.es\\\/es\\\/siete-casos-mas-de-viruela-del-mono-elevan-a-65-los-positivos-en-la-comunitat-valenciana\\\/#primaryimage\"},\"thumbnailUrl\":\"https:\\\/\\\/www.copealcoy.es\\\/wp-content\\\/uploads\\\/2022\\\/07\\\/1657038655619.jpg\",\"keywords\":[\"Comunidad Valenciana\",\"contagios\",\"nuevos positivos\",\"viruela del mono\"],\"articleSection\":[\"Actualidad\",\"Comarcas\",\"Noticias\"],\"inLanguage\":\"es\"},{\"@type\":\"WebPage\",\"@id\":\"https:\\\/\\\/www.copealcoy.es\\\/es\\\/siete-casos-mas-de-viruela-del-mono-elevan-a-65-los-positivos-en-la-comunitat-valenciana\\\/\",\"url\":\"https:\\\/\\\/www.copealcoy.es\\\/es\\\/siete-casos-mas-de-viruela-del-mono-elevan-a-65-los-positivos-en-la-comunitat-valenciana\\\/\",\"name\":\"Siete casos m\u00e1s de viruela del mono elevan a 65 los positivos en la Comunitat Valenciana - COPE Alcoy\",\"isPartOf\":{\"@id\":\"https:\\\/\\\/www.copealcoy.es\\\/es\\\/#website\"},\"primaryImageOfPage\":{\"@id\":\"https:\\\/\\\/www.copealcoy.es\\\/es\\\/siete-casos-mas-de-viruela-del-mono-elevan-a-65-los-positivos-en-la-comunitat-valenciana\\\/#primaryimage\"},\"image\":{\"@id\":\"https:\\\/\\\/www.copealcoy.es\\\/es\\\/siete-casos-mas-de-viruela-del-mono-elevan-a-65-los-positivos-en-la-comunitat-valenciana\\\/#primaryimage\"},\"thumbnailUrl\":\"https:\\\/\\\/www.copealcoy.es\\\/wp-content\\\/uploads\\\/2022\\\/07\\\/1657038655619.jpg\",\"datePublished\":\"2022-07-13T17:43:14+00:00\",\"dateModified\":\"2022-07-15T22:45:21+00:00\",\"author\":{\"@id\":\"https:\\\/\\\/www.copealcoy.es\\\/es\\\/#\\\/schema\\\/person\\\/e777c87fa024e57d40170af9df39882c\"},\"breadcrumb\":{\"@id\":\"https:\\\/\\\/www.copealcoy.es\\\/es\\\/siete-casos-mas-de-viruela-del-mono-elevan-a-65-los-positivos-en-la-comunitat-valenciana\\\/#breadcrumb\"},\"inLanguage\":\"es\",\"potentialAction\":[{\"@type\":\"ReadAction\",\"target\":[\"https:\\\/\\\/www.copealcoy.es\\\/es\\\/siete-casos-mas-de-viruela-del-mono-elevan-a-65-los-positivos-en-la-comunitat-valenciana\\\/\"]}]},{\"@type\":\"ImageObject\",\"inLanguage\":\"es\",\"@id\":\"https:\\\/\\\/www.copealcoy.es\\\/es\\\/siete-casos-mas-de-viruela-del-mono-elevan-a-65-los-positivos-en-la-comunitat-valenciana\\\/#primaryimage\",\"url\":\"https:\\\/\\\/www.copealcoy.es\\\/wp-content\\\/uploads\\\/2022\\\/07\\\/1657038655619.jpg\",\"contentUrl\":\"https:\\\/\\\/www.copealcoy.es\\\/wp-content\\\/uploads\\\/2022\\\/07\\\/1657038655619.jpg\",\"width\":976,\"height\":684},{\"@type\":\"BreadcrumbList\",\"@id\":\"https:\\\/\\\/www.copealcoy.es\\\/es\\\/siete-casos-mas-de-viruela-del-mono-elevan-a-65-los-positivos-en-la-comunitat-valenciana\\\/#breadcrumb\",\"itemListElement\":[{\"@type\":\"ListItem\",\"position\":1,\"name\":\"Portada\",\"item\":\"https:\\\/\\\/www.copealcoy.es\\\/es\\\/\"},{\"@type\":\"ListItem\",\"position\":2,\"name\":\"Siete casos m\u00e1s de viruela del mono elevan a 65 los positivos en la Comunitat Valenciana\"}]},{\"@type\":\"WebSite\",\"@id\":\"https:\\\/\\\/www.copealcoy.es\\\/es\\\/#website\",\"url\":\"https:\\\/\\\/www.copealcoy.es\\\/es\\\/\",\"name\":\"COPE Alcoy\",\"description\":\"Emisora COPE de radio local con emisi\u00f3n online. Pont de Sant Jordi 8-10 03803 Alcoy\",\"potentialAction\":[{\"@type\":\"SearchAction\",\"target\":{\"@type\":\"EntryPoint\",\"urlTemplate\":\"https:\\\/\\\/www.copealcoy.es\\\/es\\\/?s={search_term_string}\"},\"query-input\":{\"@type\":\"PropertyValueSpecification\",\"valueRequired\":true,\"valueName\":\"search_term_string\"}}],\"inLanguage\":\"es\"},{\"@type\":\"Person\",\"@id\":\"https:\\\/\\\/www.copealcoy.es\\\/es\\\/#\\\/schema\\\/person\\\/e777c87fa024e57d40170af9df39882c\",\"name\":\"Cope Alcoy\",\"image\":{\"@type\":\"ImageObject\",\"inLanguage\":\"es\",\"@id\":\"https:\\\/\\\/secure.gravatar.com\\\/avatar\\\/bb65d0283347e303893ba14f0692005417c1e0e690a325a4c5d8bb2b3943ee14?s=96&d=mm&r=g\",\"url\":\"https:\\\/\\\/secure.gravatar.com\\\/avatar\\\/bb65d0283347e303893ba14f0692005417c1e0e690a325a4c5d8bb2b3943ee14?s=96&d=mm&r=g\",\"contentUrl\":\"https:\\\/\\\/secure.gravatar.com\\\/avatar\\\/bb65d0283347e303893ba14f0692005417c1e0e690a325a4c5d8bb2b3943ee14?s=96&d=mm&r=g\",\"caption\":\"Cope Alcoy\"}}]}<\/script>\n<!-- \/ Yoast SEO plugin. -->","yoast_head_json":{"title":"Siete casos m\u00e1s de viruela del mono elevan a 65 los positivos en la Comunitat Valenciana - COPE Alcoy","robots":{"index":"index","follow":"follow","max-snippet":"max-snippet:-1","max-image-preview":"max-image-preview:large","max-video-preview":"max-video-preview:-1"},"canonical":"https:\/\/www.copealcoy.es\/es\/siete-casos-mas-de-viruela-del-mono-elevan-a-65-los-positivos-en-la-comunitat-valenciana\/","og_locale":"es_ES","og_type":"article","og_title":"Siete casos m\u00e1s de viruela del mono elevan a 65 los positivos en la Comunitat Valenciana - COPE Alcoy","og_description":"La Conselleria de Sanidad ha confirmado siete nuevos casos de viruela del mono (Monkeypox) en la Comunitat Valenciana desde la...","og_url":"https:\/\/www.copealcoy.es\/es\/siete-casos-mas-de-viruela-del-mono-elevan-a-65-los-positivos-en-la-comunitat-valenciana\/","og_site_name":"COPE Alcoy","article_published_time":"2022-07-13T17:43:14+00:00","article_modified_time":"2022-07-15T22:45:21+00:00","og_image":[{"width":976,"height":684,"url":"https:\/\/www.copealcoy.es\/wp-content\/uploads\/2022\/07\/1657038655619.jpg","type":"image\/jpeg"}],"author":"Cope Alcoy","twitter_misc":{"Escrito por":"Cope Alcoy","Tiempo de lectura":"2 minutos"},"schema":{"@context":"https:\/\/schema.org","@graph":[{"@type":"Article","@id":"https:\/\/www.copealcoy.es\/es\/siete-casos-mas-de-viruela-del-mono-elevan-a-65-los-positivos-en-la-comunitat-valenciana\/#article","isPartOf":{"@id":"https:\/\/www.copealcoy.es\/es\/siete-casos-mas-de-viruela-del-mono-elevan-a-65-los-positivos-en-la-comunitat-valenciana\/"},"author":{"name":"Cope Alcoy","@id":"https:\/\/www.copealcoy.es\/es\/#\/schema\/person\/e777c87fa024e57d40170af9df39882c"},"headline":"Siete casos m\u00e1s de viruela del mono elevan a 65 los positivos en la Comunitat Valenciana","datePublished":"2022-07-13T17:43:14+00:00","dateModified":"2022-07-15T22:45:21+00:00","mainEntityOfPage":{"@id":"https:\/\/www.copealcoy.es\/es\/siete-casos-mas-de-viruela-del-mono-elevan-a-65-los-positivos-en-la-comunitat-valenciana\/"},"wordCount":410,"commentCount":0,"image":{"@id":"https:\/\/www.copealcoy.es\/es\/siete-casos-mas-de-viruela-del-mono-elevan-a-65-los-positivos-en-la-comunitat-valenciana\/#primaryimage"},"thumbnailUrl":"https:\/\/www.copealcoy.es\/wp-content\/uploads\/2022\/07\/1657038655619.jpg","keywords":["Comunidad Valenciana","contagios","nuevos positivos","viruela del mono"],"articleSection":["Actualidad","Comarcas","Noticias"],"inLanguage":"es"},{"@type":"WebPage","@id":"https:\/\/www.copealcoy.es\/es\/siete-casos-mas-de-viruela-del-mono-elevan-a-65-los-positivos-en-la-comunitat-valenciana\/","url":"https:\/\/www.copealcoy.es\/es\/siete-casos-mas-de-viruela-del-mono-elevan-a-65-los-positivos-en-la-comunitat-valenciana\/","name":"Siete casos m\u00e1s de viruela del mono elevan a 65 los positivos en la Comunitat Valenciana - COPE Alcoy","isPartOf":{"@id":"https:\/\/www.copealcoy.es\/es\/#website"},"primaryImageOfPage":{"@id":"https:\/\/www.copealcoy.es\/es\/siete-casos-mas-de-viruela-del-mono-elevan-a-65-los-positivos-en-la-comunitat-valenciana\/#primaryimage"},"image":{"@id":"https:\/\/www.copealcoy.es\/es\/siete-casos-mas-de-viruela-del-mono-elevan-a-65-los-positivos-en-la-comunitat-valenciana\/#primaryimage"},"thumbnailUrl":"https:\/\/www.copealcoy.es\/wp-content\/uploads\/2022\/07\/1657038655619.jpg","datePublished":"2022-07-13T17:43:14+00:00","dateModified":"2022-07-15T22:45:21+00:00","author":{"@id":"https:\/\/www.copealcoy.es\/es\/#\/schema\/person\/e777c87fa024e57d40170af9df39882c"},"breadcrumb":{"@id":"https:\/\/www.copealcoy.es\/es\/siete-casos-mas-de-viruela-del-mono-elevan-a-65-los-positivos-en-la-comunitat-valenciana\/#breadcrumb"},"inLanguage":"es","potentialAction":[{"@type":"ReadAction","target":["https:\/\/www.copealcoy.es\/es\/siete-casos-mas-de-viruela-del-mono-elevan-a-65-los-positivos-en-la-comunitat-valenciana\/"]}]},{"@type":"ImageObject","inLanguage":"es","@id":"https:\/\/www.copealcoy.es\/es\/siete-casos-mas-de-viruela-del-mono-elevan-a-65-los-positivos-en-la-comunitat-valenciana\/#primaryimage","url":"https:\/\/www.copealcoy.es\/wp-content\/uploads\/2022\/07\/1657038655619.jpg","contentUrl":"https:\/\/www.copealcoy.es\/wp-content\/uploads\/2022\/07\/1657038655619.jpg","width":976,"height":684},{"@type":"BreadcrumbList","@id":"https:\/\/www.copealcoy.es\/es\/siete-casos-mas-de-viruela-del-mono-elevan-a-65-los-positivos-en-la-comunitat-valenciana\/#breadcrumb","itemListElement":[{"@type":"ListItem","position":1,"name":"Portada","item":"https:\/\/www.copealcoy.es\/es\/"},{"@type":"ListItem","position":2,"name":"Siete casos m\u00e1s de viruela del mono elevan a 65 los positivos en la Comunitat Valenciana"}]},{"@type":"WebSite","@id":"https:\/\/www.copealcoy.es\/es\/#website","url":"https:\/\/www.copealcoy.es\/es\/","name":"COPE Alcoy","description":"Emisora COPE de radio local con emisi\u00f3n online. Pont de Sant Jordi 8-10 03803 Alcoy","potentialAction":[{"@type":"SearchAction","target":{"@type":"EntryPoint","urlTemplate":"https:\/\/www.copealcoy.es\/es\/?s={search_term_string}"},"query-input":{"@type":"PropertyValueSpecification","valueRequired":true,"valueName":"search_term_string"}}],"inLanguage":"es"},{"@type":"Person","@id":"https:\/\/www.copealcoy.es\/es\/#\/schema\/person\/e777c87fa024e57d40170af9df39882c","name":"Cope Alcoy","image":{"@type":"ImageObject","inLanguage":"es","@id":"https:\/\/secure.gravatar.com\/avatar\/bb65d0283347e303893ba14f0692005417c1e0e690a325a4c5d8bb2b3943ee14?s=96&d=mm&r=g","url":"https:\/\/secure.gravatar.com\/avatar\/bb65d0283347e303893ba14f0692005417c1e0e690a325a4c5d8bb2b3943ee14?s=96&d=mm&r=g","contentUrl":"https:\/\/secure.gravatar.com\/avatar\/bb65d0283347e303893ba14f0692005417c1e0e690a325a4c5d8bb2b3943ee14?s=96&d=mm&r=g","caption":"Cope Alcoy"}}]}},"_links":{"self":[{"href":"https:\/\/www.copealcoy.es\/es\/wp-json\/wp\/v2\/posts\/89770","targetHints":{"allow":["GET"]}}],"collection":[{"href":"https:\/\/www.copealcoy.es\/es\/wp-json\/wp\/v2\/posts"}],"about":[{"href":"https:\/\/www.copealcoy.es\/es\/wp-json\/wp\/v2\/types\/post"}],"author":[{"embeddable":true,"href":"https:\/\/www.copealcoy.es\/es\/wp-json\/wp\/v2\/users\/1"}],"replies":[{"embeddable":true,"href":"https:\/\/www.copealcoy.es\/es\/wp-json\/wp\/v2\/comments?post=89770"}],"version-history":[{"count":0,"href":"https:\/\/www.copealcoy.es\/es\/wp-json\/wp\/v2\/posts\/89770\/revisions"}],"wp:featuredmedia":[{"embeddable":true,"href":"https:\/\/www.copealcoy.es\/es\/wp-json\/wp\/v2\/media\/89496"}],"wp:attachment":[{"href":"https:\/\/www.copealcoy.es\/es\/wp-json\/wp\/v2\/media?parent=89770"}],"wp:term":[{"taxonomy":"category","embeddable":true,"href":"https:\/\/www.copealcoy.es\/es\/wp-json\/wp\/v2\/categories?post=89770"},{"taxonomy":"post_tag","embeddable":true,"href":"https:\/\/www.copealcoy.es\/es\/wp-json\/wp\/v2\/tags?post=89770"}],"curies":[{"name":"wp","href":"https:\/\/api.w.org\/{rel}","templated":true}]}}