{"id":89692,"date":"2022-07-11T16:31:38","date_gmt":"2022-07-11T15:31:38","guid":{"rendered":"https:\/\/www.copealcoy.es\/?p=89692"},"modified":"2022-07-11T16:53:56","modified_gmt":"2022-07-11T15:53:56","slug":"carlos-gran-creara-el-cartel-de-las-fiestas-de-la-virgen-de-los-lirios-de-alcoy","status":"publish","type":"post","link":"https:\/\/www.copealcoy.es\/es\/carlos-gran-creara-el-cartel-de-las-fiestas-de-la-virgen-de-los-lirios-de-alcoy\/","title":{"rendered":"Carlos Gran crear\u00e1 el cartel de las Fiestas de la Virgen de los Lirios de Alcoy"},"content":{"rendered":"<p style=\"text-align: justify;\">La <strong>Archicofrad\u00eda de la Virgen de los Lirios de Alcoy<\/strong> daba a conocer la pasada semana <strong>el programa de actos<\/strong> para las Fiestas que la ciudad dedicar\u00e1 a su patrona <strong>el pr\u00f3ximo mes de septiembre<\/strong>. La citada programaci\u00f3n <strong>ha sido recogida en la habitual concordia<\/strong> y para esta \u00faltima se ha escogido <strong>una pieza pict\u00f3rica de Javier Mart\u00ednez Ferri<\/strong>, alumno de l&#8217;Escola d&#8217;Art,\u00a0 en la que cobra especial protagonismo la imagen de la Mare de D\u00e9u con parte del Carrascal de la Font Roja de fondo.<\/p>\n<p style=\"text-align: justify;\">El pistoletazo de salida a los festejos lo dar\u00e1 <strong>el descubrimiento del cartel anunciador de los mismos<\/strong> en la tarde del viernes 2 de septiembre a partir de las 20:30h. La obra <strong>ha sido encargada este a\u00f1o al artista pl\u00e1stico Carlos Gran<\/strong>, el cual ya asumi\u00f3 la confecci\u00f3n del cartel que<a href=\"https:\/\/www.copealcoy.es\/carlos-gran-he-creado-un-cartel-que-apuesta-por-el-simbolismo\/\"><span style=\"color: #0000ff;\"><strong> proclam\u00f3 la llegada de las \u00faltimas Fiestas en honor al patr\u00f3n de Alcoy, San Mauro, celebradas el pasado oto\u00f1o<\/strong><\/span><\/a>. Gran, miembro de la Fil\u00e0 Andaluces y uno de los integrantes de la Asociaci\u00f3n Belenista de Santa Rosa, cuenta adem\u00e1s por <strong>una prol\u00edfica trayectoria como escritor<\/strong> que le ha llevado a publicar diferentes obras en los \u00faltimos a\u00f1os entre las que destaca por ejemplo el documento de ciencia ficci\u00f3n <em>Sine Die c<\/em>oescrito con el granadino Manuel Tristante y que vio la luz en 2021. El citado cartel ser\u00e1 colocado, como es habitual, <strong>en la fachada del Ayuntamiento de Alcoy<\/strong>.<\/p>\n<figure id=\"attachment_89697\" aria-describedby=\"caption-attachment-89697\" style=\"width: 360px\" class=\"wp-caption aligncenter\"><a href=\"https:\/\/www.copealcoy.es\/wp-content\/uploads\/2022\/07\/Carlos-Gran.jpg\"><img loading=\"lazy\" decoding=\"async\" class=\"size-full wp-image-89697\" src=\"https:\/\/www.copealcoy.es\/wp-content\/uploads\/2022\/07\/Carlos-Gran.jpg\" alt=\"\" width=\"360\" height=\"360\" srcset=\"https:\/\/www.copealcoy.es\/wp-content\/uploads\/2022\/07\/Carlos-Gran.jpg 360w, https:\/\/www.copealcoy.es\/wp-content\/uploads\/2022\/07\/Carlos-Gran-300x300.jpg 300w, https:\/\/www.copealcoy.es\/wp-content\/uploads\/2022\/07\/Carlos-Gran-100x100.jpg 100w, https:\/\/www.copealcoy.es\/wp-content\/uploads\/2022\/07\/Carlos-Gran-200x200.jpg 200w\" sizes=\"auto, (max-width: 360px) 100vw, 360px\" \/><\/a><figcaption id=\"caption-attachment-89697\" class=\"wp-caption-text\">Carlos Gran es el autor del cartel de la Romer\u00eda de 2022<\/figcaption><\/figure>\n<p style=\"text-align: justify;\">Antes de este m\u00e1gico instante, que <strong>abrir\u00e1 un mes repleto de iniciativas<\/strong>, tendr\u00e1 lugar <strong>la conmemoraci\u00f3n de la festividad de la patrona el 21 de agosto<\/strong> coincidiendo con el <strong>369 aniversario del hallazgo milagroso de los lirios en el Carrascal<\/strong>. Ese d\u00eda se llevar\u00e1n a cabo a partir de las 19:00h en la misma Font Roja propuestas como el rezo de la sabatina, la misa solemne, la presentaci\u00f3n de los m\u00e1s peque\u00f1os a la Virgen de los Lirios y una procesi\u00f3n por los alrededores del Santuario.<\/p>\n","protected":false},"excerpt":{"rendered":"<p>La Archicofrad\u00eda de la Virgen de los Lirios de Alcoy daba a conocer la pasada semana el programa de actos&#8230;<\/p>\n","protected":false},"author":1,"featured_media":64832,"comment_status":"open","ping_status":"open","sticky":false,"template":"","format":"standard","meta":{"footnotes":""},"categories":[6909,97,78,75],"tags":[1494,12027,565,437,566,1347],"class_list":["post-89692","post","type-post","status-publish","format-standard","has-post-thumbnail","hentry","category-actualidad","category-alcoy","category-fiestaycultura","category-noticias","tag-alcoy","tag-carlos-gran","tag-fiestas","tag-font-roja","tag-romeria","tag-virgen-de-los-lirios"],"yoast_head":"<!-- This site is optimized with the Yoast SEO plugin v27.3 - https:\/\/yoast.com\/product\/yoast-seo-wordpress\/ -->\n<title>Carlos Gran crear\u00e1 el cartel de las Fiestas de la Virgen de los Lirios de Alcoy - COPE Alcoy<\/title>\n<meta name=\"robots\" content=\"index, follow, max-snippet:-1, max-image-preview:large, max-video-preview:-1\" \/>\n<link rel=\"canonical\" href=\"https:\/\/www.copealcoy.es\/es\/carlos-gran-creara-el-cartel-de-las-fiestas-de-la-virgen-de-los-lirios-de-alcoy\/\" \/>\n<meta property=\"og:locale\" content=\"es_ES\" \/>\n<meta property=\"og:type\" content=\"article\" \/>\n<meta property=\"og:title\" content=\"Carlos Gran crear\u00e1 el cartel de las Fiestas de la Virgen de los Lirios de Alcoy - COPE Alcoy\" \/>\n<meta property=\"og:description\" content=\"La Archicofrad\u00eda de la Virgen de los Lirios de Alcoy daba a conocer la pasada semana el programa de actos...\" \/>\n<meta property=\"og:url\" content=\"https:\/\/www.copealcoy.es\/es\/carlos-gran-creara-el-cartel-de-las-fiestas-de-la-virgen-de-los-lirios-de-alcoy\/\" \/>\n<meta property=\"og:site_name\" content=\"COPE Alcoy\" \/>\n<meta property=\"article:published_time\" content=\"2022-07-11T15:31:38+00:00\" \/>\n<meta property=\"article:modified_time\" content=\"2022-07-11T15:53:56+00:00\" \/>\n<meta property=\"og:image\" content=\"https:\/\/www.copealcoy.es\/wp-content\/uploads\/2020\/08\/virgen-de-los-lirios-e1631889095862.jpg\" \/>\n\t<meta property=\"og:image:width\" content=\"682\" \/>\n\t<meta property=\"og:image:height\" content=\"455\" \/>\n\t<meta property=\"og:image:type\" content=\"image\/jpeg\" \/>\n<meta name=\"author\" content=\"Cope Alcoy\" \/>\n<meta name=\"twitter:label1\" content=\"Escrito por\" \/>\n\t<meta name=\"twitter:data1\" content=\"Cope Alcoy\" \/>\n\t<meta name=\"twitter:label2\" content=\"Tiempo de lectura\" \/>\n\t<meta name=\"twitter:data2\" content=\"2 minutos\" \/>\n<script type=\"application\/ld+json\" class=\"yoast-schema-graph\">{\"@context\":\"https:\\\/\\\/schema.org\",\"@graph\":[{\"@type\":\"Article\",\"@id\":\"https:\\\/\\\/www.copealcoy.es\\\/es\\\/carlos-gran-creara-el-cartel-de-las-fiestas-de-la-virgen-de-los-lirios-de-alcoy\\\/#article\",\"isPartOf\":{\"@id\":\"https:\\\/\\\/www.copealcoy.es\\\/es\\\/carlos-gran-creara-el-cartel-de-las-fiestas-de-la-virgen-de-los-lirios-de-alcoy\\\/\"},\"author\":{\"name\":\"Cope Alcoy\",\"@id\":\"https:\\\/\\\/www.copealcoy.es\\\/es\\\/#\\\/schema\\\/person\\\/e777c87fa024e57d40170af9df39882c\"},\"headline\":\"Carlos Gran crear\u00e1 el cartel de las Fiestas de la Virgen de los Lirios de Alcoy\",\"datePublished\":\"2022-07-11T15:31:38+00:00\",\"dateModified\":\"2022-07-11T15:53:56+00:00\",\"mainEntityOfPage\":{\"@id\":\"https:\\\/\\\/www.copealcoy.es\\\/es\\\/carlos-gran-creara-el-cartel-de-las-fiestas-de-la-virgen-de-los-lirios-de-alcoy\\\/\"},\"wordCount\":378,\"commentCount\":0,\"image\":{\"@id\":\"https:\\\/\\\/www.copealcoy.es\\\/es\\\/carlos-gran-creara-el-cartel-de-las-fiestas-de-la-virgen-de-los-lirios-de-alcoy\\\/#primaryimage\"},\"thumbnailUrl\":\"https:\\\/\\\/www.copealcoy.es\\\/wp-content\\\/uploads\\\/2020\\\/08\\\/virgen-de-los-lirios-e1631889095862.jpg\",\"keywords\":[\"Alcoy\",\"Carlos Gran\",\"Fiestas\",\"Font Roja\",\"Romer\u00eda\",\"Virgen de los Lirios\"],\"articleSection\":[\"Actualidad\",\"Alcoy\",\"Fiesta y Cultura\",\"Noticias\"],\"inLanguage\":\"es\"},{\"@type\":\"WebPage\",\"@id\":\"https:\\\/\\\/www.copealcoy.es\\\/es\\\/carlos-gran-creara-el-cartel-de-las-fiestas-de-la-virgen-de-los-lirios-de-alcoy\\\/\",\"url\":\"https:\\\/\\\/www.copealcoy.es\\\/es\\\/carlos-gran-creara-el-cartel-de-las-fiestas-de-la-virgen-de-los-lirios-de-alcoy\\\/\",\"name\":\"Carlos Gran crear\u00e1 el cartel de las Fiestas de la Virgen de los Lirios de Alcoy - COPE Alcoy\",\"isPartOf\":{\"@id\":\"https:\\\/\\\/www.copealcoy.es\\\/es\\\/#website\"},\"primaryImageOfPage\":{\"@id\":\"https:\\\/\\\/www.copealcoy.es\\\/es\\\/carlos-gran-creara-el-cartel-de-las-fiestas-de-la-virgen-de-los-lirios-de-alcoy\\\/#primaryimage\"},\"image\":{\"@id\":\"https:\\\/\\\/www.copealcoy.es\\\/es\\\/carlos-gran-creara-el-cartel-de-las-fiestas-de-la-virgen-de-los-lirios-de-alcoy\\\/#primaryimage\"},\"thumbnailUrl\":\"https:\\\/\\\/www.copealcoy.es\\\/wp-content\\\/uploads\\\/2020\\\/08\\\/virgen-de-los-lirios-e1631889095862.jpg\",\"datePublished\":\"2022-07-11T15:31:38+00:00\",\"dateModified\":\"2022-07-11T15:53:56+00:00\",\"author\":{\"@id\":\"https:\\\/\\\/www.copealcoy.es\\\/es\\\/#\\\/schema\\\/person\\\/e777c87fa024e57d40170af9df39882c\"},\"breadcrumb\":{\"@id\":\"https:\\\/\\\/www.copealcoy.es\\\/es\\\/carlos-gran-creara-el-cartel-de-las-fiestas-de-la-virgen-de-los-lirios-de-alcoy\\\/#breadcrumb\"},\"inLanguage\":\"es\",\"potentialAction\":[{\"@type\":\"ReadAction\",\"target\":[\"https:\\\/\\\/www.copealcoy.es\\\/es\\\/carlos-gran-creara-el-cartel-de-las-fiestas-de-la-virgen-de-los-lirios-de-alcoy\\\/\"]}]},{\"@type\":\"ImageObject\",\"inLanguage\":\"es\",\"@id\":\"https:\\\/\\\/www.copealcoy.es\\\/es\\\/carlos-gran-creara-el-cartel-de-las-fiestas-de-la-virgen-de-los-lirios-de-alcoy\\\/#primaryimage\",\"url\":\"https:\\\/\\\/www.copealcoy.es\\\/wp-content\\\/uploads\\\/2020\\\/08\\\/virgen-de-los-lirios-e1631889095862.jpg\",\"contentUrl\":\"https:\\\/\\\/www.copealcoy.es\\\/wp-content\\\/uploads\\\/2020\\\/08\\\/virgen-de-los-lirios-e1631889095862.jpg\",\"width\":682,\"height\":455},{\"@type\":\"BreadcrumbList\",\"@id\":\"https:\\\/\\\/www.copealcoy.es\\\/es\\\/carlos-gran-creara-el-cartel-de-las-fiestas-de-la-virgen-de-los-lirios-de-alcoy\\\/#breadcrumb\",\"itemListElement\":[{\"@type\":\"ListItem\",\"position\":1,\"name\":\"Portada\",\"item\":\"https:\\\/\\\/www.copealcoy.es\\\/es\\\/\"},{\"@type\":\"ListItem\",\"position\":2,\"name\":\"Carlos Gran crear\u00e1 el cartel de las Fiestas de la Virgen de los Lirios de Alcoy\"}]},{\"@type\":\"WebSite\",\"@id\":\"https:\\\/\\\/www.copealcoy.es\\\/es\\\/#website\",\"url\":\"https:\\\/\\\/www.copealcoy.es\\\/es\\\/\",\"name\":\"COPE Alcoy\",\"description\":\"Emisora COPE de radio local con emisi\u00f3n online. Pont de Sant Jordi 8-10 03803 Alcoy\",\"potentialAction\":[{\"@type\":\"SearchAction\",\"target\":{\"@type\":\"EntryPoint\",\"urlTemplate\":\"https:\\\/\\\/www.copealcoy.es\\\/es\\\/?s={search_term_string}\"},\"query-input\":{\"@type\":\"PropertyValueSpecification\",\"valueRequired\":true,\"valueName\":\"search_term_string\"}}],\"inLanguage\":\"es\"},{\"@type\":\"Person\",\"@id\":\"https:\\\/\\\/www.copealcoy.es\\\/es\\\/#\\\/schema\\\/person\\\/e777c87fa024e57d40170af9df39882c\",\"name\":\"Cope Alcoy\",\"image\":{\"@type\":\"ImageObject\",\"inLanguage\":\"es\",\"@id\":\"https:\\\/\\\/secure.gravatar.com\\\/avatar\\\/bb65d0283347e303893ba14f0692005417c1e0e690a325a4c5d8bb2b3943ee14?s=96&d=mm&r=g\",\"url\":\"https:\\\/\\\/secure.gravatar.com\\\/avatar\\\/bb65d0283347e303893ba14f0692005417c1e0e690a325a4c5d8bb2b3943ee14?s=96&d=mm&r=g\",\"contentUrl\":\"https:\\\/\\\/secure.gravatar.com\\\/avatar\\\/bb65d0283347e303893ba14f0692005417c1e0e690a325a4c5d8bb2b3943ee14?s=96&d=mm&r=g\",\"caption\":\"Cope Alcoy\"}}]}<\/script>\n<!-- \/ Yoast SEO plugin. -->","yoast_head_json":{"title":"Carlos Gran crear\u00e1 el cartel de las Fiestas de la Virgen de los Lirios de Alcoy - COPE Alcoy","robots":{"index":"index","follow":"follow","max-snippet":"max-snippet:-1","max-image-preview":"max-image-preview:large","max-video-preview":"max-video-preview:-1"},"canonical":"https:\/\/www.copealcoy.es\/es\/carlos-gran-creara-el-cartel-de-las-fiestas-de-la-virgen-de-los-lirios-de-alcoy\/","og_locale":"es_ES","og_type":"article","og_title":"Carlos Gran crear\u00e1 el cartel de las Fiestas de la Virgen de los Lirios de Alcoy - COPE Alcoy","og_description":"La Archicofrad\u00eda de la Virgen de los Lirios de Alcoy daba a conocer la pasada semana el programa de actos...","og_url":"https:\/\/www.copealcoy.es\/es\/carlos-gran-creara-el-cartel-de-las-fiestas-de-la-virgen-de-los-lirios-de-alcoy\/","og_site_name":"COPE Alcoy","article_published_time":"2022-07-11T15:31:38+00:00","article_modified_time":"2022-07-11T15:53:56+00:00","og_image":[{"width":682,"height":455,"url":"https:\/\/www.copealcoy.es\/wp-content\/uploads\/2020\/08\/virgen-de-los-lirios-e1631889095862.jpg","type":"image\/jpeg"}],"author":"Cope Alcoy","twitter_misc":{"Escrito por":"Cope Alcoy","Tiempo de lectura":"2 minutos"},"schema":{"@context":"https:\/\/schema.org","@graph":[{"@type":"Article","@id":"https:\/\/www.copealcoy.es\/es\/carlos-gran-creara-el-cartel-de-las-fiestas-de-la-virgen-de-los-lirios-de-alcoy\/#article","isPartOf":{"@id":"https:\/\/www.copealcoy.es\/es\/carlos-gran-creara-el-cartel-de-las-fiestas-de-la-virgen-de-los-lirios-de-alcoy\/"},"author":{"name":"Cope Alcoy","@id":"https:\/\/www.copealcoy.es\/es\/#\/schema\/person\/e777c87fa024e57d40170af9df39882c"},"headline":"Carlos Gran crear\u00e1 el cartel de las Fiestas de la Virgen de los Lirios de Alcoy","datePublished":"2022-07-11T15:31:38+00:00","dateModified":"2022-07-11T15:53:56+00:00","mainEntityOfPage":{"@id":"https:\/\/www.copealcoy.es\/es\/carlos-gran-creara-el-cartel-de-las-fiestas-de-la-virgen-de-los-lirios-de-alcoy\/"},"wordCount":378,"commentCount":0,"image":{"@id":"https:\/\/www.copealcoy.es\/es\/carlos-gran-creara-el-cartel-de-las-fiestas-de-la-virgen-de-los-lirios-de-alcoy\/#primaryimage"},"thumbnailUrl":"https:\/\/www.copealcoy.es\/wp-content\/uploads\/2020\/08\/virgen-de-los-lirios-e1631889095862.jpg","keywords":["Alcoy","Carlos Gran","Fiestas","Font Roja","Romer\u00eda","Virgen de los Lirios"],"articleSection":["Actualidad","Alcoy","Fiesta y Cultura","Noticias"],"inLanguage":"es"},{"@type":"WebPage","@id":"https:\/\/www.copealcoy.es\/es\/carlos-gran-creara-el-cartel-de-las-fiestas-de-la-virgen-de-los-lirios-de-alcoy\/","url":"https:\/\/www.copealcoy.es\/es\/carlos-gran-creara-el-cartel-de-las-fiestas-de-la-virgen-de-los-lirios-de-alcoy\/","name":"Carlos Gran crear\u00e1 el cartel de las Fiestas de la Virgen de los Lirios de Alcoy - COPE Alcoy","isPartOf":{"@id":"https:\/\/www.copealcoy.es\/es\/#website"},"primaryImageOfPage":{"@id":"https:\/\/www.copealcoy.es\/es\/carlos-gran-creara-el-cartel-de-las-fiestas-de-la-virgen-de-los-lirios-de-alcoy\/#primaryimage"},"image":{"@id":"https:\/\/www.copealcoy.es\/es\/carlos-gran-creara-el-cartel-de-las-fiestas-de-la-virgen-de-los-lirios-de-alcoy\/#primaryimage"},"thumbnailUrl":"https:\/\/www.copealcoy.es\/wp-content\/uploads\/2020\/08\/virgen-de-los-lirios-e1631889095862.jpg","datePublished":"2022-07-11T15:31:38+00:00","dateModified":"2022-07-11T15:53:56+00:00","author":{"@id":"https:\/\/www.copealcoy.es\/es\/#\/schema\/person\/e777c87fa024e57d40170af9df39882c"},"breadcrumb":{"@id":"https:\/\/www.copealcoy.es\/es\/carlos-gran-creara-el-cartel-de-las-fiestas-de-la-virgen-de-los-lirios-de-alcoy\/#breadcrumb"},"inLanguage":"es","potentialAction":[{"@type":"ReadAction","target":["https:\/\/www.copealcoy.es\/es\/carlos-gran-creara-el-cartel-de-las-fiestas-de-la-virgen-de-los-lirios-de-alcoy\/"]}]},{"@type":"ImageObject","inLanguage":"es","@id":"https:\/\/www.copealcoy.es\/es\/carlos-gran-creara-el-cartel-de-las-fiestas-de-la-virgen-de-los-lirios-de-alcoy\/#primaryimage","url":"https:\/\/www.copealcoy.es\/wp-content\/uploads\/2020\/08\/virgen-de-los-lirios-e1631889095862.jpg","contentUrl":"https:\/\/www.copealcoy.es\/wp-content\/uploads\/2020\/08\/virgen-de-los-lirios-e1631889095862.jpg","width":682,"height":455},{"@type":"BreadcrumbList","@id":"https:\/\/www.copealcoy.es\/es\/carlos-gran-creara-el-cartel-de-las-fiestas-de-la-virgen-de-los-lirios-de-alcoy\/#breadcrumb","itemListElement":[{"@type":"ListItem","position":1,"name":"Portada","item":"https:\/\/www.copealcoy.es\/es\/"},{"@type":"ListItem","position":2,"name":"Carlos Gran crear\u00e1 el cartel de las Fiestas de la Virgen de los Lirios de Alcoy"}]},{"@type":"WebSite","@id":"https:\/\/www.copealcoy.es\/es\/#website","url":"https:\/\/www.copealcoy.es\/es\/","name":"COPE Alcoy","description":"Emisora COPE de radio local con emisi\u00f3n online. Pont de Sant Jordi 8-10 03803 Alcoy","potentialAction":[{"@type":"SearchAction","target":{"@type":"EntryPoint","urlTemplate":"https:\/\/www.copealcoy.es\/es\/?s={search_term_string}"},"query-input":{"@type":"PropertyValueSpecification","valueRequired":true,"valueName":"search_term_string"}}],"inLanguage":"es"},{"@type":"Person","@id":"https:\/\/www.copealcoy.es\/es\/#\/schema\/person\/e777c87fa024e57d40170af9df39882c","name":"Cope Alcoy","image":{"@type":"ImageObject","inLanguage":"es","@id":"https:\/\/secure.gravatar.com\/avatar\/bb65d0283347e303893ba14f0692005417c1e0e690a325a4c5d8bb2b3943ee14?s=96&d=mm&r=g","url":"https:\/\/secure.gravatar.com\/avatar\/bb65d0283347e303893ba14f0692005417c1e0e690a325a4c5d8bb2b3943ee14?s=96&d=mm&r=g","contentUrl":"https:\/\/secure.gravatar.com\/avatar\/bb65d0283347e303893ba14f0692005417c1e0e690a325a4c5d8bb2b3943ee14?s=96&d=mm&r=g","caption":"Cope Alcoy"}}]}},"_links":{"self":[{"href":"https:\/\/www.copealcoy.es\/es\/wp-json\/wp\/v2\/posts\/89692","targetHints":{"allow":["GET"]}}],"collection":[{"href":"https:\/\/www.copealcoy.es\/es\/wp-json\/wp\/v2\/posts"}],"about":[{"href":"https:\/\/www.copealcoy.es\/es\/wp-json\/wp\/v2\/types\/post"}],"author":[{"embeddable":true,"href":"https:\/\/www.copealcoy.es\/es\/wp-json\/wp\/v2\/users\/1"}],"replies":[{"embeddable":true,"href":"https:\/\/www.copealcoy.es\/es\/wp-json\/wp\/v2\/comments?post=89692"}],"version-history":[{"count":0,"href":"https:\/\/www.copealcoy.es\/es\/wp-json\/wp\/v2\/posts\/89692\/revisions"}],"wp:featuredmedia":[{"embeddable":true,"href":"https:\/\/www.copealcoy.es\/es\/wp-json\/wp\/v2\/media\/64832"}],"wp:attachment":[{"href":"https:\/\/www.copealcoy.es\/es\/wp-json\/wp\/v2\/media?parent=89692"}],"wp:term":[{"taxonomy":"category","embeddable":true,"href":"https:\/\/www.copealcoy.es\/es\/wp-json\/wp\/v2\/categories?post=89692"},{"taxonomy":"post_tag","embeddable":true,"href":"https:\/\/www.copealcoy.es\/es\/wp-json\/wp\/v2\/tags?post=89692"}],"curies":[{"name":"wp","href":"https:\/\/api.w.org\/{rel}","templated":true}]}}