{"id":89670,"date":"2022-07-11T12:12:43","date_gmt":"2022-07-11T11:12:43","guid":{"rendered":"https:\/\/www.copealcoy.es\/?p=89670"},"modified":"2022-07-11T12:14:40","modified_gmt":"2022-07-11T11:14:40","slug":"el-eco-dimoni-de-cotes-baixes-de-alcoy-vuelve-a-triunfar-en-la-shell-ecomarathon-europe","status":"publish","type":"post","link":"https:\/\/www.copealcoy.es\/es\/el-eco-dimoni-de-cotes-baixes-de-alcoy-vuelve-a-triunfar-en-la-shell-ecomarathon-europe\/","title":{"rendered":"El Eco-Dimoni  de Cotes Baixes de Alcoy vuelve a triunfar en la Shell Ecomarathon Europe"},"content":{"rendered":"<p style=\"text-align: justify;\">El proyecto educativo <strong>Eco-Dimoni del IES Cotes Baixes de Alcoy se ha vuelto a proclamar campe\u00f3n de la Shell Ecomarathon Europe y anota as\u00ed cuatro victorias en esta competici\u00f3n.\u00a0 <\/strong>Tras dos a\u00f1os de par\u00f3n por la pandemia, el evento, celebrado <strong>en el circuito Paul Armagnac en la ciudad de Nogaro (Francia);<\/strong>\u00a0ha reunido una vez m\u00e1s a las m\u00e1s prestigiosas universidades y centros tecnol\u00f3gicos de Europa.<\/p>\n<p style=\"text-align: justify;\">Hasta all\u00ed se ha desplazado<strong> el equipo Eco-Dimoni del IES Cotes Baixes, formado por 9 personas, entre profesores y alumnos de diferentes ciclos formativos del instituto de Alcoy<\/strong> para participar en las diversas pruebas. Desde el inicio de la competici\u00f3n, el Eco-Dimoni se distanci\u00f3 de sus rivales lo que finalmente, le llev\u00f3 a proclamarse campe\u00f3n en la categor\u00eda de prototipos el\u00e9ctricos en la competici\u00f3n de veh\u00edculos de eficiencia energ\u00e9tica.\u00a0 Aunque en esta ocasi\u00f3n y como ha explicado el profesor del IES Cotes Baixes, <strong>Enrique Garc\u00eda <\/strong>\u201c<em>no ha sido sencillo, en uno de los entrenamientos pisamos una l\u00ednea de salida y nos pusieron una amonestaci\u00f3n escrita, en una de las primeras carreras pinchamos una rueda y lo m\u00e1s destacado fue la rivalidad de un equipo alem\u00e1n que puso en duda la calidad de nuestro prototipo llegando a insinuar a la organizaci\u00f3n que est\u00e1bamos usando una bater\u00eda auxiliar y que estaba oculta en el veh\u00edculo. Este hecho hizo que nos llegaran a hacer dos inspecciones para descartar esta acusaci\u00f3n; est\u00e1bamos completamente seguros y tranquilos por lo que no nos afect\u00f3 en ning\u00fan momento, aunque hay que reconocer que pasamos un momento desagradable<\/em>\u201d.<\/p>\n<p style=\"text-align: justify;\"><strong>El equipo ha trabajado para que durante este curso se hayan realizado mejoras<\/strong> en el sistema de frenado por cambios en el reglamento, construcci\u00f3n de bater\u00edas de litio modulares para poder ser ensambladas en el circuito, se ha revisado y mejorado el software de gesti\u00f3n de la centralita de control del motor y se han realizado pr\u00e1cticas de conducci\u00f3n en pista para que la nueva piloto se adaptara al veh\u00edculo.<\/p>\n<p style=\"text-align: justify;\">En esta ocasi\u00f3n, los integrantes del equipo que han viajado a Francia han sido, los profesores Juan Antonio G\u00f3mez, Enrique Garc\u00eda, Miguel Calvo e Iv\u00e1n Garc\u00eda; y los alumnos, Andrea Sirvent y Andrea Vila (pilotos), Emilio Brevi\u00e1 y Fran Leva (mec\u00e1nicos), y Cristian Calabuig como refuerzo al equipo.<\/p>\n<p style=\"text-align: justify;\">Al igual que el resto de rivales, <strong>los resultados de este a\u00f1o se han incrementado respecto a la edici\u00f3n 2019<\/strong>, y el DIMONI 3 ha pasado de 888 km\/kWh de 2019 a 935 kil\u00f3metros por kilovatio hora en esta \u00faltima competici\u00f3n. Una distancia equivalente de Alcoy a Marsella que con el Eco-Dimoni tendr\u00eda un coste aproximado de treinta c\u00e9ntimos de euro; una premisa que deja clara las ventajas econ\u00f3micas que este tipo de veh\u00edculo ofrece y que son as\u00ed una premisa muy importante para implementarla en los veh\u00edculos del futuro.<\/p>\n<p style=\"text-align: justify;\"><strong>Juan Antonio G\u00f3mez<\/strong>, uno de los profesores responsables del proyecto educativo Eco-Domini explica que \u201c<em>las mejoras en el veh\u00edculo se han hecho con m\u00e1s premura, pero tambi\u00e9n con m\u00e1s ilusi\u00f3n ya que en un principio la prueba iba a ser en Hungr\u00eda y nos planteamos participar, incluso llegando a descartarlo por la complejidad log\u00edstica, el idioma y la moneda local. Cuando se produjo el cambio, debido al conflicto b\u00e9lico actual entre Ucrania y Rusia, no dudamos ni un momento y nos pusimos a preparar todo el material necesario para acudir a una cita que para Cotes Baixes ya se ha convertido en todo un reto educativo al que no se puede faltar<\/em>\u201d. Por otra parte ha se\u00f1alado que \u201ca su vez el proyecto es una forma de seguir incidiendo en la importancia de la movilidad sostenible y que \u00e9sta poco a poco gane terreno en el futuro con el objetivo de contribuir a la salud de nuestro planeta\u201d.<\/p>\n<p style=\"text-align: justify;\">Con todo, los participantes<strong> se muestran muy satisfechos<\/strong> y destacan <strong>la importancia de haber trabajado en equipo y superar las dificultades encontradas juntos<\/strong> para sumar as\u00ed otro gran resultado.<\/p>\n<p style=\"text-align: justify;\">Cabe se\u00f1alar tambi\u00e9n que el <strong>circuito era m\u00e1s complejo que el \u00faltimo (Reino Unido) puesto que tiene una salida en pendiente hacia arriba y complica m\u00e1s la gesti\u00f3n de consumos el\u00e9ctricos del motor<\/strong>. No obstante, esto no les ha impedido repetir la haza\u00f1a y alzarse con el primer puesto en la categor\u00eda de prototipos el\u00e9ctricos, sumando as\u00ed cuatro victorias en esta competici\u00f3n, tres de ellas consecutivas (2018, 2019 y 2022).<\/p>\n<p style=\"text-align: justify;\">Hay que recordar que <strong>el Eco-Dimoni se ha subido al p\u00f3dium de esta prestigiosa prueba internacional en seis ocasiones.<\/strong> En 2015, quedaron terceros y en 2016 se proclam\u00f3 campe\u00f3n de la competici\u00f3n por primera vez. En 2017 obtuvo el segundo puesto; las diferentes mejoras llevadas a cabo en el Dimoni le valieron un nuevo primer premio en 2018, 2019 y este a\u00f1o que han vuelto a revalidar su t\u00edtulo de campeones.<\/p>\n","protected":false},"excerpt":{"rendered":"<p>El proyecto educativo Eco-Dimoni del IES Cotes Baixes de Alcoy se ha vuelto a proclamar campe\u00f3n de la Shell Ecomarathon&#8230;<\/p>\n","protected":false},"author":1,"featured_media":89671,"comment_status":"open","ping_status":"open","sticky":false,"template":"","format":"standard","meta":{"footnotes":""},"categories":[6909,97,900,75],"tags":[1494,559,2474],"class_list":["post-89670","post","type-post","status-publish","format-standard","has-post-thumbnail","hentry","category-actualidad","category-alcoy","category-educacion","category-noticias","tag-alcoy","tag-cotes-baixes","tag-shell-eco-marathon"],"yoast_head":"<!-- This site is optimized with the Yoast SEO plugin v27.3 - https:\/\/yoast.com\/product\/yoast-seo-wordpress\/ -->\n<title>El Eco-Dimoni de Cotes Baixes de Alcoy vuelve a triunfar en la Shell Ecomarathon Europe - COPE Alcoy<\/title>\n<meta name=\"robots\" content=\"index, follow, max-snippet:-1, max-image-preview:large, max-video-preview:-1\" \/>\n<link rel=\"canonical\" href=\"https:\/\/www.copealcoy.es\/es\/el-eco-dimoni-de-cotes-baixes-de-alcoy-vuelve-a-triunfar-en-la-shell-ecomarathon-europe\/\" \/>\n<meta property=\"og:locale\" content=\"es_ES\" \/>\n<meta property=\"og:type\" content=\"article\" \/>\n<meta property=\"og:title\" content=\"El Eco-Dimoni de Cotes Baixes de Alcoy vuelve a triunfar en la Shell Ecomarathon Europe - COPE Alcoy\" \/>\n<meta property=\"og:description\" content=\"El proyecto educativo Eco-Dimoni del IES Cotes Baixes de Alcoy se ha vuelto a proclamar campe\u00f3n de la Shell Ecomarathon...\" \/>\n<meta property=\"og:url\" content=\"https:\/\/www.copealcoy.es\/es\/el-eco-dimoni-de-cotes-baixes-de-alcoy-vuelve-a-triunfar-en-la-shell-ecomarathon-europe\/\" \/>\n<meta property=\"og:site_name\" content=\"COPE Alcoy\" \/>\n<meta property=\"article:published_time\" content=\"2022-07-11T11:12:43+00:00\" \/>\n<meta property=\"article:modified_time\" content=\"2022-07-11T11:14:40+00:00\" \/>\n<meta property=\"og:image\" content=\"https:\/\/www.copealcoy.es\/wp-content\/uploads\/2022\/07\/CPN-3776GBD4B-1003-scaled-e1657531801360.jpg\" \/>\n\t<meta property=\"og:image:width\" content=\"640\" \/>\n\t<meta property=\"og:image:height\" content=\"427\" \/>\n\t<meta property=\"og:image:type\" content=\"image\/jpeg\" \/>\n<meta name=\"author\" content=\"Cope Alcoy\" \/>\n<meta name=\"twitter:label1\" content=\"Escrito por\" \/>\n\t<meta name=\"twitter:data1\" content=\"Cope Alcoy\" \/>\n\t<meta name=\"twitter:label2\" content=\"Tiempo de lectura\" \/>\n\t<meta name=\"twitter:data2\" content=\"4 minutos\" \/>\n<script type=\"application\/ld+json\" class=\"yoast-schema-graph\">{\"@context\":\"https:\\\/\\\/schema.org\",\"@graph\":[{\"@type\":\"Article\",\"@id\":\"https:\\\/\\\/www.copealcoy.es\\\/es\\\/el-eco-dimoni-de-cotes-baixes-de-alcoy-vuelve-a-triunfar-en-la-shell-ecomarathon-europe\\\/#article\",\"isPartOf\":{\"@id\":\"https:\\\/\\\/www.copealcoy.es\\\/es\\\/el-eco-dimoni-de-cotes-baixes-de-alcoy-vuelve-a-triunfar-en-la-shell-ecomarathon-europe\\\/\"},\"author\":{\"name\":\"Cope Alcoy\",\"@id\":\"https:\\\/\\\/www.copealcoy.es\\\/es\\\/#\\\/schema\\\/person\\\/e777c87fa024e57d40170af9df39882c\"},\"headline\":\"El Eco-Dimoni de Cotes Baixes de Alcoy vuelve a triunfar en la Shell Ecomarathon Europe\",\"datePublished\":\"2022-07-11T11:12:43+00:00\",\"dateModified\":\"2022-07-11T11:14:40+00:00\",\"mainEntityOfPage\":{\"@id\":\"https:\\\/\\\/www.copealcoy.es\\\/es\\\/el-eco-dimoni-de-cotes-baixes-de-alcoy-vuelve-a-triunfar-en-la-shell-ecomarathon-europe\\\/\"},\"wordCount\":867,\"commentCount\":0,\"image\":{\"@id\":\"https:\\\/\\\/www.copealcoy.es\\\/es\\\/el-eco-dimoni-de-cotes-baixes-de-alcoy-vuelve-a-triunfar-en-la-shell-ecomarathon-europe\\\/#primaryimage\"},\"thumbnailUrl\":\"https:\\\/\\\/www.copealcoy.es\\\/wp-content\\\/uploads\\\/2022\\\/07\\\/CPN-3776GBD4B-1003-scaled-e1657531801360.jpg\",\"keywords\":[\"Alcoy\",\"Cotes Baixes\",\"Shell Eco Marathon\"],\"articleSection\":[\"Actualidad\",\"Alcoy\",\"Educaci\u00f3n\",\"Noticias\"],\"inLanguage\":\"es\"},{\"@type\":\"WebPage\",\"@id\":\"https:\\\/\\\/www.copealcoy.es\\\/es\\\/el-eco-dimoni-de-cotes-baixes-de-alcoy-vuelve-a-triunfar-en-la-shell-ecomarathon-europe\\\/\",\"url\":\"https:\\\/\\\/www.copealcoy.es\\\/es\\\/el-eco-dimoni-de-cotes-baixes-de-alcoy-vuelve-a-triunfar-en-la-shell-ecomarathon-europe\\\/\",\"name\":\"El Eco-Dimoni de Cotes Baixes de Alcoy vuelve a triunfar en la Shell Ecomarathon Europe - COPE Alcoy\",\"isPartOf\":{\"@id\":\"https:\\\/\\\/www.copealcoy.es\\\/es\\\/#website\"},\"primaryImageOfPage\":{\"@id\":\"https:\\\/\\\/www.copealcoy.es\\\/es\\\/el-eco-dimoni-de-cotes-baixes-de-alcoy-vuelve-a-triunfar-en-la-shell-ecomarathon-europe\\\/#primaryimage\"},\"image\":{\"@id\":\"https:\\\/\\\/www.copealcoy.es\\\/es\\\/el-eco-dimoni-de-cotes-baixes-de-alcoy-vuelve-a-triunfar-en-la-shell-ecomarathon-europe\\\/#primaryimage\"},\"thumbnailUrl\":\"https:\\\/\\\/www.copealcoy.es\\\/wp-content\\\/uploads\\\/2022\\\/07\\\/CPN-3776GBD4B-1003-scaled-e1657531801360.jpg\",\"datePublished\":\"2022-07-11T11:12:43+00:00\",\"dateModified\":\"2022-07-11T11:14:40+00:00\",\"author\":{\"@id\":\"https:\\\/\\\/www.copealcoy.es\\\/es\\\/#\\\/schema\\\/person\\\/e777c87fa024e57d40170af9df39882c\"},\"breadcrumb\":{\"@id\":\"https:\\\/\\\/www.copealcoy.es\\\/es\\\/el-eco-dimoni-de-cotes-baixes-de-alcoy-vuelve-a-triunfar-en-la-shell-ecomarathon-europe\\\/#breadcrumb\"},\"inLanguage\":\"es\",\"potentialAction\":[{\"@type\":\"ReadAction\",\"target\":[\"https:\\\/\\\/www.copealcoy.es\\\/es\\\/el-eco-dimoni-de-cotes-baixes-de-alcoy-vuelve-a-triunfar-en-la-shell-ecomarathon-europe\\\/\"]}]},{\"@type\":\"ImageObject\",\"inLanguage\":\"es\",\"@id\":\"https:\\\/\\\/www.copealcoy.es\\\/es\\\/el-eco-dimoni-de-cotes-baixes-de-alcoy-vuelve-a-triunfar-en-la-shell-ecomarathon-europe\\\/#primaryimage\",\"url\":\"https:\\\/\\\/www.copealcoy.es\\\/wp-content\\\/uploads\\\/2022\\\/07\\\/CPN-3776GBD4B-1003-scaled-e1657531801360.jpg\",\"contentUrl\":\"https:\\\/\\\/www.copealcoy.es\\\/wp-content\\\/uploads\\\/2022\\\/07\\\/CPN-3776GBD4B-1003-scaled-e1657531801360.jpg\",\"width\":640,\"height\":427},{\"@type\":\"BreadcrumbList\",\"@id\":\"https:\\\/\\\/www.copealcoy.es\\\/es\\\/el-eco-dimoni-de-cotes-baixes-de-alcoy-vuelve-a-triunfar-en-la-shell-ecomarathon-europe\\\/#breadcrumb\",\"itemListElement\":[{\"@type\":\"ListItem\",\"position\":1,\"name\":\"Portada\",\"item\":\"https:\\\/\\\/www.copealcoy.es\\\/es\\\/\"},{\"@type\":\"ListItem\",\"position\":2,\"name\":\"El Eco-Dimoni de Cotes Baixes de Alcoy vuelve a triunfar en la Shell Ecomarathon Europe\"}]},{\"@type\":\"WebSite\",\"@id\":\"https:\\\/\\\/www.copealcoy.es\\\/es\\\/#website\",\"url\":\"https:\\\/\\\/www.copealcoy.es\\\/es\\\/\",\"name\":\"COPE Alcoy\",\"description\":\"Emisora COPE de radio local con emisi\u00f3n online. Pont de Sant Jordi 8-10 03803 Alcoy\",\"potentialAction\":[{\"@type\":\"SearchAction\",\"target\":{\"@type\":\"EntryPoint\",\"urlTemplate\":\"https:\\\/\\\/www.copealcoy.es\\\/es\\\/?s={search_term_string}\"},\"query-input\":{\"@type\":\"PropertyValueSpecification\",\"valueRequired\":true,\"valueName\":\"search_term_string\"}}],\"inLanguage\":\"es\"},{\"@type\":\"Person\",\"@id\":\"https:\\\/\\\/www.copealcoy.es\\\/es\\\/#\\\/schema\\\/person\\\/e777c87fa024e57d40170af9df39882c\",\"name\":\"Cope Alcoy\",\"image\":{\"@type\":\"ImageObject\",\"inLanguage\":\"es\",\"@id\":\"https:\\\/\\\/secure.gravatar.com\\\/avatar\\\/bb65d0283347e303893ba14f0692005417c1e0e690a325a4c5d8bb2b3943ee14?s=96&d=mm&r=g\",\"url\":\"https:\\\/\\\/secure.gravatar.com\\\/avatar\\\/bb65d0283347e303893ba14f0692005417c1e0e690a325a4c5d8bb2b3943ee14?s=96&d=mm&r=g\",\"contentUrl\":\"https:\\\/\\\/secure.gravatar.com\\\/avatar\\\/bb65d0283347e303893ba14f0692005417c1e0e690a325a4c5d8bb2b3943ee14?s=96&d=mm&r=g\",\"caption\":\"Cope Alcoy\"}}]}<\/script>\n<!-- \/ Yoast SEO plugin. -->","yoast_head_json":{"title":"El Eco-Dimoni de Cotes Baixes de Alcoy vuelve a triunfar en la Shell Ecomarathon Europe - COPE Alcoy","robots":{"index":"index","follow":"follow","max-snippet":"max-snippet:-1","max-image-preview":"max-image-preview:large","max-video-preview":"max-video-preview:-1"},"canonical":"https:\/\/www.copealcoy.es\/es\/el-eco-dimoni-de-cotes-baixes-de-alcoy-vuelve-a-triunfar-en-la-shell-ecomarathon-europe\/","og_locale":"es_ES","og_type":"article","og_title":"El Eco-Dimoni de Cotes Baixes de Alcoy vuelve a triunfar en la Shell Ecomarathon Europe - COPE Alcoy","og_description":"El proyecto educativo Eco-Dimoni del IES Cotes Baixes de Alcoy se ha vuelto a proclamar campe\u00f3n de la Shell Ecomarathon...","og_url":"https:\/\/www.copealcoy.es\/es\/el-eco-dimoni-de-cotes-baixes-de-alcoy-vuelve-a-triunfar-en-la-shell-ecomarathon-europe\/","og_site_name":"COPE Alcoy","article_published_time":"2022-07-11T11:12:43+00:00","article_modified_time":"2022-07-11T11:14:40+00:00","og_image":[{"width":640,"height":427,"url":"https:\/\/www.copealcoy.es\/wp-content\/uploads\/2022\/07\/CPN-3776GBD4B-1003-scaled-e1657531801360.jpg","type":"image\/jpeg"}],"author":"Cope Alcoy","twitter_misc":{"Escrito por":"Cope Alcoy","Tiempo de lectura":"4 minutos"},"schema":{"@context":"https:\/\/schema.org","@graph":[{"@type":"Article","@id":"https:\/\/www.copealcoy.es\/es\/el-eco-dimoni-de-cotes-baixes-de-alcoy-vuelve-a-triunfar-en-la-shell-ecomarathon-europe\/#article","isPartOf":{"@id":"https:\/\/www.copealcoy.es\/es\/el-eco-dimoni-de-cotes-baixes-de-alcoy-vuelve-a-triunfar-en-la-shell-ecomarathon-europe\/"},"author":{"name":"Cope Alcoy","@id":"https:\/\/www.copealcoy.es\/es\/#\/schema\/person\/e777c87fa024e57d40170af9df39882c"},"headline":"El Eco-Dimoni de Cotes Baixes de Alcoy vuelve a triunfar en la Shell Ecomarathon Europe","datePublished":"2022-07-11T11:12:43+00:00","dateModified":"2022-07-11T11:14:40+00:00","mainEntityOfPage":{"@id":"https:\/\/www.copealcoy.es\/es\/el-eco-dimoni-de-cotes-baixes-de-alcoy-vuelve-a-triunfar-en-la-shell-ecomarathon-europe\/"},"wordCount":867,"commentCount":0,"image":{"@id":"https:\/\/www.copealcoy.es\/es\/el-eco-dimoni-de-cotes-baixes-de-alcoy-vuelve-a-triunfar-en-la-shell-ecomarathon-europe\/#primaryimage"},"thumbnailUrl":"https:\/\/www.copealcoy.es\/wp-content\/uploads\/2022\/07\/CPN-3776GBD4B-1003-scaled-e1657531801360.jpg","keywords":["Alcoy","Cotes Baixes","Shell Eco Marathon"],"articleSection":["Actualidad","Alcoy","Educaci\u00f3n","Noticias"],"inLanguage":"es"},{"@type":"WebPage","@id":"https:\/\/www.copealcoy.es\/es\/el-eco-dimoni-de-cotes-baixes-de-alcoy-vuelve-a-triunfar-en-la-shell-ecomarathon-europe\/","url":"https:\/\/www.copealcoy.es\/es\/el-eco-dimoni-de-cotes-baixes-de-alcoy-vuelve-a-triunfar-en-la-shell-ecomarathon-europe\/","name":"El Eco-Dimoni de Cotes Baixes de Alcoy vuelve a triunfar en la Shell Ecomarathon Europe - COPE Alcoy","isPartOf":{"@id":"https:\/\/www.copealcoy.es\/es\/#website"},"primaryImageOfPage":{"@id":"https:\/\/www.copealcoy.es\/es\/el-eco-dimoni-de-cotes-baixes-de-alcoy-vuelve-a-triunfar-en-la-shell-ecomarathon-europe\/#primaryimage"},"image":{"@id":"https:\/\/www.copealcoy.es\/es\/el-eco-dimoni-de-cotes-baixes-de-alcoy-vuelve-a-triunfar-en-la-shell-ecomarathon-europe\/#primaryimage"},"thumbnailUrl":"https:\/\/www.copealcoy.es\/wp-content\/uploads\/2022\/07\/CPN-3776GBD4B-1003-scaled-e1657531801360.jpg","datePublished":"2022-07-11T11:12:43+00:00","dateModified":"2022-07-11T11:14:40+00:00","author":{"@id":"https:\/\/www.copealcoy.es\/es\/#\/schema\/person\/e777c87fa024e57d40170af9df39882c"},"breadcrumb":{"@id":"https:\/\/www.copealcoy.es\/es\/el-eco-dimoni-de-cotes-baixes-de-alcoy-vuelve-a-triunfar-en-la-shell-ecomarathon-europe\/#breadcrumb"},"inLanguage":"es","potentialAction":[{"@type":"ReadAction","target":["https:\/\/www.copealcoy.es\/es\/el-eco-dimoni-de-cotes-baixes-de-alcoy-vuelve-a-triunfar-en-la-shell-ecomarathon-europe\/"]}]},{"@type":"ImageObject","inLanguage":"es","@id":"https:\/\/www.copealcoy.es\/es\/el-eco-dimoni-de-cotes-baixes-de-alcoy-vuelve-a-triunfar-en-la-shell-ecomarathon-europe\/#primaryimage","url":"https:\/\/www.copealcoy.es\/wp-content\/uploads\/2022\/07\/CPN-3776GBD4B-1003-scaled-e1657531801360.jpg","contentUrl":"https:\/\/www.copealcoy.es\/wp-content\/uploads\/2022\/07\/CPN-3776GBD4B-1003-scaled-e1657531801360.jpg","width":640,"height":427},{"@type":"BreadcrumbList","@id":"https:\/\/www.copealcoy.es\/es\/el-eco-dimoni-de-cotes-baixes-de-alcoy-vuelve-a-triunfar-en-la-shell-ecomarathon-europe\/#breadcrumb","itemListElement":[{"@type":"ListItem","position":1,"name":"Portada","item":"https:\/\/www.copealcoy.es\/es\/"},{"@type":"ListItem","position":2,"name":"El Eco-Dimoni de Cotes Baixes de Alcoy vuelve a triunfar en la Shell Ecomarathon Europe"}]},{"@type":"WebSite","@id":"https:\/\/www.copealcoy.es\/es\/#website","url":"https:\/\/www.copealcoy.es\/es\/","name":"COPE Alcoy","description":"Emisora COPE de radio local con emisi\u00f3n online. Pont de Sant Jordi 8-10 03803 Alcoy","potentialAction":[{"@type":"SearchAction","target":{"@type":"EntryPoint","urlTemplate":"https:\/\/www.copealcoy.es\/es\/?s={search_term_string}"},"query-input":{"@type":"PropertyValueSpecification","valueRequired":true,"valueName":"search_term_string"}}],"inLanguage":"es"},{"@type":"Person","@id":"https:\/\/www.copealcoy.es\/es\/#\/schema\/person\/e777c87fa024e57d40170af9df39882c","name":"Cope Alcoy","image":{"@type":"ImageObject","inLanguage":"es","@id":"https:\/\/secure.gravatar.com\/avatar\/bb65d0283347e303893ba14f0692005417c1e0e690a325a4c5d8bb2b3943ee14?s=96&d=mm&r=g","url":"https:\/\/secure.gravatar.com\/avatar\/bb65d0283347e303893ba14f0692005417c1e0e690a325a4c5d8bb2b3943ee14?s=96&d=mm&r=g","contentUrl":"https:\/\/secure.gravatar.com\/avatar\/bb65d0283347e303893ba14f0692005417c1e0e690a325a4c5d8bb2b3943ee14?s=96&d=mm&r=g","caption":"Cope Alcoy"}}]}},"_links":{"self":[{"href":"https:\/\/www.copealcoy.es\/es\/wp-json\/wp\/v2\/posts\/89670","targetHints":{"allow":["GET"]}}],"collection":[{"href":"https:\/\/www.copealcoy.es\/es\/wp-json\/wp\/v2\/posts"}],"about":[{"href":"https:\/\/www.copealcoy.es\/es\/wp-json\/wp\/v2\/types\/post"}],"author":[{"embeddable":true,"href":"https:\/\/www.copealcoy.es\/es\/wp-json\/wp\/v2\/users\/1"}],"replies":[{"embeddable":true,"href":"https:\/\/www.copealcoy.es\/es\/wp-json\/wp\/v2\/comments?post=89670"}],"version-history":[{"count":0,"href":"https:\/\/www.copealcoy.es\/es\/wp-json\/wp\/v2\/posts\/89670\/revisions"}],"wp:featuredmedia":[{"embeddable":true,"href":"https:\/\/www.copealcoy.es\/es\/wp-json\/wp\/v2\/media\/89671"}],"wp:attachment":[{"href":"https:\/\/www.copealcoy.es\/es\/wp-json\/wp\/v2\/media?parent=89670"}],"wp:term":[{"taxonomy":"category","embeddable":true,"href":"https:\/\/www.copealcoy.es\/es\/wp-json\/wp\/v2\/categories?post=89670"},{"taxonomy":"post_tag","embeddable":true,"href":"https:\/\/www.copealcoy.es\/es\/wp-json\/wp\/v2\/tags?post=89670"}],"curies":[{"name":"wp","href":"https:\/\/api.w.org\/{rel}","templated":true}]}}