{"id":8966,"date":"2014-12-10T16:13:50","date_gmt":"2014-12-10T16:13:50","guid":{"rendered":"http:\/\/copealcoi.es\/new\/?p=8966"},"modified":"2014-12-10T16:13:50","modified_gmt":"2014-12-10T16:13:50","slug":"francisco-jose-martinez-ganador-del-concurso-de-composicion-de-muro","status":"publish","type":"post","link":"https:\/\/www.copealcoy.es\/es\/francisco-jose-martinez-ganador-del-concurso-de-composicion-de-muro\/","title":{"rendered":"Francisco Jos\u00e9 Mart\u00ednez ganador del concurso de composici\u00f3n de Muro"},"content":{"rendered":"<p style=\"text-align: justify;\">El compositor de San Antonio de Requena\u00a0Francisco Jos\u00e9 Mart\u00ednez Gallego ha sido el ganador del V Premio Internacional de Composici\u00f3n de M\u00fasica\u00a0para Banda Vila de Muro\u00a02015 \u00a0que este a\u00f1o ha estado dedicado a la figura de Francisco Esteve Pastor al cumplirse 25 a\u00f1os de su muerte y el centenario de su nacimiento.<\/p>\n<p style=\"text-align: justify;\">Hay que se\u00f1alar que el jurado de esta edici\u00f3n ha estado compuesto por destacadas figuras de la m\u00fasica como \u00d3scar Navarro, Jan de Haan y Josep Vicent\u00a0Egea bajo la coordinaci\u00f3n del murero Jos\u00e9 Rafael Pascual Vilaplana y miembros de la Uni\u00f3n Musical de Muro. En esta quina edici\u00f3n se presentaron un total de 22 obras, procedentes de hasta cinco pa\u00edses diferentes, y este tribunal eligi\u00f3 la pieza &#8220;Miraculum&#8221; que ha creado el propio Mart\u00ednez. El edil de Cultura, \u00c1lex Llopis, ha resaltado la importancia que han ido adquiriendo estos premios y explica que cada m\u00e1s se difunden en el \u00e1mbito internacional &#8220;estamos muy contentos porque la convocatoria\u00a0llega a m\u00e1s sitios y se presentan obras procedentes de los m\u00e1s diversos pa\u00edses&#8221;, concluye.<\/p>\n<p style=\"text-align: justify;\">Indicar que el ganador recibir\u00e1 el premio el pr\u00f3ximo s\u00e1bado 17 de enero durante los actos de inauguraci\u00f3n de la Fireta de Sant Antoni.<\/p>\n","protected":false},"excerpt":{"rendered":"<p>El compositor de San Antonio de Requena\u00a0Francisco Jos\u00e9 Mart\u00ednez Gallego ha sido el ganador del V Premio Internacional de Composici\u00f3n&#8230;<\/p>\n","protected":false},"author":1,"featured_media":8967,"comment_status":"open","ping_status":"open","sticky":false,"template":"","format":"standard","meta":{"footnotes":""},"categories":[98,75],"tags":[376,375,135,377],"class_list":["post-8966","post","type-post","status-publish","format-standard","has-post-thumbnail","hentry","category-comarcas","category-noticias","tag-composicion","tag-concurso","tag-muro","tag-musica"],"yoast_head":"<!-- This site is optimized with the Yoast SEO plugin v27.3 - https:\/\/yoast.com\/product\/yoast-seo-wordpress\/ -->\n<title>Francisco Jos\u00e9 Mart\u00ednez ganador del concurso de composici\u00f3n de Muro - COPE Alcoy<\/title>\n<meta name=\"robots\" content=\"index, follow, max-snippet:-1, max-image-preview:large, max-video-preview:-1\" \/>\n<link rel=\"canonical\" href=\"https:\/\/www.copealcoy.es\/es\/francisco-jose-martinez-ganador-del-concurso-de-composicion-de-muro\/\" \/>\n<meta property=\"og:locale\" content=\"es_ES\" \/>\n<meta property=\"og:type\" content=\"article\" \/>\n<meta property=\"og:title\" content=\"Francisco Jos\u00e9 Mart\u00ednez ganador del concurso de composici\u00f3n de Muro - COPE Alcoy\" \/>\n<meta property=\"og:description\" content=\"El compositor de San Antonio de Requena\u00a0Francisco Jos\u00e9 Mart\u00ednez Gallego ha sido el ganador del V Premio Internacional de Composici\u00f3n...\" \/>\n<meta property=\"og:url\" content=\"https:\/\/www.copealcoy.es\/es\/francisco-jose-martinez-ganador-del-concurso-de-composicion-de-muro\/\" \/>\n<meta property=\"og:site_name\" content=\"COPE Alcoy\" \/>\n<meta property=\"article:published_time\" content=\"2014-12-10T16:13:50+00:00\" \/>\n<meta property=\"og:image\" content=\"https:\/\/www.copealcoy.es\/wp-content\/uploads\/2014\/12\/image55.jpg\" \/>\n\t<meta property=\"og:image:width\" content=\"4113\" \/>\n\t<meta property=\"og:image:height\" content=\"2540\" \/>\n\t<meta property=\"og:image:type\" content=\"image\/jpeg\" \/>\n<meta name=\"author\" content=\"Cope Alcoy\" \/>\n<meta name=\"twitter:label1\" content=\"Escrito por\" \/>\n\t<meta name=\"twitter:data1\" content=\"Cope Alcoy\" \/>\n\t<meta name=\"twitter:label2\" content=\"Tiempo de lectura\" \/>\n\t<meta name=\"twitter:data2\" content=\"1 minuto\" \/>\n<script type=\"application\/ld+json\" class=\"yoast-schema-graph\">{\"@context\":\"https:\\\/\\\/schema.org\",\"@graph\":[{\"@type\":\"Article\",\"@id\":\"https:\\\/\\\/www.copealcoy.es\\\/es\\\/francisco-jose-martinez-ganador-del-concurso-de-composicion-de-muro\\\/#article\",\"isPartOf\":{\"@id\":\"https:\\\/\\\/www.copealcoy.es\\\/es\\\/francisco-jose-martinez-ganador-del-concurso-de-composicion-de-muro\\\/\"},\"author\":{\"name\":\"Cope Alcoy\",\"@id\":\"https:\\\/\\\/www.copealcoy.es\\\/es\\\/#\\\/schema\\\/person\\\/e777c87fa024e57d40170af9df39882c\"},\"headline\":\"Francisco Jos\u00e9 Mart\u00ednez ganador del concurso de composici\u00f3n de Muro\",\"datePublished\":\"2014-12-10T16:13:50+00:00\",\"mainEntityOfPage\":{\"@id\":\"https:\\\/\\\/www.copealcoy.es\\\/es\\\/francisco-jose-martinez-ganador-del-concurso-de-composicion-de-muro\\\/\"},\"wordCount\":230,\"commentCount\":0,\"image\":{\"@id\":\"https:\\\/\\\/www.copealcoy.es\\\/es\\\/francisco-jose-martinez-ganador-del-concurso-de-composicion-de-muro\\\/#primaryimage\"},\"thumbnailUrl\":\"https:\\\/\\\/www.copealcoy.es\\\/wp-content\\\/uploads\\\/2014\\\/12\\\/image55.jpg\",\"keywords\":[\"Composici\u00f3n\",\"Concurso\",\"Muro\",\"M\u00fasica\"],\"articleSection\":[\"Comarcas\",\"Noticias\"],\"inLanguage\":\"es\"},{\"@type\":\"WebPage\",\"@id\":\"https:\\\/\\\/www.copealcoy.es\\\/es\\\/francisco-jose-martinez-ganador-del-concurso-de-composicion-de-muro\\\/\",\"url\":\"https:\\\/\\\/www.copealcoy.es\\\/es\\\/francisco-jose-martinez-ganador-del-concurso-de-composicion-de-muro\\\/\",\"name\":\"Francisco Jos\u00e9 Mart\u00ednez ganador del concurso de composici\u00f3n de Muro - COPE Alcoy\",\"isPartOf\":{\"@id\":\"https:\\\/\\\/www.copealcoy.es\\\/es\\\/#website\"},\"primaryImageOfPage\":{\"@id\":\"https:\\\/\\\/www.copealcoy.es\\\/es\\\/francisco-jose-martinez-ganador-del-concurso-de-composicion-de-muro\\\/#primaryimage\"},\"image\":{\"@id\":\"https:\\\/\\\/www.copealcoy.es\\\/es\\\/francisco-jose-martinez-ganador-del-concurso-de-composicion-de-muro\\\/#primaryimage\"},\"thumbnailUrl\":\"https:\\\/\\\/www.copealcoy.es\\\/wp-content\\\/uploads\\\/2014\\\/12\\\/image55.jpg\",\"datePublished\":\"2014-12-10T16:13:50+00:00\",\"author\":{\"@id\":\"https:\\\/\\\/www.copealcoy.es\\\/es\\\/#\\\/schema\\\/person\\\/e777c87fa024e57d40170af9df39882c\"},\"breadcrumb\":{\"@id\":\"https:\\\/\\\/www.copealcoy.es\\\/es\\\/francisco-jose-martinez-ganador-del-concurso-de-composicion-de-muro\\\/#breadcrumb\"},\"inLanguage\":\"es\",\"potentialAction\":[{\"@type\":\"ReadAction\",\"target\":[\"https:\\\/\\\/www.copealcoy.es\\\/es\\\/francisco-jose-martinez-ganador-del-concurso-de-composicion-de-muro\\\/\"]}]},{\"@type\":\"ImageObject\",\"inLanguage\":\"es\",\"@id\":\"https:\\\/\\\/www.copealcoy.es\\\/es\\\/francisco-jose-martinez-ganador-del-concurso-de-composicion-de-muro\\\/#primaryimage\",\"url\":\"https:\\\/\\\/www.copealcoy.es\\\/wp-content\\\/uploads\\\/2014\\\/12\\\/image55.jpg\",\"contentUrl\":\"https:\\\/\\\/www.copealcoy.es\\\/wp-content\\\/uploads\\\/2014\\\/12\\\/image55.jpg\",\"width\":1749,\"height\":1080},{\"@type\":\"BreadcrumbList\",\"@id\":\"https:\\\/\\\/www.copealcoy.es\\\/es\\\/francisco-jose-martinez-ganador-del-concurso-de-composicion-de-muro\\\/#breadcrumb\",\"itemListElement\":[{\"@type\":\"ListItem\",\"position\":1,\"name\":\"Portada\",\"item\":\"https:\\\/\\\/www.copealcoy.es\\\/es\\\/\"},{\"@type\":\"ListItem\",\"position\":2,\"name\":\"Francisco Jos\u00e9 Mart\u00ednez ganador del concurso de composici\u00f3n de Muro\"}]},{\"@type\":\"WebSite\",\"@id\":\"https:\\\/\\\/www.copealcoy.es\\\/es\\\/#website\",\"url\":\"https:\\\/\\\/www.copealcoy.es\\\/es\\\/\",\"name\":\"COPE Alcoy\",\"description\":\"Emisora COPE de radio local con emisi\u00f3n online. Pont de Sant Jordi 8-10 03803 Alcoy\",\"potentialAction\":[{\"@type\":\"SearchAction\",\"target\":{\"@type\":\"EntryPoint\",\"urlTemplate\":\"https:\\\/\\\/www.copealcoy.es\\\/es\\\/?s={search_term_string}\"},\"query-input\":{\"@type\":\"PropertyValueSpecification\",\"valueRequired\":true,\"valueName\":\"search_term_string\"}}],\"inLanguage\":\"es\"},{\"@type\":\"Person\",\"@id\":\"https:\\\/\\\/www.copealcoy.es\\\/es\\\/#\\\/schema\\\/person\\\/e777c87fa024e57d40170af9df39882c\",\"name\":\"Cope Alcoy\",\"image\":{\"@type\":\"ImageObject\",\"inLanguage\":\"es\",\"@id\":\"https:\\\/\\\/secure.gravatar.com\\\/avatar\\\/bb65d0283347e303893ba14f0692005417c1e0e690a325a4c5d8bb2b3943ee14?s=96&d=mm&r=g\",\"url\":\"https:\\\/\\\/secure.gravatar.com\\\/avatar\\\/bb65d0283347e303893ba14f0692005417c1e0e690a325a4c5d8bb2b3943ee14?s=96&d=mm&r=g\",\"contentUrl\":\"https:\\\/\\\/secure.gravatar.com\\\/avatar\\\/bb65d0283347e303893ba14f0692005417c1e0e690a325a4c5d8bb2b3943ee14?s=96&d=mm&r=g\",\"caption\":\"Cope Alcoy\"}}]}<\/script>\n<!-- \/ Yoast SEO plugin. -->","yoast_head_json":{"title":"Francisco Jos\u00e9 Mart\u00ednez ganador del concurso de composici\u00f3n de Muro - COPE Alcoy","robots":{"index":"index","follow":"follow","max-snippet":"max-snippet:-1","max-image-preview":"max-image-preview:large","max-video-preview":"max-video-preview:-1"},"canonical":"https:\/\/www.copealcoy.es\/es\/francisco-jose-martinez-ganador-del-concurso-de-composicion-de-muro\/","og_locale":"es_ES","og_type":"article","og_title":"Francisco Jos\u00e9 Mart\u00ednez ganador del concurso de composici\u00f3n de Muro - COPE Alcoy","og_description":"El compositor de San Antonio de Requena\u00a0Francisco Jos\u00e9 Mart\u00ednez Gallego ha sido el ganador del V Premio Internacional de Composici\u00f3n...","og_url":"https:\/\/www.copealcoy.es\/es\/francisco-jose-martinez-ganador-del-concurso-de-composicion-de-muro\/","og_site_name":"COPE Alcoy","article_published_time":"2014-12-10T16:13:50+00:00","og_image":[{"width":4113,"height":2540,"url":"https:\/\/www.copealcoy.es\/wp-content\/uploads\/2014\/12\/image55.jpg","type":"image\/jpeg"}],"author":"Cope Alcoy","twitter_misc":{"Escrito por":"Cope Alcoy","Tiempo de lectura":"1 minuto"},"schema":{"@context":"https:\/\/schema.org","@graph":[{"@type":"Article","@id":"https:\/\/www.copealcoy.es\/es\/francisco-jose-martinez-ganador-del-concurso-de-composicion-de-muro\/#article","isPartOf":{"@id":"https:\/\/www.copealcoy.es\/es\/francisco-jose-martinez-ganador-del-concurso-de-composicion-de-muro\/"},"author":{"name":"Cope Alcoy","@id":"https:\/\/www.copealcoy.es\/es\/#\/schema\/person\/e777c87fa024e57d40170af9df39882c"},"headline":"Francisco Jos\u00e9 Mart\u00ednez ganador del concurso de composici\u00f3n de Muro","datePublished":"2014-12-10T16:13:50+00:00","mainEntityOfPage":{"@id":"https:\/\/www.copealcoy.es\/es\/francisco-jose-martinez-ganador-del-concurso-de-composicion-de-muro\/"},"wordCount":230,"commentCount":0,"image":{"@id":"https:\/\/www.copealcoy.es\/es\/francisco-jose-martinez-ganador-del-concurso-de-composicion-de-muro\/#primaryimage"},"thumbnailUrl":"https:\/\/www.copealcoy.es\/wp-content\/uploads\/2014\/12\/image55.jpg","keywords":["Composici\u00f3n","Concurso","Muro","M\u00fasica"],"articleSection":["Comarcas","Noticias"],"inLanguage":"es"},{"@type":"WebPage","@id":"https:\/\/www.copealcoy.es\/es\/francisco-jose-martinez-ganador-del-concurso-de-composicion-de-muro\/","url":"https:\/\/www.copealcoy.es\/es\/francisco-jose-martinez-ganador-del-concurso-de-composicion-de-muro\/","name":"Francisco Jos\u00e9 Mart\u00ednez ganador del concurso de composici\u00f3n de Muro - COPE Alcoy","isPartOf":{"@id":"https:\/\/www.copealcoy.es\/es\/#website"},"primaryImageOfPage":{"@id":"https:\/\/www.copealcoy.es\/es\/francisco-jose-martinez-ganador-del-concurso-de-composicion-de-muro\/#primaryimage"},"image":{"@id":"https:\/\/www.copealcoy.es\/es\/francisco-jose-martinez-ganador-del-concurso-de-composicion-de-muro\/#primaryimage"},"thumbnailUrl":"https:\/\/www.copealcoy.es\/wp-content\/uploads\/2014\/12\/image55.jpg","datePublished":"2014-12-10T16:13:50+00:00","author":{"@id":"https:\/\/www.copealcoy.es\/es\/#\/schema\/person\/e777c87fa024e57d40170af9df39882c"},"breadcrumb":{"@id":"https:\/\/www.copealcoy.es\/es\/francisco-jose-martinez-ganador-del-concurso-de-composicion-de-muro\/#breadcrumb"},"inLanguage":"es","potentialAction":[{"@type":"ReadAction","target":["https:\/\/www.copealcoy.es\/es\/francisco-jose-martinez-ganador-del-concurso-de-composicion-de-muro\/"]}]},{"@type":"ImageObject","inLanguage":"es","@id":"https:\/\/www.copealcoy.es\/es\/francisco-jose-martinez-ganador-del-concurso-de-composicion-de-muro\/#primaryimage","url":"https:\/\/www.copealcoy.es\/wp-content\/uploads\/2014\/12\/image55.jpg","contentUrl":"https:\/\/www.copealcoy.es\/wp-content\/uploads\/2014\/12\/image55.jpg","width":1749,"height":1080},{"@type":"BreadcrumbList","@id":"https:\/\/www.copealcoy.es\/es\/francisco-jose-martinez-ganador-del-concurso-de-composicion-de-muro\/#breadcrumb","itemListElement":[{"@type":"ListItem","position":1,"name":"Portada","item":"https:\/\/www.copealcoy.es\/es\/"},{"@type":"ListItem","position":2,"name":"Francisco Jos\u00e9 Mart\u00ednez ganador del concurso de composici\u00f3n de Muro"}]},{"@type":"WebSite","@id":"https:\/\/www.copealcoy.es\/es\/#website","url":"https:\/\/www.copealcoy.es\/es\/","name":"COPE Alcoy","description":"Emisora COPE de radio local con emisi\u00f3n online. Pont de Sant Jordi 8-10 03803 Alcoy","potentialAction":[{"@type":"SearchAction","target":{"@type":"EntryPoint","urlTemplate":"https:\/\/www.copealcoy.es\/es\/?s={search_term_string}"},"query-input":{"@type":"PropertyValueSpecification","valueRequired":true,"valueName":"search_term_string"}}],"inLanguage":"es"},{"@type":"Person","@id":"https:\/\/www.copealcoy.es\/es\/#\/schema\/person\/e777c87fa024e57d40170af9df39882c","name":"Cope Alcoy","image":{"@type":"ImageObject","inLanguage":"es","@id":"https:\/\/secure.gravatar.com\/avatar\/bb65d0283347e303893ba14f0692005417c1e0e690a325a4c5d8bb2b3943ee14?s=96&d=mm&r=g","url":"https:\/\/secure.gravatar.com\/avatar\/bb65d0283347e303893ba14f0692005417c1e0e690a325a4c5d8bb2b3943ee14?s=96&d=mm&r=g","contentUrl":"https:\/\/secure.gravatar.com\/avatar\/bb65d0283347e303893ba14f0692005417c1e0e690a325a4c5d8bb2b3943ee14?s=96&d=mm&r=g","caption":"Cope Alcoy"}}]}},"_links":{"self":[{"href":"https:\/\/www.copealcoy.es\/es\/wp-json\/wp\/v2\/posts\/8966","targetHints":{"allow":["GET"]}}],"collection":[{"href":"https:\/\/www.copealcoy.es\/es\/wp-json\/wp\/v2\/posts"}],"about":[{"href":"https:\/\/www.copealcoy.es\/es\/wp-json\/wp\/v2\/types\/post"}],"author":[{"embeddable":true,"href":"https:\/\/www.copealcoy.es\/es\/wp-json\/wp\/v2\/users\/1"}],"replies":[{"embeddable":true,"href":"https:\/\/www.copealcoy.es\/es\/wp-json\/wp\/v2\/comments?post=8966"}],"version-history":[{"count":0,"href":"https:\/\/www.copealcoy.es\/es\/wp-json\/wp\/v2\/posts\/8966\/revisions"}],"wp:featuredmedia":[{"embeddable":true,"href":"https:\/\/www.copealcoy.es\/es\/wp-json\/wp\/v2\/media\/8967"}],"wp:attachment":[{"href":"https:\/\/www.copealcoy.es\/es\/wp-json\/wp\/v2\/media?parent=8966"}],"wp:term":[{"taxonomy":"category","embeddable":true,"href":"https:\/\/www.copealcoy.es\/es\/wp-json\/wp\/v2\/categories?post=8966"},{"taxonomy":"post_tag","embeddable":true,"href":"https:\/\/www.copealcoy.es\/es\/wp-json\/wp\/v2\/tags?post=8966"}],"curies":[{"name":"wp","href":"https:\/\/api.w.org\/{rel}","templated":true}]}}