{"id":89596,"date":"2022-07-08T16:39:50","date_gmt":"2022-07-08T15:39:50","guid":{"rendered":"https:\/\/www.copealcoy.es\/?p=89596"},"modified":"2022-07-08T17:05:12","modified_gmt":"2022-07-08T16:05:12","slug":"el-nuevo-servicio-de-bus-de-alcoy-contempla-conectar-todos-los-barrios-con-el-hospital","status":"publish","type":"post","link":"https:\/\/www.copealcoy.es\/es\/el-nuevo-servicio-de-bus-de-alcoy-contempla-conectar-todos-los-barrios-con-el-hospital\/","title":{"rendered":"El nuevo servicio de bus de Alcoy contempla conectar todos los barrios con el Hospital"},"content":{"rendered":"<p style=\"text-align: justify;\">El <strong>pleno extraordinario del Ayuntamiento de Alcoy<\/strong> aprobar\u00e1 la semana pr\u00f3xima, concretamente el d\u00eda 14 de julio, <strong>la tercera pr\u00f3rroga del actual contrato del autob\u00fas urbano<\/strong>. De esta forma se dispondr\u00e1 de unos meses m\u00e1s de plazo para poder <strong>ultimar el nuevo pliego de condiciones<\/strong> con el que ya trabaja el Consistorio y que regir\u00e1 este servicio durante los pr\u00f3ximos a\u00f1os.<\/p>\n<p style=\"text-align: justify;\">La propuesta para el citado nuevo contrato <strong>ha surgido del completo proceso participativo llevado a cabo durante los \u00faltimos meses en la ciudad<\/strong> e incluye tambi\u00e9n<strong> las aportaciones de algunos de los grupos pol\u00edticos de la Corporaci\u00f3n Municipal<\/strong>. El documento prev\u00e9 <strong>la renovaci\u00f3n completa de la flota de autobuses<\/strong>, apostando por la eficiencia energ\u00e9tica y las bajas emisiones en los nuevos veh\u00edculos que se incorporar\u00e1n, mientras que en el dibujo de l\u00edneas <strong>destacan las que llegan al Cementerio y el Polideportivo durante los fines de semana<\/strong> o <strong>las que acceden a la Piscina Municipal, La Salle, Horta Major y Andreu Sempere<\/strong>. Adem\u00e1s destaca <strong>el paso de todas las mencionadas l\u00edneas por el Virgen de los Lirios<\/strong> &#8220;<em>los usuarios del autob\u00fas son mayoritariamente personas mayores y estudiantes por eso es importante que los centros educativos o las zonas de servicios tengan la mejor conexi\u00f3n. Con este planteamiento conectamos todos los barrios con el Hospital, algo que es totalmente necesario<\/em>&#8220;, celebra el edil No Adscrito; <strong>Marcos Mart\u00ednez<\/strong>, despu\u00e9s de que se haya incluido esta idea que \u00e9l mismo defend\u00eda.<\/p>\n<p style=\"text-align: justify;\">Otro de las cuestiones a mencionar es <strong>la puesta en marcha de un servicio al Polideportivo a partir de la pr\u00f3xima temporada<\/strong> cuyos horarios se est\u00e1n consensuando ahora con el Centre d&#8217;Esports. La iniciativa <strong>surgi\u00f3 en su d\u00eda de los Presupuestos Participativos<\/strong> y su inmediata implantaci\u00f3n <strong>ser\u00e1 con car\u00e1cter de prueba<\/strong> &#8220;<strong>veremos as\u00ed los horarios o las frecuencias que tienen mayor demanda y esa informaci\u00f3n nos servir\u00e1 para decidir si se incorpora este bus al nuevo contrato<\/strong>&#8220;, ha aclarado <strong>Jordi Mart\u00ednez<\/strong>; edil de Movilidad.<\/p>\n<p style=\"text-align: justify;\">Desde el Gobierno Local del PSOE conf\u00edan en que <strong>el nuevo contrato del autob\u00fas urbano pueda estar listo y aprobado para la primavera del a\u00f1o que viene<\/strong>. En este sentido cabe mencionar que <strong>podr\u00eda entrar en vigor despu\u00e9s de las Elecciones Municipales<\/strong> y, a falta de definir la vigencia concreta del mismo, se baraja que <strong>pueda estar activo<\/strong> durante los pr\u00f3ximos diez a\u00f1os.<\/p>\n","protected":false},"excerpt":{"rendered":"<p>El pleno extraordinario del Ayuntamiento de Alcoy aprobar\u00e1 la semana pr\u00f3xima, concretamente el d\u00eda 14 de julio, la tercera pr\u00f3rroga&#8230;<\/p>\n","protected":false},"author":1,"featured_media":89597,"comment_status":"open","ping_status":"open","sticky":false,"template":"","format":"standard","meta":{"footnotes":""},"categories":[6909,97,75,125],"tags":[1494,927,4212,4576,4688,12933,12934],"class_list":["post-89596","post","type-post","status-publish","format-standard","has-post-thumbnail","hentry","category-actualidad","category-alcoy","category-noticias","category-portada","tag-alcoy","tag-jordi-martinez","tag-marcos-martinez","tag-nuevo-contrato","tag-propuesta","tag-servicio-bus","tag-servicio-de-transporte"],"yoast_head":"<!-- This site is optimized with the Yoast SEO plugin v27.3 - https:\/\/yoast.com\/product\/yoast-seo-wordpress\/ -->\n<title>El nuevo servicio de bus de Alcoy contempla conectar todos los barrios con el Hospital - COPE Alcoy<\/title>\n<meta name=\"robots\" content=\"index, follow, max-snippet:-1, max-image-preview:large, max-video-preview:-1\" \/>\n<link rel=\"canonical\" href=\"https:\/\/www.copealcoy.es\/es\/el-nuevo-servicio-de-bus-de-alcoy-contempla-conectar-todos-los-barrios-con-el-hospital\/\" \/>\n<meta property=\"og:locale\" content=\"es_ES\" \/>\n<meta property=\"og:type\" content=\"article\" \/>\n<meta property=\"og:title\" content=\"El nuevo servicio de bus de Alcoy contempla conectar todos los barrios con el Hospital - COPE Alcoy\" \/>\n<meta property=\"og:description\" content=\"El pleno extraordinario del Ayuntamiento de Alcoy aprobar\u00e1 la semana pr\u00f3xima, concretamente el d\u00eda 14 de julio, la tercera pr\u00f3rroga...\" \/>\n<meta property=\"og:url\" content=\"https:\/\/www.copealcoy.es\/es\/el-nuevo-servicio-de-bus-de-alcoy-contempla-conectar-todos-los-barrios-con-el-hospital\/\" \/>\n<meta property=\"og:site_name\" content=\"COPE Alcoy\" \/>\n<meta property=\"article:published_time\" content=\"2022-07-08T15:39:50+00:00\" \/>\n<meta property=\"article:modified_time\" content=\"2022-07-08T16:05:12+00:00\" \/>\n<meta property=\"og:image\" content=\"https:\/\/www.copealcoy.es\/wp-content\/uploads\/2022\/07\/0-e1657294744336.jpg\" \/>\n\t<meta property=\"og:image:width\" content=\"640\" \/>\n\t<meta property=\"og:image:height\" content=\"480\" \/>\n\t<meta property=\"og:image:type\" content=\"image\/jpeg\" \/>\n<meta name=\"author\" content=\"Cope Alcoy\" \/>\n<meta name=\"twitter:label1\" content=\"Escrito por\" \/>\n\t<meta name=\"twitter:data1\" content=\"Cope Alcoy\" \/>\n\t<meta name=\"twitter:label2\" content=\"Tiempo de lectura\" \/>\n\t<meta name=\"twitter:data2\" content=\"2 minutos\" \/>\n<script type=\"application\/ld+json\" class=\"yoast-schema-graph\">{\"@context\":\"https:\\\/\\\/schema.org\",\"@graph\":[{\"@type\":\"Article\",\"@id\":\"https:\\\/\\\/www.copealcoy.es\\\/es\\\/el-nuevo-servicio-de-bus-de-alcoy-contempla-conectar-todos-los-barrios-con-el-hospital\\\/#article\",\"isPartOf\":{\"@id\":\"https:\\\/\\\/www.copealcoy.es\\\/es\\\/el-nuevo-servicio-de-bus-de-alcoy-contempla-conectar-todos-los-barrios-con-el-hospital\\\/\"},\"author\":{\"name\":\"Cope Alcoy\",\"@id\":\"https:\\\/\\\/www.copealcoy.es\\\/es\\\/#\\\/schema\\\/person\\\/e777c87fa024e57d40170af9df39882c\"},\"headline\":\"El nuevo servicio de bus de Alcoy contempla conectar todos los barrios con el Hospital\",\"datePublished\":\"2022-07-08T15:39:50+00:00\",\"dateModified\":\"2022-07-08T16:05:12+00:00\",\"mainEntityOfPage\":{\"@id\":\"https:\\\/\\\/www.copealcoy.es\\\/es\\\/el-nuevo-servicio-de-bus-de-alcoy-contempla-conectar-todos-los-barrios-con-el-hospital\\\/\"},\"wordCount\":436,\"commentCount\":0,\"image\":{\"@id\":\"https:\\\/\\\/www.copealcoy.es\\\/es\\\/el-nuevo-servicio-de-bus-de-alcoy-contempla-conectar-todos-los-barrios-con-el-hospital\\\/#primaryimage\"},\"thumbnailUrl\":\"https:\\\/\\\/www.copealcoy.es\\\/wp-content\\\/uploads\\\/2022\\\/07\\\/0-e1657294744336.jpg\",\"keywords\":[\"Alcoy\",\"Jordi Mart\u00ednez\",\"Marcos Mart\u00ednez\",\"nuevo contrato\",\"propuesta\",\"servicio bus\",\"servicio de transporte\"],\"articleSection\":[\"Actualidad\",\"Alcoy\",\"Noticias\",\"Portada\"],\"inLanguage\":\"es\"},{\"@type\":\"WebPage\",\"@id\":\"https:\\\/\\\/www.copealcoy.es\\\/es\\\/el-nuevo-servicio-de-bus-de-alcoy-contempla-conectar-todos-los-barrios-con-el-hospital\\\/\",\"url\":\"https:\\\/\\\/www.copealcoy.es\\\/es\\\/el-nuevo-servicio-de-bus-de-alcoy-contempla-conectar-todos-los-barrios-con-el-hospital\\\/\",\"name\":\"El nuevo servicio de bus de Alcoy contempla conectar todos los barrios con el Hospital - COPE Alcoy\",\"isPartOf\":{\"@id\":\"https:\\\/\\\/www.copealcoy.es\\\/es\\\/#website\"},\"primaryImageOfPage\":{\"@id\":\"https:\\\/\\\/www.copealcoy.es\\\/es\\\/el-nuevo-servicio-de-bus-de-alcoy-contempla-conectar-todos-los-barrios-con-el-hospital\\\/#primaryimage\"},\"image\":{\"@id\":\"https:\\\/\\\/www.copealcoy.es\\\/es\\\/el-nuevo-servicio-de-bus-de-alcoy-contempla-conectar-todos-los-barrios-con-el-hospital\\\/#primaryimage\"},\"thumbnailUrl\":\"https:\\\/\\\/www.copealcoy.es\\\/wp-content\\\/uploads\\\/2022\\\/07\\\/0-e1657294744336.jpg\",\"datePublished\":\"2022-07-08T15:39:50+00:00\",\"dateModified\":\"2022-07-08T16:05:12+00:00\",\"author\":{\"@id\":\"https:\\\/\\\/www.copealcoy.es\\\/es\\\/#\\\/schema\\\/person\\\/e777c87fa024e57d40170af9df39882c\"},\"breadcrumb\":{\"@id\":\"https:\\\/\\\/www.copealcoy.es\\\/es\\\/el-nuevo-servicio-de-bus-de-alcoy-contempla-conectar-todos-los-barrios-con-el-hospital\\\/#breadcrumb\"},\"inLanguage\":\"es\",\"potentialAction\":[{\"@type\":\"ReadAction\",\"target\":[\"https:\\\/\\\/www.copealcoy.es\\\/es\\\/el-nuevo-servicio-de-bus-de-alcoy-contempla-conectar-todos-los-barrios-con-el-hospital\\\/\"]}]},{\"@type\":\"ImageObject\",\"inLanguage\":\"es\",\"@id\":\"https:\\\/\\\/www.copealcoy.es\\\/es\\\/el-nuevo-servicio-de-bus-de-alcoy-contempla-conectar-todos-los-barrios-con-el-hospital\\\/#primaryimage\",\"url\":\"https:\\\/\\\/www.copealcoy.es\\\/wp-content\\\/uploads\\\/2022\\\/07\\\/0-e1657294744336.jpg\",\"contentUrl\":\"https:\\\/\\\/www.copealcoy.es\\\/wp-content\\\/uploads\\\/2022\\\/07\\\/0-e1657294744336.jpg\",\"width\":640,\"height\":480},{\"@type\":\"BreadcrumbList\",\"@id\":\"https:\\\/\\\/www.copealcoy.es\\\/es\\\/el-nuevo-servicio-de-bus-de-alcoy-contempla-conectar-todos-los-barrios-con-el-hospital\\\/#breadcrumb\",\"itemListElement\":[{\"@type\":\"ListItem\",\"position\":1,\"name\":\"Portada\",\"item\":\"https:\\\/\\\/www.copealcoy.es\\\/es\\\/\"},{\"@type\":\"ListItem\",\"position\":2,\"name\":\"El nuevo servicio de bus de Alcoy contempla conectar todos los barrios con el Hospital\"}]},{\"@type\":\"WebSite\",\"@id\":\"https:\\\/\\\/www.copealcoy.es\\\/es\\\/#website\",\"url\":\"https:\\\/\\\/www.copealcoy.es\\\/es\\\/\",\"name\":\"COPE Alcoy\",\"description\":\"Emisora COPE de radio local con emisi\u00f3n online. Pont de Sant Jordi 8-10 03803 Alcoy\",\"potentialAction\":[{\"@type\":\"SearchAction\",\"target\":{\"@type\":\"EntryPoint\",\"urlTemplate\":\"https:\\\/\\\/www.copealcoy.es\\\/es\\\/?s={search_term_string}\"},\"query-input\":{\"@type\":\"PropertyValueSpecification\",\"valueRequired\":true,\"valueName\":\"search_term_string\"}}],\"inLanguage\":\"es\"},{\"@type\":\"Person\",\"@id\":\"https:\\\/\\\/www.copealcoy.es\\\/es\\\/#\\\/schema\\\/person\\\/e777c87fa024e57d40170af9df39882c\",\"name\":\"Cope Alcoy\",\"image\":{\"@type\":\"ImageObject\",\"inLanguage\":\"es\",\"@id\":\"https:\\\/\\\/secure.gravatar.com\\\/avatar\\\/bb65d0283347e303893ba14f0692005417c1e0e690a325a4c5d8bb2b3943ee14?s=96&d=mm&r=g\",\"url\":\"https:\\\/\\\/secure.gravatar.com\\\/avatar\\\/bb65d0283347e303893ba14f0692005417c1e0e690a325a4c5d8bb2b3943ee14?s=96&d=mm&r=g\",\"contentUrl\":\"https:\\\/\\\/secure.gravatar.com\\\/avatar\\\/bb65d0283347e303893ba14f0692005417c1e0e690a325a4c5d8bb2b3943ee14?s=96&d=mm&r=g\",\"caption\":\"Cope Alcoy\"}}]}<\/script>\n<!-- \/ Yoast SEO plugin. -->","yoast_head_json":{"title":"El nuevo servicio de bus de Alcoy contempla conectar todos los barrios con el Hospital - COPE Alcoy","robots":{"index":"index","follow":"follow","max-snippet":"max-snippet:-1","max-image-preview":"max-image-preview:large","max-video-preview":"max-video-preview:-1"},"canonical":"https:\/\/www.copealcoy.es\/es\/el-nuevo-servicio-de-bus-de-alcoy-contempla-conectar-todos-los-barrios-con-el-hospital\/","og_locale":"es_ES","og_type":"article","og_title":"El nuevo servicio de bus de Alcoy contempla conectar todos los barrios con el Hospital - COPE Alcoy","og_description":"El pleno extraordinario del Ayuntamiento de Alcoy aprobar\u00e1 la semana pr\u00f3xima, concretamente el d\u00eda 14 de julio, la tercera pr\u00f3rroga...","og_url":"https:\/\/www.copealcoy.es\/es\/el-nuevo-servicio-de-bus-de-alcoy-contempla-conectar-todos-los-barrios-con-el-hospital\/","og_site_name":"COPE Alcoy","article_published_time":"2022-07-08T15:39:50+00:00","article_modified_time":"2022-07-08T16:05:12+00:00","og_image":[{"width":640,"height":480,"url":"https:\/\/www.copealcoy.es\/wp-content\/uploads\/2022\/07\/0-e1657294744336.jpg","type":"image\/jpeg"}],"author":"Cope Alcoy","twitter_misc":{"Escrito por":"Cope Alcoy","Tiempo de lectura":"2 minutos"},"schema":{"@context":"https:\/\/schema.org","@graph":[{"@type":"Article","@id":"https:\/\/www.copealcoy.es\/es\/el-nuevo-servicio-de-bus-de-alcoy-contempla-conectar-todos-los-barrios-con-el-hospital\/#article","isPartOf":{"@id":"https:\/\/www.copealcoy.es\/es\/el-nuevo-servicio-de-bus-de-alcoy-contempla-conectar-todos-los-barrios-con-el-hospital\/"},"author":{"name":"Cope Alcoy","@id":"https:\/\/www.copealcoy.es\/es\/#\/schema\/person\/e777c87fa024e57d40170af9df39882c"},"headline":"El nuevo servicio de bus de Alcoy contempla conectar todos los barrios con el Hospital","datePublished":"2022-07-08T15:39:50+00:00","dateModified":"2022-07-08T16:05:12+00:00","mainEntityOfPage":{"@id":"https:\/\/www.copealcoy.es\/es\/el-nuevo-servicio-de-bus-de-alcoy-contempla-conectar-todos-los-barrios-con-el-hospital\/"},"wordCount":436,"commentCount":0,"image":{"@id":"https:\/\/www.copealcoy.es\/es\/el-nuevo-servicio-de-bus-de-alcoy-contempla-conectar-todos-los-barrios-con-el-hospital\/#primaryimage"},"thumbnailUrl":"https:\/\/www.copealcoy.es\/wp-content\/uploads\/2022\/07\/0-e1657294744336.jpg","keywords":["Alcoy","Jordi Mart\u00ednez","Marcos Mart\u00ednez","nuevo contrato","propuesta","servicio bus","servicio de transporte"],"articleSection":["Actualidad","Alcoy","Noticias","Portada"],"inLanguage":"es"},{"@type":"WebPage","@id":"https:\/\/www.copealcoy.es\/es\/el-nuevo-servicio-de-bus-de-alcoy-contempla-conectar-todos-los-barrios-con-el-hospital\/","url":"https:\/\/www.copealcoy.es\/es\/el-nuevo-servicio-de-bus-de-alcoy-contempla-conectar-todos-los-barrios-con-el-hospital\/","name":"El nuevo servicio de bus de Alcoy contempla conectar todos los barrios con el Hospital - COPE Alcoy","isPartOf":{"@id":"https:\/\/www.copealcoy.es\/es\/#website"},"primaryImageOfPage":{"@id":"https:\/\/www.copealcoy.es\/es\/el-nuevo-servicio-de-bus-de-alcoy-contempla-conectar-todos-los-barrios-con-el-hospital\/#primaryimage"},"image":{"@id":"https:\/\/www.copealcoy.es\/es\/el-nuevo-servicio-de-bus-de-alcoy-contempla-conectar-todos-los-barrios-con-el-hospital\/#primaryimage"},"thumbnailUrl":"https:\/\/www.copealcoy.es\/wp-content\/uploads\/2022\/07\/0-e1657294744336.jpg","datePublished":"2022-07-08T15:39:50+00:00","dateModified":"2022-07-08T16:05:12+00:00","author":{"@id":"https:\/\/www.copealcoy.es\/es\/#\/schema\/person\/e777c87fa024e57d40170af9df39882c"},"breadcrumb":{"@id":"https:\/\/www.copealcoy.es\/es\/el-nuevo-servicio-de-bus-de-alcoy-contempla-conectar-todos-los-barrios-con-el-hospital\/#breadcrumb"},"inLanguage":"es","potentialAction":[{"@type":"ReadAction","target":["https:\/\/www.copealcoy.es\/es\/el-nuevo-servicio-de-bus-de-alcoy-contempla-conectar-todos-los-barrios-con-el-hospital\/"]}]},{"@type":"ImageObject","inLanguage":"es","@id":"https:\/\/www.copealcoy.es\/es\/el-nuevo-servicio-de-bus-de-alcoy-contempla-conectar-todos-los-barrios-con-el-hospital\/#primaryimage","url":"https:\/\/www.copealcoy.es\/wp-content\/uploads\/2022\/07\/0-e1657294744336.jpg","contentUrl":"https:\/\/www.copealcoy.es\/wp-content\/uploads\/2022\/07\/0-e1657294744336.jpg","width":640,"height":480},{"@type":"BreadcrumbList","@id":"https:\/\/www.copealcoy.es\/es\/el-nuevo-servicio-de-bus-de-alcoy-contempla-conectar-todos-los-barrios-con-el-hospital\/#breadcrumb","itemListElement":[{"@type":"ListItem","position":1,"name":"Portada","item":"https:\/\/www.copealcoy.es\/es\/"},{"@type":"ListItem","position":2,"name":"El nuevo servicio de bus de Alcoy contempla conectar todos los barrios con el Hospital"}]},{"@type":"WebSite","@id":"https:\/\/www.copealcoy.es\/es\/#website","url":"https:\/\/www.copealcoy.es\/es\/","name":"COPE Alcoy","description":"Emisora COPE de radio local con emisi\u00f3n online. Pont de Sant Jordi 8-10 03803 Alcoy","potentialAction":[{"@type":"SearchAction","target":{"@type":"EntryPoint","urlTemplate":"https:\/\/www.copealcoy.es\/es\/?s={search_term_string}"},"query-input":{"@type":"PropertyValueSpecification","valueRequired":true,"valueName":"search_term_string"}}],"inLanguage":"es"},{"@type":"Person","@id":"https:\/\/www.copealcoy.es\/es\/#\/schema\/person\/e777c87fa024e57d40170af9df39882c","name":"Cope Alcoy","image":{"@type":"ImageObject","inLanguage":"es","@id":"https:\/\/secure.gravatar.com\/avatar\/bb65d0283347e303893ba14f0692005417c1e0e690a325a4c5d8bb2b3943ee14?s=96&d=mm&r=g","url":"https:\/\/secure.gravatar.com\/avatar\/bb65d0283347e303893ba14f0692005417c1e0e690a325a4c5d8bb2b3943ee14?s=96&d=mm&r=g","contentUrl":"https:\/\/secure.gravatar.com\/avatar\/bb65d0283347e303893ba14f0692005417c1e0e690a325a4c5d8bb2b3943ee14?s=96&d=mm&r=g","caption":"Cope Alcoy"}}]}},"_links":{"self":[{"href":"https:\/\/www.copealcoy.es\/es\/wp-json\/wp\/v2\/posts\/89596","targetHints":{"allow":["GET"]}}],"collection":[{"href":"https:\/\/www.copealcoy.es\/es\/wp-json\/wp\/v2\/posts"}],"about":[{"href":"https:\/\/www.copealcoy.es\/es\/wp-json\/wp\/v2\/types\/post"}],"author":[{"embeddable":true,"href":"https:\/\/www.copealcoy.es\/es\/wp-json\/wp\/v2\/users\/1"}],"replies":[{"embeddable":true,"href":"https:\/\/www.copealcoy.es\/es\/wp-json\/wp\/v2\/comments?post=89596"}],"version-history":[{"count":0,"href":"https:\/\/www.copealcoy.es\/es\/wp-json\/wp\/v2\/posts\/89596\/revisions"}],"wp:featuredmedia":[{"embeddable":true,"href":"https:\/\/www.copealcoy.es\/es\/wp-json\/wp\/v2\/media\/89597"}],"wp:attachment":[{"href":"https:\/\/www.copealcoy.es\/es\/wp-json\/wp\/v2\/media?parent=89596"}],"wp:term":[{"taxonomy":"category","embeddable":true,"href":"https:\/\/www.copealcoy.es\/es\/wp-json\/wp\/v2\/categories?post=89596"},{"taxonomy":"post_tag","embeddable":true,"href":"https:\/\/www.copealcoy.es\/es\/wp-json\/wp\/v2\/tags?post=89596"}],"curies":[{"name":"wp","href":"https:\/\/api.w.org\/{rel}","templated":true}]}}