{"id":89565,"date":"2022-07-07T20:05:15","date_gmt":"2022-07-07T19:05:15","guid":{"rendered":"https:\/\/www.copealcoy.es\/?p=89565"},"modified":"2022-07-08T07:25:58","modified_gmt":"2022-07-08T06:25:58","slug":"la-mancomunitat-de-lalcoia-i-el-comtat-llanca-el-cicle-de-concerts-somriu","status":"publish","type":"post","link":"https:\/\/www.copealcoy.es\/es\/la-mancomunitat-de-lalcoia-i-el-comtat-llanca-el-cicle-de-concerts-somriu\/","title":{"rendered":"La Mancomunitat de l\u2019Alcoi\u00e0 i El Comtat llan\u00e7a el cicle de concerts SomRiu"},"content":{"rendered":"<p style=\"text-align: justify;\">Les comarques de l&#8217;Alcoi\u00e0 i el Comtat <strong>tornaran a gaudir de la millor m\u00fasica aquest estiu<\/strong> de la m\u00e0 d&#8217;una <strong>interessant iniciativa<\/strong> que posa en marxa la Mancomunitat.\u00a0<span class=\"hiddenSpellError\">\u00c9s<\/span>\u00a0tracta del <strong>Cicle\u00a0<span class=\"hiddenSpellError\">SomRiu<\/span><\/strong>, una proposta de <strong>m\u00fasica en directe i en format ac\u00fastic<\/strong> per a <strong>revitalitzar els espais emblem\u00e0tics dels municipis<\/strong>. Emprant com a fil conductor l\u2019aigua i el patrimoni relacionat amb ella, <strong>l\u2019entitat proposa un cicle de concerts que acollir\u00e0 un divers ventall d\u2019artistes<\/strong> a llocs \u00fanics com llavadors, fonts, jardins, parcs o places.<\/p>\n<p style=\"text-align: justify;\">Entre els dies 8 de juliol i 30 de setembre, <strong>s\u2019ha programat un total de catorze concerts gratu\u00efts<\/strong>, un en <strong>cada poble integrant de la Mancomunitat<\/strong>, i cadascun d\u2019ells amb una actuaci\u00f3 diferent. Entre els i les artistes que formen el cartell es troben des de <strong>propostes consolidades en l\u2019escena valenciana<\/strong> com les de\u00a0<span class=\"hiddenSpellError\">Senior<\/span>, Clara\u00a0<span class=\"hiddenSpellError\">Andr\u00e9s<\/span>,\u00a0<span class=\"hiddenSpellError\">Nacho<\/span>\u00a0<span class=\"hiddenSpellError\">Casado<\/span>,\u00a0<span class=\"hiddenSpellError\">\u00d3scar<\/span>\u00a0<span class=\"hiddenSpellError\">Briz<\/span>, Jes\u00fas Lara, N\u00e9stor Mir o Toni de l\u2019Hostal, fins a altres m\u00e9s emergents i que actualment \u00e9s habitual trobar als cartells de festivals i cicles d\u2019estiu com Esther, Sandra Monfort, \u00c0lex Blat o La Maria.<\/p>\n<p style=\"text-align: justify;\">El cicle\u00a0<span class=\"hiddenSpellError\">SomRiu<\/span>\u00a0<strong>arriba als pobles de la Mancomunitat amb la intenci\u00f3 d\u2019oferir una opci\u00f3 cultural i d\u2019oci per a les nits d\u2019estiu<\/strong>. Una <strong>programaci\u00f3 acurada, equilibrada i d\u2019una gran qualitat art\u00edstica<\/strong> que permetr\u00e0 als i les assistents gaudir amb un format \u00edntim, sense artificis, i en entorns d\u2019un gran valor paisatg\u00edstic.<\/p>\n<p style=\"text-align: justify;\">Aquesta proposta <strong>relleva al tradicional cicle de concerts a l\u2019aire lliure d\u2019estiu Jazz amb la Manco<\/strong>\u00a0que en 2021 va celebrar la seua novena edici\u00f3, amb l\u2019objectiu de donar cabuda a noves propostes musicals. Des de la Mancomunitat de l\u2019Alcoi\u00e0 i el Comtat es destaca aquesta nova proposta que vol convertir-se en un referent per a les persones que volen gaudir de la cultura i la m\u00fasica actual en directe, a la vegada que es familiaritzen amb els espais m\u00e9s emblem\u00e0tics i distintius dels pobles.<\/p>\n<p style=\"text-align: justify;\">Tota la programaci\u00f3 cultural del Cicle <span class=\"hiddenSpellError\">SomRiu<\/span> la pots consultar <a href=\"https:\/\/lamancomunitat.org\/cicle-de-concerts-somriu\/\"><span style=\"color: #0000ff;\"><strong>ac\u00ed<\/strong><\/span><\/a>.<\/p>\n","protected":false},"excerpt":{"rendered":"<p>Les comarques de l&#8217;Alcoi\u00e0 i el Comtat tornaran a gaudir de la millor m\u00fasica aquest estiu de la m\u00e0 d&#8217;una&#8230;<\/p>\n","protected":false},"author":1,"featured_media":43679,"comment_status":"open","ping_status":"open","sticky":false,"template":"","format":"standard","meta":{"footnotes":""},"categories":[98,75,12731],"tags":[482,12927,237,1745,12928],"class_list":["post-89565","post","type-post","status-publish","format-standard","has-post-thumbnail","hentry","category-comarcas","category-noticias","category-turiscope","tag-alcoia","tag-cicle-de-musica","tag-comtat","tag-mancomunitat","tag-somrius"],"yoast_head":"<!-- This site is optimized with the Yoast SEO plugin v27.3 - https:\/\/yoast.com\/product\/yoast-seo-wordpress\/ -->\n<title>La Mancomunitat de l\u2019Alcoi\u00e0 i El Comtat llan\u00e7a el cicle de concerts SomRiu - COPE Alcoy<\/title>\n<meta name=\"robots\" content=\"index, follow, max-snippet:-1, max-image-preview:large, max-video-preview:-1\" \/>\n<link rel=\"canonical\" href=\"https:\/\/www.copealcoy.es\/es\/la-mancomunitat-de-lalcoia-i-el-comtat-llanca-el-cicle-de-concerts-somriu\/\" \/>\n<meta property=\"og:locale\" content=\"es_ES\" \/>\n<meta property=\"og:type\" content=\"article\" \/>\n<meta property=\"og:title\" content=\"La Mancomunitat de l\u2019Alcoi\u00e0 i El Comtat llan\u00e7a el cicle de concerts SomRiu - COPE Alcoy\" \/>\n<meta property=\"og:description\" content=\"Les comarques de l&#8217;Alcoi\u00e0 i el Comtat tornaran a gaudir de la millor m\u00fasica aquest estiu de la m\u00e0 d&#8217;una...\" \/>\n<meta property=\"og:url\" content=\"https:\/\/www.copealcoy.es\/es\/la-mancomunitat-de-lalcoia-i-el-comtat-llanca-el-cicle-de-concerts-somriu\/\" \/>\n<meta property=\"og:site_name\" content=\"COPE Alcoy\" \/>\n<meta property=\"article:published_time\" content=\"2022-07-07T19:05:15+00:00\" \/>\n<meta property=\"article:modified_time\" content=\"2022-07-08T06:25:58+00:00\" \/>\n<meta property=\"og:image\" content=\"https:\/\/www.copealcoy.es\/wp-content\/uploads\/2018\/07\/15321.jpeg\" \/>\n\t<meta property=\"og:image:width\" content=\"750\" \/>\n\t<meta property=\"og:image:height\" content=\"499\" \/>\n\t<meta property=\"og:image:type\" content=\"image\/jpeg\" \/>\n<meta name=\"author\" content=\"Cope Alcoy\" \/>\n<meta name=\"twitter:label1\" content=\"Escrito por\" \/>\n\t<meta name=\"twitter:data1\" content=\"Cope Alcoy\" \/>\n\t<meta name=\"twitter:label2\" content=\"Tiempo de lectura\" \/>\n\t<meta name=\"twitter:data2\" content=\"2 minutos\" \/>\n<script type=\"application\/ld+json\" class=\"yoast-schema-graph\">{\"@context\":\"https:\\\/\\\/schema.org\",\"@graph\":[{\"@type\":\"Article\",\"@id\":\"https:\\\/\\\/www.copealcoy.es\\\/es\\\/la-mancomunitat-de-lalcoia-i-el-comtat-llanca-el-cicle-de-concerts-somriu\\\/#article\",\"isPartOf\":{\"@id\":\"https:\\\/\\\/www.copealcoy.es\\\/es\\\/la-mancomunitat-de-lalcoia-i-el-comtat-llanca-el-cicle-de-concerts-somriu\\\/\"},\"author\":{\"name\":\"Cope Alcoy\",\"@id\":\"https:\\\/\\\/www.copealcoy.es\\\/es\\\/#\\\/schema\\\/person\\\/e777c87fa024e57d40170af9df39882c\"},\"headline\":\"La Mancomunitat de l\u2019Alcoi\u00e0 i El Comtat llan\u00e7a el cicle de concerts SomRiu\",\"datePublished\":\"2022-07-07T19:05:15+00:00\",\"dateModified\":\"2022-07-08T06:25:58+00:00\",\"mainEntityOfPage\":{\"@id\":\"https:\\\/\\\/www.copealcoy.es\\\/es\\\/la-mancomunitat-de-lalcoia-i-el-comtat-llanca-el-cicle-de-concerts-somriu\\\/\"},\"wordCount\":374,\"commentCount\":0,\"image\":{\"@id\":\"https:\\\/\\\/www.copealcoy.es\\\/es\\\/la-mancomunitat-de-lalcoia-i-el-comtat-llanca-el-cicle-de-concerts-somriu\\\/#primaryimage\"},\"thumbnailUrl\":\"https:\\\/\\\/www.copealcoy.es\\\/wp-content\\\/uploads\\\/2018\\\/07\\\/15321.jpeg\",\"keywords\":[\"Alcoi\u00e0\",\"Cicle de M\u00fasica\",\"Comtat\",\"Mancomunitat\",\"Somrius\"],\"articleSection\":[\"Comarcas\",\"Noticias\",\"TurisCOPE\"],\"inLanguage\":\"es\"},{\"@type\":\"WebPage\",\"@id\":\"https:\\\/\\\/www.copealcoy.es\\\/es\\\/la-mancomunitat-de-lalcoia-i-el-comtat-llanca-el-cicle-de-concerts-somriu\\\/\",\"url\":\"https:\\\/\\\/www.copealcoy.es\\\/es\\\/la-mancomunitat-de-lalcoia-i-el-comtat-llanca-el-cicle-de-concerts-somriu\\\/\",\"name\":\"La Mancomunitat de l\u2019Alcoi\u00e0 i El Comtat llan\u00e7a el cicle de concerts SomRiu - COPE Alcoy\",\"isPartOf\":{\"@id\":\"https:\\\/\\\/www.copealcoy.es\\\/es\\\/#website\"},\"primaryImageOfPage\":{\"@id\":\"https:\\\/\\\/www.copealcoy.es\\\/es\\\/la-mancomunitat-de-lalcoia-i-el-comtat-llanca-el-cicle-de-concerts-somriu\\\/#primaryimage\"},\"image\":{\"@id\":\"https:\\\/\\\/www.copealcoy.es\\\/es\\\/la-mancomunitat-de-lalcoia-i-el-comtat-llanca-el-cicle-de-concerts-somriu\\\/#primaryimage\"},\"thumbnailUrl\":\"https:\\\/\\\/www.copealcoy.es\\\/wp-content\\\/uploads\\\/2018\\\/07\\\/15321.jpeg\",\"datePublished\":\"2022-07-07T19:05:15+00:00\",\"dateModified\":\"2022-07-08T06:25:58+00:00\",\"author\":{\"@id\":\"https:\\\/\\\/www.copealcoy.es\\\/es\\\/#\\\/schema\\\/person\\\/e777c87fa024e57d40170af9df39882c\"},\"breadcrumb\":{\"@id\":\"https:\\\/\\\/www.copealcoy.es\\\/es\\\/la-mancomunitat-de-lalcoia-i-el-comtat-llanca-el-cicle-de-concerts-somriu\\\/#breadcrumb\"},\"inLanguage\":\"es\",\"potentialAction\":[{\"@type\":\"ReadAction\",\"target\":[\"https:\\\/\\\/www.copealcoy.es\\\/es\\\/la-mancomunitat-de-lalcoia-i-el-comtat-llanca-el-cicle-de-concerts-somriu\\\/\"]}]},{\"@type\":\"ImageObject\",\"inLanguage\":\"es\",\"@id\":\"https:\\\/\\\/www.copealcoy.es\\\/es\\\/la-mancomunitat-de-lalcoia-i-el-comtat-llanca-el-cicle-de-concerts-somriu\\\/#primaryimage\",\"url\":\"https:\\\/\\\/www.copealcoy.es\\\/wp-content\\\/uploads\\\/2018\\\/07\\\/15321.jpeg\",\"contentUrl\":\"https:\\\/\\\/www.copealcoy.es\\\/wp-content\\\/uploads\\\/2018\\\/07\\\/15321.jpeg\",\"width\":750,\"height\":499},{\"@type\":\"BreadcrumbList\",\"@id\":\"https:\\\/\\\/www.copealcoy.es\\\/es\\\/la-mancomunitat-de-lalcoia-i-el-comtat-llanca-el-cicle-de-concerts-somriu\\\/#breadcrumb\",\"itemListElement\":[{\"@type\":\"ListItem\",\"position\":1,\"name\":\"Portada\",\"item\":\"https:\\\/\\\/www.copealcoy.es\\\/es\\\/\"},{\"@type\":\"ListItem\",\"position\":2,\"name\":\"La Mancomunitat de l\u2019Alcoi\u00e0 i El Comtat llan\u00e7a el cicle de concerts SomRiu\"}]},{\"@type\":\"WebSite\",\"@id\":\"https:\\\/\\\/www.copealcoy.es\\\/es\\\/#website\",\"url\":\"https:\\\/\\\/www.copealcoy.es\\\/es\\\/\",\"name\":\"COPE Alcoy\",\"description\":\"Emisora COPE de radio local con emisi\u00f3n online. Pont de Sant Jordi 8-10 03803 Alcoy\",\"potentialAction\":[{\"@type\":\"SearchAction\",\"target\":{\"@type\":\"EntryPoint\",\"urlTemplate\":\"https:\\\/\\\/www.copealcoy.es\\\/es\\\/?s={search_term_string}\"},\"query-input\":{\"@type\":\"PropertyValueSpecification\",\"valueRequired\":true,\"valueName\":\"search_term_string\"}}],\"inLanguage\":\"es\"},{\"@type\":\"Person\",\"@id\":\"https:\\\/\\\/www.copealcoy.es\\\/es\\\/#\\\/schema\\\/person\\\/e777c87fa024e57d40170af9df39882c\",\"name\":\"Cope Alcoy\",\"image\":{\"@type\":\"ImageObject\",\"inLanguage\":\"es\",\"@id\":\"https:\\\/\\\/secure.gravatar.com\\\/avatar\\\/bb65d0283347e303893ba14f0692005417c1e0e690a325a4c5d8bb2b3943ee14?s=96&d=mm&r=g\",\"url\":\"https:\\\/\\\/secure.gravatar.com\\\/avatar\\\/bb65d0283347e303893ba14f0692005417c1e0e690a325a4c5d8bb2b3943ee14?s=96&d=mm&r=g\",\"contentUrl\":\"https:\\\/\\\/secure.gravatar.com\\\/avatar\\\/bb65d0283347e303893ba14f0692005417c1e0e690a325a4c5d8bb2b3943ee14?s=96&d=mm&r=g\",\"caption\":\"Cope Alcoy\"}}]}<\/script>\n<!-- \/ Yoast SEO plugin. -->","yoast_head_json":{"title":"La Mancomunitat de l\u2019Alcoi\u00e0 i El Comtat llan\u00e7a el cicle de concerts SomRiu - COPE Alcoy","robots":{"index":"index","follow":"follow","max-snippet":"max-snippet:-1","max-image-preview":"max-image-preview:large","max-video-preview":"max-video-preview:-1"},"canonical":"https:\/\/www.copealcoy.es\/es\/la-mancomunitat-de-lalcoia-i-el-comtat-llanca-el-cicle-de-concerts-somriu\/","og_locale":"es_ES","og_type":"article","og_title":"La Mancomunitat de l\u2019Alcoi\u00e0 i El Comtat llan\u00e7a el cicle de concerts SomRiu - COPE Alcoy","og_description":"Les comarques de l&#8217;Alcoi\u00e0 i el Comtat tornaran a gaudir de la millor m\u00fasica aquest estiu de la m\u00e0 d&#8217;una...","og_url":"https:\/\/www.copealcoy.es\/es\/la-mancomunitat-de-lalcoia-i-el-comtat-llanca-el-cicle-de-concerts-somriu\/","og_site_name":"COPE Alcoy","article_published_time":"2022-07-07T19:05:15+00:00","article_modified_time":"2022-07-08T06:25:58+00:00","og_image":[{"width":750,"height":499,"url":"https:\/\/www.copealcoy.es\/wp-content\/uploads\/2018\/07\/15321.jpeg","type":"image\/jpeg"}],"author":"Cope Alcoy","twitter_misc":{"Escrito por":"Cope Alcoy","Tiempo de lectura":"2 minutos"},"schema":{"@context":"https:\/\/schema.org","@graph":[{"@type":"Article","@id":"https:\/\/www.copealcoy.es\/es\/la-mancomunitat-de-lalcoia-i-el-comtat-llanca-el-cicle-de-concerts-somriu\/#article","isPartOf":{"@id":"https:\/\/www.copealcoy.es\/es\/la-mancomunitat-de-lalcoia-i-el-comtat-llanca-el-cicle-de-concerts-somriu\/"},"author":{"name":"Cope Alcoy","@id":"https:\/\/www.copealcoy.es\/es\/#\/schema\/person\/e777c87fa024e57d40170af9df39882c"},"headline":"La Mancomunitat de l\u2019Alcoi\u00e0 i El Comtat llan\u00e7a el cicle de concerts SomRiu","datePublished":"2022-07-07T19:05:15+00:00","dateModified":"2022-07-08T06:25:58+00:00","mainEntityOfPage":{"@id":"https:\/\/www.copealcoy.es\/es\/la-mancomunitat-de-lalcoia-i-el-comtat-llanca-el-cicle-de-concerts-somriu\/"},"wordCount":374,"commentCount":0,"image":{"@id":"https:\/\/www.copealcoy.es\/es\/la-mancomunitat-de-lalcoia-i-el-comtat-llanca-el-cicle-de-concerts-somriu\/#primaryimage"},"thumbnailUrl":"https:\/\/www.copealcoy.es\/wp-content\/uploads\/2018\/07\/15321.jpeg","keywords":["Alcoi\u00e0","Cicle de M\u00fasica","Comtat","Mancomunitat","Somrius"],"articleSection":["Comarcas","Noticias","TurisCOPE"],"inLanguage":"es"},{"@type":"WebPage","@id":"https:\/\/www.copealcoy.es\/es\/la-mancomunitat-de-lalcoia-i-el-comtat-llanca-el-cicle-de-concerts-somriu\/","url":"https:\/\/www.copealcoy.es\/es\/la-mancomunitat-de-lalcoia-i-el-comtat-llanca-el-cicle-de-concerts-somriu\/","name":"La Mancomunitat de l\u2019Alcoi\u00e0 i El Comtat llan\u00e7a el cicle de concerts SomRiu - COPE Alcoy","isPartOf":{"@id":"https:\/\/www.copealcoy.es\/es\/#website"},"primaryImageOfPage":{"@id":"https:\/\/www.copealcoy.es\/es\/la-mancomunitat-de-lalcoia-i-el-comtat-llanca-el-cicle-de-concerts-somriu\/#primaryimage"},"image":{"@id":"https:\/\/www.copealcoy.es\/es\/la-mancomunitat-de-lalcoia-i-el-comtat-llanca-el-cicle-de-concerts-somriu\/#primaryimage"},"thumbnailUrl":"https:\/\/www.copealcoy.es\/wp-content\/uploads\/2018\/07\/15321.jpeg","datePublished":"2022-07-07T19:05:15+00:00","dateModified":"2022-07-08T06:25:58+00:00","author":{"@id":"https:\/\/www.copealcoy.es\/es\/#\/schema\/person\/e777c87fa024e57d40170af9df39882c"},"breadcrumb":{"@id":"https:\/\/www.copealcoy.es\/es\/la-mancomunitat-de-lalcoia-i-el-comtat-llanca-el-cicle-de-concerts-somriu\/#breadcrumb"},"inLanguage":"es","potentialAction":[{"@type":"ReadAction","target":["https:\/\/www.copealcoy.es\/es\/la-mancomunitat-de-lalcoia-i-el-comtat-llanca-el-cicle-de-concerts-somriu\/"]}]},{"@type":"ImageObject","inLanguage":"es","@id":"https:\/\/www.copealcoy.es\/es\/la-mancomunitat-de-lalcoia-i-el-comtat-llanca-el-cicle-de-concerts-somriu\/#primaryimage","url":"https:\/\/www.copealcoy.es\/wp-content\/uploads\/2018\/07\/15321.jpeg","contentUrl":"https:\/\/www.copealcoy.es\/wp-content\/uploads\/2018\/07\/15321.jpeg","width":750,"height":499},{"@type":"BreadcrumbList","@id":"https:\/\/www.copealcoy.es\/es\/la-mancomunitat-de-lalcoia-i-el-comtat-llanca-el-cicle-de-concerts-somriu\/#breadcrumb","itemListElement":[{"@type":"ListItem","position":1,"name":"Portada","item":"https:\/\/www.copealcoy.es\/es\/"},{"@type":"ListItem","position":2,"name":"La Mancomunitat de l\u2019Alcoi\u00e0 i El Comtat llan\u00e7a el cicle de concerts SomRiu"}]},{"@type":"WebSite","@id":"https:\/\/www.copealcoy.es\/es\/#website","url":"https:\/\/www.copealcoy.es\/es\/","name":"COPE Alcoy","description":"Emisora COPE de radio local con emisi\u00f3n online. Pont de Sant Jordi 8-10 03803 Alcoy","potentialAction":[{"@type":"SearchAction","target":{"@type":"EntryPoint","urlTemplate":"https:\/\/www.copealcoy.es\/es\/?s={search_term_string}"},"query-input":{"@type":"PropertyValueSpecification","valueRequired":true,"valueName":"search_term_string"}}],"inLanguage":"es"},{"@type":"Person","@id":"https:\/\/www.copealcoy.es\/es\/#\/schema\/person\/e777c87fa024e57d40170af9df39882c","name":"Cope Alcoy","image":{"@type":"ImageObject","inLanguage":"es","@id":"https:\/\/secure.gravatar.com\/avatar\/bb65d0283347e303893ba14f0692005417c1e0e690a325a4c5d8bb2b3943ee14?s=96&d=mm&r=g","url":"https:\/\/secure.gravatar.com\/avatar\/bb65d0283347e303893ba14f0692005417c1e0e690a325a4c5d8bb2b3943ee14?s=96&d=mm&r=g","contentUrl":"https:\/\/secure.gravatar.com\/avatar\/bb65d0283347e303893ba14f0692005417c1e0e690a325a4c5d8bb2b3943ee14?s=96&d=mm&r=g","caption":"Cope Alcoy"}}]}},"_links":{"self":[{"href":"https:\/\/www.copealcoy.es\/es\/wp-json\/wp\/v2\/posts\/89565","targetHints":{"allow":["GET"]}}],"collection":[{"href":"https:\/\/www.copealcoy.es\/es\/wp-json\/wp\/v2\/posts"}],"about":[{"href":"https:\/\/www.copealcoy.es\/es\/wp-json\/wp\/v2\/types\/post"}],"author":[{"embeddable":true,"href":"https:\/\/www.copealcoy.es\/es\/wp-json\/wp\/v2\/users\/1"}],"replies":[{"embeddable":true,"href":"https:\/\/www.copealcoy.es\/es\/wp-json\/wp\/v2\/comments?post=89565"}],"version-history":[{"count":0,"href":"https:\/\/www.copealcoy.es\/es\/wp-json\/wp\/v2\/posts\/89565\/revisions"}],"wp:featuredmedia":[{"embeddable":true,"href":"https:\/\/www.copealcoy.es\/es\/wp-json\/wp\/v2\/media\/43679"}],"wp:attachment":[{"href":"https:\/\/www.copealcoy.es\/es\/wp-json\/wp\/v2\/media?parent=89565"}],"wp:term":[{"taxonomy":"category","embeddable":true,"href":"https:\/\/www.copealcoy.es\/es\/wp-json\/wp\/v2\/categories?post=89565"},{"taxonomy":"post_tag","embeddable":true,"href":"https:\/\/www.copealcoy.es\/es\/wp-json\/wp\/v2\/tags?post=89565"}],"curies":[{"name":"wp","href":"https:\/\/api.w.org\/{rel}","templated":true}]}}