{"id":89506,"date":"2022-07-06T17:46:22","date_gmt":"2022-07-06T16:46:22","guid":{"rendered":"https:\/\/www.copealcoy.es\/?p=89506"},"modified":"2022-07-06T18:03:23","modified_gmt":"2022-07-06T17:03:23","slug":"homenaje-desde-alcoy-a-maria-cegarra-la-primera-mujer-perita-quimica-de-espana","status":"publish","type":"post","link":"https:\/\/www.copealcoy.es\/es\/homenaje-desde-alcoy-a-maria-cegarra-la-primera-mujer-perita-quimica-de-espana\/","title":{"rendered":"Homenaje desde Alcoy a Mar\u00eda Cegarra, la primera mujer perita qu\u00edmica de Espa\u00f1a"},"content":{"rendered":"<p style=\"text-align: justify;\">El <strong>Campus de Alcoy de la Universidad Polit\u00e9cnica de Valencia<\/strong> cuenta desde ayer con <strong>un mural de grandes dimensiones<\/strong> dedicado a <strong>Mar\u00eda Cegarra Salcedo<\/strong>, la primera mujer perita qu\u00edmica de Espa\u00f1a.\u00a0 Dentro del proyecto &#8220;Dones de Ci\u00e8ncia&#8221;, impulsado por la UPV y el Centro de Innovaci\u00f3n Las Naves del Ayuntamiento de Val\u00e8ncia, <strong>la inauguraci\u00f3n del mural ha contado con la presencia del sobrino de Mar\u00eda Cegarra<\/strong>, Javier, que <strong>ha agradecido esta iniciativa<\/strong> a &#8220;<em>una mujer pionera y en una ciudad tan importante para ella como fue Alcoy<\/em>&#8220;, dijo.<\/p>\n<p class=\"paragraph\" style=\"text-align: justify;\" data-gtm-element-container=\"modulo-texto-link\">En el mural, el d\u00fao Medianeras -formado por las artistas argentinas Vanesa Galdeano (arquitecta) y Anali Chanquia (Licenciadas en Artes)- <strong>plasma un retrato central que recrea la imagen de Mar\u00eda Cegarra<\/strong>, con un juego de perspectivas, rasgo caracter\u00edstico de sus autoras. Junto a la figura central, <strong>se incluyen diferentes referencias iconogr\u00e1ficas<\/strong> relacionadas con la qu\u00edmica en el vestido de Mar\u00eda Cegarra, as\u00ed como una &#8220;lluvia&#8221; de papeles escritos, s\u00edmbolo de su actividad como poetisa.<\/p>\n<p class=\"paragraph\" style=\"text-align: justify;\" data-gtm-element-container=\"modulo-texto-link\">El rector de la Universitat Polit\u00e8cnica de Val\u00e8ncia, Jos\u00e9 E. Capilla, <strong>destac\u00f3 la importancia de este mural<\/strong> por continuar con la labor del proyecto &#8220;Dones de Ci\u00e8ncia&#8221; de <strong>poner en valor el trabajo de las mujeres<\/strong> en la ciencia y por la parte emotiva.<\/p>\n<p class=\"paragraph\" style=\"text-align: justify;\" data-gtm-element-container=\"modulo-texto-link\">Con este son ya 28 los murales realizados en &#8220;Dones de Ci\u00e8ncia&#8221;, <strong>un proyecto que continuar\u00e1 creciendo durante el pr\u00f3ximo curso 2022-23<\/strong> con <strong>la inauguraci\u00f3n oficial de tres nuevos murales<\/strong>, en el CEIP El Cid de Mislata, el IES Conselleria (Val\u00e8ncia) y el IES Almussafes, ha informado la UPV.<\/p>\n","protected":false},"excerpt":{"rendered":"<p>El Campus de Alcoy de la Universidad Polit\u00e9cnica de Valencia cuenta desde ayer con un mural de grandes dimensiones dedicado&#8230;<\/p>\n","protected":false},"author":1,"featured_media":89507,"comment_status":"open","ping_status":"open","sticky":false,"template":"","format":"standard","meta":{"footnotes":""},"categories":[6909,97,900,75],"tags":[1494,886,901,12922,12921,674],"class_list":["post-89506","post","type-post","status-publish","format-standard","has-post-thumbnail","hentry","category-actualidad","category-alcoy","category-educacion","category-noticias","tag-alcoy","tag-campus","tag-homenaje","tag-maria-cegarra","tag-mural","tag-upv"],"yoast_head":"<!-- This site is optimized with the Yoast SEO plugin v27.3 - https:\/\/yoast.com\/product\/yoast-seo-wordpress\/ -->\n<title>Homenaje desde Alcoy a Mar\u00eda Cegarra, la primera mujer perita qu\u00edmica de Espa\u00f1a - COPE Alcoy<\/title>\n<meta name=\"robots\" content=\"index, follow, max-snippet:-1, max-image-preview:large, max-video-preview:-1\" \/>\n<link rel=\"canonical\" href=\"https:\/\/www.copealcoy.es\/es\/homenaje-desde-alcoy-a-maria-cegarra-la-primera-mujer-perita-quimica-de-espana\/\" \/>\n<meta property=\"og:locale\" content=\"es_ES\" \/>\n<meta property=\"og:type\" content=\"article\" \/>\n<meta property=\"og:title\" content=\"Homenaje desde Alcoy a Mar\u00eda Cegarra, la primera mujer perita qu\u00edmica de Espa\u00f1a - COPE Alcoy\" \/>\n<meta property=\"og:description\" content=\"El Campus de Alcoy de la Universidad Polit\u00e9cnica de Valencia cuenta desde ayer con un mural de grandes dimensiones dedicado...\" \/>\n<meta property=\"og:url\" content=\"https:\/\/www.copealcoy.es\/es\/homenaje-desde-alcoy-a-maria-cegarra-la-primera-mujer-perita-quimica-de-espana\/\" \/>\n<meta property=\"og:site_name\" content=\"COPE Alcoy\" \/>\n<meta property=\"article:published_time\" content=\"2022-07-06T16:46:22+00:00\" \/>\n<meta property=\"article:modified_time\" content=\"2022-07-06T17:03:23+00:00\" \/>\n<meta property=\"og:image\" content=\"https:\/\/www.copealcoy.es\/wp-content\/uploads\/2022\/07\/Asistentes-scaled.jpg\" \/>\n\t<meta property=\"og:image:width\" content=\"1620\" \/>\n\t<meta property=\"og:image:height\" content=\"1080\" \/>\n\t<meta property=\"og:image:type\" content=\"image\/jpeg\" \/>\n<meta name=\"author\" content=\"Cope Alcoy\" \/>\n<meta name=\"twitter:label1\" content=\"Escrito por\" \/>\n\t<meta name=\"twitter:data1\" content=\"Cope Alcoy\" \/>\n\t<meta name=\"twitter:label2\" content=\"Tiempo de lectura\" \/>\n\t<meta name=\"twitter:data2\" content=\"2 minutos\" \/>\n<script type=\"application\/ld+json\" class=\"yoast-schema-graph\">{\"@context\":\"https:\\\/\\\/schema.org\",\"@graph\":[{\"@type\":\"Article\",\"@id\":\"https:\\\/\\\/www.copealcoy.es\\\/es\\\/homenaje-desde-alcoy-a-maria-cegarra-la-primera-mujer-perita-quimica-de-espana\\\/#article\",\"isPartOf\":{\"@id\":\"https:\\\/\\\/www.copealcoy.es\\\/es\\\/homenaje-desde-alcoy-a-maria-cegarra-la-primera-mujer-perita-quimica-de-espana\\\/\"},\"author\":{\"name\":\"Cope Alcoy\",\"@id\":\"https:\\\/\\\/www.copealcoy.es\\\/es\\\/#\\\/schema\\\/person\\\/e777c87fa024e57d40170af9df39882c\"},\"headline\":\"Homenaje desde Alcoy a Mar\u00eda Cegarra, la primera mujer perita qu\u00edmica de Espa\u00f1a\",\"datePublished\":\"2022-07-06T16:46:22+00:00\",\"dateModified\":\"2022-07-06T17:03:23+00:00\",\"mainEntityOfPage\":{\"@id\":\"https:\\\/\\\/www.copealcoy.es\\\/es\\\/homenaje-desde-alcoy-a-maria-cegarra-la-primera-mujer-perita-quimica-de-espana\\\/\"},\"wordCount\":294,\"commentCount\":0,\"image\":{\"@id\":\"https:\\\/\\\/www.copealcoy.es\\\/es\\\/homenaje-desde-alcoy-a-maria-cegarra-la-primera-mujer-perita-quimica-de-espana\\\/#primaryimage\"},\"thumbnailUrl\":\"https:\\\/\\\/www.copealcoy.es\\\/wp-content\\\/uploads\\\/2022\\\/07\\\/Asistentes-scaled.jpg\",\"keywords\":[\"Alcoy\",\"Campus\",\"Homenaje\",\"Mar\u00eda Cegarra\",\"mural\",\"UPV\"],\"articleSection\":[\"Actualidad\",\"Alcoy\",\"Educaci\u00f3n\",\"Noticias\"],\"inLanguage\":\"es\"},{\"@type\":\"WebPage\",\"@id\":\"https:\\\/\\\/www.copealcoy.es\\\/es\\\/homenaje-desde-alcoy-a-maria-cegarra-la-primera-mujer-perita-quimica-de-espana\\\/\",\"url\":\"https:\\\/\\\/www.copealcoy.es\\\/es\\\/homenaje-desde-alcoy-a-maria-cegarra-la-primera-mujer-perita-quimica-de-espana\\\/\",\"name\":\"Homenaje desde Alcoy a Mar\u00eda Cegarra, la primera mujer perita qu\u00edmica de Espa\u00f1a - COPE Alcoy\",\"isPartOf\":{\"@id\":\"https:\\\/\\\/www.copealcoy.es\\\/es\\\/#website\"},\"primaryImageOfPage\":{\"@id\":\"https:\\\/\\\/www.copealcoy.es\\\/es\\\/homenaje-desde-alcoy-a-maria-cegarra-la-primera-mujer-perita-quimica-de-espana\\\/#primaryimage\"},\"image\":{\"@id\":\"https:\\\/\\\/www.copealcoy.es\\\/es\\\/homenaje-desde-alcoy-a-maria-cegarra-la-primera-mujer-perita-quimica-de-espana\\\/#primaryimage\"},\"thumbnailUrl\":\"https:\\\/\\\/www.copealcoy.es\\\/wp-content\\\/uploads\\\/2022\\\/07\\\/Asistentes-scaled.jpg\",\"datePublished\":\"2022-07-06T16:46:22+00:00\",\"dateModified\":\"2022-07-06T17:03:23+00:00\",\"author\":{\"@id\":\"https:\\\/\\\/www.copealcoy.es\\\/es\\\/#\\\/schema\\\/person\\\/e777c87fa024e57d40170af9df39882c\"},\"breadcrumb\":{\"@id\":\"https:\\\/\\\/www.copealcoy.es\\\/es\\\/homenaje-desde-alcoy-a-maria-cegarra-la-primera-mujer-perita-quimica-de-espana\\\/#breadcrumb\"},\"inLanguage\":\"es\",\"potentialAction\":[{\"@type\":\"ReadAction\",\"target\":[\"https:\\\/\\\/www.copealcoy.es\\\/es\\\/homenaje-desde-alcoy-a-maria-cegarra-la-primera-mujer-perita-quimica-de-espana\\\/\"]}]},{\"@type\":\"ImageObject\",\"inLanguage\":\"es\",\"@id\":\"https:\\\/\\\/www.copealcoy.es\\\/es\\\/homenaje-desde-alcoy-a-maria-cegarra-la-primera-mujer-perita-quimica-de-espana\\\/#primaryimage\",\"url\":\"https:\\\/\\\/www.copealcoy.es\\\/wp-content\\\/uploads\\\/2022\\\/07\\\/Asistentes-scaled.jpg\",\"contentUrl\":\"https:\\\/\\\/www.copealcoy.es\\\/wp-content\\\/uploads\\\/2022\\\/07\\\/Asistentes-scaled.jpg\",\"width\":1620,\"height\":1080},{\"@type\":\"BreadcrumbList\",\"@id\":\"https:\\\/\\\/www.copealcoy.es\\\/es\\\/homenaje-desde-alcoy-a-maria-cegarra-la-primera-mujer-perita-quimica-de-espana\\\/#breadcrumb\",\"itemListElement\":[{\"@type\":\"ListItem\",\"position\":1,\"name\":\"Portada\",\"item\":\"https:\\\/\\\/www.copealcoy.es\\\/es\\\/\"},{\"@type\":\"ListItem\",\"position\":2,\"name\":\"Homenaje desde Alcoy a Mar\u00eda Cegarra, la primera mujer perita qu\u00edmica de Espa\u00f1a\"}]},{\"@type\":\"WebSite\",\"@id\":\"https:\\\/\\\/www.copealcoy.es\\\/es\\\/#website\",\"url\":\"https:\\\/\\\/www.copealcoy.es\\\/es\\\/\",\"name\":\"COPE Alcoy\",\"description\":\"Emisora COPE de radio local con emisi\u00f3n online. Pont de Sant Jordi 8-10 03803 Alcoy\",\"potentialAction\":[{\"@type\":\"SearchAction\",\"target\":{\"@type\":\"EntryPoint\",\"urlTemplate\":\"https:\\\/\\\/www.copealcoy.es\\\/es\\\/?s={search_term_string}\"},\"query-input\":{\"@type\":\"PropertyValueSpecification\",\"valueRequired\":true,\"valueName\":\"search_term_string\"}}],\"inLanguage\":\"es\"},{\"@type\":\"Person\",\"@id\":\"https:\\\/\\\/www.copealcoy.es\\\/es\\\/#\\\/schema\\\/person\\\/e777c87fa024e57d40170af9df39882c\",\"name\":\"Cope Alcoy\",\"image\":{\"@type\":\"ImageObject\",\"inLanguage\":\"es\",\"@id\":\"https:\\\/\\\/secure.gravatar.com\\\/avatar\\\/bb65d0283347e303893ba14f0692005417c1e0e690a325a4c5d8bb2b3943ee14?s=96&d=mm&r=g\",\"url\":\"https:\\\/\\\/secure.gravatar.com\\\/avatar\\\/bb65d0283347e303893ba14f0692005417c1e0e690a325a4c5d8bb2b3943ee14?s=96&d=mm&r=g\",\"contentUrl\":\"https:\\\/\\\/secure.gravatar.com\\\/avatar\\\/bb65d0283347e303893ba14f0692005417c1e0e690a325a4c5d8bb2b3943ee14?s=96&d=mm&r=g\",\"caption\":\"Cope Alcoy\"}}]}<\/script>\n<!-- \/ Yoast SEO plugin. -->","yoast_head_json":{"title":"Homenaje desde Alcoy a Mar\u00eda Cegarra, la primera mujer perita qu\u00edmica de Espa\u00f1a - COPE Alcoy","robots":{"index":"index","follow":"follow","max-snippet":"max-snippet:-1","max-image-preview":"max-image-preview:large","max-video-preview":"max-video-preview:-1"},"canonical":"https:\/\/www.copealcoy.es\/es\/homenaje-desde-alcoy-a-maria-cegarra-la-primera-mujer-perita-quimica-de-espana\/","og_locale":"es_ES","og_type":"article","og_title":"Homenaje desde Alcoy a Mar\u00eda Cegarra, la primera mujer perita qu\u00edmica de Espa\u00f1a - COPE Alcoy","og_description":"El Campus de Alcoy de la Universidad Polit\u00e9cnica de Valencia cuenta desde ayer con un mural de grandes dimensiones dedicado...","og_url":"https:\/\/www.copealcoy.es\/es\/homenaje-desde-alcoy-a-maria-cegarra-la-primera-mujer-perita-quimica-de-espana\/","og_site_name":"COPE Alcoy","article_published_time":"2022-07-06T16:46:22+00:00","article_modified_time":"2022-07-06T17:03:23+00:00","og_image":[{"width":1620,"height":1080,"url":"https:\/\/www.copealcoy.es\/wp-content\/uploads\/2022\/07\/Asistentes-scaled.jpg","type":"image\/jpeg"}],"author":"Cope Alcoy","twitter_misc":{"Escrito por":"Cope Alcoy","Tiempo de lectura":"2 minutos"},"schema":{"@context":"https:\/\/schema.org","@graph":[{"@type":"Article","@id":"https:\/\/www.copealcoy.es\/es\/homenaje-desde-alcoy-a-maria-cegarra-la-primera-mujer-perita-quimica-de-espana\/#article","isPartOf":{"@id":"https:\/\/www.copealcoy.es\/es\/homenaje-desde-alcoy-a-maria-cegarra-la-primera-mujer-perita-quimica-de-espana\/"},"author":{"name":"Cope Alcoy","@id":"https:\/\/www.copealcoy.es\/es\/#\/schema\/person\/e777c87fa024e57d40170af9df39882c"},"headline":"Homenaje desde Alcoy a Mar\u00eda Cegarra, la primera mujer perita qu\u00edmica de Espa\u00f1a","datePublished":"2022-07-06T16:46:22+00:00","dateModified":"2022-07-06T17:03:23+00:00","mainEntityOfPage":{"@id":"https:\/\/www.copealcoy.es\/es\/homenaje-desde-alcoy-a-maria-cegarra-la-primera-mujer-perita-quimica-de-espana\/"},"wordCount":294,"commentCount":0,"image":{"@id":"https:\/\/www.copealcoy.es\/es\/homenaje-desde-alcoy-a-maria-cegarra-la-primera-mujer-perita-quimica-de-espana\/#primaryimage"},"thumbnailUrl":"https:\/\/www.copealcoy.es\/wp-content\/uploads\/2022\/07\/Asistentes-scaled.jpg","keywords":["Alcoy","Campus","Homenaje","Mar\u00eda Cegarra","mural","UPV"],"articleSection":["Actualidad","Alcoy","Educaci\u00f3n","Noticias"],"inLanguage":"es"},{"@type":"WebPage","@id":"https:\/\/www.copealcoy.es\/es\/homenaje-desde-alcoy-a-maria-cegarra-la-primera-mujer-perita-quimica-de-espana\/","url":"https:\/\/www.copealcoy.es\/es\/homenaje-desde-alcoy-a-maria-cegarra-la-primera-mujer-perita-quimica-de-espana\/","name":"Homenaje desde Alcoy a Mar\u00eda Cegarra, la primera mujer perita qu\u00edmica de Espa\u00f1a - COPE Alcoy","isPartOf":{"@id":"https:\/\/www.copealcoy.es\/es\/#website"},"primaryImageOfPage":{"@id":"https:\/\/www.copealcoy.es\/es\/homenaje-desde-alcoy-a-maria-cegarra-la-primera-mujer-perita-quimica-de-espana\/#primaryimage"},"image":{"@id":"https:\/\/www.copealcoy.es\/es\/homenaje-desde-alcoy-a-maria-cegarra-la-primera-mujer-perita-quimica-de-espana\/#primaryimage"},"thumbnailUrl":"https:\/\/www.copealcoy.es\/wp-content\/uploads\/2022\/07\/Asistentes-scaled.jpg","datePublished":"2022-07-06T16:46:22+00:00","dateModified":"2022-07-06T17:03:23+00:00","author":{"@id":"https:\/\/www.copealcoy.es\/es\/#\/schema\/person\/e777c87fa024e57d40170af9df39882c"},"breadcrumb":{"@id":"https:\/\/www.copealcoy.es\/es\/homenaje-desde-alcoy-a-maria-cegarra-la-primera-mujer-perita-quimica-de-espana\/#breadcrumb"},"inLanguage":"es","potentialAction":[{"@type":"ReadAction","target":["https:\/\/www.copealcoy.es\/es\/homenaje-desde-alcoy-a-maria-cegarra-la-primera-mujer-perita-quimica-de-espana\/"]}]},{"@type":"ImageObject","inLanguage":"es","@id":"https:\/\/www.copealcoy.es\/es\/homenaje-desde-alcoy-a-maria-cegarra-la-primera-mujer-perita-quimica-de-espana\/#primaryimage","url":"https:\/\/www.copealcoy.es\/wp-content\/uploads\/2022\/07\/Asistentes-scaled.jpg","contentUrl":"https:\/\/www.copealcoy.es\/wp-content\/uploads\/2022\/07\/Asistentes-scaled.jpg","width":1620,"height":1080},{"@type":"BreadcrumbList","@id":"https:\/\/www.copealcoy.es\/es\/homenaje-desde-alcoy-a-maria-cegarra-la-primera-mujer-perita-quimica-de-espana\/#breadcrumb","itemListElement":[{"@type":"ListItem","position":1,"name":"Portada","item":"https:\/\/www.copealcoy.es\/es\/"},{"@type":"ListItem","position":2,"name":"Homenaje desde Alcoy a Mar\u00eda Cegarra, la primera mujer perita qu\u00edmica de Espa\u00f1a"}]},{"@type":"WebSite","@id":"https:\/\/www.copealcoy.es\/es\/#website","url":"https:\/\/www.copealcoy.es\/es\/","name":"COPE Alcoy","description":"Emisora COPE de radio local con emisi\u00f3n online. Pont de Sant Jordi 8-10 03803 Alcoy","potentialAction":[{"@type":"SearchAction","target":{"@type":"EntryPoint","urlTemplate":"https:\/\/www.copealcoy.es\/es\/?s={search_term_string}"},"query-input":{"@type":"PropertyValueSpecification","valueRequired":true,"valueName":"search_term_string"}}],"inLanguage":"es"},{"@type":"Person","@id":"https:\/\/www.copealcoy.es\/es\/#\/schema\/person\/e777c87fa024e57d40170af9df39882c","name":"Cope Alcoy","image":{"@type":"ImageObject","inLanguage":"es","@id":"https:\/\/secure.gravatar.com\/avatar\/bb65d0283347e303893ba14f0692005417c1e0e690a325a4c5d8bb2b3943ee14?s=96&d=mm&r=g","url":"https:\/\/secure.gravatar.com\/avatar\/bb65d0283347e303893ba14f0692005417c1e0e690a325a4c5d8bb2b3943ee14?s=96&d=mm&r=g","contentUrl":"https:\/\/secure.gravatar.com\/avatar\/bb65d0283347e303893ba14f0692005417c1e0e690a325a4c5d8bb2b3943ee14?s=96&d=mm&r=g","caption":"Cope Alcoy"}}]}},"_links":{"self":[{"href":"https:\/\/www.copealcoy.es\/es\/wp-json\/wp\/v2\/posts\/89506","targetHints":{"allow":["GET"]}}],"collection":[{"href":"https:\/\/www.copealcoy.es\/es\/wp-json\/wp\/v2\/posts"}],"about":[{"href":"https:\/\/www.copealcoy.es\/es\/wp-json\/wp\/v2\/types\/post"}],"author":[{"embeddable":true,"href":"https:\/\/www.copealcoy.es\/es\/wp-json\/wp\/v2\/users\/1"}],"replies":[{"embeddable":true,"href":"https:\/\/www.copealcoy.es\/es\/wp-json\/wp\/v2\/comments?post=89506"}],"version-history":[{"count":0,"href":"https:\/\/www.copealcoy.es\/es\/wp-json\/wp\/v2\/posts\/89506\/revisions"}],"wp:featuredmedia":[{"embeddable":true,"href":"https:\/\/www.copealcoy.es\/es\/wp-json\/wp\/v2\/media\/89507"}],"wp:attachment":[{"href":"https:\/\/www.copealcoy.es\/es\/wp-json\/wp\/v2\/media?parent=89506"}],"wp:term":[{"taxonomy":"category","embeddable":true,"href":"https:\/\/www.copealcoy.es\/es\/wp-json\/wp\/v2\/categories?post=89506"},{"taxonomy":"post_tag","embeddable":true,"href":"https:\/\/www.copealcoy.es\/es\/wp-json\/wp\/v2\/tags?post=89506"}],"curies":[{"name":"wp","href":"https:\/\/api.w.org\/{rel}","templated":true}]}}