{"id":89469,"date":"2022-07-05T15:50:25","date_gmt":"2022-07-05T14:50:25","guid":{"rendered":"https:\/\/www.copealcoy.es\/?p=89469"},"modified":"2022-07-05T21:35:04","modified_gmt":"2022-07-05T20:35:04","slug":"el-hospital-de-alcoy-cumple-cincuenta-anos-con-un-ambicioso-proyecto-de-ampliacion-sobre-la-mesa","status":"publish","type":"post","link":"https:\/\/www.copealcoy.es\/es\/el-hospital-de-alcoy-cumple-cincuenta-anos-con-un-ambicioso-proyecto-de-ampliacion-sobre-la-mesa\/","title":{"rendered":"El Hospital de Alcoy cumple cincuenta a\u00f1os con un ambicioso proyecto de ampliaci\u00f3n sobre la mesa"},"content":{"rendered":"<p style=\"text-align: justify;\">El Hospital Alcoy <strong>ha cumplido en este 5 de julio cincuenta a\u00f1os desde su inauguraci\u00f3n oficial<\/strong> y lo ha hecho con<strong> un gran acto institucional<\/strong> que ha tenido lugar en los exteriores del complejo sanitario durante buena parte de la ma\u00f1ana. En el mismo <strong>se ha hecho un recorrido por la historia del Virgen de los Lirios<\/strong> y <strong>se le ha entregado una placa por parte del Ayuntamiento a la gerencia del mismo<\/strong>. Adem\u00e1s ha estado presente el Conseller de Sanitat, <strong>Miguel M\u00ednguez<\/strong>, para presentar <strong>el Plan Director que marcar\u00e1 las actuaciones a realizar en el Hospital<\/strong> durante los pr\u00f3ximos diez a\u00f1os.<\/p>\n<p style=\"text-align: justify;\">M\u00ednguez ha recordado que para hacer posibles todas estas inversiones <strong>se destinar\u00e1n 81 millones de euros<\/strong> y ha detallado <strong>las caracter\u00edsticas<\/strong> que tendr\u00e1n los proyectos a ejecutar.\u00a0Por una parte, el <strong>edificio principal de hospitalizaci\u00f3n<\/strong> se agrandar\u00e1 un 20% y <strong>se prev\u00e9 la construcci\u00f3n de tres nuevos bloques<\/strong>. El <strong>primero de ellos<\/strong> acoger\u00e1 el servicio de Di\u00e1lisis, ampliado y mejorado respecto al existente. El <strong>segundo<\/strong> se destinar\u00e1 a la mejora de las Consultas Externas y a duplicar el espacio de aparcamiento actual. Finalmente <strong>al tercero<\/strong> se le trasladar\u00e1n la cafeter\u00eda y los despachos de Administraci\u00f3n y Direcci\u00f3n. Todo ello se completar\u00e1 con <strong>la reforma de un 60% de las actuales instalaciones del Hospital<\/strong> &#8220;<em>las obras deber\u00e1n simultanearse con las tareas asistenciales, lo que representa una importante dificultad. Por ello, se ha dise\u00f1ado un calendario de actuaciones escalonado, que garantice hacer compatibles los trabajos y la asistencia, que comienza hoy y se ir\u00e1n realizando de forma sucesiva e ininterrumpida hasta el a\u00f1o 2032<\/em>&#8220;, ha destacado el propio Conseller. De igual Miguel M\u00ednguez ha adelantado que <strong>en breve se incorporar\u00e1 al Virgen de los Lirios un nuevo TAC gracias a una inversi\u00f3n de 578.000 euros<\/strong> &#8220;<em>tenemos muchos retos por delante, pero tenemos tambi\u00e9n la suerte de contar con el mejor equipo para afrontarlos, que sois vosotros, los profesionales que con dedicaci\u00f3n y compromiso form\u00e1is parte del personal del Hospital. Contamos con una cartera de servicios y unas instalaciones de primer nivel, lo que unido a los 1.779 profesionales que conforman el departamento de salud, permite ofrecer la calidad asistencial que merecen nuestros conciudadano<\/em>&#8220;, ha concluido.<\/p>\n<p style=\"text-align: justify;\">A la conmemoraci\u00f3n del cincuenta aniversario del Hospital han acudido tambi\u00e9n el <strong>Gerente del \u00c1rea de Salud de Alcoy<\/strong> (Enrique Barbeito), el <strong>Director del mismo Centro<\/strong> (Quico Fenollar) y <strong>una representaci\u00f3n de alcaldes de la comarca<\/strong> encabezada por el primer edil de la ciudad (Toni Franc\u00e9s). Todos ellos <strong>han coincidido en la importancia de que l&#8217;Alcoi\u00e0 y el Comtat cuenten con un Hospital de proximidad<\/strong> como el nuestro y han agradecido <strong>el esfuerzo inversor anunciado por Conselleria<\/strong> para mejorar las instalaciones del mismo as\u00ed como reforzar el personal.<\/p>\n","protected":false},"excerpt":{"rendered":"<p>El Hospital Alcoy ha cumplido en este 5 de julio cincuenta a\u00f1os desde su inauguraci\u00f3n oficial y lo ha hecho&#8230;<\/p>\n","protected":false},"author":1,"featured_media":89470,"comment_status":"open","ping_status":"open","sticky":false,"template":"","format":"standard","meta":{"footnotes":""},"categories":[6909,97,75,125],"tags":[1494,1338,12917,1664,139,12918],"class_list":["post-89469","post","type-post","status-publish","format-standard","has-post-thumbnail","hentry","category-actualidad","category-alcoy","category-noticias","category-portada","tag-alcoy","tag-ampliacion","tag-conseller-de-sanitat","tag-hospital-virgen-de-los-lirios","tag-mejora","tag-miguel-minguez"],"yoast_head":"<!-- This site is optimized with the Yoast SEO plugin v27.3 - https:\/\/yoast.com\/product\/yoast-seo-wordpress\/ -->\n<title>El Hospital de Alcoy cumple cincuenta a\u00f1os con un ambicioso proyecto de ampliaci\u00f3n sobre la mesa - COPE Alcoy<\/title>\n<meta name=\"robots\" content=\"index, follow, max-snippet:-1, max-image-preview:large, max-video-preview:-1\" \/>\n<link rel=\"canonical\" href=\"https:\/\/www.copealcoy.es\/es\/el-hospital-de-alcoy-cumple-cincuenta-anos-con-un-ambicioso-proyecto-de-ampliacion-sobre-la-mesa\/\" \/>\n<meta property=\"og:locale\" content=\"es_ES\" \/>\n<meta property=\"og:type\" content=\"article\" \/>\n<meta property=\"og:title\" content=\"El Hospital de Alcoy cumple cincuenta a\u00f1os con un ambicioso proyecto de ampliaci\u00f3n sobre la mesa - COPE Alcoy\" \/>\n<meta property=\"og:description\" content=\"El Hospital Alcoy ha cumplido en este 5 de julio cincuenta a\u00f1os desde su inauguraci\u00f3n oficial y lo ha hecho...\" \/>\n<meta property=\"og:url\" content=\"https:\/\/www.copealcoy.es\/es\/el-hospital-de-alcoy-cumple-cincuenta-anos-con-un-ambicioso-proyecto-de-ampliacion-sobre-la-mesa\/\" \/>\n<meta property=\"og:site_name\" content=\"COPE Alcoy\" \/>\n<meta property=\"article:published_time\" content=\"2022-07-05T14:50:25+00:00\" \/>\n<meta property=\"article:modified_time\" content=\"2022-07-05T20:35:04+00:00\" \/>\n<meta property=\"og:image\" content=\"https:\/\/www.copealcoy.es\/wp-content\/uploads\/2022\/07\/220705-Plan-Director-ALCOI-scaled.jpg\" \/>\n\t<meta property=\"og:image:width\" content=\"1920\" \/>\n\t<meta property=\"og:image:height\" content=\"1083\" \/>\n\t<meta property=\"og:image:type\" content=\"image\/jpeg\" \/>\n<meta name=\"author\" content=\"Cope Alcoy\" \/>\n<meta name=\"twitter:label1\" content=\"Escrito por\" \/>\n\t<meta name=\"twitter:data1\" content=\"Cope Alcoy\" \/>\n\t<meta name=\"twitter:label2\" content=\"Tiempo de lectura\" \/>\n\t<meta name=\"twitter:data2\" content=\"3 minutos\" \/>\n<script type=\"application\/ld+json\" class=\"yoast-schema-graph\">{\"@context\":\"https:\\\/\\\/schema.org\",\"@graph\":[{\"@type\":\"Article\",\"@id\":\"https:\\\/\\\/www.copealcoy.es\\\/es\\\/el-hospital-de-alcoy-cumple-cincuenta-anos-con-un-ambicioso-proyecto-de-ampliacion-sobre-la-mesa\\\/#article\",\"isPartOf\":{\"@id\":\"https:\\\/\\\/www.copealcoy.es\\\/es\\\/el-hospital-de-alcoy-cumple-cincuenta-anos-con-un-ambicioso-proyecto-de-ampliacion-sobre-la-mesa\\\/\"},\"author\":{\"name\":\"Cope Alcoy\",\"@id\":\"https:\\\/\\\/www.copealcoy.es\\\/es\\\/#\\\/schema\\\/person\\\/e777c87fa024e57d40170af9df39882c\"},\"headline\":\"El Hospital de Alcoy cumple cincuenta a\u00f1os con un ambicioso proyecto de ampliaci\u00f3n sobre la mesa\",\"datePublished\":\"2022-07-05T14:50:25+00:00\",\"dateModified\":\"2022-07-05T20:35:04+00:00\",\"mainEntityOfPage\":{\"@id\":\"https:\\\/\\\/www.copealcoy.es\\\/es\\\/el-hospital-de-alcoy-cumple-cincuenta-anos-con-un-ambicioso-proyecto-de-ampliacion-sobre-la-mesa\\\/\"},\"wordCount\":496,\"commentCount\":0,\"image\":{\"@id\":\"https:\\\/\\\/www.copealcoy.es\\\/es\\\/el-hospital-de-alcoy-cumple-cincuenta-anos-con-un-ambicioso-proyecto-de-ampliacion-sobre-la-mesa\\\/#primaryimage\"},\"thumbnailUrl\":\"https:\\\/\\\/www.copealcoy.es\\\/wp-content\\\/uploads\\\/2022\\\/07\\\/220705-Plan-Director-ALCOI-scaled.jpg\",\"keywords\":[\"Alcoy\",\"ampliaci\u00f3n\",\"Conseller de Sanitat\",\"Hospital Virgen de los Lirios\",\"Mejora\",\"Miguel M\u00ednguez\"],\"articleSection\":[\"Actualidad\",\"Alcoy\",\"Noticias\",\"Portada\"],\"inLanguage\":\"es\"},{\"@type\":\"WebPage\",\"@id\":\"https:\\\/\\\/www.copealcoy.es\\\/es\\\/el-hospital-de-alcoy-cumple-cincuenta-anos-con-un-ambicioso-proyecto-de-ampliacion-sobre-la-mesa\\\/\",\"url\":\"https:\\\/\\\/www.copealcoy.es\\\/es\\\/el-hospital-de-alcoy-cumple-cincuenta-anos-con-un-ambicioso-proyecto-de-ampliacion-sobre-la-mesa\\\/\",\"name\":\"El Hospital de Alcoy cumple cincuenta a\u00f1os con un ambicioso proyecto de ampliaci\u00f3n sobre la mesa - COPE Alcoy\",\"isPartOf\":{\"@id\":\"https:\\\/\\\/www.copealcoy.es\\\/es\\\/#website\"},\"primaryImageOfPage\":{\"@id\":\"https:\\\/\\\/www.copealcoy.es\\\/es\\\/el-hospital-de-alcoy-cumple-cincuenta-anos-con-un-ambicioso-proyecto-de-ampliacion-sobre-la-mesa\\\/#primaryimage\"},\"image\":{\"@id\":\"https:\\\/\\\/www.copealcoy.es\\\/es\\\/el-hospital-de-alcoy-cumple-cincuenta-anos-con-un-ambicioso-proyecto-de-ampliacion-sobre-la-mesa\\\/#primaryimage\"},\"thumbnailUrl\":\"https:\\\/\\\/www.copealcoy.es\\\/wp-content\\\/uploads\\\/2022\\\/07\\\/220705-Plan-Director-ALCOI-scaled.jpg\",\"datePublished\":\"2022-07-05T14:50:25+00:00\",\"dateModified\":\"2022-07-05T20:35:04+00:00\",\"author\":{\"@id\":\"https:\\\/\\\/www.copealcoy.es\\\/es\\\/#\\\/schema\\\/person\\\/e777c87fa024e57d40170af9df39882c\"},\"breadcrumb\":{\"@id\":\"https:\\\/\\\/www.copealcoy.es\\\/es\\\/el-hospital-de-alcoy-cumple-cincuenta-anos-con-un-ambicioso-proyecto-de-ampliacion-sobre-la-mesa\\\/#breadcrumb\"},\"inLanguage\":\"es\",\"potentialAction\":[{\"@type\":\"ReadAction\",\"target\":[\"https:\\\/\\\/www.copealcoy.es\\\/es\\\/el-hospital-de-alcoy-cumple-cincuenta-anos-con-un-ambicioso-proyecto-de-ampliacion-sobre-la-mesa\\\/\"]}]},{\"@type\":\"ImageObject\",\"inLanguage\":\"es\",\"@id\":\"https:\\\/\\\/www.copealcoy.es\\\/es\\\/el-hospital-de-alcoy-cumple-cincuenta-anos-con-un-ambicioso-proyecto-de-ampliacion-sobre-la-mesa\\\/#primaryimage\",\"url\":\"https:\\\/\\\/www.copealcoy.es\\\/wp-content\\\/uploads\\\/2022\\\/07\\\/220705-Plan-Director-ALCOI-scaled.jpg\",\"contentUrl\":\"https:\\\/\\\/www.copealcoy.es\\\/wp-content\\\/uploads\\\/2022\\\/07\\\/220705-Plan-Director-ALCOI-scaled.jpg\",\"width\":1920,\"height\":1083},{\"@type\":\"BreadcrumbList\",\"@id\":\"https:\\\/\\\/www.copealcoy.es\\\/es\\\/el-hospital-de-alcoy-cumple-cincuenta-anos-con-un-ambicioso-proyecto-de-ampliacion-sobre-la-mesa\\\/#breadcrumb\",\"itemListElement\":[{\"@type\":\"ListItem\",\"position\":1,\"name\":\"Portada\",\"item\":\"https:\\\/\\\/www.copealcoy.es\\\/es\\\/\"},{\"@type\":\"ListItem\",\"position\":2,\"name\":\"El Hospital de Alcoy cumple cincuenta a\u00f1os con un ambicioso proyecto de ampliaci\u00f3n sobre la mesa\"}]},{\"@type\":\"WebSite\",\"@id\":\"https:\\\/\\\/www.copealcoy.es\\\/es\\\/#website\",\"url\":\"https:\\\/\\\/www.copealcoy.es\\\/es\\\/\",\"name\":\"COPE Alcoy\",\"description\":\"Emisora COPE de radio local con emisi\u00f3n online. Pont de Sant Jordi 8-10 03803 Alcoy\",\"potentialAction\":[{\"@type\":\"SearchAction\",\"target\":{\"@type\":\"EntryPoint\",\"urlTemplate\":\"https:\\\/\\\/www.copealcoy.es\\\/es\\\/?s={search_term_string}\"},\"query-input\":{\"@type\":\"PropertyValueSpecification\",\"valueRequired\":true,\"valueName\":\"search_term_string\"}}],\"inLanguage\":\"es\"},{\"@type\":\"Person\",\"@id\":\"https:\\\/\\\/www.copealcoy.es\\\/es\\\/#\\\/schema\\\/person\\\/e777c87fa024e57d40170af9df39882c\",\"name\":\"Cope Alcoy\",\"image\":{\"@type\":\"ImageObject\",\"inLanguage\":\"es\",\"@id\":\"https:\\\/\\\/secure.gravatar.com\\\/avatar\\\/bb65d0283347e303893ba14f0692005417c1e0e690a325a4c5d8bb2b3943ee14?s=96&d=mm&r=g\",\"url\":\"https:\\\/\\\/secure.gravatar.com\\\/avatar\\\/bb65d0283347e303893ba14f0692005417c1e0e690a325a4c5d8bb2b3943ee14?s=96&d=mm&r=g\",\"contentUrl\":\"https:\\\/\\\/secure.gravatar.com\\\/avatar\\\/bb65d0283347e303893ba14f0692005417c1e0e690a325a4c5d8bb2b3943ee14?s=96&d=mm&r=g\",\"caption\":\"Cope Alcoy\"}}]}<\/script>\n<!-- \/ Yoast SEO plugin. -->","yoast_head_json":{"title":"El Hospital de Alcoy cumple cincuenta a\u00f1os con un ambicioso proyecto de ampliaci\u00f3n sobre la mesa - COPE Alcoy","robots":{"index":"index","follow":"follow","max-snippet":"max-snippet:-1","max-image-preview":"max-image-preview:large","max-video-preview":"max-video-preview:-1"},"canonical":"https:\/\/www.copealcoy.es\/es\/el-hospital-de-alcoy-cumple-cincuenta-anos-con-un-ambicioso-proyecto-de-ampliacion-sobre-la-mesa\/","og_locale":"es_ES","og_type":"article","og_title":"El Hospital de Alcoy cumple cincuenta a\u00f1os con un ambicioso proyecto de ampliaci\u00f3n sobre la mesa - COPE Alcoy","og_description":"El Hospital Alcoy ha cumplido en este 5 de julio cincuenta a\u00f1os desde su inauguraci\u00f3n oficial y lo ha hecho...","og_url":"https:\/\/www.copealcoy.es\/es\/el-hospital-de-alcoy-cumple-cincuenta-anos-con-un-ambicioso-proyecto-de-ampliacion-sobre-la-mesa\/","og_site_name":"COPE Alcoy","article_published_time":"2022-07-05T14:50:25+00:00","article_modified_time":"2022-07-05T20:35:04+00:00","og_image":[{"width":1920,"height":1083,"url":"https:\/\/www.copealcoy.es\/wp-content\/uploads\/2022\/07\/220705-Plan-Director-ALCOI-scaled.jpg","type":"image\/jpeg"}],"author":"Cope Alcoy","twitter_misc":{"Escrito por":"Cope Alcoy","Tiempo de lectura":"3 minutos"},"schema":{"@context":"https:\/\/schema.org","@graph":[{"@type":"Article","@id":"https:\/\/www.copealcoy.es\/es\/el-hospital-de-alcoy-cumple-cincuenta-anos-con-un-ambicioso-proyecto-de-ampliacion-sobre-la-mesa\/#article","isPartOf":{"@id":"https:\/\/www.copealcoy.es\/es\/el-hospital-de-alcoy-cumple-cincuenta-anos-con-un-ambicioso-proyecto-de-ampliacion-sobre-la-mesa\/"},"author":{"name":"Cope Alcoy","@id":"https:\/\/www.copealcoy.es\/es\/#\/schema\/person\/e777c87fa024e57d40170af9df39882c"},"headline":"El Hospital de Alcoy cumple cincuenta a\u00f1os con un ambicioso proyecto de ampliaci\u00f3n sobre la mesa","datePublished":"2022-07-05T14:50:25+00:00","dateModified":"2022-07-05T20:35:04+00:00","mainEntityOfPage":{"@id":"https:\/\/www.copealcoy.es\/es\/el-hospital-de-alcoy-cumple-cincuenta-anos-con-un-ambicioso-proyecto-de-ampliacion-sobre-la-mesa\/"},"wordCount":496,"commentCount":0,"image":{"@id":"https:\/\/www.copealcoy.es\/es\/el-hospital-de-alcoy-cumple-cincuenta-anos-con-un-ambicioso-proyecto-de-ampliacion-sobre-la-mesa\/#primaryimage"},"thumbnailUrl":"https:\/\/www.copealcoy.es\/wp-content\/uploads\/2022\/07\/220705-Plan-Director-ALCOI-scaled.jpg","keywords":["Alcoy","ampliaci\u00f3n","Conseller de Sanitat","Hospital Virgen de los Lirios","Mejora","Miguel M\u00ednguez"],"articleSection":["Actualidad","Alcoy","Noticias","Portada"],"inLanguage":"es"},{"@type":"WebPage","@id":"https:\/\/www.copealcoy.es\/es\/el-hospital-de-alcoy-cumple-cincuenta-anos-con-un-ambicioso-proyecto-de-ampliacion-sobre-la-mesa\/","url":"https:\/\/www.copealcoy.es\/es\/el-hospital-de-alcoy-cumple-cincuenta-anos-con-un-ambicioso-proyecto-de-ampliacion-sobre-la-mesa\/","name":"El Hospital de Alcoy cumple cincuenta a\u00f1os con un ambicioso proyecto de ampliaci\u00f3n sobre la mesa - COPE Alcoy","isPartOf":{"@id":"https:\/\/www.copealcoy.es\/es\/#website"},"primaryImageOfPage":{"@id":"https:\/\/www.copealcoy.es\/es\/el-hospital-de-alcoy-cumple-cincuenta-anos-con-un-ambicioso-proyecto-de-ampliacion-sobre-la-mesa\/#primaryimage"},"image":{"@id":"https:\/\/www.copealcoy.es\/es\/el-hospital-de-alcoy-cumple-cincuenta-anos-con-un-ambicioso-proyecto-de-ampliacion-sobre-la-mesa\/#primaryimage"},"thumbnailUrl":"https:\/\/www.copealcoy.es\/wp-content\/uploads\/2022\/07\/220705-Plan-Director-ALCOI-scaled.jpg","datePublished":"2022-07-05T14:50:25+00:00","dateModified":"2022-07-05T20:35:04+00:00","author":{"@id":"https:\/\/www.copealcoy.es\/es\/#\/schema\/person\/e777c87fa024e57d40170af9df39882c"},"breadcrumb":{"@id":"https:\/\/www.copealcoy.es\/es\/el-hospital-de-alcoy-cumple-cincuenta-anos-con-un-ambicioso-proyecto-de-ampliacion-sobre-la-mesa\/#breadcrumb"},"inLanguage":"es","potentialAction":[{"@type":"ReadAction","target":["https:\/\/www.copealcoy.es\/es\/el-hospital-de-alcoy-cumple-cincuenta-anos-con-un-ambicioso-proyecto-de-ampliacion-sobre-la-mesa\/"]}]},{"@type":"ImageObject","inLanguage":"es","@id":"https:\/\/www.copealcoy.es\/es\/el-hospital-de-alcoy-cumple-cincuenta-anos-con-un-ambicioso-proyecto-de-ampliacion-sobre-la-mesa\/#primaryimage","url":"https:\/\/www.copealcoy.es\/wp-content\/uploads\/2022\/07\/220705-Plan-Director-ALCOI-scaled.jpg","contentUrl":"https:\/\/www.copealcoy.es\/wp-content\/uploads\/2022\/07\/220705-Plan-Director-ALCOI-scaled.jpg","width":1920,"height":1083},{"@type":"BreadcrumbList","@id":"https:\/\/www.copealcoy.es\/es\/el-hospital-de-alcoy-cumple-cincuenta-anos-con-un-ambicioso-proyecto-de-ampliacion-sobre-la-mesa\/#breadcrumb","itemListElement":[{"@type":"ListItem","position":1,"name":"Portada","item":"https:\/\/www.copealcoy.es\/es\/"},{"@type":"ListItem","position":2,"name":"El Hospital de Alcoy cumple cincuenta a\u00f1os con un ambicioso proyecto de ampliaci\u00f3n sobre la mesa"}]},{"@type":"WebSite","@id":"https:\/\/www.copealcoy.es\/es\/#website","url":"https:\/\/www.copealcoy.es\/es\/","name":"COPE Alcoy","description":"Emisora COPE de radio local con emisi\u00f3n online. Pont de Sant Jordi 8-10 03803 Alcoy","potentialAction":[{"@type":"SearchAction","target":{"@type":"EntryPoint","urlTemplate":"https:\/\/www.copealcoy.es\/es\/?s={search_term_string}"},"query-input":{"@type":"PropertyValueSpecification","valueRequired":true,"valueName":"search_term_string"}}],"inLanguage":"es"},{"@type":"Person","@id":"https:\/\/www.copealcoy.es\/es\/#\/schema\/person\/e777c87fa024e57d40170af9df39882c","name":"Cope Alcoy","image":{"@type":"ImageObject","inLanguage":"es","@id":"https:\/\/secure.gravatar.com\/avatar\/bb65d0283347e303893ba14f0692005417c1e0e690a325a4c5d8bb2b3943ee14?s=96&d=mm&r=g","url":"https:\/\/secure.gravatar.com\/avatar\/bb65d0283347e303893ba14f0692005417c1e0e690a325a4c5d8bb2b3943ee14?s=96&d=mm&r=g","contentUrl":"https:\/\/secure.gravatar.com\/avatar\/bb65d0283347e303893ba14f0692005417c1e0e690a325a4c5d8bb2b3943ee14?s=96&d=mm&r=g","caption":"Cope Alcoy"}}]}},"_links":{"self":[{"href":"https:\/\/www.copealcoy.es\/es\/wp-json\/wp\/v2\/posts\/89469","targetHints":{"allow":["GET"]}}],"collection":[{"href":"https:\/\/www.copealcoy.es\/es\/wp-json\/wp\/v2\/posts"}],"about":[{"href":"https:\/\/www.copealcoy.es\/es\/wp-json\/wp\/v2\/types\/post"}],"author":[{"embeddable":true,"href":"https:\/\/www.copealcoy.es\/es\/wp-json\/wp\/v2\/users\/1"}],"replies":[{"embeddable":true,"href":"https:\/\/www.copealcoy.es\/es\/wp-json\/wp\/v2\/comments?post=89469"}],"version-history":[{"count":0,"href":"https:\/\/www.copealcoy.es\/es\/wp-json\/wp\/v2\/posts\/89469\/revisions"}],"wp:featuredmedia":[{"embeddable":true,"href":"https:\/\/www.copealcoy.es\/es\/wp-json\/wp\/v2\/media\/89470"}],"wp:attachment":[{"href":"https:\/\/www.copealcoy.es\/es\/wp-json\/wp\/v2\/media?parent=89469"}],"wp:term":[{"taxonomy":"category","embeddable":true,"href":"https:\/\/www.copealcoy.es\/es\/wp-json\/wp\/v2\/categories?post=89469"},{"taxonomy":"post_tag","embeddable":true,"href":"https:\/\/www.copealcoy.es\/es\/wp-json\/wp\/v2\/tags?post=89469"}],"curies":[{"name":"wp","href":"https:\/\/api.w.org\/{rel}","templated":true}]}}