{"id":89423,"date":"2022-07-04T16:50:38","date_gmt":"2022-07-04T15:50:38","guid":{"rendered":"https:\/\/www.copealcoy.es\/?p=89423"},"modified":"2022-07-04T17:02:37","modified_gmt":"2022-07-04T16:02:37","slug":"torna-la-ruta-de-contacontes-als-pobles-de-la-mancomunitat-de-lalcoia-i-el-comtat","status":"publish","type":"post","link":"https:\/\/www.copealcoy.es\/es\/torna-la-ruta-de-contacontes-als-pobles-de-la-mancomunitat-de-lalcoia-i-el-comtat\/","title":{"rendered":"Torna la ruta de contacontes als pobles de la Mancomunitat de l&#8217;Alcoi\u00e0 i el Comtat"},"content":{"rendered":"<p style=\"text-align: justify;\">La <strong>Mancomunitat de l\u2019Alcoi\u00e0 i El Comtat<\/strong> ha llan\u00e7at la huitena edici\u00f3 de la<strong> ruta de contacontes<\/strong>, una iniciativa que <strong>tornar\u00e0 a portar les rondalles i llegendes als pobles de les nostres comarques<\/strong> amb la col\u00b7laboraci\u00f3 de la Coordinadora pel Valenci\u00e0. La programaci\u00f3 <strong>comen\u00e7ar\u00e0 el 4 de juliol a Millena<\/strong> i <strong>finalitzar\u00e0 el 9 d\u2019octubre a Alcoi<\/strong>.<\/p>\n<p style=\"text-align: justify;\">En aquesta ocasi\u00f3 els espectacles de narraci\u00f3 oral <strong>s\u00f3n d\u2019assist\u00e8ncia lliure aix\u00ed com gratu\u00efta<\/strong> i permeten <strong>descobrir les hist\u00f2ries tradicionals de la m\u00e0 d\u2019artistes com Eva And\u00fajar, Almudena Franc\u00e9s, Lorena Com\u00edn, Carles\u00a0<span class=\"hiddenSpellError\">Llinares<\/span>, Jordi Carbonell, S\u00edlvia Colomer, Llu\u00eds\u00a0<span class=\"hiddenSpellError\">Abad<\/span>\u00a0i el Gran\u00a0<span class=\"hiddenSpellError\">Jordiet<\/span><\/strong>. L&#8217;activitat, a m\u00e9s, <strong>suposa una alternativa d\u2019oci estival per a les fam\u00edlies<\/strong> i d<strong>inamitza la programaci\u00f3 cultural<\/strong> dels municipis.<\/p>\n<p style=\"text-align: justify;\">La primera de les propostes t\u00e9 lloc a <strong>la Pla\u00e7a de l&#8217;Esgl\u00e9sia de Millena aquest 4 de juliol<\/strong>, a partir de les 20:<span class=\"hiddenGrammarError\">00h<\/span>, i anir\u00e0 a c\u00e0rrec de <strong>Carles\u00a0<span class=\"hiddenSpellError\">Llinares<\/span>\u00a0aix\u00ed com Carles Carbonell<\/strong>. Aquest ser\u00e0 <strong>el calendari per a la resta de pobles de la Manco<\/strong> durant els mesos d&#8217;estiu i les primeres setmanes de la tardor:<\/p>\n<ul>\n<li style=\"text-align: justify;\"><strong>ALFAFARA<\/strong>, Paratge de l\u2019Assut. 24 de juliol, 20 h. Eva And\u00fajar.<\/li>\n<li><strong>BENIMARFULL<\/strong>, La Font. 26 de juliol, 20.30 h. Lorena Com\u00edn.<\/li>\n<li><strong>GORGA<\/strong>, Llavador. 31 de juliol, 20 h. Lorena Com\u00edn.<\/li>\n<li><strong>BENIARR\u00c9S<\/strong>, Font del Barranc del Port. 10 d\u2019agost, 23 h. Llu\u00eds\u00a0<span class=\"hiddenSpellError\">Abad<\/span>.<\/li>\n<li><strong>BENASAU<\/strong>, Les Escoles. 13 d\u2019agost, 19 h. Carles\u00a0<span class=\"hiddenSpellError\">Llinares<\/span>\u00a0i Jordi Carbonell.<\/li>\n<li><strong>ALCOLEJA<\/strong>, Pla\u00e7a del Palau. 19 d\u2019agost, 18.30 h. Carles\u00a0<span class=\"hiddenSpellError\">Llinares<\/span>\u00a0i Jordi Carbonell.<\/li>\n<li><strong>PEN\u00c0GUILA<\/strong>, El Portalet. 29 d\u2019agost, 19.30 h. Llu\u00eds\u00a0<span class=\"hiddenSpellError\">Abad<\/span>.<\/li>\n<li><strong>AGRES<\/strong>, Pla\u00e7a de l\u2019Assut. 10 de setembre, 20 h. Eva And\u00fajar.<\/li>\n<li><strong>L\u2019ALQUERIA D\u2019ASNAR<\/strong>, Pla\u00e7a Miguel Hern\u00e1ndez. 17 de setembre, 17.30 h. S\u00edlvia Colomer<\/li>\n<li><strong>MURO<\/strong>, Turballos. 18 de setembre, 11 h. S\u00edlvia Colomer.<\/li>\n<li><strong>BANYERES DE MARIOLA<\/strong>, Escales del Carrer la Malena. 8 d\u2019octubre, 18.30 h. Eva And\u00fajar.<\/li>\n<li><strong>COCENTAINA<\/strong>, Palau Comtal. 8 d\u2019octubre, 18 h. Jordi Mic\u00f3.<\/li>\n<li><strong>ALCOI<\/strong>, la Glorieta. 9 d\u2019octubre, 18 h. Carles\u00a0<span class=\"hiddenSpellError\">Llinares<\/span>\u00a0i Jordi Carbonell.<\/li>\n<\/ul>\n","protected":false},"excerpt":{"rendered":"<p>La Mancomunitat de l\u2019Alcoi\u00e0 i El Comtat ha llan\u00e7at la huitena edici\u00f3 de la ruta de contacontes, una iniciativa que&#8230;<\/p>\n","protected":false},"author":1,"featured_media":43363,"comment_status":"open","ping_status":"open","sticky":false,"template":"","format":"standard","meta":{"footnotes":""},"categories":[98,75],"tags":[482,237,9643,1745,1509],"class_list":["post-89423","post","type-post","status-publish","format-standard","has-post-thumbnail","hentry","category-comarcas","category-noticias","tag-alcoia","tag-comtat","tag-contacontes","tag-mancomunitat","tag-ruta"],"yoast_head":"<!-- This site is optimized with the Yoast SEO plugin v27.3 - https:\/\/yoast.com\/product\/yoast-seo-wordpress\/ -->\n<title>Torna la ruta de contacontes als pobles de la Mancomunitat de l&#039;Alcoi\u00e0 i el Comtat - COPE Alcoy<\/title>\n<meta name=\"robots\" content=\"index, follow, max-snippet:-1, max-image-preview:large, max-video-preview:-1\" \/>\n<link rel=\"canonical\" href=\"https:\/\/www.copealcoy.es\/es\/torna-la-ruta-de-contacontes-als-pobles-de-la-mancomunitat-de-lalcoia-i-el-comtat\/\" \/>\n<meta property=\"og:locale\" content=\"es_ES\" \/>\n<meta property=\"og:type\" content=\"article\" \/>\n<meta property=\"og:title\" content=\"Torna la ruta de contacontes als pobles de la Mancomunitat de l&#039;Alcoi\u00e0 i el Comtat - COPE Alcoy\" \/>\n<meta property=\"og:description\" content=\"La Mancomunitat de l\u2019Alcoi\u00e0 i El Comtat ha llan\u00e7at la huitena edici\u00f3 de la ruta de contacontes, una iniciativa que...\" \/>\n<meta property=\"og:url\" content=\"https:\/\/www.copealcoy.es\/es\/torna-la-ruta-de-contacontes-als-pobles-de-la-mancomunitat-de-lalcoia-i-el-comtat\/\" \/>\n<meta property=\"og:site_name\" content=\"COPE Alcoy\" \/>\n<meta property=\"article:published_time\" content=\"2022-07-04T15:50:38+00:00\" \/>\n<meta property=\"article:modified_time\" content=\"2022-07-04T16:02:37+00:00\" \/>\n<meta property=\"og:image\" content=\"https:\/\/www.copealcoy.es\/wp-content\/uploads\/2018\/06\/19894796_1520586014669575_7234588438233752861_n.jpg\" \/>\n\t<meta property=\"og:image:width\" content=\"960\" \/>\n\t<meta property=\"og:image:height\" content=\"640\" \/>\n\t<meta property=\"og:image:type\" content=\"image\/jpeg\" \/>\n<meta name=\"author\" content=\"Cope Alcoy\" \/>\n<meta name=\"twitter:label1\" content=\"Escrito por\" \/>\n\t<meta name=\"twitter:data1\" content=\"Cope Alcoy\" \/>\n\t<meta name=\"twitter:label2\" content=\"Tiempo de lectura\" \/>\n\t<meta name=\"twitter:data2\" content=\"2 minutos\" \/>\n<script type=\"application\/ld+json\" class=\"yoast-schema-graph\">{\"@context\":\"https:\\\/\\\/schema.org\",\"@graph\":[{\"@type\":\"Article\",\"@id\":\"https:\\\/\\\/www.copealcoy.es\\\/es\\\/torna-la-ruta-de-contacontes-als-pobles-de-la-mancomunitat-de-lalcoia-i-el-comtat\\\/#article\",\"isPartOf\":{\"@id\":\"https:\\\/\\\/www.copealcoy.es\\\/es\\\/torna-la-ruta-de-contacontes-als-pobles-de-la-mancomunitat-de-lalcoia-i-el-comtat\\\/\"},\"author\":{\"name\":\"Cope Alcoy\",\"@id\":\"https:\\\/\\\/www.copealcoy.es\\\/es\\\/#\\\/schema\\\/person\\\/e777c87fa024e57d40170af9df39882c\"},\"headline\":\"Torna la ruta de contacontes als pobles de la Mancomunitat de l&#8217;Alcoi\u00e0 i el Comtat\",\"datePublished\":\"2022-07-04T15:50:38+00:00\",\"dateModified\":\"2022-07-04T16:02:37+00:00\",\"mainEntityOfPage\":{\"@id\":\"https:\\\/\\\/www.copealcoy.es\\\/es\\\/torna-la-ruta-de-contacontes-als-pobles-de-la-mancomunitat-de-lalcoia-i-el-comtat\\\/\"},\"wordCount\":358,\"commentCount\":0,\"image\":{\"@id\":\"https:\\\/\\\/www.copealcoy.es\\\/es\\\/torna-la-ruta-de-contacontes-als-pobles-de-la-mancomunitat-de-lalcoia-i-el-comtat\\\/#primaryimage\"},\"thumbnailUrl\":\"https:\\\/\\\/www.copealcoy.es\\\/wp-content\\\/uploads\\\/2018\\\/06\\\/19894796_1520586014669575_7234588438233752861_n.jpg\",\"keywords\":[\"Alcoi\u00e0\",\"Comtat\",\"Contacontes\",\"Mancomunitat\",\"Ruta\"],\"articleSection\":[\"Comarcas\",\"Noticias\"],\"inLanguage\":\"es\"},{\"@type\":\"WebPage\",\"@id\":\"https:\\\/\\\/www.copealcoy.es\\\/es\\\/torna-la-ruta-de-contacontes-als-pobles-de-la-mancomunitat-de-lalcoia-i-el-comtat\\\/\",\"url\":\"https:\\\/\\\/www.copealcoy.es\\\/es\\\/torna-la-ruta-de-contacontes-als-pobles-de-la-mancomunitat-de-lalcoia-i-el-comtat\\\/\",\"name\":\"Torna la ruta de contacontes als pobles de la Mancomunitat de l'Alcoi\u00e0 i el Comtat - COPE Alcoy\",\"isPartOf\":{\"@id\":\"https:\\\/\\\/www.copealcoy.es\\\/es\\\/#website\"},\"primaryImageOfPage\":{\"@id\":\"https:\\\/\\\/www.copealcoy.es\\\/es\\\/torna-la-ruta-de-contacontes-als-pobles-de-la-mancomunitat-de-lalcoia-i-el-comtat\\\/#primaryimage\"},\"image\":{\"@id\":\"https:\\\/\\\/www.copealcoy.es\\\/es\\\/torna-la-ruta-de-contacontes-als-pobles-de-la-mancomunitat-de-lalcoia-i-el-comtat\\\/#primaryimage\"},\"thumbnailUrl\":\"https:\\\/\\\/www.copealcoy.es\\\/wp-content\\\/uploads\\\/2018\\\/06\\\/19894796_1520586014669575_7234588438233752861_n.jpg\",\"datePublished\":\"2022-07-04T15:50:38+00:00\",\"dateModified\":\"2022-07-04T16:02:37+00:00\",\"author\":{\"@id\":\"https:\\\/\\\/www.copealcoy.es\\\/es\\\/#\\\/schema\\\/person\\\/e777c87fa024e57d40170af9df39882c\"},\"breadcrumb\":{\"@id\":\"https:\\\/\\\/www.copealcoy.es\\\/es\\\/torna-la-ruta-de-contacontes-als-pobles-de-la-mancomunitat-de-lalcoia-i-el-comtat\\\/#breadcrumb\"},\"inLanguage\":\"es\",\"potentialAction\":[{\"@type\":\"ReadAction\",\"target\":[\"https:\\\/\\\/www.copealcoy.es\\\/es\\\/torna-la-ruta-de-contacontes-als-pobles-de-la-mancomunitat-de-lalcoia-i-el-comtat\\\/\"]}]},{\"@type\":\"ImageObject\",\"inLanguage\":\"es\",\"@id\":\"https:\\\/\\\/www.copealcoy.es\\\/es\\\/torna-la-ruta-de-contacontes-als-pobles-de-la-mancomunitat-de-lalcoia-i-el-comtat\\\/#primaryimage\",\"url\":\"https:\\\/\\\/www.copealcoy.es\\\/wp-content\\\/uploads\\\/2018\\\/06\\\/19894796_1520586014669575_7234588438233752861_n.jpg\",\"contentUrl\":\"https:\\\/\\\/www.copealcoy.es\\\/wp-content\\\/uploads\\\/2018\\\/06\\\/19894796_1520586014669575_7234588438233752861_n.jpg\",\"width\":960,\"height\":640},{\"@type\":\"BreadcrumbList\",\"@id\":\"https:\\\/\\\/www.copealcoy.es\\\/es\\\/torna-la-ruta-de-contacontes-als-pobles-de-la-mancomunitat-de-lalcoia-i-el-comtat\\\/#breadcrumb\",\"itemListElement\":[{\"@type\":\"ListItem\",\"position\":1,\"name\":\"Portada\",\"item\":\"https:\\\/\\\/www.copealcoy.es\\\/es\\\/\"},{\"@type\":\"ListItem\",\"position\":2,\"name\":\"Torna la ruta de contacontes als pobles de la Mancomunitat de l&#8217;Alcoi\u00e0 i el Comtat\"}]},{\"@type\":\"WebSite\",\"@id\":\"https:\\\/\\\/www.copealcoy.es\\\/es\\\/#website\",\"url\":\"https:\\\/\\\/www.copealcoy.es\\\/es\\\/\",\"name\":\"COPE Alcoy\",\"description\":\"Emisora COPE de radio local con emisi\u00f3n online. Pont de Sant Jordi 8-10 03803 Alcoy\",\"potentialAction\":[{\"@type\":\"SearchAction\",\"target\":{\"@type\":\"EntryPoint\",\"urlTemplate\":\"https:\\\/\\\/www.copealcoy.es\\\/es\\\/?s={search_term_string}\"},\"query-input\":{\"@type\":\"PropertyValueSpecification\",\"valueRequired\":true,\"valueName\":\"search_term_string\"}}],\"inLanguage\":\"es\"},{\"@type\":\"Person\",\"@id\":\"https:\\\/\\\/www.copealcoy.es\\\/es\\\/#\\\/schema\\\/person\\\/e777c87fa024e57d40170af9df39882c\",\"name\":\"Cope Alcoy\",\"image\":{\"@type\":\"ImageObject\",\"inLanguage\":\"es\",\"@id\":\"https:\\\/\\\/secure.gravatar.com\\\/avatar\\\/bb65d0283347e303893ba14f0692005417c1e0e690a325a4c5d8bb2b3943ee14?s=96&d=mm&r=g\",\"url\":\"https:\\\/\\\/secure.gravatar.com\\\/avatar\\\/bb65d0283347e303893ba14f0692005417c1e0e690a325a4c5d8bb2b3943ee14?s=96&d=mm&r=g\",\"contentUrl\":\"https:\\\/\\\/secure.gravatar.com\\\/avatar\\\/bb65d0283347e303893ba14f0692005417c1e0e690a325a4c5d8bb2b3943ee14?s=96&d=mm&r=g\",\"caption\":\"Cope Alcoy\"}}]}<\/script>\n<!-- \/ Yoast SEO plugin. -->","yoast_head_json":{"title":"Torna la ruta de contacontes als pobles de la Mancomunitat de l'Alcoi\u00e0 i el Comtat - COPE Alcoy","robots":{"index":"index","follow":"follow","max-snippet":"max-snippet:-1","max-image-preview":"max-image-preview:large","max-video-preview":"max-video-preview:-1"},"canonical":"https:\/\/www.copealcoy.es\/es\/torna-la-ruta-de-contacontes-als-pobles-de-la-mancomunitat-de-lalcoia-i-el-comtat\/","og_locale":"es_ES","og_type":"article","og_title":"Torna la ruta de contacontes als pobles de la Mancomunitat de l'Alcoi\u00e0 i el Comtat - COPE Alcoy","og_description":"La Mancomunitat de l\u2019Alcoi\u00e0 i El Comtat ha llan\u00e7at la huitena edici\u00f3 de la ruta de contacontes, una iniciativa que...","og_url":"https:\/\/www.copealcoy.es\/es\/torna-la-ruta-de-contacontes-als-pobles-de-la-mancomunitat-de-lalcoia-i-el-comtat\/","og_site_name":"COPE Alcoy","article_published_time":"2022-07-04T15:50:38+00:00","article_modified_time":"2022-07-04T16:02:37+00:00","og_image":[{"width":960,"height":640,"url":"https:\/\/www.copealcoy.es\/wp-content\/uploads\/2018\/06\/19894796_1520586014669575_7234588438233752861_n.jpg","type":"image\/jpeg"}],"author":"Cope Alcoy","twitter_misc":{"Escrito por":"Cope Alcoy","Tiempo de lectura":"2 minutos"},"schema":{"@context":"https:\/\/schema.org","@graph":[{"@type":"Article","@id":"https:\/\/www.copealcoy.es\/es\/torna-la-ruta-de-contacontes-als-pobles-de-la-mancomunitat-de-lalcoia-i-el-comtat\/#article","isPartOf":{"@id":"https:\/\/www.copealcoy.es\/es\/torna-la-ruta-de-contacontes-als-pobles-de-la-mancomunitat-de-lalcoia-i-el-comtat\/"},"author":{"name":"Cope Alcoy","@id":"https:\/\/www.copealcoy.es\/es\/#\/schema\/person\/e777c87fa024e57d40170af9df39882c"},"headline":"Torna la ruta de contacontes als pobles de la Mancomunitat de l&#8217;Alcoi\u00e0 i el Comtat","datePublished":"2022-07-04T15:50:38+00:00","dateModified":"2022-07-04T16:02:37+00:00","mainEntityOfPage":{"@id":"https:\/\/www.copealcoy.es\/es\/torna-la-ruta-de-contacontes-als-pobles-de-la-mancomunitat-de-lalcoia-i-el-comtat\/"},"wordCount":358,"commentCount":0,"image":{"@id":"https:\/\/www.copealcoy.es\/es\/torna-la-ruta-de-contacontes-als-pobles-de-la-mancomunitat-de-lalcoia-i-el-comtat\/#primaryimage"},"thumbnailUrl":"https:\/\/www.copealcoy.es\/wp-content\/uploads\/2018\/06\/19894796_1520586014669575_7234588438233752861_n.jpg","keywords":["Alcoi\u00e0","Comtat","Contacontes","Mancomunitat","Ruta"],"articleSection":["Comarcas","Noticias"],"inLanguage":"es"},{"@type":"WebPage","@id":"https:\/\/www.copealcoy.es\/es\/torna-la-ruta-de-contacontes-als-pobles-de-la-mancomunitat-de-lalcoia-i-el-comtat\/","url":"https:\/\/www.copealcoy.es\/es\/torna-la-ruta-de-contacontes-als-pobles-de-la-mancomunitat-de-lalcoia-i-el-comtat\/","name":"Torna la ruta de contacontes als pobles de la Mancomunitat de l'Alcoi\u00e0 i el Comtat - COPE Alcoy","isPartOf":{"@id":"https:\/\/www.copealcoy.es\/es\/#website"},"primaryImageOfPage":{"@id":"https:\/\/www.copealcoy.es\/es\/torna-la-ruta-de-contacontes-als-pobles-de-la-mancomunitat-de-lalcoia-i-el-comtat\/#primaryimage"},"image":{"@id":"https:\/\/www.copealcoy.es\/es\/torna-la-ruta-de-contacontes-als-pobles-de-la-mancomunitat-de-lalcoia-i-el-comtat\/#primaryimage"},"thumbnailUrl":"https:\/\/www.copealcoy.es\/wp-content\/uploads\/2018\/06\/19894796_1520586014669575_7234588438233752861_n.jpg","datePublished":"2022-07-04T15:50:38+00:00","dateModified":"2022-07-04T16:02:37+00:00","author":{"@id":"https:\/\/www.copealcoy.es\/es\/#\/schema\/person\/e777c87fa024e57d40170af9df39882c"},"breadcrumb":{"@id":"https:\/\/www.copealcoy.es\/es\/torna-la-ruta-de-contacontes-als-pobles-de-la-mancomunitat-de-lalcoia-i-el-comtat\/#breadcrumb"},"inLanguage":"es","potentialAction":[{"@type":"ReadAction","target":["https:\/\/www.copealcoy.es\/es\/torna-la-ruta-de-contacontes-als-pobles-de-la-mancomunitat-de-lalcoia-i-el-comtat\/"]}]},{"@type":"ImageObject","inLanguage":"es","@id":"https:\/\/www.copealcoy.es\/es\/torna-la-ruta-de-contacontes-als-pobles-de-la-mancomunitat-de-lalcoia-i-el-comtat\/#primaryimage","url":"https:\/\/www.copealcoy.es\/wp-content\/uploads\/2018\/06\/19894796_1520586014669575_7234588438233752861_n.jpg","contentUrl":"https:\/\/www.copealcoy.es\/wp-content\/uploads\/2018\/06\/19894796_1520586014669575_7234588438233752861_n.jpg","width":960,"height":640},{"@type":"BreadcrumbList","@id":"https:\/\/www.copealcoy.es\/es\/torna-la-ruta-de-contacontes-als-pobles-de-la-mancomunitat-de-lalcoia-i-el-comtat\/#breadcrumb","itemListElement":[{"@type":"ListItem","position":1,"name":"Portada","item":"https:\/\/www.copealcoy.es\/es\/"},{"@type":"ListItem","position":2,"name":"Torna la ruta de contacontes als pobles de la Mancomunitat de l&#8217;Alcoi\u00e0 i el Comtat"}]},{"@type":"WebSite","@id":"https:\/\/www.copealcoy.es\/es\/#website","url":"https:\/\/www.copealcoy.es\/es\/","name":"COPE Alcoy","description":"Emisora COPE de radio local con emisi\u00f3n online. Pont de Sant Jordi 8-10 03803 Alcoy","potentialAction":[{"@type":"SearchAction","target":{"@type":"EntryPoint","urlTemplate":"https:\/\/www.copealcoy.es\/es\/?s={search_term_string}"},"query-input":{"@type":"PropertyValueSpecification","valueRequired":true,"valueName":"search_term_string"}}],"inLanguage":"es"},{"@type":"Person","@id":"https:\/\/www.copealcoy.es\/es\/#\/schema\/person\/e777c87fa024e57d40170af9df39882c","name":"Cope Alcoy","image":{"@type":"ImageObject","inLanguage":"es","@id":"https:\/\/secure.gravatar.com\/avatar\/bb65d0283347e303893ba14f0692005417c1e0e690a325a4c5d8bb2b3943ee14?s=96&d=mm&r=g","url":"https:\/\/secure.gravatar.com\/avatar\/bb65d0283347e303893ba14f0692005417c1e0e690a325a4c5d8bb2b3943ee14?s=96&d=mm&r=g","contentUrl":"https:\/\/secure.gravatar.com\/avatar\/bb65d0283347e303893ba14f0692005417c1e0e690a325a4c5d8bb2b3943ee14?s=96&d=mm&r=g","caption":"Cope Alcoy"}}]}},"_links":{"self":[{"href":"https:\/\/www.copealcoy.es\/es\/wp-json\/wp\/v2\/posts\/89423","targetHints":{"allow":["GET"]}}],"collection":[{"href":"https:\/\/www.copealcoy.es\/es\/wp-json\/wp\/v2\/posts"}],"about":[{"href":"https:\/\/www.copealcoy.es\/es\/wp-json\/wp\/v2\/types\/post"}],"author":[{"embeddable":true,"href":"https:\/\/www.copealcoy.es\/es\/wp-json\/wp\/v2\/users\/1"}],"replies":[{"embeddable":true,"href":"https:\/\/www.copealcoy.es\/es\/wp-json\/wp\/v2\/comments?post=89423"}],"version-history":[{"count":0,"href":"https:\/\/www.copealcoy.es\/es\/wp-json\/wp\/v2\/posts\/89423\/revisions"}],"wp:featuredmedia":[{"embeddable":true,"href":"https:\/\/www.copealcoy.es\/es\/wp-json\/wp\/v2\/media\/43363"}],"wp:attachment":[{"href":"https:\/\/www.copealcoy.es\/es\/wp-json\/wp\/v2\/media?parent=89423"}],"wp:term":[{"taxonomy":"category","embeddable":true,"href":"https:\/\/www.copealcoy.es\/es\/wp-json\/wp\/v2\/categories?post=89423"},{"taxonomy":"post_tag","embeddable":true,"href":"https:\/\/www.copealcoy.es\/es\/wp-json\/wp\/v2\/tags?post=89423"}],"curies":[{"name":"wp","href":"https:\/\/api.w.org\/{rel}","templated":true}]}}