{"id":89338,"date":"2022-07-01T09:49:39","date_gmt":"2022-07-01T08:49:39","guid":{"rendered":"https:\/\/www.copealcoy.es\/?p=89338"},"modified":"2022-08-03T18:29:28","modified_gmt":"2022-08-03T17:29:28","slug":"saul-gomez-i-soler-dirigira-el-himno-de-fiestas-de-cocentaina-este-ano","status":"publish","type":"post","link":"https:\/\/www.copealcoy.es\/es\/saul-gomez-i-soler-dirigira-el-himno-de-fiestas-de-cocentaina-este-ano\/","title":{"rendered":"Sa\u00fcl G\u00f3mez i Soler dirigir\u00e1 el Himno de Fiestas de Cocentaina este a\u00f1o"},"content":{"rendered":"<p style=\"text-align: justify;\">La <strong>Federaci\u00f3n Junta de Fiestas de Moros y Cristianos de Cocentaina<\/strong> ha hecho p\u00fablicos <strong>los nombres de los protagonistas de algunos de los actos previos de la trilog\u00eda en honor a San Hip\u00f3lito M\u00e1rtir<\/strong> que se celebran durante las pr\u00f3ximas semanas. Uno de ellos es el del <strong>Director del Himno<\/strong>, una tarea que en esta ocasi\u00f3n <strong>recaer\u00e1 en el m\u00fasico y compositor Sa\u00fal G\u00f3mez i Soler<\/strong>.<\/p>\n<p style=\"text-align: justify;\">Hay que recordar que G\u00f3mez i Soler, pese a ser natural del municipio vecino d\u2019Ontinyent, <strong>mantiene una fuerte vinculaci\u00f3n con la Villa Condal<\/strong> puesto que su madre tiene vinculaciones con Cocentaina mientras que buena parte de su familia materna reside en la capital del Comtat. La esperada interpretaci\u00f3n del Himno, una pieza cuya letra es del poeta Gerard Mur i P\u00e9rez con m\u00fasica de Jos\u00e9 Insa Mart\u00ednez, <strong>tendr\u00e1 lugar en la tarde del 12 de agosto ante el Palau Comtal y servir\u00e1 para dar por iniciadas unas Fiestas de Moros y Cristianos que recuperan su formato habitual tras m\u00e1s de dos a\u00f1os de ausencia a causa de la pandemia<\/strong> \u201c<em>hemos pensado en Sa\u00fal porque, al margen de su relaci\u00f3n con Cocentaina y de haber dirigido tambi\u00e9n a la Uni\u00f3n Musical Contestana a\u00f1os atr\u00e1s, \u00a0cuenta con una extensa trayectoria en el \u00e1mbito de la composici\u00f3n que lo sit\u00faa como uno de los referentes en el panorama actual de la m\u00fasica festera<\/em>\u201d, se\u00f1ala <strong>Juan Francisco Masanet<\/strong>; Presidente de la Junta de Festes.<\/p>\n<p style=\"text-align: justify;\">Al margen de esto ser\u00e1n tambi\u00e9n protagonistas de las Fiestas <strong>Toni Dom\u00ednguez Borr\u00e1s<\/strong>, como <strong>autor del cartel<\/strong>, y <strong>Juan Fran Ferr\u00e1ndiz Pascual<\/strong>; el cual ejercer\u00e1 como <strong>Mantenedor de la Presentaci\u00f3n de Cargos<\/strong> prevista para este s\u00e1bado 2 de julio en el patio de armas del mencionado Palau. Finalmente, el viernes 15 de julio <strong>ser\u00e1 presentada la Revista de Fiestas<\/strong>, tambi\u00e9n en el mismo Palau Comtal; ejerciendo esta vez de <strong>mantenedor<\/strong> el periodista local <strong>Enric Albero<\/strong>. La <strong>portada de la publicaci\u00f3n<\/strong> ha sido encargada este a\u00f1o a <strong>Marcos Monar<\/strong>, componente de la entidad festera y miembro de la Fil\u00e0 Gentils.<\/p>\n","protected":false},"excerpt":{"rendered":"<p>La Federaci\u00f3n Junta de Fiestas de Moros y Cristianos de Cocentaina ha hecho p\u00fablicos los nombres de los protagonistas de&#8230;<\/p>\n","protected":false},"author":1,"featured_media":89339,"comment_status":"open","ping_status":"open","sticky":false,"template":"","format":"standard","meta":{"footnotes":""},"categories":[98,75],"tags":[132,1211,565,2765,609,4488,13021],"class_list":["post-89338","post","type-post","status-publish","format-standard","has-post-thumbnail","hentry","category-comarcas","category-noticias","tag-cocentaina","tag-director","tag-fiestas","tag-himno-de-fiestas","tag-moros-y-cristianos","tag-san-hipolito-martir","tag-saul-gomez-i-soler"],"yoast_head":"<!-- This site is optimized with the Yoast SEO plugin v27.3 - https:\/\/yoast.com\/product\/yoast-seo-wordpress\/ -->\n<title>Sa\u00fcl G\u00f3mez i Soler dirigir\u00e1 el Himno de Fiestas de Cocentaina este a\u00f1o - COPE Alcoy<\/title>\n<meta name=\"robots\" content=\"index, follow, max-snippet:-1, max-image-preview:large, max-video-preview:-1\" \/>\n<link rel=\"canonical\" href=\"https:\/\/www.copealcoy.es\/es\/saul-gomez-i-soler-dirigira-el-himno-de-fiestas-de-cocentaina-este-ano\/\" \/>\n<meta property=\"og:locale\" content=\"es_ES\" \/>\n<meta property=\"og:type\" content=\"article\" \/>\n<meta property=\"og:title\" content=\"Sa\u00fcl G\u00f3mez i Soler dirigir\u00e1 el Himno de Fiestas de Cocentaina este a\u00f1o - COPE Alcoy\" \/>\n<meta property=\"og:description\" content=\"La Federaci\u00f3n Junta de Fiestas de Moros y Cristianos de Cocentaina ha hecho p\u00fablicos los nombres de los protagonistas de...\" \/>\n<meta property=\"og:url\" content=\"https:\/\/www.copealcoy.es\/es\/saul-gomez-i-soler-dirigira-el-himno-de-fiestas-de-cocentaina-este-ano\/\" \/>\n<meta property=\"og:site_name\" content=\"COPE Alcoy\" \/>\n<meta property=\"article:published_time\" content=\"2022-07-01T08:49:39+00:00\" \/>\n<meta property=\"article:modified_time\" content=\"2022-08-03T17:29:28+00:00\" \/>\n<meta property=\"og:image\" content=\"https:\/\/www.copealcoy.es\/wp-content\/uploads\/2022\/07\/4-Sau\u0301l-Go\u0301mez-i-Soler-scaled-e1656665361893.jpg\" \/>\n\t<meta property=\"og:image:width\" content=\"640\" \/>\n\t<meta property=\"og:image:height\" content=\"427\" \/>\n\t<meta property=\"og:image:type\" content=\"image\/jpeg\" \/>\n<meta name=\"author\" content=\"Cope Alcoy\" \/>\n<meta name=\"twitter:label1\" content=\"Escrito por\" \/>\n\t<meta name=\"twitter:data1\" content=\"Cope Alcoy\" \/>\n\t<meta name=\"twitter:label2\" content=\"Tiempo de lectura\" \/>\n\t<meta name=\"twitter:data2\" content=\"2 minutos\" \/>\n<script type=\"application\/ld+json\" class=\"yoast-schema-graph\">{\"@context\":\"https:\\\/\\\/schema.org\",\"@graph\":[{\"@type\":\"Article\",\"@id\":\"https:\\\/\\\/www.copealcoy.es\\\/es\\\/saul-gomez-i-soler-dirigira-el-himno-de-fiestas-de-cocentaina-este-ano\\\/#article\",\"isPartOf\":{\"@id\":\"https:\\\/\\\/www.copealcoy.es\\\/es\\\/saul-gomez-i-soler-dirigira-el-himno-de-fiestas-de-cocentaina-este-ano\\\/\"},\"author\":{\"name\":\"Cope Alcoy\",\"@id\":\"https:\\\/\\\/www.copealcoy.es\\\/es\\\/#\\\/schema\\\/person\\\/e777c87fa024e57d40170af9df39882c\"},\"headline\":\"Sa\u00fcl G\u00f3mez i Soler dirigir\u00e1 el Himno de Fiestas de Cocentaina este a\u00f1o\",\"datePublished\":\"2022-07-01T08:49:39+00:00\",\"dateModified\":\"2022-08-03T17:29:28+00:00\",\"mainEntityOfPage\":{\"@id\":\"https:\\\/\\\/www.copealcoy.es\\\/es\\\/saul-gomez-i-soler-dirigira-el-himno-de-fiestas-de-cocentaina-este-ano\\\/\"},\"wordCount\":387,\"commentCount\":0,\"image\":{\"@id\":\"https:\\\/\\\/www.copealcoy.es\\\/es\\\/saul-gomez-i-soler-dirigira-el-himno-de-fiestas-de-cocentaina-este-ano\\\/#primaryimage\"},\"thumbnailUrl\":\"https:\\\/\\\/www.copealcoy.es\\\/wp-content\\\/uploads\\\/2022\\\/07\\\/4-Sau\u0301l-Go\u0301mez-i-Soler-scaled-e1656665361893.jpg\",\"keywords\":[\"Cocentaina\",\"director\",\"Fiestas\",\"Himno de Fiestas\",\"Moros Y Cristianos\",\"San Hip\u00f3lito M\u00e1rtir\",\"Sa\u00fcl G\u00f3mez i Soler\"],\"articleSection\":[\"Comarcas\",\"Noticias\"],\"inLanguage\":\"es\"},{\"@type\":\"WebPage\",\"@id\":\"https:\\\/\\\/www.copealcoy.es\\\/es\\\/saul-gomez-i-soler-dirigira-el-himno-de-fiestas-de-cocentaina-este-ano\\\/\",\"url\":\"https:\\\/\\\/www.copealcoy.es\\\/es\\\/saul-gomez-i-soler-dirigira-el-himno-de-fiestas-de-cocentaina-este-ano\\\/\",\"name\":\"Sa\u00fcl G\u00f3mez i Soler dirigir\u00e1 el Himno de Fiestas de Cocentaina este a\u00f1o - COPE Alcoy\",\"isPartOf\":{\"@id\":\"https:\\\/\\\/www.copealcoy.es\\\/es\\\/#website\"},\"primaryImageOfPage\":{\"@id\":\"https:\\\/\\\/www.copealcoy.es\\\/es\\\/saul-gomez-i-soler-dirigira-el-himno-de-fiestas-de-cocentaina-este-ano\\\/#primaryimage\"},\"image\":{\"@id\":\"https:\\\/\\\/www.copealcoy.es\\\/es\\\/saul-gomez-i-soler-dirigira-el-himno-de-fiestas-de-cocentaina-este-ano\\\/#primaryimage\"},\"thumbnailUrl\":\"https:\\\/\\\/www.copealcoy.es\\\/wp-content\\\/uploads\\\/2022\\\/07\\\/4-Sau\u0301l-Go\u0301mez-i-Soler-scaled-e1656665361893.jpg\",\"datePublished\":\"2022-07-01T08:49:39+00:00\",\"dateModified\":\"2022-08-03T17:29:28+00:00\",\"author\":{\"@id\":\"https:\\\/\\\/www.copealcoy.es\\\/es\\\/#\\\/schema\\\/person\\\/e777c87fa024e57d40170af9df39882c\"},\"breadcrumb\":{\"@id\":\"https:\\\/\\\/www.copealcoy.es\\\/es\\\/saul-gomez-i-soler-dirigira-el-himno-de-fiestas-de-cocentaina-este-ano\\\/#breadcrumb\"},\"inLanguage\":\"es\",\"potentialAction\":[{\"@type\":\"ReadAction\",\"target\":[\"https:\\\/\\\/www.copealcoy.es\\\/es\\\/saul-gomez-i-soler-dirigira-el-himno-de-fiestas-de-cocentaina-este-ano\\\/\"]}]},{\"@type\":\"ImageObject\",\"inLanguage\":\"es\",\"@id\":\"https:\\\/\\\/www.copealcoy.es\\\/es\\\/saul-gomez-i-soler-dirigira-el-himno-de-fiestas-de-cocentaina-este-ano\\\/#primaryimage\",\"url\":\"https:\\\/\\\/www.copealcoy.es\\\/wp-content\\\/uploads\\\/2022\\\/07\\\/4-Sau\u0301l-Go\u0301mez-i-Soler-scaled-e1656665361893.jpg\",\"contentUrl\":\"https:\\\/\\\/www.copealcoy.es\\\/wp-content\\\/uploads\\\/2022\\\/07\\\/4-Sau\u0301l-Go\u0301mez-i-Soler-scaled-e1656665361893.jpg\",\"width\":640,\"height\":427},{\"@type\":\"BreadcrumbList\",\"@id\":\"https:\\\/\\\/www.copealcoy.es\\\/es\\\/saul-gomez-i-soler-dirigira-el-himno-de-fiestas-de-cocentaina-este-ano\\\/#breadcrumb\",\"itemListElement\":[{\"@type\":\"ListItem\",\"position\":1,\"name\":\"Portada\",\"item\":\"https:\\\/\\\/www.copealcoy.es\\\/es\\\/\"},{\"@type\":\"ListItem\",\"position\":2,\"name\":\"Sa\u00fcl G\u00f3mez i Soler dirigir\u00e1 el Himno de Fiestas de Cocentaina este a\u00f1o\"}]},{\"@type\":\"WebSite\",\"@id\":\"https:\\\/\\\/www.copealcoy.es\\\/es\\\/#website\",\"url\":\"https:\\\/\\\/www.copealcoy.es\\\/es\\\/\",\"name\":\"COPE Alcoy\",\"description\":\"Emisora COPE de radio local con emisi\u00f3n online. Pont de Sant Jordi 8-10 03803 Alcoy\",\"potentialAction\":[{\"@type\":\"SearchAction\",\"target\":{\"@type\":\"EntryPoint\",\"urlTemplate\":\"https:\\\/\\\/www.copealcoy.es\\\/es\\\/?s={search_term_string}\"},\"query-input\":{\"@type\":\"PropertyValueSpecification\",\"valueRequired\":true,\"valueName\":\"search_term_string\"}}],\"inLanguage\":\"es\"},{\"@type\":\"Person\",\"@id\":\"https:\\\/\\\/www.copealcoy.es\\\/es\\\/#\\\/schema\\\/person\\\/e777c87fa024e57d40170af9df39882c\",\"name\":\"Cope Alcoy\",\"image\":{\"@type\":\"ImageObject\",\"inLanguage\":\"es\",\"@id\":\"https:\\\/\\\/secure.gravatar.com\\\/avatar\\\/bb65d0283347e303893ba14f0692005417c1e0e690a325a4c5d8bb2b3943ee14?s=96&d=mm&r=g\",\"url\":\"https:\\\/\\\/secure.gravatar.com\\\/avatar\\\/bb65d0283347e303893ba14f0692005417c1e0e690a325a4c5d8bb2b3943ee14?s=96&d=mm&r=g\",\"contentUrl\":\"https:\\\/\\\/secure.gravatar.com\\\/avatar\\\/bb65d0283347e303893ba14f0692005417c1e0e690a325a4c5d8bb2b3943ee14?s=96&d=mm&r=g\",\"caption\":\"Cope Alcoy\"}}]}<\/script>\n<!-- \/ Yoast SEO plugin. -->","yoast_head_json":{"title":"Sa\u00fcl G\u00f3mez i Soler dirigir\u00e1 el Himno de Fiestas de Cocentaina este a\u00f1o - COPE Alcoy","robots":{"index":"index","follow":"follow","max-snippet":"max-snippet:-1","max-image-preview":"max-image-preview:large","max-video-preview":"max-video-preview:-1"},"canonical":"https:\/\/www.copealcoy.es\/es\/saul-gomez-i-soler-dirigira-el-himno-de-fiestas-de-cocentaina-este-ano\/","og_locale":"es_ES","og_type":"article","og_title":"Sa\u00fcl G\u00f3mez i Soler dirigir\u00e1 el Himno de Fiestas de Cocentaina este a\u00f1o - COPE Alcoy","og_description":"La Federaci\u00f3n Junta de Fiestas de Moros y Cristianos de Cocentaina ha hecho p\u00fablicos los nombres de los protagonistas de...","og_url":"https:\/\/www.copealcoy.es\/es\/saul-gomez-i-soler-dirigira-el-himno-de-fiestas-de-cocentaina-este-ano\/","og_site_name":"COPE Alcoy","article_published_time":"2022-07-01T08:49:39+00:00","article_modified_time":"2022-08-03T17:29:28+00:00","og_image":[{"width":640,"height":427,"url":"https:\/\/www.copealcoy.es\/wp-content\/uploads\/2022\/07\/4-Sau\u0301l-Go\u0301mez-i-Soler-scaled-e1656665361893.jpg","type":"image\/jpeg"}],"author":"Cope Alcoy","twitter_misc":{"Escrito por":"Cope Alcoy","Tiempo de lectura":"2 minutos"},"schema":{"@context":"https:\/\/schema.org","@graph":[{"@type":"Article","@id":"https:\/\/www.copealcoy.es\/es\/saul-gomez-i-soler-dirigira-el-himno-de-fiestas-de-cocentaina-este-ano\/#article","isPartOf":{"@id":"https:\/\/www.copealcoy.es\/es\/saul-gomez-i-soler-dirigira-el-himno-de-fiestas-de-cocentaina-este-ano\/"},"author":{"name":"Cope Alcoy","@id":"https:\/\/www.copealcoy.es\/es\/#\/schema\/person\/e777c87fa024e57d40170af9df39882c"},"headline":"Sa\u00fcl G\u00f3mez i Soler dirigir\u00e1 el Himno de Fiestas de Cocentaina este a\u00f1o","datePublished":"2022-07-01T08:49:39+00:00","dateModified":"2022-08-03T17:29:28+00:00","mainEntityOfPage":{"@id":"https:\/\/www.copealcoy.es\/es\/saul-gomez-i-soler-dirigira-el-himno-de-fiestas-de-cocentaina-este-ano\/"},"wordCount":387,"commentCount":0,"image":{"@id":"https:\/\/www.copealcoy.es\/es\/saul-gomez-i-soler-dirigira-el-himno-de-fiestas-de-cocentaina-este-ano\/#primaryimage"},"thumbnailUrl":"https:\/\/www.copealcoy.es\/wp-content\/uploads\/2022\/07\/4-Sau\u0301l-Go\u0301mez-i-Soler-scaled-e1656665361893.jpg","keywords":["Cocentaina","director","Fiestas","Himno de Fiestas","Moros Y Cristianos","San Hip\u00f3lito M\u00e1rtir","Sa\u00fcl G\u00f3mez i Soler"],"articleSection":["Comarcas","Noticias"],"inLanguage":"es"},{"@type":"WebPage","@id":"https:\/\/www.copealcoy.es\/es\/saul-gomez-i-soler-dirigira-el-himno-de-fiestas-de-cocentaina-este-ano\/","url":"https:\/\/www.copealcoy.es\/es\/saul-gomez-i-soler-dirigira-el-himno-de-fiestas-de-cocentaina-este-ano\/","name":"Sa\u00fcl G\u00f3mez i Soler dirigir\u00e1 el Himno de Fiestas de Cocentaina este a\u00f1o - COPE Alcoy","isPartOf":{"@id":"https:\/\/www.copealcoy.es\/es\/#website"},"primaryImageOfPage":{"@id":"https:\/\/www.copealcoy.es\/es\/saul-gomez-i-soler-dirigira-el-himno-de-fiestas-de-cocentaina-este-ano\/#primaryimage"},"image":{"@id":"https:\/\/www.copealcoy.es\/es\/saul-gomez-i-soler-dirigira-el-himno-de-fiestas-de-cocentaina-este-ano\/#primaryimage"},"thumbnailUrl":"https:\/\/www.copealcoy.es\/wp-content\/uploads\/2022\/07\/4-Sau\u0301l-Go\u0301mez-i-Soler-scaled-e1656665361893.jpg","datePublished":"2022-07-01T08:49:39+00:00","dateModified":"2022-08-03T17:29:28+00:00","author":{"@id":"https:\/\/www.copealcoy.es\/es\/#\/schema\/person\/e777c87fa024e57d40170af9df39882c"},"breadcrumb":{"@id":"https:\/\/www.copealcoy.es\/es\/saul-gomez-i-soler-dirigira-el-himno-de-fiestas-de-cocentaina-este-ano\/#breadcrumb"},"inLanguage":"es","potentialAction":[{"@type":"ReadAction","target":["https:\/\/www.copealcoy.es\/es\/saul-gomez-i-soler-dirigira-el-himno-de-fiestas-de-cocentaina-este-ano\/"]}]},{"@type":"ImageObject","inLanguage":"es","@id":"https:\/\/www.copealcoy.es\/es\/saul-gomez-i-soler-dirigira-el-himno-de-fiestas-de-cocentaina-este-ano\/#primaryimage","url":"https:\/\/www.copealcoy.es\/wp-content\/uploads\/2022\/07\/4-Sau\u0301l-Go\u0301mez-i-Soler-scaled-e1656665361893.jpg","contentUrl":"https:\/\/www.copealcoy.es\/wp-content\/uploads\/2022\/07\/4-Sau\u0301l-Go\u0301mez-i-Soler-scaled-e1656665361893.jpg","width":640,"height":427},{"@type":"BreadcrumbList","@id":"https:\/\/www.copealcoy.es\/es\/saul-gomez-i-soler-dirigira-el-himno-de-fiestas-de-cocentaina-este-ano\/#breadcrumb","itemListElement":[{"@type":"ListItem","position":1,"name":"Portada","item":"https:\/\/www.copealcoy.es\/es\/"},{"@type":"ListItem","position":2,"name":"Sa\u00fcl G\u00f3mez i Soler dirigir\u00e1 el Himno de Fiestas de Cocentaina este a\u00f1o"}]},{"@type":"WebSite","@id":"https:\/\/www.copealcoy.es\/es\/#website","url":"https:\/\/www.copealcoy.es\/es\/","name":"COPE Alcoy","description":"Emisora COPE de radio local con emisi\u00f3n online. Pont de Sant Jordi 8-10 03803 Alcoy","potentialAction":[{"@type":"SearchAction","target":{"@type":"EntryPoint","urlTemplate":"https:\/\/www.copealcoy.es\/es\/?s={search_term_string}"},"query-input":{"@type":"PropertyValueSpecification","valueRequired":true,"valueName":"search_term_string"}}],"inLanguage":"es"},{"@type":"Person","@id":"https:\/\/www.copealcoy.es\/es\/#\/schema\/person\/e777c87fa024e57d40170af9df39882c","name":"Cope Alcoy","image":{"@type":"ImageObject","inLanguage":"es","@id":"https:\/\/secure.gravatar.com\/avatar\/bb65d0283347e303893ba14f0692005417c1e0e690a325a4c5d8bb2b3943ee14?s=96&d=mm&r=g","url":"https:\/\/secure.gravatar.com\/avatar\/bb65d0283347e303893ba14f0692005417c1e0e690a325a4c5d8bb2b3943ee14?s=96&d=mm&r=g","contentUrl":"https:\/\/secure.gravatar.com\/avatar\/bb65d0283347e303893ba14f0692005417c1e0e690a325a4c5d8bb2b3943ee14?s=96&d=mm&r=g","caption":"Cope Alcoy"}}]}},"_links":{"self":[{"href":"https:\/\/www.copealcoy.es\/es\/wp-json\/wp\/v2\/posts\/89338","targetHints":{"allow":["GET"]}}],"collection":[{"href":"https:\/\/www.copealcoy.es\/es\/wp-json\/wp\/v2\/posts"}],"about":[{"href":"https:\/\/www.copealcoy.es\/es\/wp-json\/wp\/v2\/types\/post"}],"author":[{"embeddable":true,"href":"https:\/\/www.copealcoy.es\/es\/wp-json\/wp\/v2\/users\/1"}],"replies":[{"embeddable":true,"href":"https:\/\/www.copealcoy.es\/es\/wp-json\/wp\/v2\/comments?post=89338"}],"version-history":[{"count":0,"href":"https:\/\/www.copealcoy.es\/es\/wp-json\/wp\/v2\/posts\/89338\/revisions"}],"wp:featuredmedia":[{"embeddable":true,"href":"https:\/\/www.copealcoy.es\/es\/wp-json\/wp\/v2\/media\/89339"}],"wp:attachment":[{"href":"https:\/\/www.copealcoy.es\/es\/wp-json\/wp\/v2\/media?parent=89338"}],"wp:term":[{"taxonomy":"category","embeddable":true,"href":"https:\/\/www.copealcoy.es\/es\/wp-json\/wp\/v2\/categories?post=89338"},{"taxonomy":"post_tag","embeddable":true,"href":"https:\/\/www.copealcoy.es\/es\/wp-json\/wp\/v2\/tags?post=89338"}],"curies":[{"name":"wp","href":"https:\/\/api.w.org\/{rel}","templated":true}]}}