{"id":89300,"date":"2022-06-30T15:11:29","date_gmt":"2022-06-30T14:11:29","guid":{"rendered":"https:\/\/www.copealcoy.es\/?p=89300"},"modified":"2022-06-30T17:36:59","modified_gmt":"2022-06-30T16:36:59","slug":"los-casos-de-viruela-del-mono-se-elevan-a-17-en-la-comunitat-tras-confirmarse-nuevos-casos","status":"publish","type":"post","link":"https:\/\/www.copealcoy.es\/es\/los-casos-de-viruela-del-mono-se-elevan-a-17-en-la-comunitat-tras-confirmarse-nuevos-casos\/","title":{"rendered":"Los casos de viruela del mono se elevan a 17 en la Comunitat tras confirmarse nuevos casos"},"content":{"rendered":"<p style=\"text-align: justify;\">Los <strong>casos de monkeypox<\/strong> (viruela del mono) en la Comunitat Valenciana se han elevado a <strong>17 tras confirmarse otros cinco nuevos positivos. <\/strong>As\u00ed lo confirmaba ayer por la tarde la Conselleria de Sanitat\u00a0tal y como informan desde COPE VALENCIA.<\/p>\n<p style=\"text-align: justify;\">De los cinco nuevos casos comunicados, <strong>cuatro de ellos se han detectado en la provincia de Alicante<\/strong> y el positivo restante en la de Valencia. Se desconocen <strong>las localidades<\/strong> a las cuales pertenecen las personas que se han contagiado de esta viruela.<\/p>\n<p style=\"text-align: justify;\">De esta forma, <strong>son 17 los casos positivos registrados en la Comunitat Valenciana<\/strong> hasta el momento: 6 en la provincia de Valencia, <strong>10 en la provincia de Alicante<\/strong> y 1 en la provincia de Castell\u00f3n. Indicar que el primer caso en nuestra regi\u00f3n se confirm\u00f3 <strong>el pasado 2 de junio<\/strong> en la misma provincia de Alicante.<\/p>\n","protected":false},"excerpt":{"rendered":"<p>Los casos de monkeypox (viruela del mono) en la Comunitat Valenciana se han elevado a 17 tras confirmarse otros cinco&#8230;<\/p>\n","protected":false},"author":1,"featured_media":87585,"comment_status":"open","ping_status":"open","sticky":false,"template":"","format":"standard","meta":{"footnotes":""},"categories":[98,75],"tags":[1768,7317,12906,12740],"class_list":["post-89300","post","type-post","status-publish","format-standard","has-post-thumbnail","hentry","category-comarcas","category-noticias","tag-comunitat-valenciana","tag-conselleria-de-sanitat","tag-nuevos-positivos","tag-viruela-del-mono"],"yoast_head":"<!-- This site is optimized with the Yoast SEO plugin v27.3 - https:\/\/yoast.com\/product\/yoast-seo-wordpress\/ -->\n<title>Los casos de viruela del mono se elevan a 17 en la Comunitat tras confirmarse nuevos casos - COPE Alcoy<\/title>\n<meta name=\"robots\" content=\"index, follow, max-snippet:-1, max-image-preview:large, max-video-preview:-1\" \/>\n<link rel=\"canonical\" href=\"https:\/\/www.copealcoy.es\/es\/los-casos-de-viruela-del-mono-se-elevan-a-17-en-la-comunitat-tras-confirmarse-nuevos-casos\/\" \/>\n<meta property=\"og:locale\" content=\"es_ES\" \/>\n<meta property=\"og:type\" content=\"article\" \/>\n<meta property=\"og:title\" content=\"Los casos de viruela del mono se elevan a 17 en la Comunitat tras confirmarse nuevos casos - COPE Alcoy\" \/>\n<meta property=\"og:description\" content=\"Los casos de monkeypox (viruela del mono) en la Comunitat Valenciana se han elevado a 17 tras confirmarse otros cinco...\" \/>\n<meta property=\"og:url\" content=\"https:\/\/www.copealcoy.es\/es\/los-casos-de-viruela-del-mono-se-elevan-a-17-en-la-comunitat-tras-confirmarse-nuevos-casos\/\" \/>\n<meta property=\"og:site_name\" content=\"COPE Alcoy\" \/>\n<meta property=\"article:published_time\" content=\"2022-06-30T14:11:29+00:00\" \/>\n<meta property=\"article:modified_time\" content=\"2022-06-30T16:36:59+00:00\" \/>\n<meta property=\"og:image\" content=\"https:\/\/www.copealcoy.es\/wp-content\/uploads\/2022\/05\/1652961265945.jpg\" \/>\n\t<meta property=\"og:image:width\" content=\"976\" \/>\n\t<meta property=\"og:image:height\" content=\"547\" \/>\n\t<meta property=\"og:image:type\" content=\"image\/jpeg\" \/>\n<meta name=\"author\" content=\"Cope Alcoy\" \/>\n<meta name=\"twitter:label1\" content=\"Escrito por\" \/>\n\t<meta name=\"twitter:data1\" content=\"Cope Alcoy\" \/>\n\t<meta name=\"twitter:label2\" content=\"Tiempo de lectura\" \/>\n\t<meta name=\"twitter:data2\" content=\"1 minuto\" \/>\n<script type=\"application\/ld+json\" class=\"yoast-schema-graph\">{\"@context\":\"https:\\\/\\\/schema.org\",\"@graph\":[{\"@type\":\"Article\",\"@id\":\"https:\\\/\\\/www.copealcoy.es\\\/es\\\/los-casos-de-viruela-del-mono-se-elevan-a-17-en-la-comunitat-tras-confirmarse-nuevos-casos\\\/#article\",\"isPartOf\":{\"@id\":\"https:\\\/\\\/www.copealcoy.es\\\/es\\\/los-casos-de-viruela-del-mono-se-elevan-a-17-en-la-comunitat-tras-confirmarse-nuevos-casos\\\/\"},\"author\":{\"name\":\"Cope Alcoy\",\"@id\":\"https:\\\/\\\/www.copealcoy.es\\\/es\\\/#\\\/schema\\\/person\\\/e777c87fa024e57d40170af9df39882c\"},\"headline\":\"Los casos de viruela del mono se elevan a 17 en la Comunitat tras confirmarse nuevos casos\",\"datePublished\":\"2022-06-30T14:11:29+00:00\",\"dateModified\":\"2022-06-30T16:36:59+00:00\",\"mainEntityOfPage\":{\"@id\":\"https:\\\/\\\/www.copealcoy.es\\\/es\\\/los-casos-de-viruela-del-mono-se-elevan-a-17-en-la-comunitat-tras-confirmarse-nuevos-casos\\\/\"},\"wordCount\":150,\"commentCount\":0,\"image\":{\"@id\":\"https:\\\/\\\/www.copealcoy.es\\\/es\\\/los-casos-de-viruela-del-mono-se-elevan-a-17-en-la-comunitat-tras-confirmarse-nuevos-casos\\\/#primaryimage\"},\"thumbnailUrl\":\"https:\\\/\\\/www.copealcoy.es\\\/wp-content\\\/uploads\\\/2022\\\/05\\\/1652961265945.jpg\",\"keywords\":[\"Comunitat Valenciana\",\"Conselleria de Sanitat\",\"nuevos positivos\",\"viruela del mono\"],\"articleSection\":[\"Comarcas\",\"Noticias\"],\"inLanguage\":\"es\"},{\"@type\":\"WebPage\",\"@id\":\"https:\\\/\\\/www.copealcoy.es\\\/es\\\/los-casos-de-viruela-del-mono-se-elevan-a-17-en-la-comunitat-tras-confirmarse-nuevos-casos\\\/\",\"url\":\"https:\\\/\\\/www.copealcoy.es\\\/es\\\/los-casos-de-viruela-del-mono-se-elevan-a-17-en-la-comunitat-tras-confirmarse-nuevos-casos\\\/\",\"name\":\"Los casos de viruela del mono se elevan a 17 en la Comunitat tras confirmarse nuevos casos - COPE Alcoy\",\"isPartOf\":{\"@id\":\"https:\\\/\\\/www.copealcoy.es\\\/es\\\/#website\"},\"primaryImageOfPage\":{\"@id\":\"https:\\\/\\\/www.copealcoy.es\\\/es\\\/los-casos-de-viruela-del-mono-se-elevan-a-17-en-la-comunitat-tras-confirmarse-nuevos-casos\\\/#primaryimage\"},\"image\":{\"@id\":\"https:\\\/\\\/www.copealcoy.es\\\/es\\\/los-casos-de-viruela-del-mono-se-elevan-a-17-en-la-comunitat-tras-confirmarse-nuevos-casos\\\/#primaryimage\"},\"thumbnailUrl\":\"https:\\\/\\\/www.copealcoy.es\\\/wp-content\\\/uploads\\\/2022\\\/05\\\/1652961265945.jpg\",\"datePublished\":\"2022-06-30T14:11:29+00:00\",\"dateModified\":\"2022-06-30T16:36:59+00:00\",\"author\":{\"@id\":\"https:\\\/\\\/www.copealcoy.es\\\/es\\\/#\\\/schema\\\/person\\\/e777c87fa024e57d40170af9df39882c\"},\"breadcrumb\":{\"@id\":\"https:\\\/\\\/www.copealcoy.es\\\/es\\\/los-casos-de-viruela-del-mono-se-elevan-a-17-en-la-comunitat-tras-confirmarse-nuevos-casos\\\/#breadcrumb\"},\"inLanguage\":\"es\",\"potentialAction\":[{\"@type\":\"ReadAction\",\"target\":[\"https:\\\/\\\/www.copealcoy.es\\\/es\\\/los-casos-de-viruela-del-mono-se-elevan-a-17-en-la-comunitat-tras-confirmarse-nuevos-casos\\\/\"]}]},{\"@type\":\"ImageObject\",\"inLanguage\":\"es\",\"@id\":\"https:\\\/\\\/www.copealcoy.es\\\/es\\\/los-casos-de-viruela-del-mono-se-elevan-a-17-en-la-comunitat-tras-confirmarse-nuevos-casos\\\/#primaryimage\",\"url\":\"https:\\\/\\\/www.copealcoy.es\\\/wp-content\\\/uploads\\\/2022\\\/05\\\/1652961265945.jpg\",\"contentUrl\":\"https:\\\/\\\/www.copealcoy.es\\\/wp-content\\\/uploads\\\/2022\\\/05\\\/1652961265945.jpg\",\"width\":976,\"height\":547},{\"@type\":\"BreadcrumbList\",\"@id\":\"https:\\\/\\\/www.copealcoy.es\\\/es\\\/los-casos-de-viruela-del-mono-se-elevan-a-17-en-la-comunitat-tras-confirmarse-nuevos-casos\\\/#breadcrumb\",\"itemListElement\":[{\"@type\":\"ListItem\",\"position\":1,\"name\":\"Portada\",\"item\":\"https:\\\/\\\/www.copealcoy.es\\\/es\\\/\"},{\"@type\":\"ListItem\",\"position\":2,\"name\":\"Los casos de viruela del mono se elevan a 17 en la Comunitat tras confirmarse nuevos casos\"}]},{\"@type\":\"WebSite\",\"@id\":\"https:\\\/\\\/www.copealcoy.es\\\/es\\\/#website\",\"url\":\"https:\\\/\\\/www.copealcoy.es\\\/es\\\/\",\"name\":\"COPE Alcoy\",\"description\":\"Emisora COPE de radio local con emisi\u00f3n online. Pont de Sant Jordi 8-10 03803 Alcoy\",\"potentialAction\":[{\"@type\":\"SearchAction\",\"target\":{\"@type\":\"EntryPoint\",\"urlTemplate\":\"https:\\\/\\\/www.copealcoy.es\\\/es\\\/?s={search_term_string}\"},\"query-input\":{\"@type\":\"PropertyValueSpecification\",\"valueRequired\":true,\"valueName\":\"search_term_string\"}}],\"inLanguage\":\"es\"},{\"@type\":\"Person\",\"@id\":\"https:\\\/\\\/www.copealcoy.es\\\/es\\\/#\\\/schema\\\/person\\\/e777c87fa024e57d40170af9df39882c\",\"name\":\"Cope Alcoy\",\"image\":{\"@type\":\"ImageObject\",\"inLanguage\":\"es\",\"@id\":\"https:\\\/\\\/secure.gravatar.com\\\/avatar\\\/bb65d0283347e303893ba14f0692005417c1e0e690a325a4c5d8bb2b3943ee14?s=96&d=mm&r=g\",\"url\":\"https:\\\/\\\/secure.gravatar.com\\\/avatar\\\/bb65d0283347e303893ba14f0692005417c1e0e690a325a4c5d8bb2b3943ee14?s=96&d=mm&r=g\",\"contentUrl\":\"https:\\\/\\\/secure.gravatar.com\\\/avatar\\\/bb65d0283347e303893ba14f0692005417c1e0e690a325a4c5d8bb2b3943ee14?s=96&d=mm&r=g\",\"caption\":\"Cope Alcoy\"}}]}<\/script>\n<!-- \/ Yoast SEO plugin. -->","yoast_head_json":{"title":"Los casos de viruela del mono se elevan a 17 en la Comunitat tras confirmarse nuevos casos - COPE Alcoy","robots":{"index":"index","follow":"follow","max-snippet":"max-snippet:-1","max-image-preview":"max-image-preview:large","max-video-preview":"max-video-preview:-1"},"canonical":"https:\/\/www.copealcoy.es\/es\/los-casos-de-viruela-del-mono-se-elevan-a-17-en-la-comunitat-tras-confirmarse-nuevos-casos\/","og_locale":"es_ES","og_type":"article","og_title":"Los casos de viruela del mono se elevan a 17 en la Comunitat tras confirmarse nuevos casos - COPE Alcoy","og_description":"Los casos de monkeypox (viruela del mono) en la Comunitat Valenciana se han elevado a 17 tras confirmarse otros cinco...","og_url":"https:\/\/www.copealcoy.es\/es\/los-casos-de-viruela-del-mono-se-elevan-a-17-en-la-comunitat-tras-confirmarse-nuevos-casos\/","og_site_name":"COPE Alcoy","article_published_time":"2022-06-30T14:11:29+00:00","article_modified_time":"2022-06-30T16:36:59+00:00","og_image":[{"width":976,"height":547,"url":"https:\/\/www.copealcoy.es\/wp-content\/uploads\/2022\/05\/1652961265945.jpg","type":"image\/jpeg"}],"author":"Cope Alcoy","twitter_misc":{"Escrito por":"Cope Alcoy","Tiempo de lectura":"1 minuto"},"schema":{"@context":"https:\/\/schema.org","@graph":[{"@type":"Article","@id":"https:\/\/www.copealcoy.es\/es\/los-casos-de-viruela-del-mono-se-elevan-a-17-en-la-comunitat-tras-confirmarse-nuevos-casos\/#article","isPartOf":{"@id":"https:\/\/www.copealcoy.es\/es\/los-casos-de-viruela-del-mono-se-elevan-a-17-en-la-comunitat-tras-confirmarse-nuevos-casos\/"},"author":{"name":"Cope Alcoy","@id":"https:\/\/www.copealcoy.es\/es\/#\/schema\/person\/e777c87fa024e57d40170af9df39882c"},"headline":"Los casos de viruela del mono se elevan a 17 en la Comunitat tras confirmarse nuevos casos","datePublished":"2022-06-30T14:11:29+00:00","dateModified":"2022-06-30T16:36:59+00:00","mainEntityOfPage":{"@id":"https:\/\/www.copealcoy.es\/es\/los-casos-de-viruela-del-mono-se-elevan-a-17-en-la-comunitat-tras-confirmarse-nuevos-casos\/"},"wordCount":150,"commentCount":0,"image":{"@id":"https:\/\/www.copealcoy.es\/es\/los-casos-de-viruela-del-mono-se-elevan-a-17-en-la-comunitat-tras-confirmarse-nuevos-casos\/#primaryimage"},"thumbnailUrl":"https:\/\/www.copealcoy.es\/wp-content\/uploads\/2022\/05\/1652961265945.jpg","keywords":["Comunitat Valenciana","Conselleria de Sanitat","nuevos positivos","viruela del mono"],"articleSection":["Comarcas","Noticias"],"inLanguage":"es"},{"@type":"WebPage","@id":"https:\/\/www.copealcoy.es\/es\/los-casos-de-viruela-del-mono-se-elevan-a-17-en-la-comunitat-tras-confirmarse-nuevos-casos\/","url":"https:\/\/www.copealcoy.es\/es\/los-casos-de-viruela-del-mono-se-elevan-a-17-en-la-comunitat-tras-confirmarse-nuevos-casos\/","name":"Los casos de viruela del mono se elevan a 17 en la Comunitat tras confirmarse nuevos casos - COPE Alcoy","isPartOf":{"@id":"https:\/\/www.copealcoy.es\/es\/#website"},"primaryImageOfPage":{"@id":"https:\/\/www.copealcoy.es\/es\/los-casos-de-viruela-del-mono-se-elevan-a-17-en-la-comunitat-tras-confirmarse-nuevos-casos\/#primaryimage"},"image":{"@id":"https:\/\/www.copealcoy.es\/es\/los-casos-de-viruela-del-mono-se-elevan-a-17-en-la-comunitat-tras-confirmarse-nuevos-casos\/#primaryimage"},"thumbnailUrl":"https:\/\/www.copealcoy.es\/wp-content\/uploads\/2022\/05\/1652961265945.jpg","datePublished":"2022-06-30T14:11:29+00:00","dateModified":"2022-06-30T16:36:59+00:00","author":{"@id":"https:\/\/www.copealcoy.es\/es\/#\/schema\/person\/e777c87fa024e57d40170af9df39882c"},"breadcrumb":{"@id":"https:\/\/www.copealcoy.es\/es\/los-casos-de-viruela-del-mono-se-elevan-a-17-en-la-comunitat-tras-confirmarse-nuevos-casos\/#breadcrumb"},"inLanguage":"es","potentialAction":[{"@type":"ReadAction","target":["https:\/\/www.copealcoy.es\/es\/los-casos-de-viruela-del-mono-se-elevan-a-17-en-la-comunitat-tras-confirmarse-nuevos-casos\/"]}]},{"@type":"ImageObject","inLanguage":"es","@id":"https:\/\/www.copealcoy.es\/es\/los-casos-de-viruela-del-mono-se-elevan-a-17-en-la-comunitat-tras-confirmarse-nuevos-casos\/#primaryimage","url":"https:\/\/www.copealcoy.es\/wp-content\/uploads\/2022\/05\/1652961265945.jpg","contentUrl":"https:\/\/www.copealcoy.es\/wp-content\/uploads\/2022\/05\/1652961265945.jpg","width":976,"height":547},{"@type":"BreadcrumbList","@id":"https:\/\/www.copealcoy.es\/es\/los-casos-de-viruela-del-mono-se-elevan-a-17-en-la-comunitat-tras-confirmarse-nuevos-casos\/#breadcrumb","itemListElement":[{"@type":"ListItem","position":1,"name":"Portada","item":"https:\/\/www.copealcoy.es\/es\/"},{"@type":"ListItem","position":2,"name":"Los casos de viruela del mono se elevan a 17 en la Comunitat tras confirmarse nuevos casos"}]},{"@type":"WebSite","@id":"https:\/\/www.copealcoy.es\/es\/#website","url":"https:\/\/www.copealcoy.es\/es\/","name":"COPE Alcoy","description":"Emisora COPE de radio local con emisi\u00f3n online. Pont de Sant Jordi 8-10 03803 Alcoy","potentialAction":[{"@type":"SearchAction","target":{"@type":"EntryPoint","urlTemplate":"https:\/\/www.copealcoy.es\/es\/?s={search_term_string}"},"query-input":{"@type":"PropertyValueSpecification","valueRequired":true,"valueName":"search_term_string"}}],"inLanguage":"es"},{"@type":"Person","@id":"https:\/\/www.copealcoy.es\/es\/#\/schema\/person\/e777c87fa024e57d40170af9df39882c","name":"Cope Alcoy","image":{"@type":"ImageObject","inLanguage":"es","@id":"https:\/\/secure.gravatar.com\/avatar\/bb65d0283347e303893ba14f0692005417c1e0e690a325a4c5d8bb2b3943ee14?s=96&d=mm&r=g","url":"https:\/\/secure.gravatar.com\/avatar\/bb65d0283347e303893ba14f0692005417c1e0e690a325a4c5d8bb2b3943ee14?s=96&d=mm&r=g","contentUrl":"https:\/\/secure.gravatar.com\/avatar\/bb65d0283347e303893ba14f0692005417c1e0e690a325a4c5d8bb2b3943ee14?s=96&d=mm&r=g","caption":"Cope Alcoy"}}]}},"_links":{"self":[{"href":"https:\/\/www.copealcoy.es\/es\/wp-json\/wp\/v2\/posts\/89300","targetHints":{"allow":["GET"]}}],"collection":[{"href":"https:\/\/www.copealcoy.es\/es\/wp-json\/wp\/v2\/posts"}],"about":[{"href":"https:\/\/www.copealcoy.es\/es\/wp-json\/wp\/v2\/types\/post"}],"author":[{"embeddable":true,"href":"https:\/\/www.copealcoy.es\/es\/wp-json\/wp\/v2\/users\/1"}],"replies":[{"embeddable":true,"href":"https:\/\/www.copealcoy.es\/es\/wp-json\/wp\/v2\/comments?post=89300"}],"version-history":[{"count":0,"href":"https:\/\/www.copealcoy.es\/es\/wp-json\/wp\/v2\/posts\/89300\/revisions"}],"wp:featuredmedia":[{"embeddable":true,"href":"https:\/\/www.copealcoy.es\/es\/wp-json\/wp\/v2\/media\/87585"}],"wp:attachment":[{"href":"https:\/\/www.copealcoy.es\/es\/wp-json\/wp\/v2\/media?parent=89300"}],"wp:term":[{"taxonomy":"category","embeddable":true,"href":"https:\/\/www.copealcoy.es\/es\/wp-json\/wp\/v2\/categories?post=89300"},{"taxonomy":"post_tag","embeddable":true,"href":"https:\/\/www.copealcoy.es\/es\/wp-json\/wp\/v2\/tags?post=89300"}],"curies":[{"name":"wp","href":"https:\/\/api.w.org\/{rel}","templated":true}]}}