{"id":89126,"date":"2022-06-26T22:06:10","date_gmt":"2022-06-26T21:06:10","guid":{"rendered":"https:\/\/www.copealcoy.es\/?p=89126"},"modified":"2022-06-26T22:06:10","modified_gmt":"2022-06-26T21:06:10","slug":"sanidad-contratara-7-357-profesionales-para-reforzar-la-asistencia-sanitaria-este-verano","status":"publish","type":"post","link":"https:\/\/www.copealcoy.es\/es\/sanidad-contratara-7-357-profesionales-para-reforzar-la-asistencia-sanitaria-este-verano\/","title":{"rendered":"Sanidad contratar\u00e1 7.357 profesionales para reforzar la asistencia sanitaria este verano"},"content":{"rendered":"<p style=\"text-align: justify;\">La <strong>Conselleria de Sanidad Universal y Salud P\u00fablica<\/strong> destinar\u00e1 <strong>68,8 millones de euros al Plan de Vacaciones de Verano<\/strong>, unos fondos que se invertir\u00e1n <strong>tanto en contratos de sustituci\u00f3n para cubrir al personal sanitario<\/strong> que se encuentra de vacaciones, como al<strong> Plan de Refuerzo de Personal de los Centros de Atenci\u00f3n Primaria y Consultorios<\/strong> de las zonas de mayor afluencia tur\u00edstica, de forma que se garantice la cobertura asistencial en toda la Comunitat Valenciana durante los pr\u00f3ximos meses.<\/p>\n<p style=\"text-align: justify;\">Este programa de sustituciones y refuerzos con los que la Conselleria planifica y adapta sus recursos a las demandas asistenciales particulares del periodo estival <strong>incrementa este a\u00f1o en 5 millones de euros el presupuesto destinado al Plan de Vacaciones del a\u00f1o pasado<\/strong>, que ascendi\u00f3 a 64,9 millones de euros.<\/p>\n<p style=\"text-align: justify;\">El Conseller de Sanidad, <strong>Miguel M\u00ednguez<\/strong>, ha se\u00f1alado que \u201c<em>este incremento presupuestario muestra el gran esfuerzo que realiza la Conselleria de Sanidad para hacer compatibles las merecidas vacaciones del personal sanitario con poder ofrecer la mejor prestaci\u00f3n asistencial durante los meses de verano<\/em>\u201d.<\/p>\n<p style=\"text-align: justify;\">El Plan contempla <strong>la contrataci\u00f3n de 7.357 profesionales<\/strong>. De ellos, el 11,55% corresponden a personal facultativo, un 34,98% a enfermeras, el 23,34% son contrataciones a t\u00e9cnicos de cuidados y auxiliares de enfermer\u00eda, el 5,26% t\u00e9cnicos especialistas, el 12,53% celadores, 1,21% matronas, 0,91% fisioterapeutas y un 10,23% personal no sanitario.<\/p>\n<p style=\"text-align: justify;\"><span style=\"color: #0000ff;\"><strong>Refuerzo en 56 centros de atenci\u00f3n sanitaria de costa<\/strong><\/span><\/p>\n<p style=\"text-align: justify;\">Con el fin de mejorar la atenci\u00f3n sanitaria en zonas tur\u00edsticas de mayor afluencia, la Conselleria de Sanidad <strong>ha planificado acciones de refuerzo en 56 centros de atenci\u00f3n sanitaria en la costa<\/strong>, ya sea con la apertura de consultorios estivales o el incremento de personal en centros de salud o consultorios de playa.<\/p>\n<p style=\"text-align: justify;\">De esta forma, se aumentan los recursos asistenciales en las zonas de mayor incremento de poblaci\u00f3n seg\u00fan <strong>las necesidades asistenciales detectadas por los distintos departamentos de salud<\/strong>. En concreto, <strong>se abrir\u00e1n 21 consultorios auxiliares y se contratar\u00e1n profesionales de refuerzo en un total de 35 centros de salud situados en la costa<\/strong>.<\/p>\n<p style=\"text-align: justify;\">Indicar que <strong>en Alicante<\/strong> se potenciar\u00e1 la atenci\u00f3n sanitaria con la apertura de los consultorios en: Urbanova de Alicante, Santa Pola Casa del Mar, Santa Pola Playa Lisa. Adem\u00e1s, se va a reforzar la atenci\u00f3n con m\u00e1s trabajadores en los siguientes centros: cala Vila Joiosa, Rinc\u00f3n de Loix, Cala Finestrat, Altea, Foietes, Cala Benidorm, Tom\u00e1s Ortu\u00f1o, Almassera de Tonda, El Campello, Muchavista, Cabo Huertas, Playa de San Juan, Alicante Isla de Tabarca, Santa Pola Gran Alacant, Elche Los Arenales, Elche Marina, Altet, Santa Pola, Guardamar del Segura, La Loma, Orihuela y Pilar de la Horadada.<\/p>\n","protected":false},"excerpt":{"rendered":"<p>La Conselleria de Sanidad Universal y Salud P\u00fablica destinar\u00e1 68,8 millones de euros al Plan de Vacaciones de Verano, unos&#8230;<\/p>\n","protected":false},"author":1,"featured_media":62048,"comment_status":"open","ping_status":"open","sticky":false,"template":"","format":"standard","meta":{"footnotes":""},"categories":[6909,75,79],"tags":[639,4374,12887,2427,4735,1149],"class_list":["post-89126","post","type-post","status-publish","format-standard","has-post-thumbnail","hentry","category-actualidad","category-noticias","category-politicayeconomia","tag-comunidad-valenciana","tag-conselleria-de-sanidad","tag-hospitals","tag-personal","tag-refuerzo","tag-verano"],"yoast_head":"<!-- This site is optimized with the Yoast SEO plugin v27.3 - https:\/\/yoast.com\/product\/yoast-seo-wordpress\/ -->\n<title>Sanidad contratar\u00e1 7.357 profesionales para reforzar la asistencia sanitaria este verano - COPE Alcoy<\/title>\n<meta name=\"robots\" content=\"index, follow, max-snippet:-1, max-image-preview:large, max-video-preview:-1\" \/>\n<link rel=\"canonical\" href=\"https:\/\/www.copealcoy.es\/es\/sanidad-contratara-7-357-profesionales-para-reforzar-la-asistencia-sanitaria-este-verano\/\" \/>\n<meta property=\"og:locale\" content=\"es_ES\" \/>\n<meta property=\"og:type\" content=\"article\" \/>\n<meta property=\"og:title\" content=\"Sanidad contratar\u00e1 7.357 profesionales para reforzar la asistencia sanitaria este verano - COPE Alcoy\" \/>\n<meta property=\"og:description\" content=\"La Conselleria de Sanidad Universal y Salud P\u00fablica destinar\u00e1 68,8 millones de euros al Plan de Vacaciones de Verano, unos...\" \/>\n<meta property=\"og:url\" content=\"https:\/\/www.copealcoy.es\/es\/sanidad-contratara-7-357-profesionales-para-reforzar-la-asistencia-sanitaria-este-verano\/\" \/>\n<meta property=\"og:site_name\" content=\"COPE Alcoy\" \/>\n<meta property=\"article:published_time\" content=\"2022-06-26T21:06:10+00:00\" \/>\n<meta property=\"og:image\" content=\"https:\/\/www.copealcoy.es\/wp-content\/uploads\/2020\/04\/fotospropias20200416181807-1-1.jpg\" \/>\n\t<meta property=\"og:image:width\" content=\"1200\" \/>\n\t<meta property=\"og:image:height\" content=\"538\" \/>\n\t<meta property=\"og:image:type\" content=\"image\/jpeg\" \/>\n<meta name=\"author\" content=\"Cope Alcoy\" \/>\n<meta name=\"twitter:label1\" content=\"Escrito por\" \/>\n\t<meta name=\"twitter:data1\" content=\"Cope Alcoy\" \/>\n\t<meta name=\"twitter:label2\" content=\"Tiempo de lectura\" \/>\n\t<meta name=\"twitter:data2\" content=\"2 minutos\" \/>\n<script type=\"application\/ld+json\" class=\"yoast-schema-graph\">{\"@context\":\"https:\\\/\\\/schema.org\",\"@graph\":[{\"@type\":\"Article\",\"@id\":\"https:\\\/\\\/www.copealcoy.es\\\/es\\\/sanidad-contratara-7-357-profesionales-para-reforzar-la-asistencia-sanitaria-este-verano\\\/#article\",\"isPartOf\":{\"@id\":\"https:\\\/\\\/www.copealcoy.es\\\/es\\\/sanidad-contratara-7-357-profesionales-para-reforzar-la-asistencia-sanitaria-este-verano\\\/\"},\"author\":{\"name\":\"Cope Alcoy\",\"@id\":\"https:\\\/\\\/www.copealcoy.es\\\/es\\\/#\\\/schema\\\/person\\\/e777c87fa024e57d40170af9df39882c\"},\"headline\":\"Sanidad contratar\u00e1 7.357 profesionales para reforzar la asistencia sanitaria este verano\",\"datePublished\":\"2022-06-26T21:06:10+00:00\",\"mainEntityOfPage\":{\"@id\":\"https:\\\/\\\/www.copealcoy.es\\\/es\\\/sanidad-contratara-7-357-profesionales-para-reforzar-la-asistencia-sanitaria-este-verano\\\/\"},\"wordCount\":452,\"commentCount\":0,\"image\":{\"@id\":\"https:\\\/\\\/www.copealcoy.es\\\/es\\\/sanidad-contratara-7-357-profesionales-para-reforzar-la-asistencia-sanitaria-este-verano\\\/#primaryimage\"},\"thumbnailUrl\":\"https:\\\/\\\/www.copealcoy.es\\\/wp-content\\\/uploads\\\/2020\\\/04\\\/fotospropias20200416181807-1-1.jpg\",\"keywords\":[\"Comunidad Valenciana\",\"Conselleria de Sanidad\",\"hospitals\",\"Personal\",\"refuerzo\",\"Verano\"],\"articleSection\":[\"Actualidad\",\"Noticias\",\"Pol\u00edtica y Econom\u00eda\"],\"inLanguage\":\"es\"},{\"@type\":\"WebPage\",\"@id\":\"https:\\\/\\\/www.copealcoy.es\\\/es\\\/sanidad-contratara-7-357-profesionales-para-reforzar-la-asistencia-sanitaria-este-verano\\\/\",\"url\":\"https:\\\/\\\/www.copealcoy.es\\\/es\\\/sanidad-contratara-7-357-profesionales-para-reforzar-la-asistencia-sanitaria-este-verano\\\/\",\"name\":\"Sanidad contratar\u00e1 7.357 profesionales para reforzar la asistencia sanitaria este verano - COPE Alcoy\",\"isPartOf\":{\"@id\":\"https:\\\/\\\/www.copealcoy.es\\\/es\\\/#website\"},\"primaryImageOfPage\":{\"@id\":\"https:\\\/\\\/www.copealcoy.es\\\/es\\\/sanidad-contratara-7-357-profesionales-para-reforzar-la-asistencia-sanitaria-este-verano\\\/#primaryimage\"},\"image\":{\"@id\":\"https:\\\/\\\/www.copealcoy.es\\\/es\\\/sanidad-contratara-7-357-profesionales-para-reforzar-la-asistencia-sanitaria-este-verano\\\/#primaryimage\"},\"thumbnailUrl\":\"https:\\\/\\\/www.copealcoy.es\\\/wp-content\\\/uploads\\\/2020\\\/04\\\/fotospropias20200416181807-1-1.jpg\",\"datePublished\":\"2022-06-26T21:06:10+00:00\",\"author\":{\"@id\":\"https:\\\/\\\/www.copealcoy.es\\\/es\\\/#\\\/schema\\\/person\\\/e777c87fa024e57d40170af9df39882c\"},\"breadcrumb\":{\"@id\":\"https:\\\/\\\/www.copealcoy.es\\\/es\\\/sanidad-contratara-7-357-profesionales-para-reforzar-la-asistencia-sanitaria-este-verano\\\/#breadcrumb\"},\"inLanguage\":\"es\",\"potentialAction\":[{\"@type\":\"ReadAction\",\"target\":[\"https:\\\/\\\/www.copealcoy.es\\\/es\\\/sanidad-contratara-7-357-profesionales-para-reforzar-la-asistencia-sanitaria-este-verano\\\/\"]}]},{\"@type\":\"ImageObject\",\"inLanguage\":\"es\",\"@id\":\"https:\\\/\\\/www.copealcoy.es\\\/es\\\/sanidad-contratara-7-357-profesionales-para-reforzar-la-asistencia-sanitaria-este-verano\\\/#primaryimage\",\"url\":\"https:\\\/\\\/www.copealcoy.es\\\/wp-content\\\/uploads\\\/2020\\\/04\\\/fotospropias20200416181807-1-1.jpg\",\"contentUrl\":\"https:\\\/\\\/www.copealcoy.es\\\/wp-content\\\/uploads\\\/2020\\\/04\\\/fotospropias20200416181807-1-1.jpg\",\"width\":1200,\"height\":538},{\"@type\":\"BreadcrumbList\",\"@id\":\"https:\\\/\\\/www.copealcoy.es\\\/es\\\/sanidad-contratara-7-357-profesionales-para-reforzar-la-asistencia-sanitaria-este-verano\\\/#breadcrumb\",\"itemListElement\":[{\"@type\":\"ListItem\",\"position\":1,\"name\":\"Portada\",\"item\":\"https:\\\/\\\/www.copealcoy.es\\\/es\\\/\"},{\"@type\":\"ListItem\",\"position\":2,\"name\":\"Sanidad contratar\u00e1 7.357 profesionales para reforzar la asistencia sanitaria este verano\"}]},{\"@type\":\"WebSite\",\"@id\":\"https:\\\/\\\/www.copealcoy.es\\\/es\\\/#website\",\"url\":\"https:\\\/\\\/www.copealcoy.es\\\/es\\\/\",\"name\":\"COPE Alcoy\",\"description\":\"Emisora COPE de radio local con emisi\u00f3n online. Pont de Sant Jordi 8-10 03803 Alcoy\",\"potentialAction\":[{\"@type\":\"SearchAction\",\"target\":{\"@type\":\"EntryPoint\",\"urlTemplate\":\"https:\\\/\\\/www.copealcoy.es\\\/es\\\/?s={search_term_string}\"},\"query-input\":{\"@type\":\"PropertyValueSpecification\",\"valueRequired\":true,\"valueName\":\"search_term_string\"}}],\"inLanguage\":\"es\"},{\"@type\":\"Person\",\"@id\":\"https:\\\/\\\/www.copealcoy.es\\\/es\\\/#\\\/schema\\\/person\\\/e777c87fa024e57d40170af9df39882c\",\"name\":\"Cope Alcoy\",\"image\":{\"@type\":\"ImageObject\",\"inLanguage\":\"es\",\"@id\":\"https:\\\/\\\/secure.gravatar.com\\\/avatar\\\/bb65d0283347e303893ba14f0692005417c1e0e690a325a4c5d8bb2b3943ee14?s=96&d=mm&r=g\",\"url\":\"https:\\\/\\\/secure.gravatar.com\\\/avatar\\\/bb65d0283347e303893ba14f0692005417c1e0e690a325a4c5d8bb2b3943ee14?s=96&d=mm&r=g\",\"contentUrl\":\"https:\\\/\\\/secure.gravatar.com\\\/avatar\\\/bb65d0283347e303893ba14f0692005417c1e0e690a325a4c5d8bb2b3943ee14?s=96&d=mm&r=g\",\"caption\":\"Cope Alcoy\"}}]}<\/script>\n<!-- \/ Yoast SEO plugin. -->","yoast_head_json":{"title":"Sanidad contratar\u00e1 7.357 profesionales para reforzar la asistencia sanitaria este verano - COPE Alcoy","robots":{"index":"index","follow":"follow","max-snippet":"max-snippet:-1","max-image-preview":"max-image-preview:large","max-video-preview":"max-video-preview:-1"},"canonical":"https:\/\/www.copealcoy.es\/es\/sanidad-contratara-7-357-profesionales-para-reforzar-la-asistencia-sanitaria-este-verano\/","og_locale":"es_ES","og_type":"article","og_title":"Sanidad contratar\u00e1 7.357 profesionales para reforzar la asistencia sanitaria este verano - COPE Alcoy","og_description":"La Conselleria de Sanidad Universal y Salud P\u00fablica destinar\u00e1 68,8 millones de euros al Plan de Vacaciones de Verano, unos...","og_url":"https:\/\/www.copealcoy.es\/es\/sanidad-contratara-7-357-profesionales-para-reforzar-la-asistencia-sanitaria-este-verano\/","og_site_name":"COPE Alcoy","article_published_time":"2022-06-26T21:06:10+00:00","og_image":[{"width":1200,"height":538,"url":"https:\/\/www.copealcoy.es\/wp-content\/uploads\/2020\/04\/fotospropias20200416181807-1-1.jpg","type":"image\/jpeg"}],"author":"Cope Alcoy","twitter_misc":{"Escrito por":"Cope Alcoy","Tiempo de lectura":"2 minutos"},"schema":{"@context":"https:\/\/schema.org","@graph":[{"@type":"Article","@id":"https:\/\/www.copealcoy.es\/es\/sanidad-contratara-7-357-profesionales-para-reforzar-la-asistencia-sanitaria-este-verano\/#article","isPartOf":{"@id":"https:\/\/www.copealcoy.es\/es\/sanidad-contratara-7-357-profesionales-para-reforzar-la-asistencia-sanitaria-este-verano\/"},"author":{"name":"Cope Alcoy","@id":"https:\/\/www.copealcoy.es\/es\/#\/schema\/person\/e777c87fa024e57d40170af9df39882c"},"headline":"Sanidad contratar\u00e1 7.357 profesionales para reforzar la asistencia sanitaria este verano","datePublished":"2022-06-26T21:06:10+00:00","mainEntityOfPage":{"@id":"https:\/\/www.copealcoy.es\/es\/sanidad-contratara-7-357-profesionales-para-reforzar-la-asistencia-sanitaria-este-verano\/"},"wordCount":452,"commentCount":0,"image":{"@id":"https:\/\/www.copealcoy.es\/es\/sanidad-contratara-7-357-profesionales-para-reforzar-la-asistencia-sanitaria-este-verano\/#primaryimage"},"thumbnailUrl":"https:\/\/www.copealcoy.es\/wp-content\/uploads\/2020\/04\/fotospropias20200416181807-1-1.jpg","keywords":["Comunidad Valenciana","Conselleria de Sanidad","hospitals","Personal","refuerzo","Verano"],"articleSection":["Actualidad","Noticias","Pol\u00edtica y Econom\u00eda"],"inLanguage":"es"},{"@type":"WebPage","@id":"https:\/\/www.copealcoy.es\/es\/sanidad-contratara-7-357-profesionales-para-reforzar-la-asistencia-sanitaria-este-verano\/","url":"https:\/\/www.copealcoy.es\/es\/sanidad-contratara-7-357-profesionales-para-reforzar-la-asistencia-sanitaria-este-verano\/","name":"Sanidad contratar\u00e1 7.357 profesionales para reforzar la asistencia sanitaria este verano - COPE Alcoy","isPartOf":{"@id":"https:\/\/www.copealcoy.es\/es\/#website"},"primaryImageOfPage":{"@id":"https:\/\/www.copealcoy.es\/es\/sanidad-contratara-7-357-profesionales-para-reforzar-la-asistencia-sanitaria-este-verano\/#primaryimage"},"image":{"@id":"https:\/\/www.copealcoy.es\/es\/sanidad-contratara-7-357-profesionales-para-reforzar-la-asistencia-sanitaria-este-verano\/#primaryimage"},"thumbnailUrl":"https:\/\/www.copealcoy.es\/wp-content\/uploads\/2020\/04\/fotospropias20200416181807-1-1.jpg","datePublished":"2022-06-26T21:06:10+00:00","author":{"@id":"https:\/\/www.copealcoy.es\/es\/#\/schema\/person\/e777c87fa024e57d40170af9df39882c"},"breadcrumb":{"@id":"https:\/\/www.copealcoy.es\/es\/sanidad-contratara-7-357-profesionales-para-reforzar-la-asistencia-sanitaria-este-verano\/#breadcrumb"},"inLanguage":"es","potentialAction":[{"@type":"ReadAction","target":["https:\/\/www.copealcoy.es\/es\/sanidad-contratara-7-357-profesionales-para-reforzar-la-asistencia-sanitaria-este-verano\/"]}]},{"@type":"ImageObject","inLanguage":"es","@id":"https:\/\/www.copealcoy.es\/es\/sanidad-contratara-7-357-profesionales-para-reforzar-la-asistencia-sanitaria-este-verano\/#primaryimage","url":"https:\/\/www.copealcoy.es\/wp-content\/uploads\/2020\/04\/fotospropias20200416181807-1-1.jpg","contentUrl":"https:\/\/www.copealcoy.es\/wp-content\/uploads\/2020\/04\/fotospropias20200416181807-1-1.jpg","width":1200,"height":538},{"@type":"BreadcrumbList","@id":"https:\/\/www.copealcoy.es\/es\/sanidad-contratara-7-357-profesionales-para-reforzar-la-asistencia-sanitaria-este-verano\/#breadcrumb","itemListElement":[{"@type":"ListItem","position":1,"name":"Portada","item":"https:\/\/www.copealcoy.es\/es\/"},{"@type":"ListItem","position":2,"name":"Sanidad contratar\u00e1 7.357 profesionales para reforzar la asistencia sanitaria este verano"}]},{"@type":"WebSite","@id":"https:\/\/www.copealcoy.es\/es\/#website","url":"https:\/\/www.copealcoy.es\/es\/","name":"COPE Alcoy","description":"Emisora COPE de radio local con emisi\u00f3n online. Pont de Sant Jordi 8-10 03803 Alcoy","potentialAction":[{"@type":"SearchAction","target":{"@type":"EntryPoint","urlTemplate":"https:\/\/www.copealcoy.es\/es\/?s={search_term_string}"},"query-input":{"@type":"PropertyValueSpecification","valueRequired":true,"valueName":"search_term_string"}}],"inLanguage":"es"},{"@type":"Person","@id":"https:\/\/www.copealcoy.es\/es\/#\/schema\/person\/e777c87fa024e57d40170af9df39882c","name":"Cope Alcoy","image":{"@type":"ImageObject","inLanguage":"es","@id":"https:\/\/secure.gravatar.com\/avatar\/bb65d0283347e303893ba14f0692005417c1e0e690a325a4c5d8bb2b3943ee14?s=96&d=mm&r=g","url":"https:\/\/secure.gravatar.com\/avatar\/bb65d0283347e303893ba14f0692005417c1e0e690a325a4c5d8bb2b3943ee14?s=96&d=mm&r=g","contentUrl":"https:\/\/secure.gravatar.com\/avatar\/bb65d0283347e303893ba14f0692005417c1e0e690a325a4c5d8bb2b3943ee14?s=96&d=mm&r=g","caption":"Cope Alcoy"}}]}},"_links":{"self":[{"href":"https:\/\/www.copealcoy.es\/es\/wp-json\/wp\/v2\/posts\/89126","targetHints":{"allow":["GET"]}}],"collection":[{"href":"https:\/\/www.copealcoy.es\/es\/wp-json\/wp\/v2\/posts"}],"about":[{"href":"https:\/\/www.copealcoy.es\/es\/wp-json\/wp\/v2\/types\/post"}],"author":[{"embeddable":true,"href":"https:\/\/www.copealcoy.es\/es\/wp-json\/wp\/v2\/users\/1"}],"replies":[{"embeddable":true,"href":"https:\/\/www.copealcoy.es\/es\/wp-json\/wp\/v2\/comments?post=89126"}],"version-history":[{"count":0,"href":"https:\/\/www.copealcoy.es\/es\/wp-json\/wp\/v2\/posts\/89126\/revisions"}],"wp:featuredmedia":[{"embeddable":true,"href":"https:\/\/www.copealcoy.es\/es\/wp-json\/wp\/v2\/media\/62048"}],"wp:attachment":[{"href":"https:\/\/www.copealcoy.es\/es\/wp-json\/wp\/v2\/media?parent=89126"}],"wp:term":[{"taxonomy":"category","embeddable":true,"href":"https:\/\/www.copealcoy.es\/es\/wp-json\/wp\/v2\/categories?post=89126"},{"taxonomy":"post_tag","embeddable":true,"href":"https:\/\/www.copealcoy.es\/es\/wp-json\/wp\/v2\/tags?post=89126"}],"curies":[{"name":"wp","href":"https:\/\/api.w.org\/{rel}","templated":true}]}}