{"id":89100,"date":"2022-06-25T22:25:31","date_gmt":"2022-06-25T21:25:31","guid":{"rendered":"https:\/\/www.copealcoy.es\/?p=89100"},"modified":"2022-06-26T17:30:53","modified_gmt":"2022-06-26T16:30:53","slug":"apoteosico-regreso-de-la-festa-de-cocentaina-con-la-publicacio","status":"publish","type":"post","link":"https:\/\/www.copealcoy.es\/es\/apoteosico-regreso-de-la-festa-de-cocentaina-con-la-publicacio\/","title":{"rendered":"Apote\u00f3sico regreso de la Festa de Cocentaina con La Publicaci\u00f3"},"content":{"rendered":"<p style=\"text-align: justify;\">Cocentaina proclam\u00f3 ayer s\u00e1bado 25 de junio <strong>la esperada llegada de sus Fiestas de Moros y Cristianos en honor a San Hip\u00f3lito M\u00e1rtir<\/strong>, unos festejos que <strong>recuperan su formato habitual<\/strong> volviendo a la calle con normalidad<strong> tras dos a\u00f1os de ausencia a causa de la crisis sanitaria del Coronavirus<\/strong>. La Publicaci\u00f3, el acto que pregona la trilog\u00eda festera de agosto, <strong>se desarroll\u00f3 con temperaturas que rozaban los treinta grados a media tarde<\/strong> as\u00ed como <strong>ante numeroso p\u00fablico<\/strong> que se entreg\u00f3 por completo a aplaudir a los protagonistas del desfile.<\/p>\n<p style=\"text-align: justify;\">La singular ceremonia comenz\u00f3 en la Plaza de la Vila poco antes de las siete de la tarde con <strong>el recibimiento de los publicadores<\/strong>, adultos e infantiles, de las 16 filaes contestanas. A las 19:00h enmudeci\u00f3 la plaza en el instante en el que Don Javier Sanchiz, p\u00e1rroco del Salvador, <strong>rezaba el \u00c1ngelus en recuerdo tambi\u00e9n de los festeros difuntos<\/strong>. Despu\u00e9s la alcaldesa de la Villa Condal, Mireia Estepa, <strong>dio permiso simb\u00f3lico al Presidente de la Junta de Festes<\/strong>, Juan Francisco Masanet; para que la entidad sea la que de nuevo <strong>asuma la organizaci\u00f3n de las celebraciones<\/strong>. Tras el ritual protocolario <strong>la Uni\u00f3n Musical Contestana interpret\u00f3 el Himno de Fiestas<\/strong>, con letra de Gerard Mur i P\u00e9rez as\u00ed como m\u00fasica de Jos\u00e9 Insa Mart\u00ednez, y <strong>se soltaron unas palomas<\/strong> en recuerdo a las v\u00edctimas de la pandemia simbolizando tambi\u00e9n que <strong>la vida sigue pese a las vicisitudes surgidas en los \u00faltimos tres a\u00f1os<\/strong>.<\/p>\n<audio class=\"wp-audio-shortcode\" id=\"audio-89100-1\" preload=\"none\" style=\"width: 100%;\" controls=\"controls\"><source type=\"audio\/mpeg\" src=\"https:\/\/www.copealcoy.es\/wp-content\/uploads\/2022\/06\/Permiso-Fiestas.mp3?_=1\" \/><a href=\"https:\/\/www.copealcoy.es\/wp-content\/uploads\/2022\/06\/Permiso-Fiestas.mp3\">https:\/\/www.copealcoy.es\/wp-content\/uploads\/2022\/06\/Permiso-Fiestas.mp3<\/a><\/audio>\n<p>&nbsp;<\/p>\n<p style=\"text-align: justify;\">Tras esto, <strong>la Colla de Dol\u00e7aines i Tabals Mal Passet<\/strong>, interpretando\u00a0<em>Sant i Faener\u00a0<\/em>de Francisco Valor, abri\u00f3 el desfile dando paso despu\u00e9s a los publicadores. Los primeros en recorrer las calles de la Villa Condal <strong>fueron los cristianos<\/strong> y en este caso <strong>Graciela Llorens<\/strong> estuvo al frente como formadora de la Fil\u00e0 Contrabandistas por ser esta formaci\u00f3n la que ostenta la capitan\u00eda de las tropas de la cruz. El pasodoble <em>Peluca Capit\u00e0, <\/em>de Santi Revert, son\u00f3 con fuerza acompa\u00f1ando el acto bajo los acordes del <strong>Ateneu Musical<\/strong>. La propia Graciela Llorens afirmaba a COPE ALCOY <strong>sentirse totalmente emocionada<\/strong>:<\/p>\n<audio class=\"wp-audio-shortcode\" id=\"audio-89100-2\" preload=\"none\" style=\"width: 100%;\" controls=\"controls\"><source type=\"audio\/mpeg\" src=\"https:\/\/www.copealcoy.es\/wp-content\/uploads\/2022\/06\/Graciela.mp3?_=2\" \/><a href=\"https:\/\/www.copealcoy.es\/wp-content\/uploads\/2022\/06\/Graciela.mp3\">https:\/\/www.copealcoy.es\/wp-content\/uploads\/2022\/06\/Graciela.mp3<\/a><\/audio>\n<p>&nbsp;<\/p>\n<p style=\"text-align: justify;\">Seguidamente iniciaron su desfile los moros <strong>encabezados por Miguel Palac\u00ed<\/strong> como formador de <strong>los Bequeteros<\/strong> debido a que esta Fil\u00e0 es la que asume la capitan\u00eda de las tropas moras en 2022. La <strong>Uni\u00f3n Musical Contestana<\/strong> les acompa\u00f1\u00f3 en el m\u00e1gico instante de &#8220;la arranc\u00e0&#8221; haciendo sonar finalmente la pieza <em>Bohemios del 29<\/em> del recordado Jos\u00e9 P\u00e9rez Vilaplana. Tambi\u00e9n Miguel Palac\u00ed describ\u00eda en COPE ALCOY <strong>las sensaciones vividas<\/strong>:<\/p>\n<audio class=\"wp-audio-shortcode\" id=\"audio-89100-3\" preload=\"none\" style=\"width: 100%;\" controls=\"controls\"><source type=\"audio\/mpeg\" src=\"https:\/\/www.copealcoy.es\/wp-content\/uploads\/2022\/06\/Miguel.mp3?_=3\" \/><a href=\"https:\/\/www.copealcoy.es\/wp-content\/uploads\/2022\/06\/Miguel.mp3\">https:\/\/www.copealcoy.es\/wp-content\/uploads\/2022\/06\/Miguel.mp3<\/a><\/audio>\n<p>&nbsp;<\/p>\n<p style=\"text-align: justify;\">La Publicaci\u00f3 avanz\u00f3 con <strong>el paso de los m\u00e1s peque\u00f1os<\/strong>, los cuales i<strong>niciaron el trayecto acompa\u00f1ados de la Uni\u00f3n Musical de Llutxent<\/strong> y el cl\u00e1sico <em>Paquito El Chocolatero\u00a0<\/em>del compositor contestano Gustavo Pascual Falc\u00f3. <strong>Isabel Jord\u00e0<\/strong> de los Contrabandistas y <strong>Luc\u00eda Agull\u00f3<\/strong> guiaron como formadoras a sus respectivas escuadras y lo hicieron tambi\u00e9n <strong>muy contentas de poder disfrutar de un instante que ven\u00edan esperando desde 2020<\/strong>:<\/p>\n<audio class=\"wp-audio-shortcode\" id=\"audio-89100-4\" preload=\"none\" style=\"width: 100%;\" controls=\"controls\"><source type=\"audio\/mpeg\" src=\"https:\/\/www.copealcoy.es\/wp-content\/uploads\/2022\/06\/Formadoras-Infantiles.mp3?_=4\" \/><a href=\"https:\/\/www.copealcoy.es\/wp-content\/uploads\/2022\/06\/Formadoras-Infantiles.mp3\">https:\/\/www.copealcoy.es\/wp-content\/uploads\/2022\/06\/Formadoras-Infantiles.mp3<\/a><\/audio>\n<p>&nbsp;<\/p>\n<p style=\"text-align: justify;\">Indicar que los publicadores infantiles <strong>acudieron al Monumento a San Hip\u00f3lito M\u00e1rtir para realizar una ofrenda floral al patr\u00f3n<\/strong>. Despu\u00e9s, pasadas las ocho de la tarde, mayores e infantes, <strong>confluyeron en la parte alta del Passeig del Comtat y desde ah\u00ed desfilaron hasta la Plaza Alcalde Reig<\/strong> donde delante de la escultura del patr\u00f3n finaliz\u00f3 La Publicaci\u00f3. <strong>Mireia Estepa<\/strong> (alcaldesa de Cocentaina), <strong>Octavio Cerd\u00e0<\/strong> (Concejal de Fiestas) y <strong>Juan Francisco Masanet<\/strong> (Presidente de la Junta de Festes) hac\u00edan <strong>un balance m\u00e1s que positivo<\/strong> del regreso de la Festa a la calle:<\/p>\n<audio class=\"wp-audio-shortcode\" id=\"audio-89100-5\" preload=\"none\" style=\"width: 100%;\" controls=\"controls\"><source type=\"audio\/mpeg\" src=\"https:\/\/www.copealcoy.es\/wp-content\/uploads\/2022\/06\/Mireia.mp3?_=5\" \/><a href=\"https:\/\/www.copealcoy.es\/wp-content\/uploads\/2022\/06\/Mireia.mp3\">https:\/\/www.copealcoy.es\/wp-content\/uploads\/2022\/06\/Mireia.mp3<\/a><\/audio>\n<audio class=\"wp-audio-shortcode\" id=\"audio-89100-6\" preload=\"none\" style=\"width: 100%;\" controls=\"controls\"><source type=\"audio\/mpeg\" src=\"https:\/\/www.copealcoy.es\/wp-content\/uploads\/2022\/06\/Octavio.mp3?_=6\" \/><a href=\"https:\/\/www.copealcoy.es\/wp-content\/uploads\/2022\/06\/Octavio.mp3\">https:\/\/www.copealcoy.es\/wp-content\/uploads\/2022\/06\/Octavio.mp3<\/a><\/audio>\n<audio class=\"wp-audio-shortcode\" id=\"audio-89100-7\" preload=\"none\" style=\"width: 100%;\" controls=\"controls\"><source type=\"audio\/mpeg\" src=\"https:\/\/www.copealcoy.es\/wp-content\/uploads\/2022\/06\/Juan-Francisco-Masanet.mp3?_=7\" \/><a href=\"https:\/\/www.copealcoy.es\/wp-content\/uploads\/2022\/06\/Juan-Francisco-Masanet.mp3\">https:\/\/www.copealcoy.es\/wp-content\/uploads\/2022\/06\/Juan-Francisco-Masanet.mp3<\/a><\/audio>\n<p>&nbsp;<\/p>\n<p style=\"text-align: justify;\">La intensa jornada festera sigui\u00f3 a las 23:00h con <strong>el inicio de las &#8220;Voltetes&#8221;<\/strong>, tambi\u00e9n desde lo alto del Passeig, y concluy\u00f3 con <strong>la actuaci\u00f3n de la Orquesta Tit\u00e0nic<\/strong> en el recinto ferial.<\/p>\n<div id='gallery-1' class='gallery galleryid-89100 gallery-columns-2 gallery-size-large'><figure class='gallery-item'>\n\t\t\t<div class='gallery-icon landscape'>\n\t\t\t\t<a href='https:\/\/www.copealcoy.es\/es\/apoteosico-regreso-de-la-festa-de-cocentaina-con-la-publicacio\/img-7698\/'><img loading=\"lazy\" decoding=\"async\" width=\"980\" height=\"588\" src=\"https:\/\/www.copealcoy.es\/wp-content\/uploads\/2022\/06\/IMG-7698-980x588.jpg\" class=\"attachment-large size-large\" alt=\"\" aria-describedby=\"gallery-1-89115\" \/><\/a>\n\t\t\t<\/div>\n\t\t\t\t<figcaption class='wp-caption-text gallery-caption' id='gallery-1-89115'>\n\t\t\t\tPublicaci\u00f3 Cocentaina 2022\n\t\t\t\t<\/figcaption><\/figure><figure class='gallery-item'>\n\t\t\t<div class='gallery-icon landscape'>\n\t\t\t\t<a href='https:\/\/www.copealcoy.es\/es\/apoteosico-regreso-de-la-festa-de-cocentaina-con-la-publicacio\/img-7703\/'><img loading=\"lazy\" decoding=\"async\" width=\"980\" height=\"588\" src=\"https:\/\/www.copealcoy.es\/wp-content\/uploads\/2022\/06\/IMG-7703-980x588.jpg\" class=\"attachment-large size-large\" alt=\"\" aria-describedby=\"gallery-1-89103\" \/><\/a>\n\t\t\t<\/div>\n\t\t\t\t<figcaption class='wp-caption-text gallery-caption' id='gallery-1-89103'>\n\t\t\t\tPublicaci\u00f3 Cocentaina 2022\n\t\t\t\t<\/figcaption><\/figure><figure class='gallery-item'>\n\t\t\t<div class='gallery-icon landscape'>\n\t\t\t\t<a href='https:\/\/www.copealcoy.es\/es\/apoteosico-regreso-de-la-festa-de-cocentaina-con-la-publicacio\/img-7661\/'><img loading=\"lazy\" decoding=\"async\" width=\"980\" height=\"588\" src=\"https:\/\/www.copealcoy.es\/wp-content\/uploads\/2022\/06\/IMG-7661-980x588.jpg\" class=\"attachment-large size-large\" alt=\"\" aria-describedby=\"gallery-1-89114\" \/><\/a>\n\t\t\t<\/div>\n\t\t\t\t<figcaption class='wp-caption-text gallery-caption' id='gallery-1-89114'>\n\t\t\t\tPublicaci\u00f3 Cocentaina 2022\n\t\t\t\t<\/figcaption><\/figure><figure class='gallery-item'>\n\t\t\t<div class='gallery-icon landscape'>\n\t\t\t\t<a href='https:\/\/www.copealcoy.es\/es\/apoteosico-regreso-de-la-festa-de-cocentaina-con-la-publicacio\/img-7674\/'><img loading=\"lazy\" decoding=\"async\" width=\"980\" height=\"588\" src=\"https:\/\/www.copealcoy.es\/wp-content\/uploads\/2022\/06\/IMG-7674-980x588.jpg\" class=\"attachment-large size-large\" alt=\"\" aria-describedby=\"gallery-1-89117\" \/><\/a>\n\t\t\t<\/div>\n\t\t\t\t<figcaption class='wp-caption-text gallery-caption' id='gallery-1-89117'>\n\t\t\t\tPublicaci\u00f3 Cocentaina 2022\n\t\t\t\t<\/figcaption><\/figure><figure class='gallery-item'>\n\t\t\t<div class='gallery-icon landscape'>\n\t\t\t\t<a href='https:\/\/www.copealcoy.es\/es\/apoteosico-regreso-de-la-festa-de-cocentaina-con-la-publicacio\/img-7676\/'><img loading=\"lazy\" decoding=\"async\" width=\"980\" height=\"588\" src=\"https:\/\/www.copealcoy.es\/wp-content\/uploads\/2022\/06\/IMG-7676-980x588.jpg\" class=\"attachment-large size-large\" alt=\"\" aria-describedby=\"gallery-1-89116\" \/><\/a>\n\t\t\t<\/div>\n\t\t\t\t<figcaption class='wp-caption-text gallery-caption' id='gallery-1-89116'>\n\t\t\t\tPublicaci\u00f3 Cocentaina 2022\n\t\t\t\t<\/figcaption><\/figure><figure class='gallery-item'>\n\t\t\t<div class='gallery-icon portrait'>\n\t\t\t\t<a href='https:\/\/www.copealcoy.es\/es\/apoteosico-regreso-de-la-festa-de-cocentaina-con-la-publicacio\/289922170_425260589467601_4839822589041874760_n\/'><img loading=\"lazy\" decoding=\"async\" width=\"980\" height=\"588\" src=\"https:\/\/www.copealcoy.es\/wp-content\/uploads\/2022\/06\/289922170_425260589467601_4839822589041874760_n-980x588.jpg\" class=\"attachment-large size-large\" alt=\"\" aria-describedby=\"gallery-1-89121\" \/><\/a>\n\t\t\t<\/div>\n\t\t\t\t<figcaption class='wp-caption-text gallery-caption' id='gallery-1-89121'>\n\t\t\t\tPublicaci\u00f3 Cocentaina 2022 (Foto Paco Sempere)\n\t\t\t\t<\/figcaption><\/figure>\n\t\t<\/div>\n\n<p>&nbsp;<\/p>\n","protected":false},"excerpt":{"rendered":"<p>Cocentaina proclam\u00f3 ayer s\u00e1bado 25 de junio la esperada llegada de sus Fiestas de Moros y Cristianos en honor a&#8230;<\/p>\n","protected":false},"author":1,"featured_media":89103,"comment_status":"open","ping_status":"open","sticky":false,"template":"","format":"standard","meta":{"footnotes":""},"categories":[6909,98,75,125],"tags":[132,497,609,1220,12886,4488],"class_list":["post-89100","post","type-post","status-publish","format-standard","has-post-thumbnail","hentry","category-actualidad","category-comarcas","category-noticias","category-portada","tag-cocentaina","tag-desfile","tag-moros-y-cristianos","tag-publicacio","tag-publicadores-infantiles","tag-san-hipolito-martir"],"yoast_head":"<!-- This site is optimized with the Yoast SEO plugin v27.3 - https:\/\/yoast.com\/product\/yoast-seo-wordpress\/ -->\n<title>Apote\u00f3sico regreso de la Festa de Cocentaina con La Publicaci\u00f3 - COPE Alcoy<\/title>\n<meta name=\"robots\" content=\"index, follow, max-snippet:-1, max-image-preview:large, max-video-preview:-1\" \/>\n<link rel=\"canonical\" href=\"https:\/\/www.copealcoy.es\/es\/apoteosico-regreso-de-la-festa-de-cocentaina-con-la-publicacio\/\" \/>\n<meta property=\"og:locale\" content=\"es_ES\" \/>\n<meta property=\"og:type\" content=\"article\" \/>\n<meta property=\"og:title\" content=\"Apote\u00f3sico regreso de la Festa de Cocentaina con La Publicaci\u00f3 - COPE Alcoy\" \/>\n<meta property=\"og:description\" content=\"Cocentaina proclam\u00f3 ayer s\u00e1bado 25 de junio la esperada llegada de sus Fiestas de Moros y Cristianos en honor a...\" \/>\n<meta property=\"og:url\" content=\"https:\/\/www.copealcoy.es\/es\/apoteosico-regreso-de-la-festa-de-cocentaina-con-la-publicacio\/\" \/>\n<meta property=\"og:site_name\" content=\"COPE Alcoy\" \/>\n<meta property=\"article:published_time\" content=\"2022-06-25T21:25:31+00:00\" \/>\n<meta property=\"article:modified_time\" content=\"2022-06-26T16:30:53+00:00\" \/>\n<meta property=\"og:image\" content=\"https:\/\/www.copealcoy.es\/wp-content\/uploads\/2022\/06\/IMG-7703-scaled-e1656196793116.jpg\" \/>\n\t<meta property=\"og:image:width\" content=\"640\" \/>\n\t<meta property=\"og:image:height\" content=\"366\" \/>\n\t<meta property=\"og:image:type\" content=\"image\/jpeg\" \/>\n<meta name=\"author\" content=\"Cope Alcoy\" \/>\n<meta name=\"twitter:label1\" content=\"Escrito por\" \/>\n\t<meta name=\"twitter:data1\" content=\"Cope Alcoy\" \/>\n\t<meta name=\"twitter:label2\" content=\"Tiempo de lectura\" \/>\n\t<meta name=\"twitter:data2\" content=\"3 minutos\" \/>\n<script type=\"application\/ld+json\" class=\"yoast-schema-graph\">{\"@context\":\"https:\\\/\\\/schema.org\",\"@graph\":[{\"@type\":\"Article\",\"@id\":\"https:\\\/\\\/www.copealcoy.es\\\/es\\\/apoteosico-regreso-de-la-festa-de-cocentaina-con-la-publicacio\\\/#article\",\"isPartOf\":{\"@id\":\"https:\\\/\\\/www.copealcoy.es\\\/es\\\/apoteosico-regreso-de-la-festa-de-cocentaina-con-la-publicacio\\\/\"},\"author\":{\"name\":\"Cope Alcoy\",\"@id\":\"https:\\\/\\\/www.copealcoy.es\\\/es\\\/#\\\/schema\\\/person\\\/e777c87fa024e57d40170af9df39882c\"},\"headline\":\"Apote\u00f3sico regreso de la Festa de Cocentaina con La Publicaci\u00f3\",\"datePublished\":\"2022-06-25T21:25:31+00:00\",\"dateModified\":\"2022-06-26T16:30:53+00:00\",\"mainEntityOfPage\":{\"@id\":\"https:\\\/\\\/www.copealcoy.es\\\/es\\\/apoteosico-regreso-de-la-festa-de-cocentaina-con-la-publicacio\\\/\"},\"wordCount\":740,\"commentCount\":0,\"image\":{\"@id\":\"https:\\\/\\\/www.copealcoy.es\\\/es\\\/apoteosico-regreso-de-la-festa-de-cocentaina-con-la-publicacio\\\/#primaryimage\"},\"thumbnailUrl\":\"https:\\\/\\\/www.copealcoy.es\\\/wp-content\\\/uploads\\\/2022\\\/06\\\/IMG-7703-scaled-e1656196793116.jpg\",\"keywords\":[\"Cocentaina\",\"Desfile\",\"Moros Y Cristianos\",\"Publicaci\u00f3\",\"publicadores infantiles\",\"San Hip\u00f3lito M\u00e1rtir\"],\"articleSection\":[\"Actualidad\",\"Comarcas\",\"Noticias\",\"Portada\"],\"inLanguage\":\"es\"},{\"@type\":\"WebPage\",\"@id\":\"https:\\\/\\\/www.copealcoy.es\\\/es\\\/apoteosico-regreso-de-la-festa-de-cocentaina-con-la-publicacio\\\/\",\"url\":\"https:\\\/\\\/www.copealcoy.es\\\/es\\\/apoteosico-regreso-de-la-festa-de-cocentaina-con-la-publicacio\\\/\",\"name\":\"Apote\u00f3sico regreso de la Festa de Cocentaina con La Publicaci\u00f3 - COPE Alcoy\",\"isPartOf\":{\"@id\":\"https:\\\/\\\/www.copealcoy.es\\\/es\\\/#website\"},\"primaryImageOfPage\":{\"@id\":\"https:\\\/\\\/www.copealcoy.es\\\/es\\\/apoteosico-regreso-de-la-festa-de-cocentaina-con-la-publicacio\\\/#primaryimage\"},\"image\":{\"@id\":\"https:\\\/\\\/www.copealcoy.es\\\/es\\\/apoteosico-regreso-de-la-festa-de-cocentaina-con-la-publicacio\\\/#primaryimage\"},\"thumbnailUrl\":\"https:\\\/\\\/www.copealcoy.es\\\/wp-content\\\/uploads\\\/2022\\\/06\\\/IMG-7703-scaled-e1656196793116.jpg\",\"datePublished\":\"2022-06-25T21:25:31+00:00\",\"dateModified\":\"2022-06-26T16:30:53+00:00\",\"author\":{\"@id\":\"https:\\\/\\\/www.copealcoy.es\\\/es\\\/#\\\/schema\\\/person\\\/e777c87fa024e57d40170af9df39882c\"},\"breadcrumb\":{\"@id\":\"https:\\\/\\\/www.copealcoy.es\\\/es\\\/apoteosico-regreso-de-la-festa-de-cocentaina-con-la-publicacio\\\/#breadcrumb\"},\"inLanguage\":\"es\",\"potentialAction\":[{\"@type\":\"ReadAction\",\"target\":[\"https:\\\/\\\/www.copealcoy.es\\\/es\\\/apoteosico-regreso-de-la-festa-de-cocentaina-con-la-publicacio\\\/\"]}]},{\"@type\":\"ImageObject\",\"inLanguage\":\"es\",\"@id\":\"https:\\\/\\\/www.copealcoy.es\\\/es\\\/apoteosico-regreso-de-la-festa-de-cocentaina-con-la-publicacio\\\/#primaryimage\",\"url\":\"https:\\\/\\\/www.copealcoy.es\\\/wp-content\\\/uploads\\\/2022\\\/06\\\/IMG-7703-scaled-e1656196793116.jpg\",\"contentUrl\":\"https:\\\/\\\/www.copealcoy.es\\\/wp-content\\\/uploads\\\/2022\\\/06\\\/IMG-7703-scaled-e1656196793116.jpg\",\"width\":640,\"height\":366,\"caption\":\"Publicaci\u00f3 Cocentaina 2022\"},{\"@type\":\"BreadcrumbList\",\"@id\":\"https:\\\/\\\/www.copealcoy.es\\\/es\\\/apoteosico-regreso-de-la-festa-de-cocentaina-con-la-publicacio\\\/#breadcrumb\",\"itemListElement\":[{\"@type\":\"ListItem\",\"position\":1,\"name\":\"Portada\",\"item\":\"https:\\\/\\\/www.copealcoy.es\\\/es\\\/\"},{\"@type\":\"ListItem\",\"position\":2,\"name\":\"Apote\u00f3sico regreso de la Festa de Cocentaina con La Publicaci\u00f3\"}]},{\"@type\":\"WebSite\",\"@id\":\"https:\\\/\\\/www.copealcoy.es\\\/es\\\/#website\",\"url\":\"https:\\\/\\\/www.copealcoy.es\\\/es\\\/\",\"name\":\"COPE Alcoy\",\"description\":\"Emisora COPE de radio local con emisi\u00f3n online. Pont de Sant Jordi 8-10 03803 Alcoy\",\"potentialAction\":[{\"@type\":\"SearchAction\",\"target\":{\"@type\":\"EntryPoint\",\"urlTemplate\":\"https:\\\/\\\/www.copealcoy.es\\\/es\\\/?s={search_term_string}\"},\"query-input\":{\"@type\":\"PropertyValueSpecification\",\"valueRequired\":true,\"valueName\":\"search_term_string\"}}],\"inLanguage\":\"es\"},{\"@type\":\"Person\",\"@id\":\"https:\\\/\\\/www.copealcoy.es\\\/es\\\/#\\\/schema\\\/person\\\/e777c87fa024e57d40170af9df39882c\",\"name\":\"Cope Alcoy\",\"image\":{\"@type\":\"ImageObject\",\"inLanguage\":\"es\",\"@id\":\"https:\\\/\\\/secure.gravatar.com\\\/avatar\\\/bb65d0283347e303893ba14f0692005417c1e0e690a325a4c5d8bb2b3943ee14?s=96&d=mm&r=g\",\"url\":\"https:\\\/\\\/secure.gravatar.com\\\/avatar\\\/bb65d0283347e303893ba14f0692005417c1e0e690a325a4c5d8bb2b3943ee14?s=96&d=mm&r=g\",\"contentUrl\":\"https:\\\/\\\/secure.gravatar.com\\\/avatar\\\/bb65d0283347e303893ba14f0692005417c1e0e690a325a4c5d8bb2b3943ee14?s=96&d=mm&r=g\",\"caption\":\"Cope Alcoy\"}}]}<\/script>\n<!-- \/ Yoast SEO plugin. -->","yoast_head_json":{"title":"Apote\u00f3sico regreso de la Festa de Cocentaina con La Publicaci\u00f3 - COPE Alcoy","robots":{"index":"index","follow":"follow","max-snippet":"max-snippet:-1","max-image-preview":"max-image-preview:large","max-video-preview":"max-video-preview:-1"},"canonical":"https:\/\/www.copealcoy.es\/es\/apoteosico-regreso-de-la-festa-de-cocentaina-con-la-publicacio\/","og_locale":"es_ES","og_type":"article","og_title":"Apote\u00f3sico regreso de la Festa de Cocentaina con La Publicaci\u00f3 - COPE Alcoy","og_description":"Cocentaina proclam\u00f3 ayer s\u00e1bado 25 de junio la esperada llegada de sus Fiestas de Moros y Cristianos en honor a...","og_url":"https:\/\/www.copealcoy.es\/es\/apoteosico-regreso-de-la-festa-de-cocentaina-con-la-publicacio\/","og_site_name":"COPE Alcoy","article_published_time":"2022-06-25T21:25:31+00:00","article_modified_time":"2022-06-26T16:30:53+00:00","og_image":[{"width":640,"height":366,"url":"https:\/\/www.copealcoy.es\/wp-content\/uploads\/2022\/06\/IMG-7703-scaled-e1656196793116.jpg","type":"image\/jpeg"}],"author":"Cope Alcoy","twitter_misc":{"Escrito por":"Cope Alcoy","Tiempo de lectura":"3 minutos"},"schema":{"@context":"https:\/\/schema.org","@graph":[{"@type":"Article","@id":"https:\/\/www.copealcoy.es\/es\/apoteosico-regreso-de-la-festa-de-cocentaina-con-la-publicacio\/#article","isPartOf":{"@id":"https:\/\/www.copealcoy.es\/es\/apoteosico-regreso-de-la-festa-de-cocentaina-con-la-publicacio\/"},"author":{"name":"Cope Alcoy","@id":"https:\/\/www.copealcoy.es\/es\/#\/schema\/person\/e777c87fa024e57d40170af9df39882c"},"headline":"Apote\u00f3sico regreso de la Festa de Cocentaina con La Publicaci\u00f3","datePublished":"2022-06-25T21:25:31+00:00","dateModified":"2022-06-26T16:30:53+00:00","mainEntityOfPage":{"@id":"https:\/\/www.copealcoy.es\/es\/apoteosico-regreso-de-la-festa-de-cocentaina-con-la-publicacio\/"},"wordCount":740,"commentCount":0,"image":{"@id":"https:\/\/www.copealcoy.es\/es\/apoteosico-regreso-de-la-festa-de-cocentaina-con-la-publicacio\/#primaryimage"},"thumbnailUrl":"https:\/\/www.copealcoy.es\/wp-content\/uploads\/2022\/06\/IMG-7703-scaled-e1656196793116.jpg","keywords":["Cocentaina","Desfile","Moros Y Cristianos","Publicaci\u00f3","publicadores infantiles","San Hip\u00f3lito M\u00e1rtir"],"articleSection":["Actualidad","Comarcas","Noticias","Portada"],"inLanguage":"es"},{"@type":"WebPage","@id":"https:\/\/www.copealcoy.es\/es\/apoteosico-regreso-de-la-festa-de-cocentaina-con-la-publicacio\/","url":"https:\/\/www.copealcoy.es\/es\/apoteosico-regreso-de-la-festa-de-cocentaina-con-la-publicacio\/","name":"Apote\u00f3sico regreso de la Festa de Cocentaina con La Publicaci\u00f3 - COPE Alcoy","isPartOf":{"@id":"https:\/\/www.copealcoy.es\/es\/#website"},"primaryImageOfPage":{"@id":"https:\/\/www.copealcoy.es\/es\/apoteosico-regreso-de-la-festa-de-cocentaina-con-la-publicacio\/#primaryimage"},"image":{"@id":"https:\/\/www.copealcoy.es\/es\/apoteosico-regreso-de-la-festa-de-cocentaina-con-la-publicacio\/#primaryimage"},"thumbnailUrl":"https:\/\/www.copealcoy.es\/wp-content\/uploads\/2022\/06\/IMG-7703-scaled-e1656196793116.jpg","datePublished":"2022-06-25T21:25:31+00:00","dateModified":"2022-06-26T16:30:53+00:00","author":{"@id":"https:\/\/www.copealcoy.es\/es\/#\/schema\/person\/e777c87fa024e57d40170af9df39882c"},"breadcrumb":{"@id":"https:\/\/www.copealcoy.es\/es\/apoteosico-regreso-de-la-festa-de-cocentaina-con-la-publicacio\/#breadcrumb"},"inLanguage":"es","potentialAction":[{"@type":"ReadAction","target":["https:\/\/www.copealcoy.es\/es\/apoteosico-regreso-de-la-festa-de-cocentaina-con-la-publicacio\/"]}]},{"@type":"ImageObject","inLanguage":"es","@id":"https:\/\/www.copealcoy.es\/es\/apoteosico-regreso-de-la-festa-de-cocentaina-con-la-publicacio\/#primaryimage","url":"https:\/\/www.copealcoy.es\/wp-content\/uploads\/2022\/06\/IMG-7703-scaled-e1656196793116.jpg","contentUrl":"https:\/\/www.copealcoy.es\/wp-content\/uploads\/2022\/06\/IMG-7703-scaled-e1656196793116.jpg","width":640,"height":366,"caption":"Publicaci\u00f3 Cocentaina 2022"},{"@type":"BreadcrumbList","@id":"https:\/\/www.copealcoy.es\/es\/apoteosico-regreso-de-la-festa-de-cocentaina-con-la-publicacio\/#breadcrumb","itemListElement":[{"@type":"ListItem","position":1,"name":"Portada","item":"https:\/\/www.copealcoy.es\/es\/"},{"@type":"ListItem","position":2,"name":"Apote\u00f3sico regreso de la Festa de Cocentaina con La Publicaci\u00f3"}]},{"@type":"WebSite","@id":"https:\/\/www.copealcoy.es\/es\/#website","url":"https:\/\/www.copealcoy.es\/es\/","name":"COPE Alcoy","description":"Emisora COPE de radio local con emisi\u00f3n online. Pont de Sant Jordi 8-10 03803 Alcoy","potentialAction":[{"@type":"SearchAction","target":{"@type":"EntryPoint","urlTemplate":"https:\/\/www.copealcoy.es\/es\/?s={search_term_string}"},"query-input":{"@type":"PropertyValueSpecification","valueRequired":true,"valueName":"search_term_string"}}],"inLanguage":"es"},{"@type":"Person","@id":"https:\/\/www.copealcoy.es\/es\/#\/schema\/person\/e777c87fa024e57d40170af9df39882c","name":"Cope Alcoy","image":{"@type":"ImageObject","inLanguage":"es","@id":"https:\/\/secure.gravatar.com\/avatar\/bb65d0283347e303893ba14f0692005417c1e0e690a325a4c5d8bb2b3943ee14?s=96&d=mm&r=g","url":"https:\/\/secure.gravatar.com\/avatar\/bb65d0283347e303893ba14f0692005417c1e0e690a325a4c5d8bb2b3943ee14?s=96&d=mm&r=g","contentUrl":"https:\/\/secure.gravatar.com\/avatar\/bb65d0283347e303893ba14f0692005417c1e0e690a325a4c5d8bb2b3943ee14?s=96&d=mm&r=g","caption":"Cope Alcoy"}}]}},"_links":{"self":[{"href":"https:\/\/www.copealcoy.es\/es\/wp-json\/wp\/v2\/posts\/89100","targetHints":{"allow":["GET"]}}],"collection":[{"href":"https:\/\/www.copealcoy.es\/es\/wp-json\/wp\/v2\/posts"}],"about":[{"href":"https:\/\/www.copealcoy.es\/es\/wp-json\/wp\/v2\/types\/post"}],"author":[{"embeddable":true,"href":"https:\/\/www.copealcoy.es\/es\/wp-json\/wp\/v2\/users\/1"}],"replies":[{"embeddable":true,"href":"https:\/\/www.copealcoy.es\/es\/wp-json\/wp\/v2\/comments?post=89100"}],"version-history":[{"count":0,"href":"https:\/\/www.copealcoy.es\/es\/wp-json\/wp\/v2\/posts\/89100\/revisions"}],"wp:featuredmedia":[{"embeddable":true,"href":"https:\/\/www.copealcoy.es\/es\/wp-json\/wp\/v2\/media\/89103"}],"wp:attachment":[{"href":"https:\/\/www.copealcoy.es\/es\/wp-json\/wp\/v2\/media?parent=89100"}],"wp:term":[{"taxonomy":"category","embeddable":true,"href":"https:\/\/www.copealcoy.es\/es\/wp-json\/wp\/v2\/categories?post=89100"},{"taxonomy":"post_tag","embeddable":true,"href":"https:\/\/www.copealcoy.es\/es\/wp-json\/wp\/v2\/tags?post=89100"}],"curies":[{"name":"wp","href":"https:\/\/api.w.org\/{rel}","templated":true}]}}