{"id":89083,"date":"2022-06-24T18:12:01","date_gmt":"2022-06-24T17:12:01","guid":{"rendered":"https:\/\/www.copealcoy.es\/?p=89083"},"modified":"2022-06-26T21:55:02","modified_gmt":"2022-06-26T20:55:02","slug":"cocentaina-recupera-la-festa-con-el-esperado-acto-de-la-publicacio","status":"publish","type":"post","link":"https:\/\/www.copealcoy.es\/es\/cocentaina-recupera-la-festa-con-el-esperado-acto-de-la-publicacio\/","title":{"rendered":"Cocentaina recupera la Festa con el esperado acto de La Publicaci\u00f3"},"content":{"rendered":"<p style=\"text-align: justify;\">Cocentaina despierta en este s\u00e1bado 25 con <strong>ilusiones renovadas<\/strong> y <strong>dispuesta a recuperar sus Fiestas de Moros y Cristianos<\/strong> tras dos a\u00f1os de ausencia <strong>a causa de la pandemia del Coronavirus<\/strong>. La Publicaci\u00f3 <strong>ser\u00e1 la que anuncie el esperado regreso de la trilog\u00eda en honor a San Hip\u00f3lito M\u00e1rtir<\/strong>, un acto que <strong>dar\u00e1 inicio a partir de las 19:00h<\/strong> desde la Plaza del Ayuntamiento.<\/p>\n<p style=\"text-align: justify;\">El preg\u00f3n festero arrancar\u00e1 con <strong>el rezo del \u00e1ngelus<\/strong> y <strong>la autorizaci\u00f3n simb\u00f3lica que la alcaldesa (Mireia Estepa) dar\u00e1 al Presidente de la Junta de Festes (Juan Francisco Masanet)<\/strong> para que la m\u00e1xima entidad festera contestana asuma la organizaci\u00f3n de los festejos. Inmediatamente despu\u00e9s <strong>sonar\u00e1 el Himno de Fiestas<\/strong> a cargo de la Uni\u00f3n Musical Contestana y la Colla Mal Passet abrir\u00e1 un desfile que recorrer\u00e1 las principales calles del Raval y la Vila hasta llegar al Passeig del Comtat \u201c<em>hay much\u00edsimas ganas de vivir la Fiesta y esto se va a notar en un d\u00eda tan esperado como el de hoy. Adem\u00e1s, estrenamos algunas novedades como la decoraci\u00f3n para los balcones de la Plaza del Ayuntamiento, as\u00ed como de las vallas que delimitan el p\u00fablico que presencie este arranque de La Publicaci\u00f3<\/em>\u201d afirmaba esta semana en COPE ALCOY el mencionado <strong>Juan Francisco Masanet<\/strong> como Presidente de la Junta de Festes.<\/p>\n<p style=\"text-align: justify;\">Tras estos instantes ser\u00e1 el turno de <strong>los publicadores<\/strong> y. en primer lugar <strong>arrancar\u00e1 el bando cristiano<\/strong>, con <strong>Graciela Llorens Monllor<\/strong> como formadora de la <strong>Fil\u00e0 Contrabandistes<\/strong> dado que esta formaci\u00f3n es la que ostenta el cargo de capit\u00e1n de las tropas de la cruz. Para la ocasi\u00f3n sonar\u00e1 el pasodoble <strong>&#8216;Peluca Capit\u00e0&#8217; de Santi Revert<\/strong> interpretado por el <strong>Ateneu Musical Contest\u00e0<\/strong>. Seguidamente <strong>desfilar\u00e1n los moros<\/strong> y en esta ocasi\u00f3n <strong>Miguel Palac\u00ed ser\u00e1 el formador<\/strong> representando a<strong> los Bequeteros<\/strong>, formaci\u00f3n que <strong>asume la capitan\u00eda de las fuerzas de la media luna<\/strong>. Esta vez ser\u00e1 <strong>la Uni\u00f3n Musical Contestana<\/strong> la que interprete <strong>&#8216;Bohemios del 29&#8217; de Jos\u00e9 P\u00e9rez Vilaplana<\/strong>. Alrededor de las 19:35h efectuar\u00e1n la \u201carranc\u00e0\u201d \u00a0<strong>los publicadores infantiles<\/strong>, bajo los acordes del pasodoble <strong>&#8216;Paquito El Chocolatero&#8217; de Gustavo Pascual Falc\u00f3<\/strong>; que interpretar\u00e1n los m\u00fasicos de <strong>la Uni\u00f3n Musical de Llutxent<\/strong>. <strong>Isabel Jord\u00e0 Llorens (Fil\u00e0 Contrabandistes) y Lucia Agull\u00f3 Barrachina (Fil\u00e0 Bequeteros)<\/strong> ser\u00e1n <strong>las formadoras de los m\u00e1s peque\u00f1os<\/strong>; los cuales despu\u00e9s de salir de la Plaza de la Villa <strong>ir\u00e1n al Monumento de San Hip\u00f3lito<\/strong> para realizar una ofrenda floral.<\/p>\n<p style=\"text-align: justify;\">Cabe se\u00f1alar que pasadas las ocho de la tarde <strong>los publicadores mayores e infantiles confluir\u00e1n en la parte alta del Passeig del Comtat<\/strong> para desfilar hasta la Plaza Alcalde Reig donde terminar\u00e1 el acto. A las 23:00h <strong>empezar\u00e1n las primeras \u201cVoltetes\u201d del ciclo festero de este a\u00f1o<\/strong>, tambi\u00e9n desde el inicio de la principal arteria contestana, y la intensa jornada terminar\u00e1 con <strong>la actuaci\u00f3n de la orquesta Tit\u00e1nic<\/strong> en el recinto ferial junto al Centro Cultural El Teular.<\/p>\n","protected":false},"excerpt":{"rendered":"<p>Cocentaina despierta en este s\u00e1bado 25 con ilusiones renovadas y dispuesta a recuperar sus Fiestas de Moros y Cristianos tras&#8230;<\/p>\n","protected":false},"author":1,"featured_media":23059,"comment_status":"open","ping_status":"open","sticky":false,"template":"","format":"standard","meta":{"footnotes":""},"categories":[98,75],"tags":[132,565,4969,7477,1220,4810,4488],"class_list":["post-89083","post","type-post","status-publish","format-standard","has-post-thumbnail","hentry","category-comarcas","category-noticias","tag-cocentaina","tag-fiestas","tag-moros-y-crisitianos","tag-pandemia","tag-publicacio","tag-recuperacion","tag-san-hipolito-martir"],"yoast_head":"<!-- This site is optimized with the Yoast SEO plugin v27.3 - https:\/\/yoast.com\/product\/yoast-seo-wordpress\/ -->\n<title>Cocentaina recupera la Festa con el esperado acto de La Publicaci\u00f3 - COPE Alcoy<\/title>\n<meta name=\"robots\" content=\"index, follow, max-snippet:-1, max-image-preview:large, max-video-preview:-1\" \/>\n<link rel=\"canonical\" href=\"https:\/\/www.copealcoy.es\/es\/cocentaina-recupera-la-festa-con-el-esperado-acto-de-la-publicacio\/\" \/>\n<meta property=\"og:locale\" content=\"es_ES\" \/>\n<meta property=\"og:type\" content=\"article\" \/>\n<meta property=\"og:title\" content=\"Cocentaina recupera la Festa con el esperado acto de La Publicaci\u00f3 - COPE Alcoy\" \/>\n<meta property=\"og:description\" content=\"Cocentaina despierta en este s\u00e1bado 25 con ilusiones renovadas y dispuesta a recuperar sus Fiestas de Moros y Cristianos tras...\" \/>\n<meta property=\"og:url\" content=\"https:\/\/www.copealcoy.es\/es\/cocentaina-recupera-la-festa-con-el-esperado-acto-de-la-publicacio\/\" \/>\n<meta property=\"og:site_name\" content=\"COPE Alcoy\" \/>\n<meta property=\"article:published_time\" content=\"2022-06-24T17:12:01+00:00\" \/>\n<meta property=\"article:modified_time\" content=\"2022-06-26T20:55:02+00:00\" \/>\n<meta property=\"og:image\" content=\"https:\/\/www.copealcoy.es\/wp-content\/uploads\/2016\/06\/DSC01553-e1656104744854.jpg\" \/>\n\t<meta property=\"og:image:width\" content=\"640\" \/>\n\t<meta property=\"og:image:height\" content=\"400\" \/>\n\t<meta property=\"og:image:type\" content=\"image\/jpeg\" \/>\n<meta name=\"author\" content=\"Cope Alcoy\" \/>\n<meta name=\"twitter:label1\" content=\"Escrito por\" \/>\n\t<meta name=\"twitter:data1\" content=\"Cope Alcoy\" \/>\n\t<meta name=\"twitter:label2\" content=\"Tiempo de lectura\" \/>\n\t<meta name=\"twitter:data2\" content=\"3 minutos\" \/>\n<script type=\"application\/ld+json\" class=\"yoast-schema-graph\">{\"@context\":\"https:\\\/\\\/schema.org\",\"@graph\":[{\"@type\":\"Article\",\"@id\":\"https:\\\/\\\/www.copealcoy.es\\\/es\\\/cocentaina-recupera-la-festa-con-el-esperado-acto-de-la-publicacio\\\/#article\",\"isPartOf\":{\"@id\":\"https:\\\/\\\/www.copealcoy.es\\\/es\\\/cocentaina-recupera-la-festa-con-el-esperado-acto-de-la-publicacio\\\/\"},\"author\":{\"name\":\"Cope Alcoy\",\"@id\":\"https:\\\/\\\/www.copealcoy.es\\\/es\\\/#\\\/schema\\\/person\\\/e777c87fa024e57d40170af9df39882c\"},\"headline\":\"Cocentaina recupera la Festa con el esperado acto de La Publicaci\u00f3\",\"datePublished\":\"2022-06-24T17:12:01+00:00\",\"dateModified\":\"2022-06-26T20:55:02+00:00\",\"mainEntityOfPage\":{\"@id\":\"https:\\\/\\\/www.copealcoy.es\\\/es\\\/cocentaina-recupera-la-festa-con-el-esperado-acto-de-la-publicacio\\\/\"},\"wordCount\":525,\"commentCount\":0,\"image\":{\"@id\":\"https:\\\/\\\/www.copealcoy.es\\\/es\\\/cocentaina-recupera-la-festa-con-el-esperado-acto-de-la-publicacio\\\/#primaryimage\"},\"thumbnailUrl\":\"https:\\\/\\\/www.copealcoy.es\\\/wp-content\\\/uploads\\\/2016\\\/06\\\/DSC01553-e1656104744854.jpg\",\"keywords\":[\"Cocentaina\",\"Fiestas\",\"Moros y Crisitianos\",\"pandemia\",\"Publicaci\u00f3\",\"recuperaci\u00f3n\",\"San Hip\u00f3lito M\u00e1rtir\"],\"articleSection\":[\"Comarcas\",\"Noticias\"],\"inLanguage\":\"es\"},{\"@type\":\"WebPage\",\"@id\":\"https:\\\/\\\/www.copealcoy.es\\\/es\\\/cocentaina-recupera-la-festa-con-el-esperado-acto-de-la-publicacio\\\/\",\"url\":\"https:\\\/\\\/www.copealcoy.es\\\/es\\\/cocentaina-recupera-la-festa-con-el-esperado-acto-de-la-publicacio\\\/\",\"name\":\"Cocentaina recupera la Festa con el esperado acto de La Publicaci\u00f3 - COPE Alcoy\",\"isPartOf\":{\"@id\":\"https:\\\/\\\/www.copealcoy.es\\\/es\\\/#website\"},\"primaryImageOfPage\":{\"@id\":\"https:\\\/\\\/www.copealcoy.es\\\/es\\\/cocentaina-recupera-la-festa-con-el-esperado-acto-de-la-publicacio\\\/#primaryimage\"},\"image\":{\"@id\":\"https:\\\/\\\/www.copealcoy.es\\\/es\\\/cocentaina-recupera-la-festa-con-el-esperado-acto-de-la-publicacio\\\/#primaryimage\"},\"thumbnailUrl\":\"https:\\\/\\\/www.copealcoy.es\\\/wp-content\\\/uploads\\\/2016\\\/06\\\/DSC01553-e1656104744854.jpg\",\"datePublished\":\"2022-06-24T17:12:01+00:00\",\"dateModified\":\"2022-06-26T20:55:02+00:00\",\"author\":{\"@id\":\"https:\\\/\\\/www.copealcoy.es\\\/es\\\/#\\\/schema\\\/person\\\/e777c87fa024e57d40170af9df39882c\"},\"breadcrumb\":{\"@id\":\"https:\\\/\\\/www.copealcoy.es\\\/es\\\/cocentaina-recupera-la-festa-con-el-esperado-acto-de-la-publicacio\\\/#breadcrumb\"},\"inLanguage\":\"es\",\"potentialAction\":[{\"@type\":\"ReadAction\",\"target\":[\"https:\\\/\\\/www.copealcoy.es\\\/es\\\/cocentaina-recupera-la-festa-con-el-esperado-acto-de-la-publicacio\\\/\"]}]},{\"@type\":\"ImageObject\",\"inLanguage\":\"es\",\"@id\":\"https:\\\/\\\/www.copealcoy.es\\\/es\\\/cocentaina-recupera-la-festa-con-el-esperado-acto-de-la-publicacio\\\/#primaryimage\",\"url\":\"https:\\\/\\\/www.copealcoy.es\\\/wp-content\\\/uploads\\\/2016\\\/06\\\/DSC01553-e1656104744854.jpg\",\"contentUrl\":\"https:\\\/\\\/www.copealcoy.es\\\/wp-content\\\/uploads\\\/2016\\\/06\\\/DSC01553-e1656104744854.jpg\",\"width\":640,\"height\":400,\"caption\":\"Los publicadores cirstianos en desfile por el Passeig del Comtat\"},{\"@type\":\"BreadcrumbList\",\"@id\":\"https:\\\/\\\/www.copealcoy.es\\\/es\\\/cocentaina-recupera-la-festa-con-el-esperado-acto-de-la-publicacio\\\/#breadcrumb\",\"itemListElement\":[{\"@type\":\"ListItem\",\"position\":1,\"name\":\"Portada\",\"item\":\"https:\\\/\\\/www.copealcoy.es\\\/es\\\/\"},{\"@type\":\"ListItem\",\"position\":2,\"name\":\"Cocentaina recupera la Festa con el esperado acto de La Publicaci\u00f3\"}]},{\"@type\":\"WebSite\",\"@id\":\"https:\\\/\\\/www.copealcoy.es\\\/es\\\/#website\",\"url\":\"https:\\\/\\\/www.copealcoy.es\\\/es\\\/\",\"name\":\"COPE Alcoy\",\"description\":\"Emisora COPE de radio local con emisi\u00f3n online. Pont de Sant Jordi 8-10 03803 Alcoy\",\"potentialAction\":[{\"@type\":\"SearchAction\",\"target\":{\"@type\":\"EntryPoint\",\"urlTemplate\":\"https:\\\/\\\/www.copealcoy.es\\\/es\\\/?s={search_term_string}\"},\"query-input\":{\"@type\":\"PropertyValueSpecification\",\"valueRequired\":true,\"valueName\":\"search_term_string\"}}],\"inLanguage\":\"es\"},{\"@type\":\"Person\",\"@id\":\"https:\\\/\\\/www.copealcoy.es\\\/es\\\/#\\\/schema\\\/person\\\/e777c87fa024e57d40170af9df39882c\",\"name\":\"Cope Alcoy\",\"image\":{\"@type\":\"ImageObject\",\"inLanguage\":\"es\",\"@id\":\"https:\\\/\\\/secure.gravatar.com\\\/avatar\\\/bb65d0283347e303893ba14f0692005417c1e0e690a325a4c5d8bb2b3943ee14?s=96&d=mm&r=g\",\"url\":\"https:\\\/\\\/secure.gravatar.com\\\/avatar\\\/bb65d0283347e303893ba14f0692005417c1e0e690a325a4c5d8bb2b3943ee14?s=96&d=mm&r=g\",\"contentUrl\":\"https:\\\/\\\/secure.gravatar.com\\\/avatar\\\/bb65d0283347e303893ba14f0692005417c1e0e690a325a4c5d8bb2b3943ee14?s=96&d=mm&r=g\",\"caption\":\"Cope Alcoy\"}}]}<\/script>\n<!-- \/ Yoast SEO plugin. -->","yoast_head_json":{"title":"Cocentaina recupera la Festa con el esperado acto de La Publicaci\u00f3 - COPE Alcoy","robots":{"index":"index","follow":"follow","max-snippet":"max-snippet:-1","max-image-preview":"max-image-preview:large","max-video-preview":"max-video-preview:-1"},"canonical":"https:\/\/www.copealcoy.es\/es\/cocentaina-recupera-la-festa-con-el-esperado-acto-de-la-publicacio\/","og_locale":"es_ES","og_type":"article","og_title":"Cocentaina recupera la Festa con el esperado acto de La Publicaci\u00f3 - COPE Alcoy","og_description":"Cocentaina despierta en este s\u00e1bado 25 con ilusiones renovadas y dispuesta a recuperar sus Fiestas de Moros y Cristianos tras...","og_url":"https:\/\/www.copealcoy.es\/es\/cocentaina-recupera-la-festa-con-el-esperado-acto-de-la-publicacio\/","og_site_name":"COPE Alcoy","article_published_time":"2022-06-24T17:12:01+00:00","article_modified_time":"2022-06-26T20:55:02+00:00","og_image":[{"width":640,"height":400,"url":"https:\/\/www.copealcoy.es\/wp-content\/uploads\/2016\/06\/DSC01553-e1656104744854.jpg","type":"image\/jpeg"}],"author":"Cope Alcoy","twitter_misc":{"Escrito por":"Cope Alcoy","Tiempo de lectura":"3 minutos"},"schema":{"@context":"https:\/\/schema.org","@graph":[{"@type":"Article","@id":"https:\/\/www.copealcoy.es\/es\/cocentaina-recupera-la-festa-con-el-esperado-acto-de-la-publicacio\/#article","isPartOf":{"@id":"https:\/\/www.copealcoy.es\/es\/cocentaina-recupera-la-festa-con-el-esperado-acto-de-la-publicacio\/"},"author":{"name":"Cope Alcoy","@id":"https:\/\/www.copealcoy.es\/es\/#\/schema\/person\/e777c87fa024e57d40170af9df39882c"},"headline":"Cocentaina recupera la Festa con el esperado acto de La Publicaci\u00f3","datePublished":"2022-06-24T17:12:01+00:00","dateModified":"2022-06-26T20:55:02+00:00","mainEntityOfPage":{"@id":"https:\/\/www.copealcoy.es\/es\/cocentaina-recupera-la-festa-con-el-esperado-acto-de-la-publicacio\/"},"wordCount":525,"commentCount":0,"image":{"@id":"https:\/\/www.copealcoy.es\/es\/cocentaina-recupera-la-festa-con-el-esperado-acto-de-la-publicacio\/#primaryimage"},"thumbnailUrl":"https:\/\/www.copealcoy.es\/wp-content\/uploads\/2016\/06\/DSC01553-e1656104744854.jpg","keywords":["Cocentaina","Fiestas","Moros y Crisitianos","pandemia","Publicaci\u00f3","recuperaci\u00f3n","San Hip\u00f3lito M\u00e1rtir"],"articleSection":["Comarcas","Noticias"],"inLanguage":"es"},{"@type":"WebPage","@id":"https:\/\/www.copealcoy.es\/es\/cocentaina-recupera-la-festa-con-el-esperado-acto-de-la-publicacio\/","url":"https:\/\/www.copealcoy.es\/es\/cocentaina-recupera-la-festa-con-el-esperado-acto-de-la-publicacio\/","name":"Cocentaina recupera la Festa con el esperado acto de La Publicaci\u00f3 - COPE Alcoy","isPartOf":{"@id":"https:\/\/www.copealcoy.es\/es\/#website"},"primaryImageOfPage":{"@id":"https:\/\/www.copealcoy.es\/es\/cocentaina-recupera-la-festa-con-el-esperado-acto-de-la-publicacio\/#primaryimage"},"image":{"@id":"https:\/\/www.copealcoy.es\/es\/cocentaina-recupera-la-festa-con-el-esperado-acto-de-la-publicacio\/#primaryimage"},"thumbnailUrl":"https:\/\/www.copealcoy.es\/wp-content\/uploads\/2016\/06\/DSC01553-e1656104744854.jpg","datePublished":"2022-06-24T17:12:01+00:00","dateModified":"2022-06-26T20:55:02+00:00","author":{"@id":"https:\/\/www.copealcoy.es\/es\/#\/schema\/person\/e777c87fa024e57d40170af9df39882c"},"breadcrumb":{"@id":"https:\/\/www.copealcoy.es\/es\/cocentaina-recupera-la-festa-con-el-esperado-acto-de-la-publicacio\/#breadcrumb"},"inLanguage":"es","potentialAction":[{"@type":"ReadAction","target":["https:\/\/www.copealcoy.es\/es\/cocentaina-recupera-la-festa-con-el-esperado-acto-de-la-publicacio\/"]}]},{"@type":"ImageObject","inLanguage":"es","@id":"https:\/\/www.copealcoy.es\/es\/cocentaina-recupera-la-festa-con-el-esperado-acto-de-la-publicacio\/#primaryimage","url":"https:\/\/www.copealcoy.es\/wp-content\/uploads\/2016\/06\/DSC01553-e1656104744854.jpg","contentUrl":"https:\/\/www.copealcoy.es\/wp-content\/uploads\/2016\/06\/DSC01553-e1656104744854.jpg","width":640,"height":400,"caption":"Los publicadores cirstianos en desfile por el Passeig del Comtat"},{"@type":"BreadcrumbList","@id":"https:\/\/www.copealcoy.es\/es\/cocentaina-recupera-la-festa-con-el-esperado-acto-de-la-publicacio\/#breadcrumb","itemListElement":[{"@type":"ListItem","position":1,"name":"Portada","item":"https:\/\/www.copealcoy.es\/es\/"},{"@type":"ListItem","position":2,"name":"Cocentaina recupera la Festa con el esperado acto de La Publicaci\u00f3"}]},{"@type":"WebSite","@id":"https:\/\/www.copealcoy.es\/es\/#website","url":"https:\/\/www.copealcoy.es\/es\/","name":"COPE Alcoy","description":"Emisora COPE de radio local con emisi\u00f3n online. Pont de Sant Jordi 8-10 03803 Alcoy","potentialAction":[{"@type":"SearchAction","target":{"@type":"EntryPoint","urlTemplate":"https:\/\/www.copealcoy.es\/es\/?s={search_term_string}"},"query-input":{"@type":"PropertyValueSpecification","valueRequired":true,"valueName":"search_term_string"}}],"inLanguage":"es"},{"@type":"Person","@id":"https:\/\/www.copealcoy.es\/es\/#\/schema\/person\/e777c87fa024e57d40170af9df39882c","name":"Cope Alcoy","image":{"@type":"ImageObject","inLanguage":"es","@id":"https:\/\/secure.gravatar.com\/avatar\/bb65d0283347e303893ba14f0692005417c1e0e690a325a4c5d8bb2b3943ee14?s=96&d=mm&r=g","url":"https:\/\/secure.gravatar.com\/avatar\/bb65d0283347e303893ba14f0692005417c1e0e690a325a4c5d8bb2b3943ee14?s=96&d=mm&r=g","contentUrl":"https:\/\/secure.gravatar.com\/avatar\/bb65d0283347e303893ba14f0692005417c1e0e690a325a4c5d8bb2b3943ee14?s=96&d=mm&r=g","caption":"Cope Alcoy"}}]}},"_links":{"self":[{"href":"https:\/\/www.copealcoy.es\/es\/wp-json\/wp\/v2\/posts\/89083","targetHints":{"allow":["GET"]}}],"collection":[{"href":"https:\/\/www.copealcoy.es\/es\/wp-json\/wp\/v2\/posts"}],"about":[{"href":"https:\/\/www.copealcoy.es\/es\/wp-json\/wp\/v2\/types\/post"}],"author":[{"embeddable":true,"href":"https:\/\/www.copealcoy.es\/es\/wp-json\/wp\/v2\/users\/1"}],"replies":[{"embeddable":true,"href":"https:\/\/www.copealcoy.es\/es\/wp-json\/wp\/v2\/comments?post=89083"}],"version-history":[{"count":0,"href":"https:\/\/www.copealcoy.es\/es\/wp-json\/wp\/v2\/posts\/89083\/revisions"}],"wp:featuredmedia":[{"embeddable":true,"href":"https:\/\/www.copealcoy.es\/es\/wp-json\/wp\/v2\/media\/23059"}],"wp:attachment":[{"href":"https:\/\/www.copealcoy.es\/es\/wp-json\/wp\/v2\/media?parent=89083"}],"wp:term":[{"taxonomy":"category","embeddable":true,"href":"https:\/\/www.copealcoy.es\/es\/wp-json\/wp\/v2\/categories?post=89083"},{"taxonomy":"post_tag","embeddable":true,"href":"https:\/\/www.copealcoy.es\/es\/wp-json\/wp\/v2\/tags?post=89083"}],"curies":[{"name":"wp","href":"https:\/\/api.w.org\/{rel}","templated":true}]}}