{"id":89040,"date":"2022-06-23T17:32:39","date_gmt":"2022-06-23T16:32:39","guid":{"rendered":"https:\/\/www.copealcoy.es\/?p=89040"},"modified":"2022-06-23T17:37:34","modified_gmt":"2022-06-23T16:37:34","slug":"por-que-es-festivo-este-viernes-en-la-comunidad-valenciana","status":"publish","type":"post","link":"https:\/\/www.copealcoy.es\/es\/por-que-es-festivo-este-viernes-en-la-comunidad-valenciana\/","title":{"rendered":"\u00bfPor qu\u00e9 es festivo este viernes en la Comunidad Valenciana?"},"content":{"rendered":"<p style=\"text-align: justify;\">Este viernes<strong> 24 de junio<\/strong> vuelve a ser festivo en la Comunidad Valenciana, una jornada que coincide tambi\u00e9n con el d\u00eda central de las Hogueras de Alicante. El <a href=\"https:\/\/www.copealcoy.es\/asi-sera-el-calendario-laboral-de-la-comunitat-valenciana-en-2022\/\"><span style=\"color: #0000ff;\"><strong>calendario laboral de 2022<\/strong><\/span><\/a>\u00a0contempla que la\u00a0<strong>festividad de San Juan<\/strong>\u00a0es de car\u00e1cter auton\u00f3mico y d\u00eda no laborable.<\/p>\n<p style=\"text-align: justify;\">Con esta jornada festiva,\u00a0 los valencianos tenemos esta semana un esperado <strong>puente de 3 d\u00edas<\/strong> que arrancar\u00e1 este viernes y que durar\u00e1 hasta el pr\u00f3ximo domingo. Adem\u00e1s, a diferencia de otros a\u00f1os, este festivo <strong>no es un d\u00eda retribuido recuperable<\/strong>, por lo que <strong>no se deber\u00e1 recuperar m\u00e1s adelante en el a\u00f1o<\/strong>, como s\u00ed sucedi\u00f3 en 2021.<\/p>\n<p style=\"text-align: justify;\">El<strong> 24 de junio<\/strong> sustituye<strong>\u00a0como festivo al 26 de diciembre<\/strong>, otra de las opciones que barajaba el Consell al caer el D\u00eda de Navidad, 25 de diciembre, en domingo. Con esta designaci\u00f3n <strong>tambi\u00e9n se facilita que el resto de la Comunitat pueda alargar la fiesta de la Noche de San Juan<\/strong> del 23 de junio e incluso visitar la capital alicantina durante el mismo d\u00eda de San Juan.<\/p>\n<div class=\"google-ad-manager-ads-intext \"><\/div>\n<p>La Comunidad Valenciana cuenta desde 2016 con la festividad de San Juan como un d\u00eda no laborable en todo el territorio.<\/p>\n","protected":false},"excerpt":{"rendered":"<p>Este viernes 24 de junio vuelve a ser festivo en la Comunidad Valenciana, una jornada que coincide tambi\u00e9n con el&#8230;<\/p>\n","protected":false},"author":1,"featured_media":53640,"comment_status":"open","ping_status":"open","sticky":false,"template":"","format":"standard","meta":{"footnotes":""},"categories":[6909,75,79],"tags":[639,6997,9046,994,1208],"class_list":["post-89040","post","type-post","status-publish","format-standard","has-post-thumbnail","hentry","category-actualidad","category-noticias","category-politicayeconomia","tag-comunidad-valenciana","tag-festividad","tag-festivo-autonomico","tag-generalitat-valenciana","tag-san-juan"],"yoast_head":"<!-- This site is optimized with the Yoast SEO plugin v27.3 - https:\/\/yoast.com\/product\/yoast-seo-wordpress\/ -->\n<title>\u00bfPor qu\u00e9 es festivo este viernes en la Comunidad Valenciana? - COPE Alcoy<\/title>\n<meta name=\"robots\" content=\"index, follow, max-snippet:-1, max-image-preview:large, max-video-preview:-1\" \/>\n<link rel=\"canonical\" href=\"https:\/\/www.copealcoy.es\/es\/por-que-es-festivo-este-viernes-en-la-comunidad-valenciana\/\" \/>\n<meta property=\"og:locale\" content=\"es_ES\" \/>\n<meta property=\"og:type\" content=\"article\" \/>\n<meta property=\"og:title\" content=\"\u00bfPor qu\u00e9 es festivo este viernes en la Comunidad Valenciana? - COPE Alcoy\" \/>\n<meta property=\"og:description\" content=\"Este viernes 24 de junio vuelve a ser festivo en la Comunidad Valenciana, una jornada que coincide tambi\u00e9n con el...\" \/>\n<meta property=\"og:url\" content=\"https:\/\/www.copealcoy.es\/es\/por-que-es-festivo-este-viernes-en-la-comunidad-valenciana\/\" \/>\n<meta property=\"og:site_name\" content=\"COPE Alcoy\" \/>\n<meta property=\"article:published_time\" content=\"2022-06-23T16:32:39+00:00\" \/>\n<meta property=\"article:modified_time\" content=\"2022-06-23T16:37:34+00:00\" \/>\n<meta property=\"og:image\" content=\"https:\/\/www.copealcoy.es\/wp-content\/uploads\/2019\/07\/Hoguera-Oficial-Ayuntamiento-e1564217336856-1.jpg\" \/>\n\t<meta property=\"og:image:width\" content=\"2048\" \/>\n\t<meta property=\"og:image:height\" content=\"1218\" \/>\n\t<meta property=\"og:image:type\" content=\"image\/jpeg\" \/>\n<meta name=\"author\" content=\"Cope Alcoy\" \/>\n<meta name=\"twitter:label1\" content=\"Escrito por\" \/>\n\t<meta name=\"twitter:data1\" content=\"Cope Alcoy\" \/>\n\t<meta name=\"twitter:label2\" content=\"Tiempo de lectura\" \/>\n\t<meta name=\"twitter:data2\" content=\"1 minuto\" \/>\n<script type=\"application\/ld+json\" class=\"yoast-schema-graph\">{\"@context\":\"https:\\\/\\\/schema.org\",\"@graph\":[{\"@type\":\"Article\",\"@id\":\"https:\\\/\\\/www.copealcoy.es\\\/es\\\/por-que-es-festivo-este-viernes-en-la-comunidad-valenciana\\\/#article\",\"isPartOf\":{\"@id\":\"https:\\\/\\\/www.copealcoy.es\\\/es\\\/por-que-es-festivo-este-viernes-en-la-comunidad-valenciana\\\/\"},\"author\":{\"name\":\"Cope Alcoy\",\"@id\":\"https:\\\/\\\/www.copealcoy.es\\\/es\\\/#\\\/schema\\\/person\\\/e777c87fa024e57d40170af9df39882c\"},\"headline\":\"\u00bfPor qu\u00e9 es festivo este viernes en la Comunidad Valenciana?\",\"datePublished\":\"2022-06-23T16:32:39+00:00\",\"dateModified\":\"2022-06-23T16:37:34+00:00\",\"mainEntityOfPage\":{\"@id\":\"https:\\\/\\\/www.copealcoy.es\\\/es\\\/por-que-es-festivo-este-viernes-en-la-comunidad-valenciana\\\/\"},\"wordCount\":212,\"commentCount\":0,\"image\":{\"@id\":\"https:\\\/\\\/www.copealcoy.es\\\/es\\\/por-que-es-festivo-este-viernes-en-la-comunidad-valenciana\\\/#primaryimage\"},\"thumbnailUrl\":\"https:\\\/\\\/www.copealcoy.es\\\/wp-content\\\/uploads\\\/2019\\\/07\\\/Hoguera-Oficial-Ayuntamiento-e1564217336856-1.jpg\",\"keywords\":[\"Comunidad Valenciana\",\"festividad\",\"Festivo Auton\u00f3mico\",\"Generalitat Valenciana\",\"San Juan\"],\"articleSection\":[\"Actualidad\",\"Noticias\",\"Pol\u00edtica y Econom\u00eda\"],\"inLanguage\":\"es\"},{\"@type\":\"WebPage\",\"@id\":\"https:\\\/\\\/www.copealcoy.es\\\/es\\\/por-que-es-festivo-este-viernes-en-la-comunidad-valenciana\\\/\",\"url\":\"https:\\\/\\\/www.copealcoy.es\\\/es\\\/por-que-es-festivo-este-viernes-en-la-comunidad-valenciana\\\/\",\"name\":\"\u00bfPor qu\u00e9 es festivo este viernes en la Comunidad Valenciana? - COPE Alcoy\",\"isPartOf\":{\"@id\":\"https:\\\/\\\/www.copealcoy.es\\\/es\\\/#website\"},\"primaryImageOfPage\":{\"@id\":\"https:\\\/\\\/www.copealcoy.es\\\/es\\\/por-que-es-festivo-este-viernes-en-la-comunidad-valenciana\\\/#primaryimage\"},\"image\":{\"@id\":\"https:\\\/\\\/www.copealcoy.es\\\/es\\\/por-que-es-festivo-este-viernes-en-la-comunidad-valenciana\\\/#primaryimage\"},\"thumbnailUrl\":\"https:\\\/\\\/www.copealcoy.es\\\/wp-content\\\/uploads\\\/2019\\\/07\\\/Hoguera-Oficial-Ayuntamiento-e1564217336856-1.jpg\",\"datePublished\":\"2022-06-23T16:32:39+00:00\",\"dateModified\":\"2022-06-23T16:37:34+00:00\",\"author\":{\"@id\":\"https:\\\/\\\/www.copealcoy.es\\\/es\\\/#\\\/schema\\\/person\\\/e777c87fa024e57d40170af9df39882c\"},\"breadcrumb\":{\"@id\":\"https:\\\/\\\/www.copealcoy.es\\\/es\\\/por-que-es-festivo-este-viernes-en-la-comunidad-valenciana\\\/#breadcrumb\"},\"inLanguage\":\"es\",\"potentialAction\":[{\"@type\":\"ReadAction\",\"target\":[\"https:\\\/\\\/www.copealcoy.es\\\/es\\\/por-que-es-festivo-este-viernes-en-la-comunidad-valenciana\\\/\"]}]},{\"@type\":\"ImageObject\",\"inLanguage\":\"es\",\"@id\":\"https:\\\/\\\/www.copealcoy.es\\\/es\\\/por-que-es-festivo-este-viernes-en-la-comunidad-valenciana\\\/#primaryimage\",\"url\":\"https:\\\/\\\/www.copealcoy.es\\\/wp-content\\\/uploads\\\/2019\\\/07\\\/Hoguera-Oficial-Ayuntamiento-e1564217336856-1.jpg\",\"contentUrl\":\"https:\\\/\\\/www.copealcoy.es\\\/wp-content\\\/uploads\\\/2019\\\/07\\\/Hoguera-Oficial-Ayuntamiento-e1564217336856-1.jpg\",\"width\":2048,\"height\":1218},{\"@type\":\"BreadcrumbList\",\"@id\":\"https:\\\/\\\/www.copealcoy.es\\\/es\\\/por-que-es-festivo-este-viernes-en-la-comunidad-valenciana\\\/#breadcrumb\",\"itemListElement\":[{\"@type\":\"ListItem\",\"position\":1,\"name\":\"Portada\",\"item\":\"https:\\\/\\\/www.copealcoy.es\\\/es\\\/\"},{\"@type\":\"ListItem\",\"position\":2,\"name\":\"\u00bfPor qu\u00e9 es festivo este viernes en la Comunidad Valenciana?\"}]},{\"@type\":\"WebSite\",\"@id\":\"https:\\\/\\\/www.copealcoy.es\\\/es\\\/#website\",\"url\":\"https:\\\/\\\/www.copealcoy.es\\\/es\\\/\",\"name\":\"COPE Alcoy\",\"description\":\"Emisora COPE de radio local con emisi\u00f3n online. Pont de Sant Jordi 8-10 03803 Alcoy\",\"potentialAction\":[{\"@type\":\"SearchAction\",\"target\":{\"@type\":\"EntryPoint\",\"urlTemplate\":\"https:\\\/\\\/www.copealcoy.es\\\/es\\\/?s={search_term_string}\"},\"query-input\":{\"@type\":\"PropertyValueSpecification\",\"valueRequired\":true,\"valueName\":\"search_term_string\"}}],\"inLanguage\":\"es\"},{\"@type\":\"Person\",\"@id\":\"https:\\\/\\\/www.copealcoy.es\\\/es\\\/#\\\/schema\\\/person\\\/e777c87fa024e57d40170af9df39882c\",\"name\":\"Cope Alcoy\",\"image\":{\"@type\":\"ImageObject\",\"inLanguage\":\"es\",\"@id\":\"https:\\\/\\\/secure.gravatar.com\\\/avatar\\\/bb65d0283347e303893ba14f0692005417c1e0e690a325a4c5d8bb2b3943ee14?s=96&d=mm&r=g\",\"url\":\"https:\\\/\\\/secure.gravatar.com\\\/avatar\\\/bb65d0283347e303893ba14f0692005417c1e0e690a325a4c5d8bb2b3943ee14?s=96&d=mm&r=g\",\"contentUrl\":\"https:\\\/\\\/secure.gravatar.com\\\/avatar\\\/bb65d0283347e303893ba14f0692005417c1e0e690a325a4c5d8bb2b3943ee14?s=96&d=mm&r=g\",\"caption\":\"Cope Alcoy\"}}]}<\/script>\n<!-- \/ Yoast SEO plugin. -->","yoast_head_json":{"title":"\u00bfPor qu\u00e9 es festivo este viernes en la Comunidad Valenciana? - COPE Alcoy","robots":{"index":"index","follow":"follow","max-snippet":"max-snippet:-1","max-image-preview":"max-image-preview:large","max-video-preview":"max-video-preview:-1"},"canonical":"https:\/\/www.copealcoy.es\/es\/por-que-es-festivo-este-viernes-en-la-comunidad-valenciana\/","og_locale":"es_ES","og_type":"article","og_title":"\u00bfPor qu\u00e9 es festivo este viernes en la Comunidad Valenciana? - COPE Alcoy","og_description":"Este viernes 24 de junio vuelve a ser festivo en la Comunidad Valenciana, una jornada que coincide tambi\u00e9n con el...","og_url":"https:\/\/www.copealcoy.es\/es\/por-que-es-festivo-este-viernes-en-la-comunidad-valenciana\/","og_site_name":"COPE Alcoy","article_published_time":"2022-06-23T16:32:39+00:00","article_modified_time":"2022-06-23T16:37:34+00:00","og_image":[{"width":2048,"height":1218,"url":"https:\/\/www.copealcoy.es\/wp-content\/uploads\/2019\/07\/Hoguera-Oficial-Ayuntamiento-e1564217336856-1.jpg","type":"image\/jpeg"}],"author":"Cope Alcoy","twitter_misc":{"Escrito por":"Cope Alcoy","Tiempo de lectura":"1 minuto"},"schema":{"@context":"https:\/\/schema.org","@graph":[{"@type":"Article","@id":"https:\/\/www.copealcoy.es\/es\/por-que-es-festivo-este-viernes-en-la-comunidad-valenciana\/#article","isPartOf":{"@id":"https:\/\/www.copealcoy.es\/es\/por-que-es-festivo-este-viernes-en-la-comunidad-valenciana\/"},"author":{"name":"Cope Alcoy","@id":"https:\/\/www.copealcoy.es\/es\/#\/schema\/person\/e777c87fa024e57d40170af9df39882c"},"headline":"\u00bfPor qu\u00e9 es festivo este viernes en la Comunidad Valenciana?","datePublished":"2022-06-23T16:32:39+00:00","dateModified":"2022-06-23T16:37:34+00:00","mainEntityOfPage":{"@id":"https:\/\/www.copealcoy.es\/es\/por-que-es-festivo-este-viernes-en-la-comunidad-valenciana\/"},"wordCount":212,"commentCount":0,"image":{"@id":"https:\/\/www.copealcoy.es\/es\/por-que-es-festivo-este-viernes-en-la-comunidad-valenciana\/#primaryimage"},"thumbnailUrl":"https:\/\/www.copealcoy.es\/wp-content\/uploads\/2019\/07\/Hoguera-Oficial-Ayuntamiento-e1564217336856-1.jpg","keywords":["Comunidad Valenciana","festividad","Festivo Auton\u00f3mico","Generalitat Valenciana","San Juan"],"articleSection":["Actualidad","Noticias","Pol\u00edtica y Econom\u00eda"],"inLanguage":"es"},{"@type":"WebPage","@id":"https:\/\/www.copealcoy.es\/es\/por-que-es-festivo-este-viernes-en-la-comunidad-valenciana\/","url":"https:\/\/www.copealcoy.es\/es\/por-que-es-festivo-este-viernes-en-la-comunidad-valenciana\/","name":"\u00bfPor qu\u00e9 es festivo este viernes en la Comunidad Valenciana? - COPE Alcoy","isPartOf":{"@id":"https:\/\/www.copealcoy.es\/es\/#website"},"primaryImageOfPage":{"@id":"https:\/\/www.copealcoy.es\/es\/por-que-es-festivo-este-viernes-en-la-comunidad-valenciana\/#primaryimage"},"image":{"@id":"https:\/\/www.copealcoy.es\/es\/por-que-es-festivo-este-viernes-en-la-comunidad-valenciana\/#primaryimage"},"thumbnailUrl":"https:\/\/www.copealcoy.es\/wp-content\/uploads\/2019\/07\/Hoguera-Oficial-Ayuntamiento-e1564217336856-1.jpg","datePublished":"2022-06-23T16:32:39+00:00","dateModified":"2022-06-23T16:37:34+00:00","author":{"@id":"https:\/\/www.copealcoy.es\/es\/#\/schema\/person\/e777c87fa024e57d40170af9df39882c"},"breadcrumb":{"@id":"https:\/\/www.copealcoy.es\/es\/por-que-es-festivo-este-viernes-en-la-comunidad-valenciana\/#breadcrumb"},"inLanguage":"es","potentialAction":[{"@type":"ReadAction","target":["https:\/\/www.copealcoy.es\/es\/por-que-es-festivo-este-viernes-en-la-comunidad-valenciana\/"]}]},{"@type":"ImageObject","inLanguage":"es","@id":"https:\/\/www.copealcoy.es\/es\/por-que-es-festivo-este-viernes-en-la-comunidad-valenciana\/#primaryimage","url":"https:\/\/www.copealcoy.es\/wp-content\/uploads\/2019\/07\/Hoguera-Oficial-Ayuntamiento-e1564217336856-1.jpg","contentUrl":"https:\/\/www.copealcoy.es\/wp-content\/uploads\/2019\/07\/Hoguera-Oficial-Ayuntamiento-e1564217336856-1.jpg","width":2048,"height":1218},{"@type":"BreadcrumbList","@id":"https:\/\/www.copealcoy.es\/es\/por-que-es-festivo-este-viernes-en-la-comunidad-valenciana\/#breadcrumb","itemListElement":[{"@type":"ListItem","position":1,"name":"Portada","item":"https:\/\/www.copealcoy.es\/es\/"},{"@type":"ListItem","position":2,"name":"\u00bfPor qu\u00e9 es festivo este viernes en la Comunidad Valenciana?"}]},{"@type":"WebSite","@id":"https:\/\/www.copealcoy.es\/es\/#website","url":"https:\/\/www.copealcoy.es\/es\/","name":"COPE Alcoy","description":"Emisora COPE de radio local con emisi\u00f3n online. Pont de Sant Jordi 8-10 03803 Alcoy","potentialAction":[{"@type":"SearchAction","target":{"@type":"EntryPoint","urlTemplate":"https:\/\/www.copealcoy.es\/es\/?s={search_term_string}"},"query-input":{"@type":"PropertyValueSpecification","valueRequired":true,"valueName":"search_term_string"}}],"inLanguage":"es"},{"@type":"Person","@id":"https:\/\/www.copealcoy.es\/es\/#\/schema\/person\/e777c87fa024e57d40170af9df39882c","name":"Cope Alcoy","image":{"@type":"ImageObject","inLanguage":"es","@id":"https:\/\/secure.gravatar.com\/avatar\/bb65d0283347e303893ba14f0692005417c1e0e690a325a4c5d8bb2b3943ee14?s=96&d=mm&r=g","url":"https:\/\/secure.gravatar.com\/avatar\/bb65d0283347e303893ba14f0692005417c1e0e690a325a4c5d8bb2b3943ee14?s=96&d=mm&r=g","contentUrl":"https:\/\/secure.gravatar.com\/avatar\/bb65d0283347e303893ba14f0692005417c1e0e690a325a4c5d8bb2b3943ee14?s=96&d=mm&r=g","caption":"Cope Alcoy"}}]}},"_links":{"self":[{"href":"https:\/\/www.copealcoy.es\/es\/wp-json\/wp\/v2\/posts\/89040","targetHints":{"allow":["GET"]}}],"collection":[{"href":"https:\/\/www.copealcoy.es\/es\/wp-json\/wp\/v2\/posts"}],"about":[{"href":"https:\/\/www.copealcoy.es\/es\/wp-json\/wp\/v2\/types\/post"}],"author":[{"embeddable":true,"href":"https:\/\/www.copealcoy.es\/es\/wp-json\/wp\/v2\/users\/1"}],"replies":[{"embeddable":true,"href":"https:\/\/www.copealcoy.es\/es\/wp-json\/wp\/v2\/comments?post=89040"}],"version-history":[{"count":0,"href":"https:\/\/www.copealcoy.es\/es\/wp-json\/wp\/v2\/posts\/89040\/revisions"}],"wp:featuredmedia":[{"embeddable":true,"href":"https:\/\/www.copealcoy.es\/es\/wp-json\/wp\/v2\/media\/53640"}],"wp:attachment":[{"href":"https:\/\/www.copealcoy.es\/es\/wp-json\/wp\/v2\/media?parent=89040"}],"wp:term":[{"taxonomy":"category","embeddable":true,"href":"https:\/\/www.copealcoy.es\/es\/wp-json\/wp\/v2\/categories?post=89040"},{"taxonomy":"post_tag","embeddable":true,"href":"https:\/\/www.copealcoy.es\/es\/wp-json\/wp\/v2\/tags?post=89040"}],"curies":[{"name":"wp","href":"https:\/\/api.w.org\/{rel}","templated":true}]}}