{"id":88959,"date":"2022-06-22T17:38:02","date_gmt":"2022-06-22T16:38:02","guid":{"rendered":"https:\/\/www.copealcoy.es\/?p=88959"},"modified":"2022-06-22T18:05:56","modified_gmt":"2022-06-22T17:05:56","slug":"garcia-sobre-ser-candidata-a-la-alcaldia-de-alcoy-es-bueno-dar-paso-a-gente-nueva-en-la-politica","status":"publish","type":"post","link":"https:\/\/www.copealcoy.es\/es\/garcia-sobre-ser-candidata-a-la-alcaldia-de-alcoy-es-bueno-dar-paso-a-gente-nueva-en-la-politica\/","title":{"rendered":"Rosa Garc\u00eda sobre ser candidata a la alcald\u00eda de Alcoy: &#8220;es bueno dar paso a gente nueva en la pol\u00edtica&#8221;"},"content":{"rendered":"<p style=\"text-align: justify;\">La <strong>portavoz de Ciudadanos en el Ayuntamiento de Alcoy<\/strong> tambi\u00e9n ha pasado por esta emisora para <strong>hacer balance de la actual legislatura<\/strong> a <strong>menos de un a\u00f1o de las pr\u00f3ximas Elecciones Municipales<\/strong> y coincidiendo con <strong>la recta final del actual curso pol\u00edtico<\/strong>. Rosa Garc\u00eda ha repasado tambi\u00e9n <strong>la actualidad nacional<\/strong> despu\u00e9s de los resultados que ha obtenido su formaci\u00f3n en los \u00faltimos comicios auton\u00f3micos de Andaluc\u00eda.<\/p>\n<p style=\"text-align: justify;\">Garc\u00eda <strong>ha cuestionado la gesti\u00f3n del Gobierno Municipal en asuntos como la peatonalizaci\u00f3n del Centro<\/strong> o<strong> la situaci\u00f3n derivada de la pandemia<\/strong> al mismo tiempo que se ha mostrado cr\u00edtica con <strong>la respuesta que el Ejecutivo de Franc\u00e9s dio a lo ocurrido en la residencia geri\u00e1trica Domus VI<\/strong> durante la primera ola de la crisis sanitaria del Coronavirus. Adem\u00e1s <strong>ha defendido la necesidad de buscar soluciones a la falta de suelo industrial que ahora mismo padece nuestra ciudad<\/strong> &#8220;<em>Alcoy no se puede permitir perder m\u00e1s industrias. Hay que estar al lado de los empresarios y evitar que nuestros j\u00f3venes tengan que salir fuera para buscar oportunidades laborales<\/em>&#8220;, matiz\u00f3.<\/p>\n<p style=\"text-align: justify;\">Finalmente <strong>la portavoz de la formaci\u00f3n naranja defendi\u00f3 el proyecto de Ciudadanos<\/strong> y dijo que el partido tiene que hacer <strong>una profunda reflexi\u00f3n tras lo ocurrido en las \u00faltimas citas electorales<\/strong> como las de la Comunidad de Madrid, Castilla Le\u00f3n y Andaluc\u00eda. Sobre <strong>su futuro en la pol\u00edtica local<\/strong> fue clara &#8220;<em>dos legislaturas son suficientes para trabajar por tu ciudad. Yo ya en su momento dej\u00e9 claro que estar\u00eda dispuesta a dar paso a la gente nueva que llegue<\/em>&#8220;, concluy\u00f3.<\/p>\n<p><iframe loading=\"lazy\" title=\"Tiempo De An\u00e1lisis Martes 21 De Junio De 2022\" width=\"100%\" height=\"120\" src=\"https:\/\/www.mixcloud.com\/widget\/iframe\/?feed=https%3A%2F%2Fwww.mixcloud.com%2FCOPEAlcoy%2Ftiempo-de-an%25C3%25A1lisis-martes-21-de-junio-de-2022%2F&amp;hide_cover=1\" frameborder=\"0\"><\/iframe><\/p>\n","protected":false},"excerpt":{"rendered":"<p>La portavoz de Ciudadanos en el Ayuntamiento de Alcoy tambi\u00e9n ha pasado por esta emisora para hacer balance de la&#8230;<\/p>\n","protected":false},"author":1,"featured_media":88960,"comment_status":"open","ping_status":"open","sticky":false,"template":"","format":"standard","meta":{"footnotes":""},"categories":[97,75,79],"tags":[1494,430,721,2968,560,3421],"class_list":["post-88959","post","type-post","status-publish","format-standard","has-post-thumbnail","hentry","category-alcoy","category-noticias","category-politicayeconomia","tag-alcoy","tag-balance","tag-elecciones-municipales","tag-entrevista","tag-legislatura","tag-rosa-garcia"],"yoast_head":"<!-- This site is optimized with the Yoast SEO plugin v27.3 - https:\/\/yoast.com\/product\/yoast-seo-wordpress\/ -->\n<title>Rosa Garc\u00eda sobre ser candidata a la alcald\u00eda de Alcoy: &quot;es bueno dar paso a gente nueva en la pol\u00edtica&quot; - COPE Alcoy<\/title>\n<meta name=\"robots\" content=\"index, follow, max-snippet:-1, max-image-preview:large, max-video-preview:-1\" \/>\n<link rel=\"canonical\" href=\"https:\/\/www.copealcoy.es\/es\/garcia-sobre-ser-candidata-a-la-alcaldia-de-alcoy-es-bueno-dar-paso-a-gente-nueva-en-la-politica\/\" \/>\n<meta property=\"og:locale\" content=\"es_ES\" \/>\n<meta property=\"og:type\" content=\"article\" \/>\n<meta property=\"og:title\" content=\"Rosa Garc\u00eda sobre ser candidata a la alcald\u00eda de Alcoy: &quot;es bueno dar paso a gente nueva en la pol\u00edtica&quot; - COPE Alcoy\" \/>\n<meta property=\"og:description\" content=\"La portavoz de Ciudadanos en el Ayuntamiento de Alcoy tambi\u00e9n ha pasado por esta emisora para hacer balance de la...\" \/>\n<meta property=\"og:url\" content=\"https:\/\/www.copealcoy.es\/es\/garcia-sobre-ser-candidata-a-la-alcaldia-de-alcoy-es-bueno-dar-paso-a-gente-nueva-en-la-politica\/\" \/>\n<meta property=\"og:site_name\" content=\"COPE Alcoy\" \/>\n<meta property=\"article:published_time\" content=\"2022-06-22T16:38:02+00:00\" \/>\n<meta property=\"article:modified_time\" content=\"2022-06-22T17:05:56+00:00\" \/>\n<meta property=\"og:image\" content=\"https:\/\/www.copealcoy.es\/wp-content\/uploads\/2022\/06\/unnamed-28-scaled-e1655915806191.jpg\" \/>\n\t<meta property=\"og:image:width\" content=\"640\" \/>\n\t<meta property=\"og:image:height\" content=\"445\" \/>\n\t<meta property=\"og:image:type\" content=\"image\/jpeg\" \/>\n<meta name=\"author\" content=\"Cope Alcoy\" \/>\n<meta name=\"twitter:label1\" content=\"Escrito por\" \/>\n\t<meta name=\"twitter:data1\" content=\"Cope Alcoy\" \/>\n\t<meta name=\"twitter:label2\" content=\"Tiempo de lectura\" \/>\n\t<meta name=\"twitter:data2\" content=\"2 minutos\" \/>\n<script type=\"application\/ld+json\" class=\"yoast-schema-graph\">{\"@context\":\"https:\\\/\\\/schema.org\",\"@graph\":[{\"@type\":\"Article\",\"@id\":\"https:\\\/\\\/www.copealcoy.es\\\/es\\\/garcia-sobre-ser-candidata-a-la-alcaldia-de-alcoy-es-bueno-dar-paso-a-gente-nueva-en-la-politica\\\/#article\",\"isPartOf\":{\"@id\":\"https:\\\/\\\/www.copealcoy.es\\\/es\\\/garcia-sobre-ser-candidata-a-la-alcaldia-de-alcoy-es-bueno-dar-paso-a-gente-nueva-en-la-politica\\\/\"},\"author\":{\"name\":\"Cope Alcoy\",\"@id\":\"https:\\\/\\\/www.copealcoy.es\\\/es\\\/#\\\/schema\\\/person\\\/e777c87fa024e57d40170af9df39882c\"},\"headline\":\"Rosa Garc\u00eda sobre ser candidata a la alcald\u00eda de Alcoy: &#8220;es bueno dar paso a gente nueva en la pol\u00edtica&#8221;\",\"datePublished\":\"2022-06-22T16:38:02+00:00\",\"dateModified\":\"2022-06-22T17:05:56+00:00\",\"mainEntityOfPage\":{\"@id\":\"https:\\\/\\\/www.copealcoy.es\\\/es\\\/garcia-sobre-ser-candidata-a-la-alcaldia-de-alcoy-es-bueno-dar-paso-a-gente-nueva-en-la-politica\\\/\"},\"wordCount\":311,\"commentCount\":0,\"image\":{\"@id\":\"https:\\\/\\\/www.copealcoy.es\\\/es\\\/garcia-sobre-ser-candidata-a-la-alcaldia-de-alcoy-es-bueno-dar-paso-a-gente-nueva-en-la-politica\\\/#primaryimage\"},\"thumbnailUrl\":\"https:\\\/\\\/www.copealcoy.es\\\/wp-content\\\/uploads\\\/2022\\\/06\\\/unnamed-28-scaled-e1655915806191.jpg\",\"keywords\":[\"Alcoy\",\"Balance\",\"Elecciones Municipales\",\"entrevista\",\"Legislatura\",\"Rosa Garc\u00eda\"],\"articleSection\":[\"Alcoy\",\"Noticias\",\"Pol\u00edtica y Econom\u00eda\"],\"inLanguage\":\"es\"},{\"@type\":\"WebPage\",\"@id\":\"https:\\\/\\\/www.copealcoy.es\\\/es\\\/garcia-sobre-ser-candidata-a-la-alcaldia-de-alcoy-es-bueno-dar-paso-a-gente-nueva-en-la-politica\\\/\",\"url\":\"https:\\\/\\\/www.copealcoy.es\\\/es\\\/garcia-sobre-ser-candidata-a-la-alcaldia-de-alcoy-es-bueno-dar-paso-a-gente-nueva-en-la-politica\\\/\",\"name\":\"Rosa Garc\u00eda sobre ser candidata a la alcald\u00eda de Alcoy: \\\"es bueno dar paso a gente nueva en la pol\u00edtica\\\" - COPE Alcoy\",\"isPartOf\":{\"@id\":\"https:\\\/\\\/www.copealcoy.es\\\/es\\\/#website\"},\"primaryImageOfPage\":{\"@id\":\"https:\\\/\\\/www.copealcoy.es\\\/es\\\/garcia-sobre-ser-candidata-a-la-alcaldia-de-alcoy-es-bueno-dar-paso-a-gente-nueva-en-la-politica\\\/#primaryimage\"},\"image\":{\"@id\":\"https:\\\/\\\/www.copealcoy.es\\\/es\\\/garcia-sobre-ser-candidata-a-la-alcaldia-de-alcoy-es-bueno-dar-paso-a-gente-nueva-en-la-politica\\\/#primaryimage\"},\"thumbnailUrl\":\"https:\\\/\\\/www.copealcoy.es\\\/wp-content\\\/uploads\\\/2022\\\/06\\\/unnamed-28-scaled-e1655915806191.jpg\",\"datePublished\":\"2022-06-22T16:38:02+00:00\",\"dateModified\":\"2022-06-22T17:05:56+00:00\",\"author\":{\"@id\":\"https:\\\/\\\/www.copealcoy.es\\\/es\\\/#\\\/schema\\\/person\\\/e777c87fa024e57d40170af9df39882c\"},\"breadcrumb\":{\"@id\":\"https:\\\/\\\/www.copealcoy.es\\\/es\\\/garcia-sobre-ser-candidata-a-la-alcaldia-de-alcoy-es-bueno-dar-paso-a-gente-nueva-en-la-politica\\\/#breadcrumb\"},\"inLanguage\":\"es\",\"potentialAction\":[{\"@type\":\"ReadAction\",\"target\":[\"https:\\\/\\\/www.copealcoy.es\\\/es\\\/garcia-sobre-ser-candidata-a-la-alcaldia-de-alcoy-es-bueno-dar-paso-a-gente-nueva-en-la-politica\\\/\"]}]},{\"@type\":\"ImageObject\",\"inLanguage\":\"es\",\"@id\":\"https:\\\/\\\/www.copealcoy.es\\\/es\\\/garcia-sobre-ser-candidata-a-la-alcaldia-de-alcoy-es-bueno-dar-paso-a-gente-nueva-en-la-politica\\\/#primaryimage\",\"url\":\"https:\\\/\\\/www.copealcoy.es\\\/wp-content\\\/uploads\\\/2022\\\/06\\\/unnamed-28-scaled-e1655915806191.jpg\",\"contentUrl\":\"https:\\\/\\\/www.copealcoy.es\\\/wp-content\\\/uploads\\\/2022\\\/06\\\/unnamed-28-scaled-e1655915806191.jpg\",\"width\":640,\"height\":445},{\"@type\":\"BreadcrumbList\",\"@id\":\"https:\\\/\\\/www.copealcoy.es\\\/es\\\/garcia-sobre-ser-candidata-a-la-alcaldia-de-alcoy-es-bueno-dar-paso-a-gente-nueva-en-la-politica\\\/#breadcrumb\",\"itemListElement\":[{\"@type\":\"ListItem\",\"position\":1,\"name\":\"Portada\",\"item\":\"https:\\\/\\\/www.copealcoy.es\\\/es\\\/\"},{\"@type\":\"ListItem\",\"position\":2,\"name\":\"Rosa Garc\u00eda sobre ser candidata a la alcald\u00eda de Alcoy: &#8220;es bueno dar paso a gente nueva en la pol\u00edtica&#8221;\"}]},{\"@type\":\"WebSite\",\"@id\":\"https:\\\/\\\/www.copealcoy.es\\\/es\\\/#website\",\"url\":\"https:\\\/\\\/www.copealcoy.es\\\/es\\\/\",\"name\":\"COPE Alcoy\",\"description\":\"Emisora COPE de radio local con emisi\u00f3n online. Pont de Sant Jordi 8-10 03803 Alcoy\",\"potentialAction\":[{\"@type\":\"SearchAction\",\"target\":{\"@type\":\"EntryPoint\",\"urlTemplate\":\"https:\\\/\\\/www.copealcoy.es\\\/es\\\/?s={search_term_string}\"},\"query-input\":{\"@type\":\"PropertyValueSpecification\",\"valueRequired\":true,\"valueName\":\"search_term_string\"}}],\"inLanguage\":\"es\"},{\"@type\":\"Person\",\"@id\":\"https:\\\/\\\/www.copealcoy.es\\\/es\\\/#\\\/schema\\\/person\\\/e777c87fa024e57d40170af9df39882c\",\"name\":\"Cope Alcoy\",\"image\":{\"@type\":\"ImageObject\",\"inLanguage\":\"es\",\"@id\":\"https:\\\/\\\/secure.gravatar.com\\\/avatar\\\/bb65d0283347e303893ba14f0692005417c1e0e690a325a4c5d8bb2b3943ee14?s=96&d=mm&r=g\",\"url\":\"https:\\\/\\\/secure.gravatar.com\\\/avatar\\\/bb65d0283347e303893ba14f0692005417c1e0e690a325a4c5d8bb2b3943ee14?s=96&d=mm&r=g\",\"contentUrl\":\"https:\\\/\\\/secure.gravatar.com\\\/avatar\\\/bb65d0283347e303893ba14f0692005417c1e0e690a325a4c5d8bb2b3943ee14?s=96&d=mm&r=g\",\"caption\":\"Cope Alcoy\"}}]}<\/script>\n<!-- \/ Yoast SEO plugin. -->","yoast_head_json":{"title":"Rosa Garc\u00eda sobre ser candidata a la alcald\u00eda de Alcoy: \"es bueno dar paso a gente nueva en la pol\u00edtica\" - COPE Alcoy","robots":{"index":"index","follow":"follow","max-snippet":"max-snippet:-1","max-image-preview":"max-image-preview:large","max-video-preview":"max-video-preview:-1"},"canonical":"https:\/\/www.copealcoy.es\/es\/garcia-sobre-ser-candidata-a-la-alcaldia-de-alcoy-es-bueno-dar-paso-a-gente-nueva-en-la-politica\/","og_locale":"es_ES","og_type":"article","og_title":"Rosa Garc\u00eda sobre ser candidata a la alcald\u00eda de Alcoy: \"es bueno dar paso a gente nueva en la pol\u00edtica\" - COPE Alcoy","og_description":"La portavoz de Ciudadanos en el Ayuntamiento de Alcoy tambi\u00e9n ha pasado por esta emisora para hacer balance de la...","og_url":"https:\/\/www.copealcoy.es\/es\/garcia-sobre-ser-candidata-a-la-alcaldia-de-alcoy-es-bueno-dar-paso-a-gente-nueva-en-la-politica\/","og_site_name":"COPE Alcoy","article_published_time":"2022-06-22T16:38:02+00:00","article_modified_time":"2022-06-22T17:05:56+00:00","og_image":[{"width":640,"height":445,"url":"https:\/\/www.copealcoy.es\/wp-content\/uploads\/2022\/06\/unnamed-28-scaled-e1655915806191.jpg","type":"image\/jpeg"}],"author":"Cope Alcoy","twitter_misc":{"Escrito por":"Cope Alcoy","Tiempo de lectura":"2 minutos"},"schema":{"@context":"https:\/\/schema.org","@graph":[{"@type":"Article","@id":"https:\/\/www.copealcoy.es\/es\/garcia-sobre-ser-candidata-a-la-alcaldia-de-alcoy-es-bueno-dar-paso-a-gente-nueva-en-la-politica\/#article","isPartOf":{"@id":"https:\/\/www.copealcoy.es\/es\/garcia-sobre-ser-candidata-a-la-alcaldia-de-alcoy-es-bueno-dar-paso-a-gente-nueva-en-la-politica\/"},"author":{"name":"Cope Alcoy","@id":"https:\/\/www.copealcoy.es\/es\/#\/schema\/person\/e777c87fa024e57d40170af9df39882c"},"headline":"Rosa Garc\u00eda sobre ser candidata a la alcald\u00eda de Alcoy: &#8220;es bueno dar paso a gente nueva en la pol\u00edtica&#8221;","datePublished":"2022-06-22T16:38:02+00:00","dateModified":"2022-06-22T17:05:56+00:00","mainEntityOfPage":{"@id":"https:\/\/www.copealcoy.es\/es\/garcia-sobre-ser-candidata-a-la-alcaldia-de-alcoy-es-bueno-dar-paso-a-gente-nueva-en-la-politica\/"},"wordCount":311,"commentCount":0,"image":{"@id":"https:\/\/www.copealcoy.es\/es\/garcia-sobre-ser-candidata-a-la-alcaldia-de-alcoy-es-bueno-dar-paso-a-gente-nueva-en-la-politica\/#primaryimage"},"thumbnailUrl":"https:\/\/www.copealcoy.es\/wp-content\/uploads\/2022\/06\/unnamed-28-scaled-e1655915806191.jpg","keywords":["Alcoy","Balance","Elecciones Municipales","entrevista","Legislatura","Rosa Garc\u00eda"],"articleSection":["Alcoy","Noticias","Pol\u00edtica y Econom\u00eda"],"inLanguage":"es"},{"@type":"WebPage","@id":"https:\/\/www.copealcoy.es\/es\/garcia-sobre-ser-candidata-a-la-alcaldia-de-alcoy-es-bueno-dar-paso-a-gente-nueva-en-la-politica\/","url":"https:\/\/www.copealcoy.es\/es\/garcia-sobre-ser-candidata-a-la-alcaldia-de-alcoy-es-bueno-dar-paso-a-gente-nueva-en-la-politica\/","name":"Rosa Garc\u00eda sobre ser candidata a la alcald\u00eda de Alcoy: \"es bueno dar paso a gente nueva en la pol\u00edtica\" - COPE Alcoy","isPartOf":{"@id":"https:\/\/www.copealcoy.es\/es\/#website"},"primaryImageOfPage":{"@id":"https:\/\/www.copealcoy.es\/es\/garcia-sobre-ser-candidata-a-la-alcaldia-de-alcoy-es-bueno-dar-paso-a-gente-nueva-en-la-politica\/#primaryimage"},"image":{"@id":"https:\/\/www.copealcoy.es\/es\/garcia-sobre-ser-candidata-a-la-alcaldia-de-alcoy-es-bueno-dar-paso-a-gente-nueva-en-la-politica\/#primaryimage"},"thumbnailUrl":"https:\/\/www.copealcoy.es\/wp-content\/uploads\/2022\/06\/unnamed-28-scaled-e1655915806191.jpg","datePublished":"2022-06-22T16:38:02+00:00","dateModified":"2022-06-22T17:05:56+00:00","author":{"@id":"https:\/\/www.copealcoy.es\/es\/#\/schema\/person\/e777c87fa024e57d40170af9df39882c"},"breadcrumb":{"@id":"https:\/\/www.copealcoy.es\/es\/garcia-sobre-ser-candidata-a-la-alcaldia-de-alcoy-es-bueno-dar-paso-a-gente-nueva-en-la-politica\/#breadcrumb"},"inLanguage":"es","potentialAction":[{"@type":"ReadAction","target":["https:\/\/www.copealcoy.es\/es\/garcia-sobre-ser-candidata-a-la-alcaldia-de-alcoy-es-bueno-dar-paso-a-gente-nueva-en-la-politica\/"]}]},{"@type":"ImageObject","inLanguage":"es","@id":"https:\/\/www.copealcoy.es\/es\/garcia-sobre-ser-candidata-a-la-alcaldia-de-alcoy-es-bueno-dar-paso-a-gente-nueva-en-la-politica\/#primaryimage","url":"https:\/\/www.copealcoy.es\/wp-content\/uploads\/2022\/06\/unnamed-28-scaled-e1655915806191.jpg","contentUrl":"https:\/\/www.copealcoy.es\/wp-content\/uploads\/2022\/06\/unnamed-28-scaled-e1655915806191.jpg","width":640,"height":445},{"@type":"BreadcrumbList","@id":"https:\/\/www.copealcoy.es\/es\/garcia-sobre-ser-candidata-a-la-alcaldia-de-alcoy-es-bueno-dar-paso-a-gente-nueva-en-la-politica\/#breadcrumb","itemListElement":[{"@type":"ListItem","position":1,"name":"Portada","item":"https:\/\/www.copealcoy.es\/es\/"},{"@type":"ListItem","position":2,"name":"Rosa Garc\u00eda sobre ser candidata a la alcald\u00eda de Alcoy: &#8220;es bueno dar paso a gente nueva en la pol\u00edtica&#8221;"}]},{"@type":"WebSite","@id":"https:\/\/www.copealcoy.es\/es\/#website","url":"https:\/\/www.copealcoy.es\/es\/","name":"COPE Alcoy","description":"Emisora COPE de radio local con emisi\u00f3n online. Pont de Sant Jordi 8-10 03803 Alcoy","potentialAction":[{"@type":"SearchAction","target":{"@type":"EntryPoint","urlTemplate":"https:\/\/www.copealcoy.es\/es\/?s={search_term_string}"},"query-input":{"@type":"PropertyValueSpecification","valueRequired":true,"valueName":"search_term_string"}}],"inLanguage":"es"},{"@type":"Person","@id":"https:\/\/www.copealcoy.es\/es\/#\/schema\/person\/e777c87fa024e57d40170af9df39882c","name":"Cope Alcoy","image":{"@type":"ImageObject","inLanguage":"es","@id":"https:\/\/secure.gravatar.com\/avatar\/bb65d0283347e303893ba14f0692005417c1e0e690a325a4c5d8bb2b3943ee14?s=96&d=mm&r=g","url":"https:\/\/secure.gravatar.com\/avatar\/bb65d0283347e303893ba14f0692005417c1e0e690a325a4c5d8bb2b3943ee14?s=96&d=mm&r=g","contentUrl":"https:\/\/secure.gravatar.com\/avatar\/bb65d0283347e303893ba14f0692005417c1e0e690a325a4c5d8bb2b3943ee14?s=96&d=mm&r=g","caption":"Cope Alcoy"}}]}},"_links":{"self":[{"href":"https:\/\/www.copealcoy.es\/es\/wp-json\/wp\/v2\/posts\/88959","targetHints":{"allow":["GET"]}}],"collection":[{"href":"https:\/\/www.copealcoy.es\/es\/wp-json\/wp\/v2\/posts"}],"about":[{"href":"https:\/\/www.copealcoy.es\/es\/wp-json\/wp\/v2\/types\/post"}],"author":[{"embeddable":true,"href":"https:\/\/www.copealcoy.es\/es\/wp-json\/wp\/v2\/users\/1"}],"replies":[{"embeddable":true,"href":"https:\/\/www.copealcoy.es\/es\/wp-json\/wp\/v2\/comments?post=88959"}],"version-history":[{"count":0,"href":"https:\/\/www.copealcoy.es\/es\/wp-json\/wp\/v2\/posts\/88959\/revisions"}],"wp:featuredmedia":[{"embeddable":true,"href":"https:\/\/www.copealcoy.es\/es\/wp-json\/wp\/v2\/media\/88960"}],"wp:attachment":[{"href":"https:\/\/www.copealcoy.es\/es\/wp-json\/wp\/v2\/media?parent=88959"}],"wp:term":[{"taxonomy":"category","embeddable":true,"href":"https:\/\/www.copealcoy.es\/es\/wp-json\/wp\/v2\/categories?post=88959"},{"taxonomy":"post_tag","embeddable":true,"href":"https:\/\/www.copealcoy.es\/es\/wp-json\/wp\/v2\/tags?post=88959"}],"curies":[{"name":"wp","href":"https:\/\/api.w.org\/{rel}","templated":true}]}}