{"id":88681,"date":"2022-06-16T10:50:23","date_gmt":"2022-06-16T09:50:23","guid":{"rendered":"https:\/\/www.copealcoy.es\/?p=88681"},"modified":"2022-06-16T13:52:11","modified_gmt":"2022-06-16T12:52:11","slug":"el-inicio-del-curso-se-retrasa-al-12-de-septiembre-en-la-comunitat-valenciana","status":"publish","type":"post","link":"https:\/\/www.copealcoy.es\/es\/el-inicio-del-curso-se-retrasa-al-12-de-septiembre-en-la-comunitat-valenciana\/","title":{"rendered":"El inicio del curso se retrasa al 12 de septiembre en la Comunitat Valenciana"},"content":{"rendered":"<p style=\"text-align: justify;\">El pr\u00f3ximo curso escolar en la Comunitat Valenciana <strong>arrancar\u00e1 finalmente el lunes 12 de septiembre<\/strong>. La Conselleria de Educaci\u00f3n <strong>ha fijado esta fecha<\/strong> -en lugar del 8 de septiembre, la propuesta en un principio- <strong>tras escuchar a la comunidad educativa<\/strong> en las diferentes mesas de negociaci\u00f3n.<\/p>\n<p style=\"text-align: justify;\">El <strong>Diari Oficial de la Generalitat Valenciana<\/strong> publica este calendario, que contempla el 12 de septiembre como <strong>primer d\u00eda de clase<\/strong> para <strong>el alumnado de Educaci\u00f3n Infantil, Primaria, ESO, Bachillerato y Formaci\u00f3n Profesional, tanto en FP B\u00e1sica (FPB) como en las titulaciones de grado medio y superior<\/strong>.<\/p>\n<p style=\"text-align: justify;\">Adem\u00e1s, por primera vez, las clases de Infantil, Primaria, ESO, Bachillerato, FP y tambi\u00e9n las de las escuelas oficiales de idiomas (EOI) <strong>acabar\u00e1n todas al mismo tiempo<\/strong>. As\u00ed, <strong>el \u00faltimo d\u00eda de clase del pr\u00f3ximo curso 2022-2023 ser\u00e1 el mi\u00e9rcoles 21 de junio<\/strong>. Igualmente, el alumnado de los programas formativos de cualificaci\u00f3n b\u00e1sica (PFCB) y el de FPB de segunda oportunidad <strong>tambi\u00e9n finalizar\u00e1 las clases el 21 de junio<\/strong>.<\/p>\n<p style=\"text-align: justify;\">La Conselleria se\u00f1ala que esta planificaci\u00f3n se hace p\u00fablica tras escuchar <em>&#8220;a toda la comunidad educativa en las diferentes mesas de negociaci\u00f3n con los sindicatos docentes, las patronales de la ense\u00f1anza concertada, las familias y el alumnado&#8221;.<\/em><\/p>\n<p style=\"text-align: justify;\">Tanto en el caso de los PFCB como en el de la FPB de segunda oportunidad, las clases del curso 2022-2023 <strong>empezar\u00e1n el mi\u00e9rcoles 14 de septiembre<\/strong>. Por lo que respecta a <strong>las EOI<\/strong>, las clases <strong>arrancar\u00e1n el lunes 26 de septiembre<\/strong>. En <strong>formaci\u00f3n de personas adultas (FPA)<\/strong>, el inicio de curso <strong>ser\u00e1 el lunes 19 de septiembre<\/strong>, y el final, <strong>el viernes 16 de junio<\/strong>.<\/p>\n<p style=\"text-align: justify;\">En <strong>ense\u00f1anzas art\u00edsticas de m\u00fasica y danza, elementales y profesionales; ense\u00f1anzas profesionales de artes pl\u00e1sticas y dise\u00f1o, y ense\u00f1anzas deportivas de r\u00e9gimen especial<\/strong>, las clases empezar\u00e1n el <strong>mi\u00e9rcoles 21 de septiembre y acabar\u00e1n el viernes 16 de junio<\/strong>.<\/p>\n<p style=\"text-align: justify;\"><span style=\"color: #0000ff;\"><strong>Vacaciones y festivos\u00a0<\/strong><\/span><\/p>\n<p style=\"text-align: justify;\">Por lo que respecta a <strong>las vacaciones de Navidad<\/strong>, para el profesorado y el alumnado, se establecen desde el viernes 23 de diciembre hasta el viernes 6 de enero, los dos d\u00edas incluidos, y <strong>las de Pascua<\/strong>, del jueves 6 al lunes 17 de abril, tambi\u00e9n los dos incluidos.<\/p>\n<p style=\"text-align: justify;\">El pr\u00f3ximo curso 2022-2023 <strong>tendr\u00e1 los siguientes d\u00edas festivos auton\u00f3micos<\/strong>: el mi\u00e9rcoles 12 de octubre, el martes 1 de noviembre, el martes 6 y el jueves 8 de diciembre, y tambi\u00e9n el lunes 1 de mayo.<\/p>\n<p style=\"text-align: justify;\">Desde el departamento que dirige Raquel Tamarit recuerdan que este es el calendario escolar com\u00fan para todo el territorio en el \u00e1mbito auton\u00f3mico, <strong>a partir del cual cada Ayuntamiento establece tres d\u00edas no lectivos locales<\/strong>, as\u00ed como los festivos locales, en caso de que alguno de los dos d\u00edas que corresponden a cada municipio se celebren en jornada lectiva.<\/p>\n<p style=\"text-align: justify;\">Por tanto, una vez publicado en el DOGV el calendario escolar del curso 2022-2023, l<strong>os consejos escolares municipales (CEM)<\/strong>, que son el <strong>m\u00e1ximo \u00f3rgano de participaci\u00f3n de la comunidad educativa de un municipio<\/strong>, o los Ayuntamientos, en el caso de los pueblos peque\u00f1os que no disponen de CEM, <strong>acabar\u00e1n de definir el calendario con los festivos y los d\u00edas no lectivos locales en cada pueblo o ciudad<\/strong>.<\/p>\n<p style=\"text-align: justify;\">Adem\u00e1s, los CEM pueden <strong>solicitar un cuarto d\u00eda no lectivo de car\u00e1cter recuperable<\/strong>, pero en este \u00faltimo caso se trata de una modificaci\u00f3n del calendario escolar que <strong>debe autorizar la Direcci\u00f3n General de Centros Docentes<\/strong>. Este d\u00eda recuperable de clases, en el caso de que se solicite, se suele establecer, por regla general, <strong>alargando un d\u00eda m\u00e1s el fin del curso o bien acortando un d\u00eda las vacaciones de Pascua<\/strong>.<\/p>\n","protected":false},"excerpt":{"rendered":"<p>El pr\u00f3ximo curso escolar en la Comunitat Valenciana arrancar\u00e1 finalmente el lunes 12 de septiembre. La Conselleria de Educaci\u00f3n ha&#8230;<\/p>\n","protected":false},"author":1,"featured_media":34538,"comment_status":"open","ping_status":"open","sticky":false,"template":"","format":"standard","meta":{"footnotes":""},"categories":[6909,97,900,75,125],"tags":[12844,1768,1246,1215,274],"class_list":["post-88681","post","type-post","status-publish","format-standard","has-post-thumbnail","hentry","category-actualidad","category-alcoy","category-educacion","category-noticias","category-portada","tag-12-de-septiembre","tag-comunitat-valenciana","tag-curso-escolar","tag-inicio","tag-retraso"],"yoast_head":"<!-- This site is optimized with the Yoast SEO plugin v27.3 - https:\/\/yoast.com\/product\/yoast-seo-wordpress\/ -->\n<title>El inicio del curso se retrasa al 12 de septiembre en la Comunitat Valenciana - COPE Alcoy<\/title>\n<meta name=\"robots\" content=\"index, follow, max-snippet:-1, max-image-preview:large, max-video-preview:-1\" \/>\n<link rel=\"canonical\" href=\"https:\/\/www.copealcoy.es\/es\/el-inicio-del-curso-se-retrasa-al-12-de-septiembre-en-la-comunitat-valenciana\/\" \/>\n<meta property=\"og:locale\" content=\"es_ES\" \/>\n<meta property=\"og:type\" content=\"article\" \/>\n<meta property=\"og:title\" content=\"El inicio del curso se retrasa al 12 de septiembre en la Comunitat Valenciana - COPE Alcoy\" \/>\n<meta property=\"og:description\" content=\"El pr\u00f3ximo curso escolar en la Comunitat Valenciana arrancar\u00e1 finalmente el lunes 12 de septiembre. La Conselleria de Educaci\u00f3n ha...\" \/>\n<meta property=\"og:url\" content=\"https:\/\/www.copealcoy.es\/es\/el-inicio-del-curso-se-retrasa-al-12-de-septiembre-en-la-comunitat-valenciana\/\" \/>\n<meta property=\"og:site_name\" content=\"COPE Alcoy\" \/>\n<meta property=\"article:published_time\" content=\"2022-06-16T09:50:23+00:00\" \/>\n<meta property=\"article:modified_time\" content=\"2022-06-16T12:52:11+00:00\" \/>\n<meta property=\"og:image\" content=\"https:\/\/www.copealcoy.es\/wp-content\/uploads\/2017\/08\/Millores_Centres_Escolars_23_20170817021449.jpg\" \/>\n\t<meta property=\"og:image:width\" content=\"1597\" \/>\n\t<meta property=\"og:image:height\" content=\"1039\" \/>\n\t<meta property=\"og:image:type\" content=\"image\/jpeg\" \/>\n<meta name=\"author\" content=\"Cope Alcoy\" \/>\n<meta name=\"twitter:label1\" content=\"Escrito por\" \/>\n\t<meta name=\"twitter:data1\" content=\"Cope Alcoy\" \/>\n\t<meta name=\"twitter:label2\" content=\"Tiempo de lectura\" \/>\n\t<meta name=\"twitter:data2\" content=\"3 minutos\" \/>\n<script type=\"application\/ld+json\" class=\"yoast-schema-graph\">{\"@context\":\"https:\\\/\\\/schema.org\",\"@graph\":[{\"@type\":\"Article\",\"@id\":\"https:\\\/\\\/www.copealcoy.es\\\/es\\\/el-inicio-del-curso-se-retrasa-al-12-de-septiembre-en-la-comunitat-valenciana\\\/#article\",\"isPartOf\":{\"@id\":\"https:\\\/\\\/www.copealcoy.es\\\/es\\\/el-inicio-del-curso-se-retrasa-al-12-de-septiembre-en-la-comunitat-valenciana\\\/\"},\"author\":{\"name\":\"Cope Alcoy\",\"@id\":\"https:\\\/\\\/www.copealcoy.es\\\/es\\\/#\\\/schema\\\/person\\\/e777c87fa024e57d40170af9df39882c\"},\"headline\":\"El inicio del curso se retrasa al 12 de septiembre en la Comunitat Valenciana\",\"datePublished\":\"2022-06-16T09:50:23+00:00\",\"dateModified\":\"2022-06-16T12:52:11+00:00\",\"mainEntityOfPage\":{\"@id\":\"https:\\\/\\\/www.copealcoy.es\\\/es\\\/el-inicio-del-curso-se-retrasa-al-12-de-septiembre-en-la-comunitat-valenciana\\\/\"},\"wordCount\":641,\"commentCount\":0,\"image\":{\"@id\":\"https:\\\/\\\/www.copealcoy.es\\\/es\\\/el-inicio-del-curso-se-retrasa-al-12-de-septiembre-en-la-comunitat-valenciana\\\/#primaryimage\"},\"thumbnailUrl\":\"https:\\\/\\\/www.copealcoy.es\\\/wp-content\\\/uploads\\\/2017\\\/08\\\/Millores_Centres_Escolars_23_20170817021449.jpg\",\"keywords\":[\"12 de septiembre\",\"Comunitat Valenciana\",\"Curso Escolar\",\"inicio\",\"Retraso\"],\"articleSection\":[\"Actualidad\",\"Alcoy\",\"Educaci\u00f3n\",\"Noticias\",\"Portada\"],\"inLanguage\":\"es\"},{\"@type\":\"WebPage\",\"@id\":\"https:\\\/\\\/www.copealcoy.es\\\/es\\\/el-inicio-del-curso-se-retrasa-al-12-de-septiembre-en-la-comunitat-valenciana\\\/\",\"url\":\"https:\\\/\\\/www.copealcoy.es\\\/es\\\/el-inicio-del-curso-se-retrasa-al-12-de-septiembre-en-la-comunitat-valenciana\\\/\",\"name\":\"El inicio del curso se retrasa al 12 de septiembre en la Comunitat Valenciana - COPE Alcoy\",\"isPartOf\":{\"@id\":\"https:\\\/\\\/www.copealcoy.es\\\/es\\\/#website\"},\"primaryImageOfPage\":{\"@id\":\"https:\\\/\\\/www.copealcoy.es\\\/es\\\/el-inicio-del-curso-se-retrasa-al-12-de-septiembre-en-la-comunitat-valenciana\\\/#primaryimage\"},\"image\":{\"@id\":\"https:\\\/\\\/www.copealcoy.es\\\/es\\\/el-inicio-del-curso-se-retrasa-al-12-de-septiembre-en-la-comunitat-valenciana\\\/#primaryimage\"},\"thumbnailUrl\":\"https:\\\/\\\/www.copealcoy.es\\\/wp-content\\\/uploads\\\/2017\\\/08\\\/Millores_Centres_Escolars_23_20170817021449.jpg\",\"datePublished\":\"2022-06-16T09:50:23+00:00\",\"dateModified\":\"2022-06-16T12:52:11+00:00\",\"author\":{\"@id\":\"https:\\\/\\\/www.copealcoy.es\\\/es\\\/#\\\/schema\\\/person\\\/e777c87fa024e57d40170af9df39882c\"},\"breadcrumb\":{\"@id\":\"https:\\\/\\\/www.copealcoy.es\\\/es\\\/el-inicio-del-curso-se-retrasa-al-12-de-septiembre-en-la-comunitat-valenciana\\\/#breadcrumb\"},\"inLanguage\":\"es\",\"potentialAction\":[{\"@type\":\"ReadAction\",\"target\":[\"https:\\\/\\\/www.copealcoy.es\\\/es\\\/el-inicio-del-curso-se-retrasa-al-12-de-septiembre-en-la-comunitat-valenciana\\\/\"]}]},{\"@type\":\"ImageObject\",\"inLanguage\":\"es\",\"@id\":\"https:\\\/\\\/www.copealcoy.es\\\/es\\\/el-inicio-del-curso-se-retrasa-al-12-de-septiembre-en-la-comunitat-valenciana\\\/#primaryimage\",\"url\":\"https:\\\/\\\/www.copealcoy.es\\\/wp-content\\\/uploads\\\/2017\\\/08\\\/Millores_Centres_Escolars_23_20170817021449.jpg\",\"contentUrl\":\"https:\\\/\\\/www.copealcoy.es\\\/wp-content\\\/uploads\\\/2017\\\/08\\\/Millores_Centres_Escolars_23_20170817021449.jpg\",\"width\":1597,\"height\":1039,\"caption\":\"Las actuaciones se han realizado durante este verano \\\/ Foto: Ajuntament d\u00b4Alcoi\"},{\"@type\":\"BreadcrumbList\",\"@id\":\"https:\\\/\\\/www.copealcoy.es\\\/es\\\/el-inicio-del-curso-se-retrasa-al-12-de-septiembre-en-la-comunitat-valenciana\\\/#breadcrumb\",\"itemListElement\":[{\"@type\":\"ListItem\",\"position\":1,\"name\":\"Portada\",\"item\":\"https:\\\/\\\/www.copealcoy.es\\\/es\\\/\"},{\"@type\":\"ListItem\",\"position\":2,\"name\":\"El inicio del curso se retrasa al 12 de septiembre en la Comunitat Valenciana\"}]},{\"@type\":\"WebSite\",\"@id\":\"https:\\\/\\\/www.copealcoy.es\\\/es\\\/#website\",\"url\":\"https:\\\/\\\/www.copealcoy.es\\\/es\\\/\",\"name\":\"COPE Alcoy\",\"description\":\"Emisora COPE de radio local con emisi\u00f3n online. Pont de Sant Jordi 8-10 03803 Alcoy\",\"potentialAction\":[{\"@type\":\"SearchAction\",\"target\":{\"@type\":\"EntryPoint\",\"urlTemplate\":\"https:\\\/\\\/www.copealcoy.es\\\/es\\\/?s={search_term_string}\"},\"query-input\":{\"@type\":\"PropertyValueSpecification\",\"valueRequired\":true,\"valueName\":\"search_term_string\"}}],\"inLanguage\":\"es\"},{\"@type\":\"Person\",\"@id\":\"https:\\\/\\\/www.copealcoy.es\\\/es\\\/#\\\/schema\\\/person\\\/e777c87fa024e57d40170af9df39882c\",\"name\":\"Cope Alcoy\",\"image\":{\"@type\":\"ImageObject\",\"inLanguage\":\"es\",\"@id\":\"https:\\\/\\\/secure.gravatar.com\\\/avatar\\\/bb65d0283347e303893ba14f0692005417c1e0e690a325a4c5d8bb2b3943ee14?s=96&d=mm&r=g\",\"url\":\"https:\\\/\\\/secure.gravatar.com\\\/avatar\\\/bb65d0283347e303893ba14f0692005417c1e0e690a325a4c5d8bb2b3943ee14?s=96&d=mm&r=g\",\"contentUrl\":\"https:\\\/\\\/secure.gravatar.com\\\/avatar\\\/bb65d0283347e303893ba14f0692005417c1e0e690a325a4c5d8bb2b3943ee14?s=96&d=mm&r=g\",\"caption\":\"Cope Alcoy\"}}]}<\/script>\n<!-- \/ Yoast SEO plugin. -->","yoast_head_json":{"title":"El inicio del curso se retrasa al 12 de septiembre en la Comunitat Valenciana - COPE Alcoy","robots":{"index":"index","follow":"follow","max-snippet":"max-snippet:-1","max-image-preview":"max-image-preview:large","max-video-preview":"max-video-preview:-1"},"canonical":"https:\/\/www.copealcoy.es\/es\/el-inicio-del-curso-se-retrasa-al-12-de-septiembre-en-la-comunitat-valenciana\/","og_locale":"es_ES","og_type":"article","og_title":"El inicio del curso se retrasa al 12 de septiembre en la Comunitat Valenciana - COPE Alcoy","og_description":"El pr\u00f3ximo curso escolar en la Comunitat Valenciana arrancar\u00e1 finalmente el lunes 12 de septiembre. La Conselleria de Educaci\u00f3n ha...","og_url":"https:\/\/www.copealcoy.es\/es\/el-inicio-del-curso-se-retrasa-al-12-de-septiembre-en-la-comunitat-valenciana\/","og_site_name":"COPE Alcoy","article_published_time":"2022-06-16T09:50:23+00:00","article_modified_time":"2022-06-16T12:52:11+00:00","og_image":[{"width":1597,"height":1039,"url":"https:\/\/www.copealcoy.es\/wp-content\/uploads\/2017\/08\/Millores_Centres_Escolars_23_20170817021449.jpg","type":"image\/jpeg"}],"author":"Cope Alcoy","twitter_misc":{"Escrito por":"Cope Alcoy","Tiempo de lectura":"3 minutos"},"schema":{"@context":"https:\/\/schema.org","@graph":[{"@type":"Article","@id":"https:\/\/www.copealcoy.es\/es\/el-inicio-del-curso-se-retrasa-al-12-de-septiembre-en-la-comunitat-valenciana\/#article","isPartOf":{"@id":"https:\/\/www.copealcoy.es\/es\/el-inicio-del-curso-se-retrasa-al-12-de-septiembre-en-la-comunitat-valenciana\/"},"author":{"name":"Cope Alcoy","@id":"https:\/\/www.copealcoy.es\/es\/#\/schema\/person\/e777c87fa024e57d40170af9df39882c"},"headline":"El inicio del curso se retrasa al 12 de septiembre en la Comunitat Valenciana","datePublished":"2022-06-16T09:50:23+00:00","dateModified":"2022-06-16T12:52:11+00:00","mainEntityOfPage":{"@id":"https:\/\/www.copealcoy.es\/es\/el-inicio-del-curso-se-retrasa-al-12-de-septiembre-en-la-comunitat-valenciana\/"},"wordCount":641,"commentCount":0,"image":{"@id":"https:\/\/www.copealcoy.es\/es\/el-inicio-del-curso-se-retrasa-al-12-de-septiembre-en-la-comunitat-valenciana\/#primaryimage"},"thumbnailUrl":"https:\/\/www.copealcoy.es\/wp-content\/uploads\/2017\/08\/Millores_Centres_Escolars_23_20170817021449.jpg","keywords":["12 de septiembre","Comunitat Valenciana","Curso Escolar","inicio","Retraso"],"articleSection":["Actualidad","Alcoy","Educaci\u00f3n","Noticias","Portada"],"inLanguage":"es"},{"@type":"WebPage","@id":"https:\/\/www.copealcoy.es\/es\/el-inicio-del-curso-se-retrasa-al-12-de-septiembre-en-la-comunitat-valenciana\/","url":"https:\/\/www.copealcoy.es\/es\/el-inicio-del-curso-se-retrasa-al-12-de-septiembre-en-la-comunitat-valenciana\/","name":"El inicio del curso se retrasa al 12 de septiembre en la Comunitat Valenciana - COPE Alcoy","isPartOf":{"@id":"https:\/\/www.copealcoy.es\/es\/#website"},"primaryImageOfPage":{"@id":"https:\/\/www.copealcoy.es\/es\/el-inicio-del-curso-se-retrasa-al-12-de-septiembre-en-la-comunitat-valenciana\/#primaryimage"},"image":{"@id":"https:\/\/www.copealcoy.es\/es\/el-inicio-del-curso-se-retrasa-al-12-de-septiembre-en-la-comunitat-valenciana\/#primaryimage"},"thumbnailUrl":"https:\/\/www.copealcoy.es\/wp-content\/uploads\/2017\/08\/Millores_Centres_Escolars_23_20170817021449.jpg","datePublished":"2022-06-16T09:50:23+00:00","dateModified":"2022-06-16T12:52:11+00:00","author":{"@id":"https:\/\/www.copealcoy.es\/es\/#\/schema\/person\/e777c87fa024e57d40170af9df39882c"},"breadcrumb":{"@id":"https:\/\/www.copealcoy.es\/es\/el-inicio-del-curso-se-retrasa-al-12-de-septiembre-en-la-comunitat-valenciana\/#breadcrumb"},"inLanguage":"es","potentialAction":[{"@type":"ReadAction","target":["https:\/\/www.copealcoy.es\/es\/el-inicio-del-curso-se-retrasa-al-12-de-septiembre-en-la-comunitat-valenciana\/"]}]},{"@type":"ImageObject","inLanguage":"es","@id":"https:\/\/www.copealcoy.es\/es\/el-inicio-del-curso-se-retrasa-al-12-de-septiembre-en-la-comunitat-valenciana\/#primaryimage","url":"https:\/\/www.copealcoy.es\/wp-content\/uploads\/2017\/08\/Millores_Centres_Escolars_23_20170817021449.jpg","contentUrl":"https:\/\/www.copealcoy.es\/wp-content\/uploads\/2017\/08\/Millores_Centres_Escolars_23_20170817021449.jpg","width":1597,"height":1039,"caption":"Las actuaciones se han realizado durante este verano \/ Foto: Ajuntament d\u00b4Alcoi"},{"@type":"BreadcrumbList","@id":"https:\/\/www.copealcoy.es\/es\/el-inicio-del-curso-se-retrasa-al-12-de-septiembre-en-la-comunitat-valenciana\/#breadcrumb","itemListElement":[{"@type":"ListItem","position":1,"name":"Portada","item":"https:\/\/www.copealcoy.es\/es\/"},{"@type":"ListItem","position":2,"name":"El inicio del curso se retrasa al 12 de septiembre en la Comunitat Valenciana"}]},{"@type":"WebSite","@id":"https:\/\/www.copealcoy.es\/es\/#website","url":"https:\/\/www.copealcoy.es\/es\/","name":"COPE Alcoy","description":"Emisora COPE de radio local con emisi\u00f3n online. Pont de Sant Jordi 8-10 03803 Alcoy","potentialAction":[{"@type":"SearchAction","target":{"@type":"EntryPoint","urlTemplate":"https:\/\/www.copealcoy.es\/es\/?s={search_term_string}"},"query-input":{"@type":"PropertyValueSpecification","valueRequired":true,"valueName":"search_term_string"}}],"inLanguage":"es"},{"@type":"Person","@id":"https:\/\/www.copealcoy.es\/es\/#\/schema\/person\/e777c87fa024e57d40170af9df39882c","name":"Cope Alcoy","image":{"@type":"ImageObject","inLanguage":"es","@id":"https:\/\/secure.gravatar.com\/avatar\/bb65d0283347e303893ba14f0692005417c1e0e690a325a4c5d8bb2b3943ee14?s=96&d=mm&r=g","url":"https:\/\/secure.gravatar.com\/avatar\/bb65d0283347e303893ba14f0692005417c1e0e690a325a4c5d8bb2b3943ee14?s=96&d=mm&r=g","contentUrl":"https:\/\/secure.gravatar.com\/avatar\/bb65d0283347e303893ba14f0692005417c1e0e690a325a4c5d8bb2b3943ee14?s=96&d=mm&r=g","caption":"Cope Alcoy"}}]}},"_links":{"self":[{"href":"https:\/\/www.copealcoy.es\/es\/wp-json\/wp\/v2\/posts\/88681","targetHints":{"allow":["GET"]}}],"collection":[{"href":"https:\/\/www.copealcoy.es\/es\/wp-json\/wp\/v2\/posts"}],"about":[{"href":"https:\/\/www.copealcoy.es\/es\/wp-json\/wp\/v2\/types\/post"}],"author":[{"embeddable":true,"href":"https:\/\/www.copealcoy.es\/es\/wp-json\/wp\/v2\/users\/1"}],"replies":[{"embeddable":true,"href":"https:\/\/www.copealcoy.es\/es\/wp-json\/wp\/v2\/comments?post=88681"}],"version-history":[{"count":0,"href":"https:\/\/www.copealcoy.es\/es\/wp-json\/wp\/v2\/posts\/88681\/revisions"}],"wp:featuredmedia":[{"embeddable":true,"href":"https:\/\/www.copealcoy.es\/es\/wp-json\/wp\/v2\/media\/34538"}],"wp:attachment":[{"href":"https:\/\/www.copealcoy.es\/es\/wp-json\/wp\/v2\/media?parent=88681"}],"wp:term":[{"taxonomy":"category","embeddable":true,"href":"https:\/\/www.copealcoy.es\/es\/wp-json\/wp\/v2\/categories?post=88681"},{"taxonomy":"post_tag","embeddable":true,"href":"https:\/\/www.copealcoy.es\/es\/wp-json\/wp\/v2\/tags?post=88681"}],"curies":[{"name":"wp","href":"https:\/\/api.w.org\/{rel}","templated":true}]}}