{"id":88658,"date":"2022-06-15T10:48:42","date_gmt":"2022-06-15T09:48:42","guid":{"rendered":"https:\/\/www.copealcoy.es\/?p=88658"},"modified":"2022-06-15T11:03:14","modified_gmt":"2022-06-15T10:03:14","slug":"14-pequenos-optan-a-ser-sant-jordiet-en-las-fiestas-de-alcoy-de-2023","status":"publish","type":"post","link":"https:\/\/www.copealcoy.es\/es\/14-pequenos-optan-a-ser-sant-jordiet-en-las-fiestas-de-alcoy-de-2023\/","title":{"rendered":"14 peque\u00f1os optan a ser Sant Jordiet en las Fiestas de Alcoy de 2023"},"content":{"rendered":"<p style=\"text-align: justify;\">La <strong>Asociaci\u00f3n de San Jorge<\/strong> ha comunicado este mi\u00e9rcoles que <strong>un total de catorce peque\u00f1os optan finalmente al cargo de Sant Jordiet para las pr\u00f3ximas Fiestas de Moros y Cristianos<\/strong> de Alcoy del 2023. El plazo de presentaci\u00f3n de candidaturas <strong>finaliz\u00f3 ayer por la tarde<\/strong> y el elegido <strong>ser\u00e1 escogido ma\u00f1ana por sorteo en el transcurso de la Asamblea General del Casal<\/strong> que se celebrar\u00e1 por la tarde en el Aula Magna del Edificio Universitario del Viaducto.<\/p>\n<p style=\"text-align: justify;\">En cuanto a<strong> los 14 candidatos<\/strong>, cabe mencionar que <strong>no han trascendido los nombres de los mismos<\/strong> y<strong> solo se conocen las Filaes a las cuales pertenecen<\/strong>. En este sentido hay que destacar que 3 aspirantes pertenecen a la <strong>Fil\u00e0 Alcodianos<\/strong>, 2 a <strong>Domingo Miques<\/strong>, 2 a la<strong> Fil\u00e0 Navarros<\/strong>, 1 a <strong>la Llana<\/strong>, 1 a la <strong>Fil\u00e0 Jud\u00edos<\/strong>, 1 a la <strong>Fil\u00e0 Berberiscos<\/strong>, 1 a la <strong>Fil\u00e0 Andaluces<\/strong>, 1 a la <strong>Fil\u00e0 Cides<\/strong>, 1 a la <strong>Fil\u00e0 Labradores<\/strong> y 1 a <strong>los Guzmanes<\/strong>.<\/p>\n<p style=\"text-align: justify;\">El peque\u00f1o que resulte elegido como Sant Jordiet <strong>ya participar\u00e1 el domingo en su primer acto oficial<\/strong>. Como es habitual <strong>tomar\u00e1 parte en la Procesi\u00f3n del Corpus Christi<\/strong> que dar\u00e1 inicio a las 19:30h desde la Parroquia de Santa Mar\u00eda.<\/p>\n","protected":false},"excerpt":{"rendered":"<p>La Asociaci\u00f3n de San Jorge ha comunicado este mi\u00e9rcoles que un total de catorce peque\u00f1os optan finalmente al cargo de&#8230;<\/p>\n","protected":false},"author":1,"featured_media":86589,"comment_status":"open","ping_status":"open","sticky":false,"template":"","format":"standard","meta":{"footnotes":""},"categories":[6909,97,78,75],"tags":[7080,1771,2001,461],"class_list":["post-88658","post","type-post","status-publish","format-standard","has-post-thumbnail","hentry","category-actualidad","category-alcoy","category-fiestaycultura","category-noticias","tag-asamblea-general","tag-asociacion-de-san-jorge","tag-fiestas-de-moros-y-cristianos","tag-sant-jordiet"],"yoast_head":"<!-- This site is optimized with the Yoast SEO plugin v27.3 - https:\/\/yoast.com\/product\/yoast-seo-wordpress\/ -->\n<title>14 peque\u00f1os optan a ser Sant Jordiet en las Fiestas de Alcoy de 2023 - COPE Alcoy<\/title>\n<meta name=\"robots\" content=\"index, follow, max-snippet:-1, max-image-preview:large, max-video-preview:-1\" \/>\n<link rel=\"canonical\" href=\"https:\/\/www.copealcoy.es\/es\/14-pequenos-optan-a-ser-sant-jordiet-en-las-fiestas-de-alcoy-de-2023\/\" \/>\n<meta property=\"og:locale\" content=\"es_ES\" \/>\n<meta property=\"og:type\" content=\"article\" \/>\n<meta property=\"og:title\" content=\"14 peque\u00f1os optan a ser Sant Jordiet en las Fiestas de Alcoy de 2023 - COPE Alcoy\" \/>\n<meta property=\"og:description\" content=\"La Asociaci\u00f3n de San Jorge ha comunicado este mi\u00e9rcoles que un total de catorce peque\u00f1os optan finalmente al cargo de...\" \/>\n<meta property=\"og:url\" content=\"https:\/\/www.copealcoy.es\/es\/14-pequenos-optan-a-ser-sant-jordiet-en-las-fiestas-de-alcoy-de-2023\/\" \/>\n<meta property=\"og:site_name\" content=\"COPE Alcoy\" \/>\n<meta property=\"article:published_time\" content=\"2022-06-15T09:48:42+00:00\" \/>\n<meta property=\"article:modified_time\" content=\"2022-06-15T10:03:14+00:00\" \/>\n<meta property=\"og:image\" content=\"https:\/\/www.copealcoy.es\/wp-content\/uploads\/2022\/04\/unnamed-1-12-scaled.jpg\" \/>\n\t<meta property=\"og:image:width\" content=\"1669\" \/>\n\t<meta property=\"og:image:height\" content=\"1080\" \/>\n\t<meta property=\"og:image:type\" content=\"image\/jpeg\" \/>\n<meta name=\"author\" content=\"Cope Alcoy\" \/>\n<meta name=\"twitter:label1\" content=\"Escrito por\" \/>\n\t<meta name=\"twitter:data1\" content=\"Cope Alcoy\" \/>\n\t<meta name=\"twitter:label2\" content=\"Tiempo de lectura\" \/>\n\t<meta name=\"twitter:data2\" content=\"1 minuto\" \/>\n<script type=\"application\/ld+json\" class=\"yoast-schema-graph\">{\"@context\":\"https:\\\/\\\/schema.org\",\"@graph\":[{\"@type\":\"Article\",\"@id\":\"https:\\\/\\\/www.copealcoy.es\\\/es\\\/14-pequenos-optan-a-ser-sant-jordiet-en-las-fiestas-de-alcoy-de-2023\\\/#article\",\"isPartOf\":{\"@id\":\"https:\\\/\\\/www.copealcoy.es\\\/es\\\/14-pequenos-optan-a-ser-sant-jordiet-en-las-fiestas-de-alcoy-de-2023\\\/\"},\"author\":{\"name\":\"Cope Alcoy\",\"@id\":\"https:\\\/\\\/www.copealcoy.es\\\/es\\\/#\\\/schema\\\/person\\\/e777c87fa024e57d40170af9df39882c\"},\"headline\":\"14 peque\u00f1os optan a ser Sant Jordiet en las Fiestas de Alcoy de 2023\",\"datePublished\":\"2022-06-15T09:48:42+00:00\",\"dateModified\":\"2022-06-15T10:03:14+00:00\",\"mainEntityOfPage\":{\"@id\":\"https:\\\/\\\/www.copealcoy.es\\\/es\\\/14-pequenos-optan-a-ser-sant-jordiet-en-las-fiestas-de-alcoy-de-2023\\\/\"},\"wordCount\":212,\"commentCount\":0,\"image\":{\"@id\":\"https:\\\/\\\/www.copealcoy.es\\\/es\\\/14-pequenos-optan-a-ser-sant-jordiet-en-las-fiestas-de-alcoy-de-2023\\\/#primaryimage\"},\"thumbnailUrl\":\"https:\\\/\\\/www.copealcoy.es\\\/wp-content\\\/uploads\\\/2022\\\/04\\\/unnamed-1-12-scaled.jpg\",\"keywords\":[\"Asamblea General\",\"Asociaci\u00f3n de San Jorge\",\"Fiestas de Moros y Cristianos\",\"Sant Jordiet\"],\"articleSection\":[\"Actualidad\",\"Alcoy\",\"Fiesta y Cultura\",\"Noticias\"],\"inLanguage\":\"es\"},{\"@type\":\"WebPage\",\"@id\":\"https:\\\/\\\/www.copealcoy.es\\\/es\\\/14-pequenos-optan-a-ser-sant-jordiet-en-las-fiestas-de-alcoy-de-2023\\\/\",\"url\":\"https:\\\/\\\/www.copealcoy.es\\\/es\\\/14-pequenos-optan-a-ser-sant-jordiet-en-las-fiestas-de-alcoy-de-2023\\\/\",\"name\":\"14 peque\u00f1os optan a ser Sant Jordiet en las Fiestas de Alcoy de 2023 - COPE Alcoy\",\"isPartOf\":{\"@id\":\"https:\\\/\\\/www.copealcoy.es\\\/es\\\/#website\"},\"primaryImageOfPage\":{\"@id\":\"https:\\\/\\\/www.copealcoy.es\\\/es\\\/14-pequenos-optan-a-ser-sant-jordiet-en-las-fiestas-de-alcoy-de-2023\\\/#primaryimage\"},\"image\":{\"@id\":\"https:\\\/\\\/www.copealcoy.es\\\/es\\\/14-pequenos-optan-a-ser-sant-jordiet-en-las-fiestas-de-alcoy-de-2023\\\/#primaryimage\"},\"thumbnailUrl\":\"https:\\\/\\\/www.copealcoy.es\\\/wp-content\\\/uploads\\\/2022\\\/04\\\/unnamed-1-12-scaled.jpg\",\"datePublished\":\"2022-06-15T09:48:42+00:00\",\"dateModified\":\"2022-06-15T10:03:14+00:00\",\"author\":{\"@id\":\"https:\\\/\\\/www.copealcoy.es\\\/es\\\/#\\\/schema\\\/person\\\/e777c87fa024e57d40170af9df39882c\"},\"breadcrumb\":{\"@id\":\"https:\\\/\\\/www.copealcoy.es\\\/es\\\/14-pequenos-optan-a-ser-sant-jordiet-en-las-fiestas-de-alcoy-de-2023\\\/#breadcrumb\"},\"inLanguage\":\"es\",\"potentialAction\":[{\"@type\":\"ReadAction\",\"target\":[\"https:\\\/\\\/www.copealcoy.es\\\/es\\\/14-pequenos-optan-a-ser-sant-jordiet-en-las-fiestas-de-alcoy-de-2023\\\/\"]}]},{\"@type\":\"ImageObject\",\"inLanguage\":\"es\",\"@id\":\"https:\\\/\\\/www.copealcoy.es\\\/es\\\/14-pequenos-optan-a-ser-sant-jordiet-en-las-fiestas-de-alcoy-de-2023\\\/#primaryimage\",\"url\":\"https:\\\/\\\/www.copealcoy.es\\\/wp-content\\\/uploads\\\/2022\\\/04\\\/unnamed-1-12-scaled.jpg\",\"contentUrl\":\"https:\\\/\\\/www.copealcoy.es\\\/wp-content\\\/uploads\\\/2022\\\/04\\\/unnamed-1-12-scaled.jpg\",\"width\":1669,\"height\":1080},{\"@type\":\"BreadcrumbList\",\"@id\":\"https:\\\/\\\/www.copealcoy.es\\\/es\\\/14-pequenos-optan-a-ser-sant-jordiet-en-las-fiestas-de-alcoy-de-2023\\\/#breadcrumb\",\"itemListElement\":[{\"@type\":\"ListItem\",\"position\":1,\"name\":\"Portada\",\"item\":\"https:\\\/\\\/www.copealcoy.es\\\/es\\\/\"},{\"@type\":\"ListItem\",\"position\":2,\"name\":\"14 peque\u00f1os optan a ser Sant Jordiet en las Fiestas de Alcoy de 2023\"}]},{\"@type\":\"WebSite\",\"@id\":\"https:\\\/\\\/www.copealcoy.es\\\/es\\\/#website\",\"url\":\"https:\\\/\\\/www.copealcoy.es\\\/es\\\/\",\"name\":\"COPE Alcoy\",\"description\":\"Emisora COPE de radio local con emisi\u00f3n online. Pont de Sant Jordi 8-10 03803 Alcoy\",\"potentialAction\":[{\"@type\":\"SearchAction\",\"target\":{\"@type\":\"EntryPoint\",\"urlTemplate\":\"https:\\\/\\\/www.copealcoy.es\\\/es\\\/?s={search_term_string}\"},\"query-input\":{\"@type\":\"PropertyValueSpecification\",\"valueRequired\":true,\"valueName\":\"search_term_string\"}}],\"inLanguage\":\"es\"},{\"@type\":\"Person\",\"@id\":\"https:\\\/\\\/www.copealcoy.es\\\/es\\\/#\\\/schema\\\/person\\\/e777c87fa024e57d40170af9df39882c\",\"name\":\"Cope Alcoy\",\"image\":{\"@type\":\"ImageObject\",\"inLanguage\":\"es\",\"@id\":\"https:\\\/\\\/secure.gravatar.com\\\/avatar\\\/bb65d0283347e303893ba14f0692005417c1e0e690a325a4c5d8bb2b3943ee14?s=96&d=mm&r=g\",\"url\":\"https:\\\/\\\/secure.gravatar.com\\\/avatar\\\/bb65d0283347e303893ba14f0692005417c1e0e690a325a4c5d8bb2b3943ee14?s=96&d=mm&r=g\",\"contentUrl\":\"https:\\\/\\\/secure.gravatar.com\\\/avatar\\\/bb65d0283347e303893ba14f0692005417c1e0e690a325a4c5d8bb2b3943ee14?s=96&d=mm&r=g\",\"caption\":\"Cope Alcoy\"}}]}<\/script>\n<!-- \/ Yoast SEO plugin. -->","yoast_head_json":{"title":"14 peque\u00f1os optan a ser Sant Jordiet en las Fiestas de Alcoy de 2023 - COPE Alcoy","robots":{"index":"index","follow":"follow","max-snippet":"max-snippet:-1","max-image-preview":"max-image-preview:large","max-video-preview":"max-video-preview:-1"},"canonical":"https:\/\/www.copealcoy.es\/es\/14-pequenos-optan-a-ser-sant-jordiet-en-las-fiestas-de-alcoy-de-2023\/","og_locale":"es_ES","og_type":"article","og_title":"14 peque\u00f1os optan a ser Sant Jordiet en las Fiestas de Alcoy de 2023 - COPE Alcoy","og_description":"La Asociaci\u00f3n de San Jorge ha comunicado este mi\u00e9rcoles que un total de catorce peque\u00f1os optan finalmente al cargo de...","og_url":"https:\/\/www.copealcoy.es\/es\/14-pequenos-optan-a-ser-sant-jordiet-en-las-fiestas-de-alcoy-de-2023\/","og_site_name":"COPE Alcoy","article_published_time":"2022-06-15T09:48:42+00:00","article_modified_time":"2022-06-15T10:03:14+00:00","og_image":[{"width":1669,"height":1080,"url":"https:\/\/www.copealcoy.es\/wp-content\/uploads\/2022\/04\/unnamed-1-12-scaled.jpg","type":"image\/jpeg"}],"author":"Cope Alcoy","twitter_misc":{"Escrito por":"Cope Alcoy","Tiempo de lectura":"1 minuto"},"schema":{"@context":"https:\/\/schema.org","@graph":[{"@type":"Article","@id":"https:\/\/www.copealcoy.es\/es\/14-pequenos-optan-a-ser-sant-jordiet-en-las-fiestas-de-alcoy-de-2023\/#article","isPartOf":{"@id":"https:\/\/www.copealcoy.es\/es\/14-pequenos-optan-a-ser-sant-jordiet-en-las-fiestas-de-alcoy-de-2023\/"},"author":{"name":"Cope Alcoy","@id":"https:\/\/www.copealcoy.es\/es\/#\/schema\/person\/e777c87fa024e57d40170af9df39882c"},"headline":"14 peque\u00f1os optan a ser Sant Jordiet en las Fiestas de Alcoy de 2023","datePublished":"2022-06-15T09:48:42+00:00","dateModified":"2022-06-15T10:03:14+00:00","mainEntityOfPage":{"@id":"https:\/\/www.copealcoy.es\/es\/14-pequenos-optan-a-ser-sant-jordiet-en-las-fiestas-de-alcoy-de-2023\/"},"wordCount":212,"commentCount":0,"image":{"@id":"https:\/\/www.copealcoy.es\/es\/14-pequenos-optan-a-ser-sant-jordiet-en-las-fiestas-de-alcoy-de-2023\/#primaryimage"},"thumbnailUrl":"https:\/\/www.copealcoy.es\/wp-content\/uploads\/2022\/04\/unnamed-1-12-scaled.jpg","keywords":["Asamblea General","Asociaci\u00f3n de San Jorge","Fiestas de Moros y Cristianos","Sant Jordiet"],"articleSection":["Actualidad","Alcoy","Fiesta y Cultura","Noticias"],"inLanguage":"es"},{"@type":"WebPage","@id":"https:\/\/www.copealcoy.es\/es\/14-pequenos-optan-a-ser-sant-jordiet-en-las-fiestas-de-alcoy-de-2023\/","url":"https:\/\/www.copealcoy.es\/es\/14-pequenos-optan-a-ser-sant-jordiet-en-las-fiestas-de-alcoy-de-2023\/","name":"14 peque\u00f1os optan a ser Sant Jordiet en las Fiestas de Alcoy de 2023 - COPE Alcoy","isPartOf":{"@id":"https:\/\/www.copealcoy.es\/es\/#website"},"primaryImageOfPage":{"@id":"https:\/\/www.copealcoy.es\/es\/14-pequenos-optan-a-ser-sant-jordiet-en-las-fiestas-de-alcoy-de-2023\/#primaryimage"},"image":{"@id":"https:\/\/www.copealcoy.es\/es\/14-pequenos-optan-a-ser-sant-jordiet-en-las-fiestas-de-alcoy-de-2023\/#primaryimage"},"thumbnailUrl":"https:\/\/www.copealcoy.es\/wp-content\/uploads\/2022\/04\/unnamed-1-12-scaled.jpg","datePublished":"2022-06-15T09:48:42+00:00","dateModified":"2022-06-15T10:03:14+00:00","author":{"@id":"https:\/\/www.copealcoy.es\/es\/#\/schema\/person\/e777c87fa024e57d40170af9df39882c"},"breadcrumb":{"@id":"https:\/\/www.copealcoy.es\/es\/14-pequenos-optan-a-ser-sant-jordiet-en-las-fiestas-de-alcoy-de-2023\/#breadcrumb"},"inLanguage":"es","potentialAction":[{"@type":"ReadAction","target":["https:\/\/www.copealcoy.es\/es\/14-pequenos-optan-a-ser-sant-jordiet-en-las-fiestas-de-alcoy-de-2023\/"]}]},{"@type":"ImageObject","inLanguage":"es","@id":"https:\/\/www.copealcoy.es\/es\/14-pequenos-optan-a-ser-sant-jordiet-en-las-fiestas-de-alcoy-de-2023\/#primaryimage","url":"https:\/\/www.copealcoy.es\/wp-content\/uploads\/2022\/04\/unnamed-1-12-scaled.jpg","contentUrl":"https:\/\/www.copealcoy.es\/wp-content\/uploads\/2022\/04\/unnamed-1-12-scaled.jpg","width":1669,"height":1080},{"@type":"BreadcrumbList","@id":"https:\/\/www.copealcoy.es\/es\/14-pequenos-optan-a-ser-sant-jordiet-en-las-fiestas-de-alcoy-de-2023\/#breadcrumb","itemListElement":[{"@type":"ListItem","position":1,"name":"Portada","item":"https:\/\/www.copealcoy.es\/es\/"},{"@type":"ListItem","position":2,"name":"14 peque\u00f1os optan a ser Sant Jordiet en las Fiestas de Alcoy de 2023"}]},{"@type":"WebSite","@id":"https:\/\/www.copealcoy.es\/es\/#website","url":"https:\/\/www.copealcoy.es\/es\/","name":"COPE Alcoy","description":"Emisora COPE de radio local con emisi\u00f3n online. Pont de Sant Jordi 8-10 03803 Alcoy","potentialAction":[{"@type":"SearchAction","target":{"@type":"EntryPoint","urlTemplate":"https:\/\/www.copealcoy.es\/es\/?s={search_term_string}"},"query-input":{"@type":"PropertyValueSpecification","valueRequired":true,"valueName":"search_term_string"}}],"inLanguage":"es"},{"@type":"Person","@id":"https:\/\/www.copealcoy.es\/es\/#\/schema\/person\/e777c87fa024e57d40170af9df39882c","name":"Cope Alcoy","image":{"@type":"ImageObject","inLanguage":"es","@id":"https:\/\/secure.gravatar.com\/avatar\/bb65d0283347e303893ba14f0692005417c1e0e690a325a4c5d8bb2b3943ee14?s=96&d=mm&r=g","url":"https:\/\/secure.gravatar.com\/avatar\/bb65d0283347e303893ba14f0692005417c1e0e690a325a4c5d8bb2b3943ee14?s=96&d=mm&r=g","contentUrl":"https:\/\/secure.gravatar.com\/avatar\/bb65d0283347e303893ba14f0692005417c1e0e690a325a4c5d8bb2b3943ee14?s=96&d=mm&r=g","caption":"Cope Alcoy"}}]}},"_links":{"self":[{"href":"https:\/\/www.copealcoy.es\/es\/wp-json\/wp\/v2\/posts\/88658","targetHints":{"allow":["GET"]}}],"collection":[{"href":"https:\/\/www.copealcoy.es\/es\/wp-json\/wp\/v2\/posts"}],"about":[{"href":"https:\/\/www.copealcoy.es\/es\/wp-json\/wp\/v2\/types\/post"}],"author":[{"embeddable":true,"href":"https:\/\/www.copealcoy.es\/es\/wp-json\/wp\/v2\/users\/1"}],"replies":[{"embeddable":true,"href":"https:\/\/www.copealcoy.es\/es\/wp-json\/wp\/v2\/comments?post=88658"}],"version-history":[{"count":0,"href":"https:\/\/www.copealcoy.es\/es\/wp-json\/wp\/v2\/posts\/88658\/revisions"}],"wp:featuredmedia":[{"embeddable":true,"href":"https:\/\/www.copealcoy.es\/es\/wp-json\/wp\/v2\/media\/86589"}],"wp:attachment":[{"href":"https:\/\/www.copealcoy.es\/es\/wp-json\/wp\/v2\/media?parent=88658"}],"wp:term":[{"taxonomy":"category","embeddable":true,"href":"https:\/\/www.copealcoy.es\/es\/wp-json\/wp\/v2\/categories?post=88658"},{"taxonomy":"post_tag","embeddable":true,"href":"https:\/\/www.copealcoy.es\/es\/wp-json\/wp\/v2\/tags?post=88658"}],"curies":[{"name":"wp","href":"https:\/\/api.w.org\/{rel}","templated":true}]}}