{"id":88452,"date":"2022-06-10T17:05:51","date_gmt":"2022-06-10T16:05:51","guid":{"rendered":"https:\/\/www.copealcoy.es\/?p=88452"},"modified":"2022-06-10T17:10:29","modified_gmt":"2022-06-10T16:10:29","slug":"lidia-montero-y-patricia-millan-ganadoras-del-vii-concurso-de-diseno-para-textil-hogar-de-la-catedra-aitex-upv","status":"publish","type":"post","link":"https:\/\/www.copealcoy.es\/es\/lidia-montero-y-patricia-millan-ganadoras-del-vii-concurso-de-diseno-para-textil-hogar-de-la-catedra-aitex-upv\/","title":{"rendered":"Lidia Montero y Patricia Mill\u00e1n, ganadoras del VII Concurso de Dise\u00f1o para Textil Hogar de la C\u00e1tedra AITEX &#8211; UPV"},"content":{"rendered":"<p style=\"text-align: justify;\">La <strong>C\u00e1tedra AITEX-UPV<\/strong> ha organizado el\u00a0<strong>VII Concurso de Dise\u00f1o para Textil Hogar.<\/strong> En esta ocasi\u00f3n, seg\u00fan la informaci\u00f3n facilitada, se han presentado <strong>34 dise\u00f1os<\/strong> en dos modalidades, una mediante <strong>la t\u00e9cnica de estampaci\u00f3n<\/strong> y otra con <strong>tejedur\u00eda jacquard. <\/strong>Ambas persegu\u00edan\u00a0la finalidad de premiar a <strong>los mejores tejidos dise\u00f1ados<\/strong> y desarrollados para <strong>su posterior aplicaci\u00f3n en el sector Textil Hogar<\/strong>. La entrega de premios se ha celebrado en la <strong>Sala Multiusos del Edificio Carbonell del Campus de Alcoy <\/strong>de la Universitat Polit\u00e8cnica de Val\u00e8ncia (UPV).<\/p>\n<p style=\"text-align: justify;\">Tras la deliberaci\u00f3n del jurado,\u00a0<strong>Lidia Montero\u00a0y\u00a0Patricia Mill\u00e1n<\/strong>, han ganado<strong> los primeros premios<\/strong> en las modalidades de jacquard y estampaci\u00f3n, respectivamente. El jurado <strong>ha valorado la originalidad, creatividad y tendencias de moda, calidad t\u00e9cnica y desarrollo y presentaci\u00f3n de los trabajos realizados<\/strong>. Precisamente estos trabajos presentados <strong>se han expuesto en el Campus de Alcoy de la UPV<\/strong>, a la vez que se puede visitar de forma virtual en <strong><span style=\"color: #0000ff;\"><a style=\"color: #0000ff;\" href=\"https:\/\/catedra.aitex.es\/\">catedra.aitex.es<\/a>.<\/span><\/strong><\/p>\n<p style=\"text-align: justify;\">Indicar que <strong>la C\u00e1tedra AITEX-UPV nace como consecuencia de la colaboraci\u00f3n entre las dos instituciones<\/strong> para la realizaci\u00f3n de actividades de inter\u00e9s general. Su finalidad, es<strong> la promoci\u00f3n y desarrollo de iniciativas<\/strong> que contribuyan al posicionamiento del sector textil, tanto en el \u00e1mbito universitario como a nivel de la sociedad en general. Finalmente la C\u00e1tedra tiene como objetivo <strong>conseguir visualizar al textil como un sector atractivo, con un car\u00e1cter pluridisciplinar y de futuro<\/strong>. Todo ello en el marco del objeto y finalidades espec\u00edficas de la Universidad.<\/p>\n<p><span style=\"color: #0000ff;\"><strong>Los premiados<\/strong><\/span><\/p>\n<p><strong>Modalidad de Estampaci\u00f3n:<\/strong><\/p>\n<ul>\n<li style=\"text-align: justify;\">El primer premio es para \u201cNATURE 1\u201d de\u00a0<strong>Patricia Mill\u00e1n<\/strong>\u00a0dotado con 1.000 euros. Ha entregado el premio <strong>Mar\u00eda Dolores Salvador<\/strong>, vicerrectora de Empleo y Formaci\u00f3n Permanente de la UPV.<\/li>\n<li style=\"text-align: justify;\">El segundo premio es para la obra \u201cLYLIUM STANGACER\u201d de\u00a0<strong>Natasha G\u00f3mez<\/strong>\u00a0dotado con 500 euros. <strong>Pablo D\u00edaz<\/strong>, director de la C\u00e1tedra AITEX \u2013 UPV, ha entregado el premio.<\/li>\n<li style=\"text-align: justify;\">El tercer premio es para la propuesta \u201cAUGE\u201d de <strong>Paula Borreda<\/strong>\u00a0dotado con 250 euros. <strong>Pau Bernabeu<\/strong>, director del Campus de Alcoy de la UPV, ha entregado el premio.<\/li>\n<\/ul>\n<p style=\"text-align: justify;\"><strong>Modalidad de Jacquard:<\/strong><\/p>\n<ul>\n<li style=\"text-align: justify;\">El primer premio es para la obra \u201cDUOMO\u201d de\u00a0<strong>Lidia Montero<\/strong>\u00a0dotado con 1.500 euros. <strong>Le\u00f3n Grau<\/strong>, presidente de AITEX, ha entregado el galard\u00f3n.<\/li>\n<li style=\"text-align: justify;\">El segundo premio es para la obra \u201cEL PET\u00d3\u201d de\u00a0<strong>Ainhoa S\u00e1nchez<\/strong>\u00a0dotado con 1.000 euros. Ha entregado el premio, <strong>Beatriz Domenech<\/strong>, del Departamento Institucional de AITEX.<\/li>\n<li style=\"text-align: justify;\">El tercer premio es para la obra \u201cMALLORCA\u201d de\u00a0<strong>David M\u00ednguez<\/strong>\u00a0dotado con 500 euros. <strong>Eva Bou<\/strong>, profesora del departamento DITEXPA, ha entregado el galard\u00f3n.<\/li>\n<\/ul>\n","protected":false},"excerpt":{"rendered":"<p>La C\u00e1tedra AITEX-UPV ha organizado el\u00a0VII Concurso de Dise\u00f1o para Textil Hogar. En esta ocasi\u00f3n, seg\u00fan la informaci\u00f3n facilitada, se&#8230;<\/p>\n","protected":false},"author":1,"featured_media":88453,"comment_status":"open","ping_status":"open","sticky":false,"template":"","format":"standard","meta":{"footnotes":""},"categories":[6909,97,75,79],"tags":[160,1732,4393,12823,674],"class_list":["post-88452","post","type-post","status-publish","format-standard","has-post-thumbnail","hentry","category-actualidad","category-alcoy","category-noticias","category-politicayeconomia","tag-alcoi","tag-campus-alcoy","tag-catedra-aitex","tag-entrega-de-premios","tag-upv"],"yoast_head":"<!-- This site is optimized with the Yoast SEO plugin v27.3 - https:\/\/yoast.com\/product\/yoast-seo-wordpress\/ -->\n<title>Lidia Montero y Patricia Mill\u00e1n, ganadoras del VII Concurso de Dise\u00f1o para Textil Hogar de la C\u00e1tedra AITEX - UPV - COPE Alcoy<\/title>\n<meta name=\"robots\" content=\"index, follow, max-snippet:-1, max-image-preview:large, max-video-preview:-1\" \/>\n<link rel=\"canonical\" href=\"https:\/\/www.copealcoy.es\/es\/lidia-montero-y-patricia-millan-ganadoras-del-vii-concurso-de-diseno-para-textil-hogar-de-la-catedra-aitex-upv\/\" \/>\n<meta property=\"og:locale\" content=\"es_ES\" \/>\n<meta property=\"og:type\" content=\"article\" \/>\n<meta property=\"og:title\" content=\"Lidia Montero y Patricia Mill\u00e1n, ganadoras del VII Concurso de Dise\u00f1o para Textil Hogar de la C\u00e1tedra AITEX - UPV - COPE Alcoy\" \/>\n<meta property=\"og:description\" content=\"La C\u00e1tedra AITEX-UPV ha organizado el\u00a0VII Concurso de Dise\u00f1o para Textil Hogar. En esta ocasi\u00f3n, seg\u00fan la informaci\u00f3n facilitada, se...\" \/>\n<meta property=\"og:url\" content=\"https:\/\/www.copealcoy.es\/es\/lidia-montero-y-patricia-millan-ganadoras-del-vii-concurso-de-diseno-para-textil-hogar-de-la-catedra-aitex-upv\/\" \/>\n<meta property=\"og:site_name\" content=\"COPE Alcoy\" \/>\n<meta property=\"article:published_time\" content=\"2022-06-10T16:05:51+00:00\" \/>\n<meta property=\"article:modified_time\" content=\"2022-06-10T16:10:29+00:00\" \/>\n<meta property=\"og:image\" content=\"https:\/\/www.copealcoy.es\/wp-content\/uploads\/2022\/06\/Grupo-scaled-e1654877110456.jpg\" \/>\n\t<meta property=\"og:image:width\" content=\"640\" \/>\n\t<meta property=\"og:image:height\" content=\"427\" \/>\n\t<meta property=\"og:image:type\" content=\"image\/jpeg\" \/>\n<meta name=\"author\" content=\"Cope Alcoy\" \/>\n<meta name=\"twitter:label1\" content=\"Escrito por\" \/>\n\t<meta name=\"twitter:data1\" content=\"Cope Alcoy\" \/>\n\t<meta name=\"twitter:label2\" content=\"Tiempo de lectura\" \/>\n\t<meta name=\"twitter:data2\" content=\"2 minutos\" \/>\n<script type=\"application\/ld+json\" class=\"yoast-schema-graph\">{\"@context\":\"https:\\\/\\\/schema.org\",\"@graph\":[{\"@type\":\"Article\",\"@id\":\"https:\\\/\\\/www.copealcoy.es\\\/es\\\/lidia-montero-y-patricia-millan-ganadoras-del-vii-concurso-de-diseno-para-textil-hogar-de-la-catedra-aitex-upv\\\/#article\",\"isPartOf\":{\"@id\":\"https:\\\/\\\/www.copealcoy.es\\\/es\\\/lidia-montero-y-patricia-millan-ganadoras-del-vii-concurso-de-diseno-para-textil-hogar-de-la-catedra-aitex-upv\\\/\"},\"author\":{\"name\":\"Cope Alcoy\",\"@id\":\"https:\\\/\\\/www.copealcoy.es\\\/es\\\/#\\\/schema\\\/person\\\/e777c87fa024e57d40170af9df39882c\"},\"headline\":\"Lidia Montero y Patricia Mill\u00e1n, ganadoras del VII Concurso de Dise\u00f1o para Textil Hogar de la C\u00e1tedra AITEX &#8211; UPV\",\"datePublished\":\"2022-06-10T16:05:51+00:00\",\"dateModified\":\"2022-06-10T16:10:29+00:00\",\"mainEntityOfPage\":{\"@id\":\"https:\\\/\\\/www.copealcoy.es\\\/es\\\/lidia-montero-y-patricia-millan-ganadoras-del-vii-concurso-de-diseno-para-textil-hogar-de-la-catedra-aitex-upv\\\/\"},\"wordCount\":470,\"commentCount\":0,\"image\":{\"@id\":\"https:\\\/\\\/www.copealcoy.es\\\/es\\\/lidia-montero-y-patricia-millan-ganadoras-del-vii-concurso-de-diseno-para-textil-hogar-de-la-catedra-aitex-upv\\\/#primaryimage\"},\"thumbnailUrl\":\"https:\\\/\\\/www.copealcoy.es\\\/wp-content\\\/uploads\\\/2022\\\/06\\\/Grupo-scaled-e1654877110456.jpg\",\"keywords\":[\"Alcoi\",\"Campus Alcoy\",\"C\u00e1tedra AITEX\",\"entrega de premios\",\"UPV\"],\"articleSection\":[\"Actualidad\",\"Alcoy\",\"Noticias\",\"Pol\u00edtica y Econom\u00eda\"],\"inLanguage\":\"es\"},{\"@type\":\"WebPage\",\"@id\":\"https:\\\/\\\/www.copealcoy.es\\\/es\\\/lidia-montero-y-patricia-millan-ganadoras-del-vii-concurso-de-diseno-para-textil-hogar-de-la-catedra-aitex-upv\\\/\",\"url\":\"https:\\\/\\\/www.copealcoy.es\\\/es\\\/lidia-montero-y-patricia-millan-ganadoras-del-vii-concurso-de-diseno-para-textil-hogar-de-la-catedra-aitex-upv\\\/\",\"name\":\"Lidia Montero y Patricia Mill\u00e1n, ganadoras del VII Concurso de Dise\u00f1o para Textil Hogar de la C\u00e1tedra AITEX - UPV - COPE Alcoy\",\"isPartOf\":{\"@id\":\"https:\\\/\\\/www.copealcoy.es\\\/es\\\/#website\"},\"primaryImageOfPage\":{\"@id\":\"https:\\\/\\\/www.copealcoy.es\\\/es\\\/lidia-montero-y-patricia-millan-ganadoras-del-vii-concurso-de-diseno-para-textil-hogar-de-la-catedra-aitex-upv\\\/#primaryimage\"},\"image\":{\"@id\":\"https:\\\/\\\/www.copealcoy.es\\\/es\\\/lidia-montero-y-patricia-millan-ganadoras-del-vii-concurso-de-diseno-para-textil-hogar-de-la-catedra-aitex-upv\\\/#primaryimage\"},\"thumbnailUrl\":\"https:\\\/\\\/www.copealcoy.es\\\/wp-content\\\/uploads\\\/2022\\\/06\\\/Grupo-scaled-e1654877110456.jpg\",\"datePublished\":\"2022-06-10T16:05:51+00:00\",\"dateModified\":\"2022-06-10T16:10:29+00:00\",\"author\":{\"@id\":\"https:\\\/\\\/www.copealcoy.es\\\/es\\\/#\\\/schema\\\/person\\\/e777c87fa024e57d40170af9df39882c\"},\"breadcrumb\":{\"@id\":\"https:\\\/\\\/www.copealcoy.es\\\/es\\\/lidia-montero-y-patricia-millan-ganadoras-del-vii-concurso-de-diseno-para-textil-hogar-de-la-catedra-aitex-upv\\\/#breadcrumb\"},\"inLanguage\":\"es\",\"potentialAction\":[{\"@type\":\"ReadAction\",\"target\":[\"https:\\\/\\\/www.copealcoy.es\\\/es\\\/lidia-montero-y-patricia-millan-ganadoras-del-vii-concurso-de-diseno-para-textil-hogar-de-la-catedra-aitex-upv\\\/\"]}]},{\"@type\":\"ImageObject\",\"inLanguage\":\"es\",\"@id\":\"https:\\\/\\\/www.copealcoy.es\\\/es\\\/lidia-montero-y-patricia-millan-ganadoras-del-vii-concurso-de-diseno-para-textil-hogar-de-la-catedra-aitex-upv\\\/#primaryimage\",\"url\":\"https:\\\/\\\/www.copealcoy.es\\\/wp-content\\\/uploads\\\/2022\\\/06\\\/Grupo-scaled-e1654877110456.jpg\",\"contentUrl\":\"https:\\\/\\\/www.copealcoy.es\\\/wp-content\\\/uploads\\\/2022\\\/06\\\/Grupo-scaled-e1654877110456.jpg\",\"width\":640,\"height\":427},{\"@type\":\"BreadcrumbList\",\"@id\":\"https:\\\/\\\/www.copealcoy.es\\\/es\\\/lidia-montero-y-patricia-millan-ganadoras-del-vii-concurso-de-diseno-para-textil-hogar-de-la-catedra-aitex-upv\\\/#breadcrumb\",\"itemListElement\":[{\"@type\":\"ListItem\",\"position\":1,\"name\":\"Portada\",\"item\":\"https:\\\/\\\/www.copealcoy.es\\\/es\\\/\"},{\"@type\":\"ListItem\",\"position\":2,\"name\":\"Lidia Montero y Patricia Mill\u00e1n, ganadoras del VII Concurso de Dise\u00f1o para Textil Hogar de la C\u00e1tedra AITEX &#8211; UPV\"}]},{\"@type\":\"WebSite\",\"@id\":\"https:\\\/\\\/www.copealcoy.es\\\/es\\\/#website\",\"url\":\"https:\\\/\\\/www.copealcoy.es\\\/es\\\/\",\"name\":\"COPE Alcoy\",\"description\":\"Emisora COPE de radio local con emisi\u00f3n online. Pont de Sant Jordi 8-10 03803 Alcoy\",\"potentialAction\":[{\"@type\":\"SearchAction\",\"target\":{\"@type\":\"EntryPoint\",\"urlTemplate\":\"https:\\\/\\\/www.copealcoy.es\\\/es\\\/?s={search_term_string}\"},\"query-input\":{\"@type\":\"PropertyValueSpecification\",\"valueRequired\":true,\"valueName\":\"search_term_string\"}}],\"inLanguage\":\"es\"},{\"@type\":\"Person\",\"@id\":\"https:\\\/\\\/www.copealcoy.es\\\/es\\\/#\\\/schema\\\/person\\\/e777c87fa024e57d40170af9df39882c\",\"name\":\"Cope Alcoy\",\"image\":{\"@type\":\"ImageObject\",\"inLanguage\":\"es\",\"@id\":\"https:\\\/\\\/secure.gravatar.com\\\/avatar\\\/bb65d0283347e303893ba14f0692005417c1e0e690a325a4c5d8bb2b3943ee14?s=96&d=mm&r=g\",\"url\":\"https:\\\/\\\/secure.gravatar.com\\\/avatar\\\/bb65d0283347e303893ba14f0692005417c1e0e690a325a4c5d8bb2b3943ee14?s=96&d=mm&r=g\",\"contentUrl\":\"https:\\\/\\\/secure.gravatar.com\\\/avatar\\\/bb65d0283347e303893ba14f0692005417c1e0e690a325a4c5d8bb2b3943ee14?s=96&d=mm&r=g\",\"caption\":\"Cope Alcoy\"}}]}<\/script>\n<!-- \/ Yoast SEO plugin. -->","yoast_head_json":{"title":"Lidia Montero y Patricia Mill\u00e1n, ganadoras del VII Concurso de Dise\u00f1o para Textil Hogar de la C\u00e1tedra AITEX - UPV - COPE Alcoy","robots":{"index":"index","follow":"follow","max-snippet":"max-snippet:-1","max-image-preview":"max-image-preview:large","max-video-preview":"max-video-preview:-1"},"canonical":"https:\/\/www.copealcoy.es\/es\/lidia-montero-y-patricia-millan-ganadoras-del-vii-concurso-de-diseno-para-textil-hogar-de-la-catedra-aitex-upv\/","og_locale":"es_ES","og_type":"article","og_title":"Lidia Montero y Patricia Mill\u00e1n, ganadoras del VII Concurso de Dise\u00f1o para Textil Hogar de la C\u00e1tedra AITEX - UPV - COPE Alcoy","og_description":"La C\u00e1tedra AITEX-UPV ha organizado el\u00a0VII Concurso de Dise\u00f1o para Textil Hogar. En esta ocasi\u00f3n, seg\u00fan la informaci\u00f3n facilitada, se...","og_url":"https:\/\/www.copealcoy.es\/es\/lidia-montero-y-patricia-millan-ganadoras-del-vii-concurso-de-diseno-para-textil-hogar-de-la-catedra-aitex-upv\/","og_site_name":"COPE Alcoy","article_published_time":"2022-06-10T16:05:51+00:00","article_modified_time":"2022-06-10T16:10:29+00:00","og_image":[{"width":640,"height":427,"url":"https:\/\/www.copealcoy.es\/wp-content\/uploads\/2022\/06\/Grupo-scaled-e1654877110456.jpg","type":"image\/jpeg"}],"author":"Cope Alcoy","twitter_misc":{"Escrito por":"Cope Alcoy","Tiempo de lectura":"2 minutos"},"schema":{"@context":"https:\/\/schema.org","@graph":[{"@type":"Article","@id":"https:\/\/www.copealcoy.es\/es\/lidia-montero-y-patricia-millan-ganadoras-del-vii-concurso-de-diseno-para-textil-hogar-de-la-catedra-aitex-upv\/#article","isPartOf":{"@id":"https:\/\/www.copealcoy.es\/es\/lidia-montero-y-patricia-millan-ganadoras-del-vii-concurso-de-diseno-para-textil-hogar-de-la-catedra-aitex-upv\/"},"author":{"name":"Cope Alcoy","@id":"https:\/\/www.copealcoy.es\/es\/#\/schema\/person\/e777c87fa024e57d40170af9df39882c"},"headline":"Lidia Montero y Patricia Mill\u00e1n, ganadoras del VII Concurso de Dise\u00f1o para Textil Hogar de la C\u00e1tedra AITEX &#8211; UPV","datePublished":"2022-06-10T16:05:51+00:00","dateModified":"2022-06-10T16:10:29+00:00","mainEntityOfPage":{"@id":"https:\/\/www.copealcoy.es\/es\/lidia-montero-y-patricia-millan-ganadoras-del-vii-concurso-de-diseno-para-textil-hogar-de-la-catedra-aitex-upv\/"},"wordCount":470,"commentCount":0,"image":{"@id":"https:\/\/www.copealcoy.es\/es\/lidia-montero-y-patricia-millan-ganadoras-del-vii-concurso-de-diseno-para-textil-hogar-de-la-catedra-aitex-upv\/#primaryimage"},"thumbnailUrl":"https:\/\/www.copealcoy.es\/wp-content\/uploads\/2022\/06\/Grupo-scaled-e1654877110456.jpg","keywords":["Alcoi","Campus Alcoy","C\u00e1tedra AITEX","entrega de premios","UPV"],"articleSection":["Actualidad","Alcoy","Noticias","Pol\u00edtica y Econom\u00eda"],"inLanguage":"es"},{"@type":"WebPage","@id":"https:\/\/www.copealcoy.es\/es\/lidia-montero-y-patricia-millan-ganadoras-del-vii-concurso-de-diseno-para-textil-hogar-de-la-catedra-aitex-upv\/","url":"https:\/\/www.copealcoy.es\/es\/lidia-montero-y-patricia-millan-ganadoras-del-vii-concurso-de-diseno-para-textil-hogar-de-la-catedra-aitex-upv\/","name":"Lidia Montero y Patricia Mill\u00e1n, ganadoras del VII Concurso de Dise\u00f1o para Textil Hogar de la C\u00e1tedra AITEX - UPV - COPE Alcoy","isPartOf":{"@id":"https:\/\/www.copealcoy.es\/es\/#website"},"primaryImageOfPage":{"@id":"https:\/\/www.copealcoy.es\/es\/lidia-montero-y-patricia-millan-ganadoras-del-vii-concurso-de-diseno-para-textil-hogar-de-la-catedra-aitex-upv\/#primaryimage"},"image":{"@id":"https:\/\/www.copealcoy.es\/es\/lidia-montero-y-patricia-millan-ganadoras-del-vii-concurso-de-diseno-para-textil-hogar-de-la-catedra-aitex-upv\/#primaryimage"},"thumbnailUrl":"https:\/\/www.copealcoy.es\/wp-content\/uploads\/2022\/06\/Grupo-scaled-e1654877110456.jpg","datePublished":"2022-06-10T16:05:51+00:00","dateModified":"2022-06-10T16:10:29+00:00","author":{"@id":"https:\/\/www.copealcoy.es\/es\/#\/schema\/person\/e777c87fa024e57d40170af9df39882c"},"breadcrumb":{"@id":"https:\/\/www.copealcoy.es\/es\/lidia-montero-y-patricia-millan-ganadoras-del-vii-concurso-de-diseno-para-textil-hogar-de-la-catedra-aitex-upv\/#breadcrumb"},"inLanguage":"es","potentialAction":[{"@type":"ReadAction","target":["https:\/\/www.copealcoy.es\/es\/lidia-montero-y-patricia-millan-ganadoras-del-vii-concurso-de-diseno-para-textil-hogar-de-la-catedra-aitex-upv\/"]}]},{"@type":"ImageObject","inLanguage":"es","@id":"https:\/\/www.copealcoy.es\/es\/lidia-montero-y-patricia-millan-ganadoras-del-vii-concurso-de-diseno-para-textil-hogar-de-la-catedra-aitex-upv\/#primaryimage","url":"https:\/\/www.copealcoy.es\/wp-content\/uploads\/2022\/06\/Grupo-scaled-e1654877110456.jpg","contentUrl":"https:\/\/www.copealcoy.es\/wp-content\/uploads\/2022\/06\/Grupo-scaled-e1654877110456.jpg","width":640,"height":427},{"@type":"BreadcrumbList","@id":"https:\/\/www.copealcoy.es\/es\/lidia-montero-y-patricia-millan-ganadoras-del-vii-concurso-de-diseno-para-textil-hogar-de-la-catedra-aitex-upv\/#breadcrumb","itemListElement":[{"@type":"ListItem","position":1,"name":"Portada","item":"https:\/\/www.copealcoy.es\/es\/"},{"@type":"ListItem","position":2,"name":"Lidia Montero y Patricia Mill\u00e1n, ganadoras del VII Concurso de Dise\u00f1o para Textil Hogar de la C\u00e1tedra AITEX &#8211; UPV"}]},{"@type":"WebSite","@id":"https:\/\/www.copealcoy.es\/es\/#website","url":"https:\/\/www.copealcoy.es\/es\/","name":"COPE Alcoy","description":"Emisora COPE de radio local con emisi\u00f3n online. Pont de Sant Jordi 8-10 03803 Alcoy","potentialAction":[{"@type":"SearchAction","target":{"@type":"EntryPoint","urlTemplate":"https:\/\/www.copealcoy.es\/es\/?s={search_term_string}"},"query-input":{"@type":"PropertyValueSpecification","valueRequired":true,"valueName":"search_term_string"}}],"inLanguage":"es"},{"@type":"Person","@id":"https:\/\/www.copealcoy.es\/es\/#\/schema\/person\/e777c87fa024e57d40170af9df39882c","name":"Cope Alcoy","image":{"@type":"ImageObject","inLanguage":"es","@id":"https:\/\/secure.gravatar.com\/avatar\/bb65d0283347e303893ba14f0692005417c1e0e690a325a4c5d8bb2b3943ee14?s=96&d=mm&r=g","url":"https:\/\/secure.gravatar.com\/avatar\/bb65d0283347e303893ba14f0692005417c1e0e690a325a4c5d8bb2b3943ee14?s=96&d=mm&r=g","contentUrl":"https:\/\/secure.gravatar.com\/avatar\/bb65d0283347e303893ba14f0692005417c1e0e690a325a4c5d8bb2b3943ee14?s=96&d=mm&r=g","caption":"Cope Alcoy"}}]}},"_links":{"self":[{"href":"https:\/\/www.copealcoy.es\/es\/wp-json\/wp\/v2\/posts\/88452","targetHints":{"allow":["GET"]}}],"collection":[{"href":"https:\/\/www.copealcoy.es\/es\/wp-json\/wp\/v2\/posts"}],"about":[{"href":"https:\/\/www.copealcoy.es\/es\/wp-json\/wp\/v2\/types\/post"}],"author":[{"embeddable":true,"href":"https:\/\/www.copealcoy.es\/es\/wp-json\/wp\/v2\/users\/1"}],"replies":[{"embeddable":true,"href":"https:\/\/www.copealcoy.es\/es\/wp-json\/wp\/v2\/comments?post=88452"}],"version-history":[{"count":0,"href":"https:\/\/www.copealcoy.es\/es\/wp-json\/wp\/v2\/posts\/88452\/revisions"}],"wp:featuredmedia":[{"embeddable":true,"href":"https:\/\/www.copealcoy.es\/es\/wp-json\/wp\/v2\/media\/88453"}],"wp:attachment":[{"href":"https:\/\/www.copealcoy.es\/es\/wp-json\/wp\/v2\/media?parent=88452"}],"wp:term":[{"taxonomy":"category","embeddable":true,"href":"https:\/\/www.copealcoy.es\/es\/wp-json\/wp\/v2\/categories?post=88452"},{"taxonomy":"post_tag","embeddable":true,"href":"https:\/\/www.copealcoy.es\/es\/wp-json\/wp\/v2\/tags?post=88452"}],"curies":[{"name":"wp","href":"https:\/\/api.w.org\/{rel}","templated":true}]}}