{"id":88441,"date":"2022-06-10T16:33:16","date_gmt":"2022-06-10T15:33:16","guid":{"rendered":"https:\/\/www.copealcoy.es\/?p=88441"},"modified":"2022-06-10T16:38:54","modified_gmt":"2022-06-10T15:38:54","slug":"la-inflacio-es-va-incrementar-al-maig-fins-al-86-a-la-comunitat-valenciana","status":"publish","type":"post","link":"https:\/\/www.copealcoy.es\/es\/la-inflacio-es-va-incrementar-al-maig-fins-al-86-a-la-comunitat-valenciana\/","title":{"rendered":"La inflaci\u00f3 es va incrementar al maig fins al 8,6% a la Comunitat Valenciana"},"content":{"rendered":"<p style=\"text-align: justify;\">L&#8217; <strong>Institut Nacional d&#8217;Estad\u00edstica ha publicat\u00a0 l&#8217;IPC corresponent al mes de maig<\/strong>. Aquest document mostra que <strong>els preus pujaren un 8,6% a la Comunitat Valenciana<\/strong> i<strong> una d\u00e8cima m\u00e9s a Espanya<\/strong>. Darrere de l&#8217;increment dels preus de dues d\u00e8cimes, <strong>trobem l&#8217;encariment dels carburants, dels aliments i dels hotels i restaurants<\/strong>.<\/p>\n<p style=\"text-align: justify;\">Per grups, <strong>el transport<\/strong> ha sigut el que m\u00e9s ha incrementat els preus a la Comunitat Valenciana al maig, un 3% en taxa mensual, seguit de <strong>roba i calcer<\/strong> (2,5%) i <strong>aliments i begudes no alcoh\u00f2liques<\/strong> (1,2%). Amb taxa mensual negativa hi ha <strong>begudes alcoh\u00f2liques i tabac<\/strong> (-0,6%), <strong>habitatge<\/strong> (-0,7%) i <strong>oci i cultura<\/strong> (-0,9%). En taxa anual, <strong>l&#8217;increment m\u00e9s gran dels preus comparant maig del 2022 amb maig del 2021 a la Comunitat Valenciana<\/strong> correspon a habitatge (17,5%), transport (15,5%) i aliments i begudes no alcoh\u00f2liques (11,6%).<\/p>\n<p style=\"text-align: justify;\">Pel que fa a <strong>Espanya<\/strong> la inflaci\u00f3 s&#8217;ha situat al maig en el 8,7%, quatre d\u00e8cimes per damunt de la d&#8217;abril. En aquest repunt ha influ\u00eft<strong> l&#8217;encariment dels carburants, la restauraci\u00f3 i d&#8217;alguns aliments frescos<\/strong> com els cereals, lactis, ous i carn, segons ha confirmat aquest divendres l&#8217;INE i informa la televisi\u00f3 valenciana \u00c0 Punt.<\/p>\n","protected":false},"excerpt":{"rendered":"<p>L&#8217; Institut Nacional d&#8217;Estad\u00edstica ha publicat\u00a0 l&#8217;IPC corresponent al mes de maig. Aquest document mostra que els preus pujaren un&#8230;<\/p>\n","protected":false},"author":1,"featured_media":86792,"comment_status":"open","ping_status":"open","sticky":false,"template":"","format":"standard","meta":{"footnotes":""},"categories":[6909,75,79],"tags":[1768,390,12820,12045,12822,12821],"class_list":["post-88441","post","type-post","status-publish","format-standard","has-post-thumbnail","hentry","category-actualidad","category-noticias","category-politicayeconomia","tag-comunitat-valenciana","tag-economia","tag-inflacio","tag-ipc","tag-preus","tag-productes"],"yoast_head":"<!-- This site is optimized with the Yoast SEO plugin v27.3 - https:\/\/yoast.com\/product\/yoast-seo-wordpress\/ -->\n<title>La inflaci\u00f3 es va incrementar al maig fins al 8,6% a la Comunitat Valenciana - COPE Alcoy<\/title>\n<meta name=\"robots\" content=\"index, follow, max-snippet:-1, max-image-preview:large, max-video-preview:-1\" \/>\n<link rel=\"canonical\" href=\"https:\/\/www.copealcoy.es\/es\/la-inflacio-es-va-incrementar-al-maig-fins-al-86-a-la-comunitat-valenciana\/\" \/>\n<meta property=\"og:locale\" content=\"es_ES\" \/>\n<meta property=\"og:type\" content=\"article\" \/>\n<meta property=\"og:title\" content=\"La inflaci\u00f3 es va incrementar al maig fins al 8,6% a la Comunitat Valenciana - COPE Alcoy\" \/>\n<meta property=\"og:description\" content=\"L&#8217; Institut Nacional d&#8217;Estad\u00edstica ha publicat\u00a0 l&#8217;IPC corresponent al mes de maig. Aquest document mostra que els preus pujaren un...\" \/>\n<meta property=\"og:url\" content=\"https:\/\/www.copealcoy.es\/es\/la-inflacio-es-va-incrementar-al-maig-fins-al-86-a-la-comunitat-valenciana\/\" \/>\n<meta property=\"og:site_name\" content=\"COPE Alcoy\" \/>\n<meta property=\"article:published_time\" content=\"2022-06-10T15:33:16+00:00\" \/>\n<meta property=\"article:modified_time\" content=\"2022-06-10T15:38:54+00:00\" \/>\n<meta property=\"og:image\" content=\"https:\/\/www.copealcoy.es\/wp-content\/uploads\/2022\/04\/unnamed-59.jpg\" \/>\n\t<meta property=\"og:image:width\" content=\"715\" \/>\n\t<meta property=\"og:image:height\" content=\"431\" \/>\n\t<meta property=\"og:image:type\" content=\"image\/jpeg\" \/>\n<meta name=\"author\" content=\"Cope Alcoy\" \/>\n<meta name=\"twitter:label1\" content=\"Escrito por\" \/>\n\t<meta name=\"twitter:data1\" content=\"Cope Alcoy\" \/>\n\t<meta name=\"twitter:label2\" content=\"Tiempo de lectura\" \/>\n\t<meta name=\"twitter:data2\" content=\"1 minuto\" \/>\n<script type=\"application\/ld+json\" class=\"yoast-schema-graph\">{\"@context\":\"https:\\\/\\\/schema.org\",\"@graph\":[{\"@type\":\"Article\",\"@id\":\"https:\\\/\\\/www.copealcoy.es\\\/es\\\/la-inflacio-es-va-incrementar-al-maig-fins-al-86-a-la-comunitat-valenciana\\\/#article\",\"isPartOf\":{\"@id\":\"https:\\\/\\\/www.copealcoy.es\\\/es\\\/la-inflacio-es-va-incrementar-al-maig-fins-al-86-a-la-comunitat-valenciana\\\/\"},\"author\":{\"name\":\"Cope Alcoy\",\"@id\":\"https:\\\/\\\/www.copealcoy.es\\\/es\\\/#\\\/schema\\\/person\\\/e777c87fa024e57d40170af9df39882c\"},\"headline\":\"La inflaci\u00f3 es va incrementar al maig fins al 8,6% a la Comunitat Valenciana\",\"datePublished\":\"2022-06-10T15:33:16+00:00\",\"dateModified\":\"2022-06-10T15:38:54+00:00\",\"mainEntityOfPage\":{\"@id\":\"https:\\\/\\\/www.copealcoy.es\\\/es\\\/la-inflacio-es-va-incrementar-al-maig-fins-al-86-a-la-comunitat-valenciana\\\/\"},\"wordCount\":216,\"commentCount\":0,\"image\":{\"@id\":\"https:\\\/\\\/www.copealcoy.es\\\/es\\\/la-inflacio-es-va-incrementar-al-maig-fins-al-86-a-la-comunitat-valenciana\\\/#primaryimage\"},\"thumbnailUrl\":\"https:\\\/\\\/www.copealcoy.es\\\/wp-content\\\/uploads\\\/2022\\\/04\\\/unnamed-59.jpg\",\"keywords\":[\"Comunitat Valenciana\",\"Econom\u00eda\",\"inflaci\u00f3\",\"IPC\",\"preus\",\"productes\"],\"articleSection\":[\"Actualidad\",\"Noticias\",\"Pol\u00edtica y Econom\u00eda\"],\"inLanguage\":\"es\"},{\"@type\":\"WebPage\",\"@id\":\"https:\\\/\\\/www.copealcoy.es\\\/es\\\/la-inflacio-es-va-incrementar-al-maig-fins-al-86-a-la-comunitat-valenciana\\\/\",\"url\":\"https:\\\/\\\/www.copealcoy.es\\\/es\\\/la-inflacio-es-va-incrementar-al-maig-fins-al-86-a-la-comunitat-valenciana\\\/\",\"name\":\"La inflaci\u00f3 es va incrementar al maig fins al 8,6% a la Comunitat Valenciana - COPE Alcoy\",\"isPartOf\":{\"@id\":\"https:\\\/\\\/www.copealcoy.es\\\/es\\\/#website\"},\"primaryImageOfPage\":{\"@id\":\"https:\\\/\\\/www.copealcoy.es\\\/es\\\/la-inflacio-es-va-incrementar-al-maig-fins-al-86-a-la-comunitat-valenciana\\\/#primaryimage\"},\"image\":{\"@id\":\"https:\\\/\\\/www.copealcoy.es\\\/es\\\/la-inflacio-es-va-incrementar-al-maig-fins-al-86-a-la-comunitat-valenciana\\\/#primaryimage\"},\"thumbnailUrl\":\"https:\\\/\\\/www.copealcoy.es\\\/wp-content\\\/uploads\\\/2022\\\/04\\\/unnamed-59.jpg\",\"datePublished\":\"2022-06-10T15:33:16+00:00\",\"dateModified\":\"2022-06-10T15:38:54+00:00\",\"author\":{\"@id\":\"https:\\\/\\\/www.copealcoy.es\\\/es\\\/#\\\/schema\\\/person\\\/e777c87fa024e57d40170af9df39882c\"},\"breadcrumb\":{\"@id\":\"https:\\\/\\\/www.copealcoy.es\\\/es\\\/la-inflacio-es-va-incrementar-al-maig-fins-al-86-a-la-comunitat-valenciana\\\/#breadcrumb\"},\"inLanguage\":\"es\",\"potentialAction\":[{\"@type\":\"ReadAction\",\"target\":[\"https:\\\/\\\/www.copealcoy.es\\\/es\\\/la-inflacio-es-va-incrementar-al-maig-fins-al-86-a-la-comunitat-valenciana\\\/\"]}]},{\"@type\":\"ImageObject\",\"inLanguage\":\"es\",\"@id\":\"https:\\\/\\\/www.copealcoy.es\\\/es\\\/la-inflacio-es-va-incrementar-al-maig-fins-al-86-a-la-comunitat-valenciana\\\/#primaryimage\",\"url\":\"https:\\\/\\\/www.copealcoy.es\\\/wp-content\\\/uploads\\\/2022\\\/04\\\/unnamed-59.jpg\",\"contentUrl\":\"https:\\\/\\\/www.copealcoy.es\\\/wp-content\\\/uploads\\\/2022\\\/04\\\/unnamed-59.jpg\",\"width\":715,\"height\":431},{\"@type\":\"BreadcrumbList\",\"@id\":\"https:\\\/\\\/www.copealcoy.es\\\/es\\\/la-inflacio-es-va-incrementar-al-maig-fins-al-86-a-la-comunitat-valenciana\\\/#breadcrumb\",\"itemListElement\":[{\"@type\":\"ListItem\",\"position\":1,\"name\":\"Portada\",\"item\":\"https:\\\/\\\/www.copealcoy.es\\\/es\\\/\"},{\"@type\":\"ListItem\",\"position\":2,\"name\":\"La inflaci\u00f3 es va incrementar al maig fins al 8,6% a la Comunitat Valenciana\"}]},{\"@type\":\"WebSite\",\"@id\":\"https:\\\/\\\/www.copealcoy.es\\\/es\\\/#website\",\"url\":\"https:\\\/\\\/www.copealcoy.es\\\/es\\\/\",\"name\":\"COPE Alcoy\",\"description\":\"Emisora COPE de radio local con emisi\u00f3n online. Pont de Sant Jordi 8-10 03803 Alcoy\",\"potentialAction\":[{\"@type\":\"SearchAction\",\"target\":{\"@type\":\"EntryPoint\",\"urlTemplate\":\"https:\\\/\\\/www.copealcoy.es\\\/es\\\/?s={search_term_string}\"},\"query-input\":{\"@type\":\"PropertyValueSpecification\",\"valueRequired\":true,\"valueName\":\"search_term_string\"}}],\"inLanguage\":\"es\"},{\"@type\":\"Person\",\"@id\":\"https:\\\/\\\/www.copealcoy.es\\\/es\\\/#\\\/schema\\\/person\\\/e777c87fa024e57d40170af9df39882c\",\"name\":\"Cope Alcoy\",\"image\":{\"@type\":\"ImageObject\",\"inLanguage\":\"es\",\"@id\":\"https:\\\/\\\/secure.gravatar.com\\\/avatar\\\/bb65d0283347e303893ba14f0692005417c1e0e690a325a4c5d8bb2b3943ee14?s=96&d=mm&r=g\",\"url\":\"https:\\\/\\\/secure.gravatar.com\\\/avatar\\\/bb65d0283347e303893ba14f0692005417c1e0e690a325a4c5d8bb2b3943ee14?s=96&d=mm&r=g\",\"contentUrl\":\"https:\\\/\\\/secure.gravatar.com\\\/avatar\\\/bb65d0283347e303893ba14f0692005417c1e0e690a325a4c5d8bb2b3943ee14?s=96&d=mm&r=g\",\"caption\":\"Cope Alcoy\"}}]}<\/script>\n<!-- \/ Yoast SEO plugin. -->","yoast_head_json":{"title":"La inflaci\u00f3 es va incrementar al maig fins al 8,6% a la Comunitat Valenciana - COPE Alcoy","robots":{"index":"index","follow":"follow","max-snippet":"max-snippet:-1","max-image-preview":"max-image-preview:large","max-video-preview":"max-video-preview:-1"},"canonical":"https:\/\/www.copealcoy.es\/es\/la-inflacio-es-va-incrementar-al-maig-fins-al-86-a-la-comunitat-valenciana\/","og_locale":"es_ES","og_type":"article","og_title":"La inflaci\u00f3 es va incrementar al maig fins al 8,6% a la Comunitat Valenciana - COPE Alcoy","og_description":"L&#8217; Institut Nacional d&#8217;Estad\u00edstica ha publicat\u00a0 l&#8217;IPC corresponent al mes de maig. Aquest document mostra que els preus pujaren un...","og_url":"https:\/\/www.copealcoy.es\/es\/la-inflacio-es-va-incrementar-al-maig-fins-al-86-a-la-comunitat-valenciana\/","og_site_name":"COPE Alcoy","article_published_time":"2022-06-10T15:33:16+00:00","article_modified_time":"2022-06-10T15:38:54+00:00","og_image":[{"width":715,"height":431,"url":"https:\/\/www.copealcoy.es\/wp-content\/uploads\/2022\/04\/unnamed-59.jpg","type":"image\/jpeg"}],"author":"Cope Alcoy","twitter_misc":{"Escrito por":"Cope Alcoy","Tiempo de lectura":"1 minuto"},"schema":{"@context":"https:\/\/schema.org","@graph":[{"@type":"Article","@id":"https:\/\/www.copealcoy.es\/es\/la-inflacio-es-va-incrementar-al-maig-fins-al-86-a-la-comunitat-valenciana\/#article","isPartOf":{"@id":"https:\/\/www.copealcoy.es\/es\/la-inflacio-es-va-incrementar-al-maig-fins-al-86-a-la-comunitat-valenciana\/"},"author":{"name":"Cope Alcoy","@id":"https:\/\/www.copealcoy.es\/es\/#\/schema\/person\/e777c87fa024e57d40170af9df39882c"},"headline":"La inflaci\u00f3 es va incrementar al maig fins al 8,6% a la Comunitat Valenciana","datePublished":"2022-06-10T15:33:16+00:00","dateModified":"2022-06-10T15:38:54+00:00","mainEntityOfPage":{"@id":"https:\/\/www.copealcoy.es\/es\/la-inflacio-es-va-incrementar-al-maig-fins-al-86-a-la-comunitat-valenciana\/"},"wordCount":216,"commentCount":0,"image":{"@id":"https:\/\/www.copealcoy.es\/es\/la-inflacio-es-va-incrementar-al-maig-fins-al-86-a-la-comunitat-valenciana\/#primaryimage"},"thumbnailUrl":"https:\/\/www.copealcoy.es\/wp-content\/uploads\/2022\/04\/unnamed-59.jpg","keywords":["Comunitat Valenciana","Econom\u00eda","inflaci\u00f3","IPC","preus","productes"],"articleSection":["Actualidad","Noticias","Pol\u00edtica y Econom\u00eda"],"inLanguage":"es"},{"@type":"WebPage","@id":"https:\/\/www.copealcoy.es\/es\/la-inflacio-es-va-incrementar-al-maig-fins-al-86-a-la-comunitat-valenciana\/","url":"https:\/\/www.copealcoy.es\/es\/la-inflacio-es-va-incrementar-al-maig-fins-al-86-a-la-comunitat-valenciana\/","name":"La inflaci\u00f3 es va incrementar al maig fins al 8,6% a la Comunitat Valenciana - COPE Alcoy","isPartOf":{"@id":"https:\/\/www.copealcoy.es\/es\/#website"},"primaryImageOfPage":{"@id":"https:\/\/www.copealcoy.es\/es\/la-inflacio-es-va-incrementar-al-maig-fins-al-86-a-la-comunitat-valenciana\/#primaryimage"},"image":{"@id":"https:\/\/www.copealcoy.es\/es\/la-inflacio-es-va-incrementar-al-maig-fins-al-86-a-la-comunitat-valenciana\/#primaryimage"},"thumbnailUrl":"https:\/\/www.copealcoy.es\/wp-content\/uploads\/2022\/04\/unnamed-59.jpg","datePublished":"2022-06-10T15:33:16+00:00","dateModified":"2022-06-10T15:38:54+00:00","author":{"@id":"https:\/\/www.copealcoy.es\/es\/#\/schema\/person\/e777c87fa024e57d40170af9df39882c"},"breadcrumb":{"@id":"https:\/\/www.copealcoy.es\/es\/la-inflacio-es-va-incrementar-al-maig-fins-al-86-a-la-comunitat-valenciana\/#breadcrumb"},"inLanguage":"es","potentialAction":[{"@type":"ReadAction","target":["https:\/\/www.copealcoy.es\/es\/la-inflacio-es-va-incrementar-al-maig-fins-al-86-a-la-comunitat-valenciana\/"]}]},{"@type":"ImageObject","inLanguage":"es","@id":"https:\/\/www.copealcoy.es\/es\/la-inflacio-es-va-incrementar-al-maig-fins-al-86-a-la-comunitat-valenciana\/#primaryimage","url":"https:\/\/www.copealcoy.es\/wp-content\/uploads\/2022\/04\/unnamed-59.jpg","contentUrl":"https:\/\/www.copealcoy.es\/wp-content\/uploads\/2022\/04\/unnamed-59.jpg","width":715,"height":431},{"@type":"BreadcrumbList","@id":"https:\/\/www.copealcoy.es\/es\/la-inflacio-es-va-incrementar-al-maig-fins-al-86-a-la-comunitat-valenciana\/#breadcrumb","itemListElement":[{"@type":"ListItem","position":1,"name":"Portada","item":"https:\/\/www.copealcoy.es\/es\/"},{"@type":"ListItem","position":2,"name":"La inflaci\u00f3 es va incrementar al maig fins al 8,6% a la Comunitat Valenciana"}]},{"@type":"WebSite","@id":"https:\/\/www.copealcoy.es\/es\/#website","url":"https:\/\/www.copealcoy.es\/es\/","name":"COPE Alcoy","description":"Emisora COPE de radio local con emisi\u00f3n online. Pont de Sant Jordi 8-10 03803 Alcoy","potentialAction":[{"@type":"SearchAction","target":{"@type":"EntryPoint","urlTemplate":"https:\/\/www.copealcoy.es\/es\/?s={search_term_string}"},"query-input":{"@type":"PropertyValueSpecification","valueRequired":true,"valueName":"search_term_string"}}],"inLanguage":"es"},{"@type":"Person","@id":"https:\/\/www.copealcoy.es\/es\/#\/schema\/person\/e777c87fa024e57d40170af9df39882c","name":"Cope Alcoy","image":{"@type":"ImageObject","inLanguage":"es","@id":"https:\/\/secure.gravatar.com\/avatar\/bb65d0283347e303893ba14f0692005417c1e0e690a325a4c5d8bb2b3943ee14?s=96&d=mm&r=g","url":"https:\/\/secure.gravatar.com\/avatar\/bb65d0283347e303893ba14f0692005417c1e0e690a325a4c5d8bb2b3943ee14?s=96&d=mm&r=g","contentUrl":"https:\/\/secure.gravatar.com\/avatar\/bb65d0283347e303893ba14f0692005417c1e0e690a325a4c5d8bb2b3943ee14?s=96&d=mm&r=g","caption":"Cope Alcoy"}}]}},"_links":{"self":[{"href":"https:\/\/www.copealcoy.es\/es\/wp-json\/wp\/v2\/posts\/88441","targetHints":{"allow":["GET"]}}],"collection":[{"href":"https:\/\/www.copealcoy.es\/es\/wp-json\/wp\/v2\/posts"}],"about":[{"href":"https:\/\/www.copealcoy.es\/es\/wp-json\/wp\/v2\/types\/post"}],"author":[{"embeddable":true,"href":"https:\/\/www.copealcoy.es\/es\/wp-json\/wp\/v2\/users\/1"}],"replies":[{"embeddable":true,"href":"https:\/\/www.copealcoy.es\/es\/wp-json\/wp\/v2\/comments?post=88441"}],"version-history":[{"count":0,"href":"https:\/\/www.copealcoy.es\/es\/wp-json\/wp\/v2\/posts\/88441\/revisions"}],"wp:featuredmedia":[{"embeddable":true,"href":"https:\/\/www.copealcoy.es\/es\/wp-json\/wp\/v2\/media\/86792"}],"wp:attachment":[{"href":"https:\/\/www.copealcoy.es\/es\/wp-json\/wp\/v2\/media?parent=88441"}],"wp:term":[{"taxonomy":"category","embeddable":true,"href":"https:\/\/www.copealcoy.es\/es\/wp-json\/wp\/v2\/categories?post=88441"},{"taxonomy":"post_tag","embeddable":true,"href":"https:\/\/www.copealcoy.es\/es\/wp-json\/wp\/v2\/tags?post=88441"}],"curies":[{"name":"wp","href":"https:\/\/api.w.org\/{rel}","templated":true}]}}