{"id":8844,"date":"2014-12-05T20:26:15","date_gmt":"2014-12-05T20:26:15","guid":{"rendered":"http:\/\/copealcoi.es\/new\/?p=8844"},"modified":"2014-12-05T20:27:25","modified_gmt":"2014-12-05T20:27:25","slug":"guanyem-se-constituye-oficialmente","status":"publish","type":"post","link":"https:\/\/www.copealcoy.es\/es\/guanyem-se-constituye-oficialmente\/","title":{"rendered":"Guanyem se constituye oficialmente"},"content":{"rendered":"<p style=\"text-align: justify;\">La plataforma ciudadana &#8220;Guanyem&#8221; se constituy\u00f3 oficialmente anoche en el marco de su asamblea que tuvo lugar en el Edificio de la Escuela Industrial del Viaducto y a la que asistieron cerca de 120 personas. El acto comenz\u00f3 con la introducci\u00f3n a cargo de la periodista Reis Juan y seguidamente la mesa de moderaci\u00f3n dio lectura al manifiesto constitutivo. A continuaci\u00f3n se proyect\u00f3 un v\u00eddeo en el que se analiz\u00f3 la situaci\u00f3n actual de la ciudad para posteriormemte dar inicio a un debate en el que se pusieron de manifiesto las necesidades de Alcoy y se plantearon las acciones futuras que se quieren desarrollar.\u00a0Finalmente se abri\u00f3 un turno de preguntas donde los asistentes plantearon propuestas y se aclararon dudas sobre la financiaci\u00f3n de la iniciativa que est\u00e1 basada en la aportaci\u00f3n popular.<\/p>\n","protected":false},"excerpt":{"rendered":"<p>La plataforma ciudadana &#8220;Guanyem&#8221; se constituy\u00f3 oficialmente anoche en el marco de su asamblea que tuvo lugar en el Edificio&#8230;<\/p>\n","protected":false},"author":1,"featured_media":8845,"comment_status":"open","ping_status":"open","sticky":false,"template":"","format":"standard","meta":{"footnotes":""},"categories":[75,79],"tags":[160,339,241,340],"class_list":["post-8844","post","type-post","status-publish","format-standard","has-post-thumbnail","hentry","category-noticias","category-politicayeconomia","tag-alcoi","tag-constituida","tag-guanyem","tag-oficialmente"],"yoast_head":"<!-- This site is optimized with the Yoast SEO plugin v27.3 - https:\/\/yoast.com\/product\/yoast-seo-wordpress\/ -->\n<title>Guanyem se constituye oficialmente - COPE Alcoy<\/title>\n<meta name=\"robots\" content=\"index, follow, max-snippet:-1, max-image-preview:large, max-video-preview:-1\" \/>\n<link rel=\"canonical\" href=\"https:\/\/www.copealcoy.es\/es\/guanyem-se-constituye-oficialmente\/\" \/>\n<meta property=\"og:locale\" content=\"es_ES\" \/>\n<meta property=\"og:type\" content=\"article\" \/>\n<meta property=\"og:title\" content=\"Guanyem se constituye oficialmente - COPE Alcoy\" \/>\n<meta property=\"og:description\" content=\"La plataforma ciudadana &#8220;Guanyem&#8221; se constituy\u00f3 oficialmente anoche en el marco de su asamblea que tuvo lugar en el Edificio...\" \/>\n<meta property=\"og:url\" content=\"https:\/\/www.copealcoy.es\/es\/guanyem-se-constituye-oficialmente\/\" \/>\n<meta property=\"og:site_name\" content=\"COPE Alcoy\" \/>\n<meta property=\"article:published_time\" content=\"2014-12-05T20:26:15+00:00\" \/>\n<meta property=\"article:modified_time\" content=\"2014-12-05T20:27:25+00:00\" \/>\n<meta property=\"og:image\" content=\"https:\/\/www.copealcoy.es\/wp-content\/uploads\/2014\/12\/image26.jpg\" \/>\n\t<meta property=\"og:image:width\" content=\"1280\" \/>\n\t<meta property=\"og:image:height\" content=\"768\" \/>\n\t<meta property=\"og:image:type\" content=\"image\/jpeg\" \/>\n<meta name=\"author\" content=\"Cope Alcoy\" \/>\n<meta name=\"twitter:label1\" content=\"Escrito por\" \/>\n\t<meta name=\"twitter:data1\" content=\"Cope Alcoy\" \/>\n\t<meta name=\"twitter:label2\" content=\"Tiempo de lectura\" \/>\n\t<meta name=\"twitter:data2\" content=\"1 minuto\" \/>\n<script type=\"application\/ld+json\" class=\"yoast-schema-graph\">{\"@context\":\"https:\\\/\\\/schema.org\",\"@graph\":[{\"@type\":\"Article\",\"@id\":\"https:\\\/\\\/www.copealcoy.es\\\/es\\\/guanyem-se-constituye-oficialmente\\\/#article\",\"isPartOf\":{\"@id\":\"https:\\\/\\\/www.copealcoy.es\\\/es\\\/guanyem-se-constituye-oficialmente\\\/\"},\"author\":{\"name\":\"Cope Alcoy\",\"@id\":\"https:\\\/\\\/www.copealcoy.es\\\/es\\\/#\\\/schema\\\/person\\\/e777c87fa024e57d40170af9df39882c\"},\"headline\":\"Guanyem se constituye oficialmente\",\"datePublished\":\"2014-12-05T20:26:15+00:00\",\"dateModified\":\"2014-12-05T20:27:25+00:00\",\"mainEntityOfPage\":{\"@id\":\"https:\\\/\\\/www.copealcoy.es\\\/es\\\/guanyem-se-constituye-oficialmente\\\/\"},\"wordCount\":143,\"commentCount\":0,\"image\":{\"@id\":\"https:\\\/\\\/www.copealcoy.es\\\/es\\\/guanyem-se-constituye-oficialmente\\\/#primaryimage\"},\"thumbnailUrl\":\"https:\\\/\\\/www.copealcoy.es\\\/wp-content\\\/uploads\\\/2014\\\/12\\\/image26.jpg\",\"keywords\":[\"Alcoi\",\"Constituida\",\"Guanyem\",\"Oficialmente\"],\"articleSection\":[\"Noticias\",\"Pol\u00edtica y Econom\u00eda\"],\"inLanguage\":\"es\"},{\"@type\":\"WebPage\",\"@id\":\"https:\\\/\\\/www.copealcoy.es\\\/es\\\/guanyem-se-constituye-oficialmente\\\/\",\"url\":\"https:\\\/\\\/www.copealcoy.es\\\/es\\\/guanyem-se-constituye-oficialmente\\\/\",\"name\":\"Guanyem se constituye oficialmente - COPE Alcoy\",\"isPartOf\":{\"@id\":\"https:\\\/\\\/www.copealcoy.es\\\/es\\\/#website\"},\"primaryImageOfPage\":{\"@id\":\"https:\\\/\\\/www.copealcoy.es\\\/es\\\/guanyem-se-constituye-oficialmente\\\/#primaryimage\"},\"image\":{\"@id\":\"https:\\\/\\\/www.copealcoy.es\\\/es\\\/guanyem-se-constituye-oficialmente\\\/#primaryimage\"},\"thumbnailUrl\":\"https:\\\/\\\/www.copealcoy.es\\\/wp-content\\\/uploads\\\/2014\\\/12\\\/image26.jpg\",\"datePublished\":\"2014-12-05T20:26:15+00:00\",\"dateModified\":\"2014-12-05T20:27:25+00:00\",\"author\":{\"@id\":\"https:\\\/\\\/www.copealcoy.es\\\/es\\\/#\\\/schema\\\/person\\\/e777c87fa024e57d40170af9df39882c\"},\"breadcrumb\":{\"@id\":\"https:\\\/\\\/www.copealcoy.es\\\/es\\\/guanyem-se-constituye-oficialmente\\\/#breadcrumb\"},\"inLanguage\":\"es\",\"potentialAction\":[{\"@type\":\"ReadAction\",\"target\":[\"https:\\\/\\\/www.copealcoy.es\\\/es\\\/guanyem-se-constituye-oficialmente\\\/\"]}]},{\"@type\":\"ImageObject\",\"inLanguage\":\"es\",\"@id\":\"https:\\\/\\\/www.copealcoy.es\\\/es\\\/guanyem-se-constituye-oficialmente\\\/#primaryimage\",\"url\":\"https:\\\/\\\/www.copealcoy.es\\\/wp-content\\\/uploads\\\/2014\\\/12\\\/image26.jpg\",\"contentUrl\":\"https:\\\/\\\/www.copealcoy.es\\\/wp-content\\\/uploads\\\/2014\\\/12\\\/image26.jpg\",\"width\":1280,\"height\":768,\"caption\":\"Una de las asambleas de Guanyem Alcoi\"},{\"@type\":\"BreadcrumbList\",\"@id\":\"https:\\\/\\\/www.copealcoy.es\\\/es\\\/guanyem-se-constituye-oficialmente\\\/#breadcrumb\",\"itemListElement\":[{\"@type\":\"ListItem\",\"position\":1,\"name\":\"Portada\",\"item\":\"https:\\\/\\\/www.copealcoy.es\\\/es\\\/\"},{\"@type\":\"ListItem\",\"position\":2,\"name\":\"Guanyem se constituye oficialmente\"}]},{\"@type\":\"WebSite\",\"@id\":\"https:\\\/\\\/www.copealcoy.es\\\/es\\\/#website\",\"url\":\"https:\\\/\\\/www.copealcoy.es\\\/es\\\/\",\"name\":\"COPE Alcoy\",\"description\":\"Emisora COPE de radio local con emisi\u00f3n online. Pont de Sant Jordi 8-10 03803 Alcoy\",\"potentialAction\":[{\"@type\":\"SearchAction\",\"target\":{\"@type\":\"EntryPoint\",\"urlTemplate\":\"https:\\\/\\\/www.copealcoy.es\\\/es\\\/?s={search_term_string}\"},\"query-input\":{\"@type\":\"PropertyValueSpecification\",\"valueRequired\":true,\"valueName\":\"search_term_string\"}}],\"inLanguage\":\"es\"},{\"@type\":\"Person\",\"@id\":\"https:\\\/\\\/www.copealcoy.es\\\/es\\\/#\\\/schema\\\/person\\\/e777c87fa024e57d40170af9df39882c\",\"name\":\"Cope Alcoy\",\"image\":{\"@type\":\"ImageObject\",\"inLanguage\":\"es\",\"@id\":\"https:\\\/\\\/secure.gravatar.com\\\/avatar\\\/bb65d0283347e303893ba14f0692005417c1e0e690a325a4c5d8bb2b3943ee14?s=96&d=mm&r=g\",\"url\":\"https:\\\/\\\/secure.gravatar.com\\\/avatar\\\/bb65d0283347e303893ba14f0692005417c1e0e690a325a4c5d8bb2b3943ee14?s=96&d=mm&r=g\",\"contentUrl\":\"https:\\\/\\\/secure.gravatar.com\\\/avatar\\\/bb65d0283347e303893ba14f0692005417c1e0e690a325a4c5d8bb2b3943ee14?s=96&d=mm&r=g\",\"caption\":\"Cope Alcoy\"}}]}<\/script>\n<!-- \/ Yoast SEO plugin. -->","yoast_head_json":{"title":"Guanyem se constituye oficialmente - COPE Alcoy","robots":{"index":"index","follow":"follow","max-snippet":"max-snippet:-1","max-image-preview":"max-image-preview:large","max-video-preview":"max-video-preview:-1"},"canonical":"https:\/\/www.copealcoy.es\/es\/guanyem-se-constituye-oficialmente\/","og_locale":"es_ES","og_type":"article","og_title":"Guanyem se constituye oficialmente - COPE Alcoy","og_description":"La plataforma ciudadana &#8220;Guanyem&#8221; se constituy\u00f3 oficialmente anoche en el marco de su asamblea que tuvo lugar en el Edificio...","og_url":"https:\/\/www.copealcoy.es\/es\/guanyem-se-constituye-oficialmente\/","og_site_name":"COPE Alcoy","article_published_time":"2014-12-05T20:26:15+00:00","article_modified_time":"2014-12-05T20:27:25+00:00","og_image":[{"width":1280,"height":768,"url":"https:\/\/www.copealcoy.es\/wp-content\/uploads\/2014\/12\/image26.jpg","type":"image\/jpeg"}],"author":"Cope Alcoy","twitter_misc":{"Escrito por":"Cope Alcoy","Tiempo de lectura":"1 minuto"},"schema":{"@context":"https:\/\/schema.org","@graph":[{"@type":"Article","@id":"https:\/\/www.copealcoy.es\/es\/guanyem-se-constituye-oficialmente\/#article","isPartOf":{"@id":"https:\/\/www.copealcoy.es\/es\/guanyem-se-constituye-oficialmente\/"},"author":{"name":"Cope Alcoy","@id":"https:\/\/www.copealcoy.es\/es\/#\/schema\/person\/e777c87fa024e57d40170af9df39882c"},"headline":"Guanyem se constituye oficialmente","datePublished":"2014-12-05T20:26:15+00:00","dateModified":"2014-12-05T20:27:25+00:00","mainEntityOfPage":{"@id":"https:\/\/www.copealcoy.es\/es\/guanyem-se-constituye-oficialmente\/"},"wordCount":143,"commentCount":0,"image":{"@id":"https:\/\/www.copealcoy.es\/es\/guanyem-se-constituye-oficialmente\/#primaryimage"},"thumbnailUrl":"https:\/\/www.copealcoy.es\/wp-content\/uploads\/2014\/12\/image26.jpg","keywords":["Alcoi","Constituida","Guanyem","Oficialmente"],"articleSection":["Noticias","Pol\u00edtica y Econom\u00eda"],"inLanguage":"es"},{"@type":"WebPage","@id":"https:\/\/www.copealcoy.es\/es\/guanyem-se-constituye-oficialmente\/","url":"https:\/\/www.copealcoy.es\/es\/guanyem-se-constituye-oficialmente\/","name":"Guanyem se constituye oficialmente - COPE Alcoy","isPartOf":{"@id":"https:\/\/www.copealcoy.es\/es\/#website"},"primaryImageOfPage":{"@id":"https:\/\/www.copealcoy.es\/es\/guanyem-se-constituye-oficialmente\/#primaryimage"},"image":{"@id":"https:\/\/www.copealcoy.es\/es\/guanyem-se-constituye-oficialmente\/#primaryimage"},"thumbnailUrl":"https:\/\/www.copealcoy.es\/wp-content\/uploads\/2014\/12\/image26.jpg","datePublished":"2014-12-05T20:26:15+00:00","dateModified":"2014-12-05T20:27:25+00:00","author":{"@id":"https:\/\/www.copealcoy.es\/es\/#\/schema\/person\/e777c87fa024e57d40170af9df39882c"},"breadcrumb":{"@id":"https:\/\/www.copealcoy.es\/es\/guanyem-se-constituye-oficialmente\/#breadcrumb"},"inLanguage":"es","potentialAction":[{"@type":"ReadAction","target":["https:\/\/www.copealcoy.es\/es\/guanyem-se-constituye-oficialmente\/"]}]},{"@type":"ImageObject","inLanguage":"es","@id":"https:\/\/www.copealcoy.es\/es\/guanyem-se-constituye-oficialmente\/#primaryimage","url":"https:\/\/www.copealcoy.es\/wp-content\/uploads\/2014\/12\/image26.jpg","contentUrl":"https:\/\/www.copealcoy.es\/wp-content\/uploads\/2014\/12\/image26.jpg","width":1280,"height":768,"caption":"Una de las asambleas de Guanyem Alcoi"},{"@type":"BreadcrumbList","@id":"https:\/\/www.copealcoy.es\/es\/guanyem-se-constituye-oficialmente\/#breadcrumb","itemListElement":[{"@type":"ListItem","position":1,"name":"Portada","item":"https:\/\/www.copealcoy.es\/es\/"},{"@type":"ListItem","position":2,"name":"Guanyem se constituye oficialmente"}]},{"@type":"WebSite","@id":"https:\/\/www.copealcoy.es\/es\/#website","url":"https:\/\/www.copealcoy.es\/es\/","name":"COPE Alcoy","description":"Emisora COPE de radio local con emisi\u00f3n online. Pont de Sant Jordi 8-10 03803 Alcoy","potentialAction":[{"@type":"SearchAction","target":{"@type":"EntryPoint","urlTemplate":"https:\/\/www.copealcoy.es\/es\/?s={search_term_string}"},"query-input":{"@type":"PropertyValueSpecification","valueRequired":true,"valueName":"search_term_string"}}],"inLanguage":"es"},{"@type":"Person","@id":"https:\/\/www.copealcoy.es\/es\/#\/schema\/person\/e777c87fa024e57d40170af9df39882c","name":"Cope Alcoy","image":{"@type":"ImageObject","inLanguage":"es","@id":"https:\/\/secure.gravatar.com\/avatar\/bb65d0283347e303893ba14f0692005417c1e0e690a325a4c5d8bb2b3943ee14?s=96&d=mm&r=g","url":"https:\/\/secure.gravatar.com\/avatar\/bb65d0283347e303893ba14f0692005417c1e0e690a325a4c5d8bb2b3943ee14?s=96&d=mm&r=g","contentUrl":"https:\/\/secure.gravatar.com\/avatar\/bb65d0283347e303893ba14f0692005417c1e0e690a325a4c5d8bb2b3943ee14?s=96&d=mm&r=g","caption":"Cope Alcoy"}}]}},"_links":{"self":[{"href":"https:\/\/www.copealcoy.es\/es\/wp-json\/wp\/v2\/posts\/8844","targetHints":{"allow":["GET"]}}],"collection":[{"href":"https:\/\/www.copealcoy.es\/es\/wp-json\/wp\/v2\/posts"}],"about":[{"href":"https:\/\/www.copealcoy.es\/es\/wp-json\/wp\/v2\/types\/post"}],"author":[{"embeddable":true,"href":"https:\/\/www.copealcoy.es\/es\/wp-json\/wp\/v2\/users\/1"}],"replies":[{"embeddable":true,"href":"https:\/\/www.copealcoy.es\/es\/wp-json\/wp\/v2\/comments?post=8844"}],"version-history":[{"count":0,"href":"https:\/\/www.copealcoy.es\/es\/wp-json\/wp\/v2\/posts\/8844\/revisions"}],"wp:featuredmedia":[{"embeddable":true,"href":"https:\/\/www.copealcoy.es\/es\/wp-json\/wp\/v2\/media\/8845"}],"wp:attachment":[{"href":"https:\/\/www.copealcoy.es\/es\/wp-json\/wp\/v2\/media?parent=8844"}],"wp:term":[{"taxonomy":"category","embeddable":true,"href":"https:\/\/www.copealcoy.es\/es\/wp-json\/wp\/v2\/categories?post=8844"},{"taxonomy":"post_tag","embeddable":true,"href":"https:\/\/www.copealcoy.es\/es\/wp-json\/wp\/v2\/tags?post=8844"}],"curies":[{"name":"wp","href":"https:\/\/api.w.org\/{rel}","templated":true}]}}