{"id":88374,"date":"2022-06-08T16:21:52","date_gmt":"2022-06-08T15:21:52","guid":{"rendered":"https:\/\/www.copealcoy.es\/?p=88374"},"modified":"2022-06-08T18:26:39","modified_gmt":"2022-06-08T17:26:39","slug":"sanidad-confirma-un-nuevo-caso-de-viruela-del-mono-en-la-provincia-de-alicante","status":"publish","type":"post","link":"https:\/\/www.copealcoy.es\/es\/sanidad-confirma-un-nuevo-caso-de-viruela-del-mono-en-la-provincia-de-alicante\/","title":{"rendered":"Sanidad confirma un nuevo caso de viruela del mono en la provincia de Alicante"},"content":{"rendered":"<p style=\"text-align: justify;\">La<strong> Conselleria de Sanidad ha confirmado dos nuevos casos de la viruela del mono en la Comunitat Valenciana.<\/strong> De este modo, <strong>los nuevos positivos se han detectado en la provincia de Valencia y otro en la provincia de Alicante<\/strong>\u00a0donde ya se detect\u00f3 el primero de los casos confirmados en la Comunitat.<\/p>\n<p style=\"text-align: justify;\">Con la notificaci\u00f3n de hoy de Sanidad, <strong>la Comunitat Valenciana presenta en estos momentos un total de tres casos<\/strong> confirmados de la viruela del mono: uno en la provincia de Valencia y dos en la de Alicante. El primero<strong>, del cual se inform\u00f3 el pasado 2 de junio, se localiz\u00f3 en la provincia de Alicante.<\/strong><\/p>\n<p style=\"text-align: justify;\">Este mi\u00e9rcoles,\u00a0<strong>el director general de la Organizaci\u00f3n Mundial de la Salud (OMS), Tedros Adhanom Ghebreyesus, ha se\u00f1alado en rueda de prensa de que ya se han confirmado m\u00e1s de 1.000 casos de viruela del mono en 29 pa\u00edses\u00a0<\/strong>no end\u00e9micos y ha avisado de que en algunas zonas ya hay transmisi\u00f3n comunitaria.<\/p>\n<p style=\"text-align: justify;\">En Espa\u00f1a,\u00a0<strong>el Ministerio de Sanidad confirmaba ayer martes 225 casos positivos de viruela del mono (Monkeypox), 27 m\u00e1s que el lunes<\/strong>.<\/p>\n","protected":false},"excerpt":{"rendered":"<p>La Conselleria de Sanidad ha confirmado dos nuevos casos de la viruela del mono en la Comunitat Valenciana. De este&#8230;<\/p>\n","protected":false},"author":1,"featured_media":87585,"comment_status":"open","ping_status":"open","sticky":false,"template":"","format":"standard","meta":{"footnotes":""},"categories":[6909,97,75,79],"tags":[4374,2815,12740],"class_list":["post-88374","post","type-post","status-publish","format-standard","has-post-thumbnail","hentry","category-actualidad","category-alcoy","category-noticias","category-politicayeconomia","tag-conselleria-de-sanidad","tag-provincia-de-alicante","tag-viruela-del-mono"],"yoast_head":"<!-- This site is optimized with the Yoast SEO plugin v27.3 - https:\/\/yoast.com\/product\/yoast-seo-wordpress\/ -->\n<title>Sanidad confirma un nuevo caso de viruela del mono en la provincia de Alicante - COPE Alcoy<\/title>\n<meta name=\"robots\" content=\"index, follow, max-snippet:-1, max-image-preview:large, max-video-preview:-1\" \/>\n<link rel=\"canonical\" href=\"https:\/\/www.copealcoy.es\/es\/sanidad-confirma-un-nuevo-caso-de-viruela-del-mono-en-la-provincia-de-alicante\/\" \/>\n<meta property=\"og:locale\" content=\"es_ES\" \/>\n<meta property=\"og:type\" content=\"article\" \/>\n<meta property=\"og:title\" content=\"Sanidad confirma un nuevo caso de viruela del mono en la provincia de Alicante - COPE Alcoy\" \/>\n<meta property=\"og:description\" content=\"La Conselleria de Sanidad ha confirmado dos nuevos casos de la viruela del mono en la Comunitat Valenciana. De este...\" \/>\n<meta property=\"og:url\" content=\"https:\/\/www.copealcoy.es\/es\/sanidad-confirma-un-nuevo-caso-de-viruela-del-mono-en-la-provincia-de-alicante\/\" \/>\n<meta property=\"og:site_name\" content=\"COPE Alcoy\" \/>\n<meta property=\"article:published_time\" content=\"2022-06-08T15:21:52+00:00\" \/>\n<meta property=\"article:modified_time\" content=\"2022-06-08T17:26:39+00:00\" \/>\n<meta property=\"og:image\" content=\"https:\/\/www.copealcoy.es\/wp-content\/uploads\/2022\/05\/1652961265945.jpg\" \/>\n\t<meta property=\"og:image:width\" content=\"976\" \/>\n\t<meta property=\"og:image:height\" content=\"547\" \/>\n\t<meta property=\"og:image:type\" content=\"image\/jpeg\" \/>\n<meta name=\"author\" content=\"Cope Alcoy\" \/>\n<meta name=\"twitter:label1\" content=\"Escrito por\" \/>\n\t<meta name=\"twitter:data1\" content=\"Cope Alcoy\" \/>\n\t<meta name=\"twitter:label2\" content=\"Tiempo de lectura\" \/>\n\t<meta name=\"twitter:data2\" content=\"1 minuto\" \/>\n<script type=\"application\/ld+json\" class=\"yoast-schema-graph\">{\"@context\":\"https:\\\/\\\/schema.org\",\"@graph\":[{\"@type\":\"Article\",\"@id\":\"https:\\\/\\\/www.copealcoy.es\\\/es\\\/sanidad-confirma-un-nuevo-caso-de-viruela-del-mono-en-la-provincia-de-alicante\\\/#article\",\"isPartOf\":{\"@id\":\"https:\\\/\\\/www.copealcoy.es\\\/es\\\/sanidad-confirma-un-nuevo-caso-de-viruela-del-mono-en-la-provincia-de-alicante\\\/\"},\"author\":{\"name\":\"Cope Alcoy\",\"@id\":\"https:\\\/\\\/www.copealcoy.es\\\/es\\\/#\\\/schema\\\/person\\\/e777c87fa024e57d40170af9df39882c\"},\"headline\":\"Sanidad confirma un nuevo caso de viruela del mono en la provincia de Alicante\",\"datePublished\":\"2022-06-08T15:21:52+00:00\",\"dateModified\":\"2022-06-08T17:26:39+00:00\",\"mainEntityOfPage\":{\"@id\":\"https:\\\/\\\/www.copealcoy.es\\\/es\\\/sanidad-confirma-un-nuevo-caso-de-viruela-del-mono-en-la-provincia-de-alicante\\\/\"},\"wordCount\":201,\"commentCount\":0,\"image\":{\"@id\":\"https:\\\/\\\/www.copealcoy.es\\\/es\\\/sanidad-confirma-un-nuevo-caso-de-viruela-del-mono-en-la-provincia-de-alicante\\\/#primaryimage\"},\"thumbnailUrl\":\"https:\\\/\\\/www.copealcoy.es\\\/wp-content\\\/uploads\\\/2022\\\/05\\\/1652961265945.jpg\",\"keywords\":[\"Conselleria de Sanidad\",\"provincia de Alicante\",\"viruela del mono\"],\"articleSection\":[\"Actualidad\",\"Alcoy\",\"Noticias\",\"Pol\u00edtica y Econom\u00eda\"],\"inLanguage\":\"es\"},{\"@type\":\"WebPage\",\"@id\":\"https:\\\/\\\/www.copealcoy.es\\\/es\\\/sanidad-confirma-un-nuevo-caso-de-viruela-del-mono-en-la-provincia-de-alicante\\\/\",\"url\":\"https:\\\/\\\/www.copealcoy.es\\\/es\\\/sanidad-confirma-un-nuevo-caso-de-viruela-del-mono-en-la-provincia-de-alicante\\\/\",\"name\":\"Sanidad confirma un nuevo caso de viruela del mono en la provincia de Alicante - COPE Alcoy\",\"isPartOf\":{\"@id\":\"https:\\\/\\\/www.copealcoy.es\\\/es\\\/#website\"},\"primaryImageOfPage\":{\"@id\":\"https:\\\/\\\/www.copealcoy.es\\\/es\\\/sanidad-confirma-un-nuevo-caso-de-viruela-del-mono-en-la-provincia-de-alicante\\\/#primaryimage\"},\"image\":{\"@id\":\"https:\\\/\\\/www.copealcoy.es\\\/es\\\/sanidad-confirma-un-nuevo-caso-de-viruela-del-mono-en-la-provincia-de-alicante\\\/#primaryimage\"},\"thumbnailUrl\":\"https:\\\/\\\/www.copealcoy.es\\\/wp-content\\\/uploads\\\/2022\\\/05\\\/1652961265945.jpg\",\"datePublished\":\"2022-06-08T15:21:52+00:00\",\"dateModified\":\"2022-06-08T17:26:39+00:00\",\"author\":{\"@id\":\"https:\\\/\\\/www.copealcoy.es\\\/es\\\/#\\\/schema\\\/person\\\/e777c87fa024e57d40170af9df39882c\"},\"breadcrumb\":{\"@id\":\"https:\\\/\\\/www.copealcoy.es\\\/es\\\/sanidad-confirma-un-nuevo-caso-de-viruela-del-mono-en-la-provincia-de-alicante\\\/#breadcrumb\"},\"inLanguage\":\"es\",\"potentialAction\":[{\"@type\":\"ReadAction\",\"target\":[\"https:\\\/\\\/www.copealcoy.es\\\/es\\\/sanidad-confirma-un-nuevo-caso-de-viruela-del-mono-en-la-provincia-de-alicante\\\/\"]}]},{\"@type\":\"ImageObject\",\"inLanguage\":\"es\",\"@id\":\"https:\\\/\\\/www.copealcoy.es\\\/es\\\/sanidad-confirma-un-nuevo-caso-de-viruela-del-mono-en-la-provincia-de-alicante\\\/#primaryimage\",\"url\":\"https:\\\/\\\/www.copealcoy.es\\\/wp-content\\\/uploads\\\/2022\\\/05\\\/1652961265945.jpg\",\"contentUrl\":\"https:\\\/\\\/www.copealcoy.es\\\/wp-content\\\/uploads\\\/2022\\\/05\\\/1652961265945.jpg\",\"width\":976,\"height\":547},{\"@type\":\"BreadcrumbList\",\"@id\":\"https:\\\/\\\/www.copealcoy.es\\\/es\\\/sanidad-confirma-un-nuevo-caso-de-viruela-del-mono-en-la-provincia-de-alicante\\\/#breadcrumb\",\"itemListElement\":[{\"@type\":\"ListItem\",\"position\":1,\"name\":\"Portada\",\"item\":\"https:\\\/\\\/www.copealcoy.es\\\/es\\\/\"},{\"@type\":\"ListItem\",\"position\":2,\"name\":\"Sanidad confirma un nuevo caso de viruela del mono en la provincia de Alicante\"}]},{\"@type\":\"WebSite\",\"@id\":\"https:\\\/\\\/www.copealcoy.es\\\/es\\\/#website\",\"url\":\"https:\\\/\\\/www.copealcoy.es\\\/es\\\/\",\"name\":\"COPE Alcoy\",\"description\":\"Emisora COPE de radio local con emisi\u00f3n online. Pont de Sant Jordi 8-10 03803 Alcoy\",\"potentialAction\":[{\"@type\":\"SearchAction\",\"target\":{\"@type\":\"EntryPoint\",\"urlTemplate\":\"https:\\\/\\\/www.copealcoy.es\\\/es\\\/?s={search_term_string}\"},\"query-input\":{\"@type\":\"PropertyValueSpecification\",\"valueRequired\":true,\"valueName\":\"search_term_string\"}}],\"inLanguage\":\"es\"},{\"@type\":\"Person\",\"@id\":\"https:\\\/\\\/www.copealcoy.es\\\/es\\\/#\\\/schema\\\/person\\\/e777c87fa024e57d40170af9df39882c\",\"name\":\"Cope Alcoy\",\"image\":{\"@type\":\"ImageObject\",\"inLanguage\":\"es\",\"@id\":\"https:\\\/\\\/secure.gravatar.com\\\/avatar\\\/bb65d0283347e303893ba14f0692005417c1e0e690a325a4c5d8bb2b3943ee14?s=96&d=mm&r=g\",\"url\":\"https:\\\/\\\/secure.gravatar.com\\\/avatar\\\/bb65d0283347e303893ba14f0692005417c1e0e690a325a4c5d8bb2b3943ee14?s=96&d=mm&r=g\",\"contentUrl\":\"https:\\\/\\\/secure.gravatar.com\\\/avatar\\\/bb65d0283347e303893ba14f0692005417c1e0e690a325a4c5d8bb2b3943ee14?s=96&d=mm&r=g\",\"caption\":\"Cope Alcoy\"}}]}<\/script>\n<!-- \/ Yoast SEO plugin. -->","yoast_head_json":{"title":"Sanidad confirma un nuevo caso de viruela del mono en la provincia de Alicante - COPE Alcoy","robots":{"index":"index","follow":"follow","max-snippet":"max-snippet:-1","max-image-preview":"max-image-preview:large","max-video-preview":"max-video-preview:-1"},"canonical":"https:\/\/www.copealcoy.es\/es\/sanidad-confirma-un-nuevo-caso-de-viruela-del-mono-en-la-provincia-de-alicante\/","og_locale":"es_ES","og_type":"article","og_title":"Sanidad confirma un nuevo caso de viruela del mono en la provincia de Alicante - COPE Alcoy","og_description":"La Conselleria de Sanidad ha confirmado dos nuevos casos de la viruela del mono en la Comunitat Valenciana. De este...","og_url":"https:\/\/www.copealcoy.es\/es\/sanidad-confirma-un-nuevo-caso-de-viruela-del-mono-en-la-provincia-de-alicante\/","og_site_name":"COPE Alcoy","article_published_time":"2022-06-08T15:21:52+00:00","article_modified_time":"2022-06-08T17:26:39+00:00","og_image":[{"width":976,"height":547,"url":"https:\/\/www.copealcoy.es\/wp-content\/uploads\/2022\/05\/1652961265945.jpg","type":"image\/jpeg"}],"author":"Cope Alcoy","twitter_misc":{"Escrito por":"Cope Alcoy","Tiempo de lectura":"1 minuto"},"schema":{"@context":"https:\/\/schema.org","@graph":[{"@type":"Article","@id":"https:\/\/www.copealcoy.es\/es\/sanidad-confirma-un-nuevo-caso-de-viruela-del-mono-en-la-provincia-de-alicante\/#article","isPartOf":{"@id":"https:\/\/www.copealcoy.es\/es\/sanidad-confirma-un-nuevo-caso-de-viruela-del-mono-en-la-provincia-de-alicante\/"},"author":{"name":"Cope Alcoy","@id":"https:\/\/www.copealcoy.es\/es\/#\/schema\/person\/e777c87fa024e57d40170af9df39882c"},"headline":"Sanidad confirma un nuevo caso de viruela del mono en la provincia de Alicante","datePublished":"2022-06-08T15:21:52+00:00","dateModified":"2022-06-08T17:26:39+00:00","mainEntityOfPage":{"@id":"https:\/\/www.copealcoy.es\/es\/sanidad-confirma-un-nuevo-caso-de-viruela-del-mono-en-la-provincia-de-alicante\/"},"wordCount":201,"commentCount":0,"image":{"@id":"https:\/\/www.copealcoy.es\/es\/sanidad-confirma-un-nuevo-caso-de-viruela-del-mono-en-la-provincia-de-alicante\/#primaryimage"},"thumbnailUrl":"https:\/\/www.copealcoy.es\/wp-content\/uploads\/2022\/05\/1652961265945.jpg","keywords":["Conselleria de Sanidad","provincia de Alicante","viruela del mono"],"articleSection":["Actualidad","Alcoy","Noticias","Pol\u00edtica y Econom\u00eda"],"inLanguage":"es"},{"@type":"WebPage","@id":"https:\/\/www.copealcoy.es\/es\/sanidad-confirma-un-nuevo-caso-de-viruela-del-mono-en-la-provincia-de-alicante\/","url":"https:\/\/www.copealcoy.es\/es\/sanidad-confirma-un-nuevo-caso-de-viruela-del-mono-en-la-provincia-de-alicante\/","name":"Sanidad confirma un nuevo caso de viruela del mono en la provincia de Alicante - COPE Alcoy","isPartOf":{"@id":"https:\/\/www.copealcoy.es\/es\/#website"},"primaryImageOfPage":{"@id":"https:\/\/www.copealcoy.es\/es\/sanidad-confirma-un-nuevo-caso-de-viruela-del-mono-en-la-provincia-de-alicante\/#primaryimage"},"image":{"@id":"https:\/\/www.copealcoy.es\/es\/sanidad-confirma-un-nuevo-caso-de-viruela-del-mono-en-la-provincia-de-alicante\/#primaryimage"},"thumbnailUrl":"https:\/\/www.copealcoy.es\/wp-content\/uploads\/2022\/05\/1652961265945.jpg","datePublished":"2022-06-08T15:21:52+00:00","dateModified":"2022-06-08T17:26:39+00:00","author":{"@id":"https:\/\/www.copealcoy.es\/es\/#\/schema\/person\/e777c87fa024e57d40170af9df39882c"},"breadcrumb":{"@id":"https:\/\/www.copealcoy.es\/es\/sanidad-confirma-un-nuevo-caso-de-viruela-del-mono-en-la-provincia-de-alicante\/#breadcrumb"},"inLanguage":"es","potentialAction":[{"@type":"ReadAction","target":["https:\/\/www.copealcoy.es\/es\/sanidad-confirma-un-nuevo-caso-de-viruela-del-mono-en-la-provincia-de-alicante\/"]}]},{"@type":"ImageObject","inLanguage":"es","@id":"https:\/\/www.copealcoy.es\/es\/sanidad-confirma-un-nuevo-caso-de-viruela-del-mono-en-la-provincia-de-alicante\/#primaryimage","url":"https:\/\/www.copealcoy.es\/wp-content\/uploads\/2022\/05\/1652961265945.jpg","contentUrl":"https:\/\/www.copealcoy.es\/wp-content\/uploads\/2022\/05\/1652961265945.jpg","width":976,"height":547},{"@type":"BreadcrumbList","@id":"https:\/\/www.copealcoy.es\/es\/sanidad-confirma-un-nuevo-caso-de-viruela-del-mono-en-la-provincia-de-alicante\/#breadcrumb","itemListElement":[{"@type":"ListItem","position":1,"name":"Portada","item":"https:\/\/www.copealcoy.es\/es\/"},{"@type":"ListItem","position":2,"name":"Sanidad confirma un nuevo caso de viruela del mono en la provincia de Alicante"}]},{"@type":"WebSite","@id":"https:\/\/www.copealcoy.es\/es\/#website","url":"https:\/\/www.copealcoy.es\/es\/","name":"COPE Alcoy","description":"Emisora COPE de radio local con emisi\u00f3n online. Pont de Sant Jordi 8-10 03803 Alcoy","potentialAction":[{"@type":"SearchAction","target":{"@type":"EntryPoint","urlTemplate":"https:\/\/www.copealcoy.es\/es\/?s={search_term_string}"},"query-input":{"@type":"PropertyValueSpecification","valueRequired":true,"valueName":"search_term_string"}}],"inLanguage":"es"},{"@type":"Person","@id":"https:\/\/www.copealcoy.es\/es\/#\/schema\/person\/e777c87fa024e57d40170af9df39882c","name":"Cope Alcoy","image":{"@type":"ImageObject","inLanguage":"es","@id":"https:\/\/secure.gravatar.com\/avatar\/bb65d0283347e303893ba14f0692005417c1e0e690a325a4c5d8bb2b3943ee14?s=96&d=mm&r=g","url":"https:\/\/secure.gravatar.com\/avatar\/bb65d0283347e303893ba14f0692005417c1e0e690a325a4c5d8bb2b3943ee14?s=96&d=mm&r=g","contentUrl":"https:\/\/secure.gravatar.com\/avatar\/bb65d0283347e303893ba14f0692005417c1e0e690a325a4c5d8bb2b3943ee14?s=96&d=mm&r=g","caption":"Cope Alcoy"}}]}},"_links":{"self":[{"href":"https:\/\/www.copealcoy.es\/es\/wp-json\/wp\/v2\/posts\/88374","targetHints":{"allow":["GET"]}}],"collection":[{"href":"https:\/\/www.copealcoy.es\/es\/wp-json\/wp\/v2\/posts"}],"about":[{"href":"https:\/\/www.copealcoy.es\/es\/wp-json\/wp\/v2\/types\/post"}],"author":[{"embeddable":true,"href":"https:\/\/www.copealcoy.es\/es\/wp-json\/wp\/v2\/users\/1"}],"replies":[{"embeddable":true,"href":"https:\/\/www.copealcoy.es\/es\/wp-json\/wp\/v2\/comments?post=88374"}],"version-history":[{"count":0,"href":"https:\/\/www.copealcoy.es\/es\/wp-json\/wp\/v2\/posts\/88374\/revisions"}],"wp:featuredmedia":[{"embeddable":true,"href":"https:\/\/www.copealcoy.es\/es\/wp-json\/wp\/v2\/media\/87585"}],"wp:attachment":[{"href":"https:\/\/www.copealcoy.es\/es\/wp-json\/wp\/v2\/media?parent=88374"}],"wp:term":[{"taxonomy":"category","embeddable":true,"href":"https:\/\/www.copealcoy.es\/es\/wp-json\/wp\/v2\/categories?post=88374"},{"taxonomy":"post_tag","embeddable":true,"href":"https:\/\/www.copealcoy.es\/es\/wp-json\/wp\/v2\/tags?post=88374"}],"curies":[{"name":"wp","href":"https:\/\/api.w.org\/{rel}","templated":true}]}}