{"id":88333,"date":"2022-06-08T12:12:56","date_gmt":"2022-06-08T11:12:56","guid":{"rendered":"https:\/\/www.copealcoy.es\/?p=88333"},"modified":"2022-06-08T14:54:08","modified_gmt":"2022-06-08T13:54:08","slug":"jesus-cees-regresa-a-sant-cristofol-de-alcoy-para-retomar-su-obra-desautorizada","status":"publish","type":"post","link":"https:\/\/www.copealcoy.es\/es\/jesus-cees-regresa-a-sant-cristofol-de-alcoy-para-retomar-su-obra-desautorizada\/","title":{"rendered":"Jes\u00fas Cees regresa a Sant Crist\u00f2fol de Alcoy para retomar su obra desautorizada"},"content":{"rendered":"<p style=\"text-align: justify;\">El artista <strong>Jes\u00fas Cees<\/strong> ha regresado a <strong>la ermita de Sant Crist\u00f2fol de Alcoy<\/strong> para <strong>retomar las pinturas murales que hab\u00eda estado ejecutando en el interior de este templo<\/strong>, desde hace meses, y que <strong>tuvo que paralizar tras sufrir una ca\u00edda<\/strong> con posteriores lesiones en las manos. Los trabajos <strong>los inici\u00f3 el pasado lunes<\/strong> y en esta ocasi\u00f3n <strong>ha conseguido que se instale un andamio<\/strong> para poder llegar al techo puesto que las b\u00f3vedas del inmueble <strong>son lo \u00fanico que le quedaba por decorar<\/strong>.<\/p>\n<p style=\"text-align: justify;\">Hay que recordar que recordar que el citado artista <strong>se enfrenta a una sanci\u00f3n econ\u00f3mica as\u00ed como a la posibilidad de pagar la restauraci\u00f3n<\/strong> que devolver\u00eda a la ermita del Preventorio a su estado natural. Todo ello despu\u00e9s de que <a href=\"https:\/\/www.copealcoy.es\/investigan-a-jesus-cees-por-pintar-sin-permiso-la-ermita-de-sant-cristofol\/\"><span style=\"color: #0000ff;\"><strong>la Polic\u00eda Auton\u00f3mica levantara contra \u00e9l un atestado<\/strong><\/span><\/a> por un atentado contra el patrimonio. A Jes\u00fas Cees <strong>no le importa todo ello<\/strong> y seg\u00fan ha asegurado este mi\u00e9rcoles en COPE ALCOY <strong>va a seguir pintando<\/strong> &#8220;l<em>e pese a quien le pese. Un artista no puede dejar terminada su obra y adem\u00e1s tengo todo el apoyo de la gente a favor. Este verano ir\u00e9 subiendo cada d\u00eda, si me dejan, para poder finalizar un proyecto. Luchar\u00e9 por terminar las pinturas con u\u00f1as y dientes<\/em>&#8220;, ha matizado.<\/p>\n<p style=\"text-align: justify;\">Por el momento Jes\u00fas Cees <strong>contin\u00faa actuando en la zona<\/strong> aunque, seg\u00fan informa el Diario Las Provincias, <strong>el \u00e1rea de Cultura del Ayuntamiento de Alcoy ha sido informada de la situaci\u00f3n<\/strong>. Desde este departamento <strong>se ha dado cuenta a la Polic\u00eda Auton\u00f3mica<\/strong> ya que es la que est\u00e1 llevando a cabo la pertinente investigaci\u00f3n.<\/p>\n<p><em>Imagen cedida a COPE ALCOY por Lucio Abad\u00a0<\/em><\/p>\n","protected":false},"excerpt":{"rendered":"<p>El artista Jes\u00fas Cees ha regresado a la ermita de Sant Crist\u00f2fol de Alcoy para retomar las pinturas murales que&#8230;<\/p>\n","protected":false},"author":1,"featured_media":88334,"comment_status":"open","ping_status":"open","sticky":false,"template":"","format":"standard","meta":{"footnotes":""},"categories":[6909,97,75,125],"tags":[1494,3721,12576,3835],"class_list":["post-88333","post","type-post","status-publish","format-standard","has-post-thumbnail","hentry","category-actualidad","category-alcoy","category-noticias","category-portada","tag-alcoy","tag-ermita-de-sant-cristofol","tag-jesus-cees","tag-pinturas"],"yoast_head":"<!-- This site is optimized with the Yoast SEO plugin v27.3 - https:\/\/yoast.com\/product\/yoast-seo-wordpress\/ -->\n<title>Jes\u00fas Cees regresa a Sant Crist\u00f2fol de Alcoy para retomar su obra desautorizada - COPE Alcoy<\/title>\n<meta name=\"robots\" content=\"index, follow, max-snippet:-1, max-image-preview:large, max-video-preview:-1\" \/>\n<link rel=\"canonical\" href=\"https:\/\/www.copealcoy.es\/es\/jesus-cees-regresa-a-sant-cristofol-de-alcoy-para-retomar-su-obra-desautorizada\/\" \/>\n<meta property=\"og:locale\" content=\"es_ES\" \/>\n<meta property=\"og:type\" content=\"article\" \/>\n<meta property=\"og:title\" content=\"Jes\u00fas Cees regresa a Sant Crist\u00f2fol de Alcoy para retomar su obra desautorizada - COPE Alcoy\" \/>\n<meta property=\"og:description\" content=\"El artista Jes\u00fas Cees ha regresado a la ermita de Sant Crist\u00f2fol de Alcoy para retomar las pinturas murales que...\" \/>\n<meta property=\"og:url\" content=\"https:\/\/www.copealcoy.es\/es\/jesus-cees-regresa-a-sant-cristofol-de-alcoy-para-retomar-su-obra-desautorizada\/\" \/>\n<meta property=\"og:site_name\" content=\"COPE Alcoy\" \/>\n<meta property=\"article:published_time\" content=\"2022-06-08T11:12:56+00:00\" \/>\n<meta property=\"article:modified_time\" content=\"2022-06-08T13:54:08+00:00\" \/>\n<meta property=\"og:image\" content=\"https:\/\/www.copealcoy.es\/wp-content\/uploads\/2022\/06\/286823925_5206637706069191_153766998622311944_n.jpg\" \/>\n\t<meta property=\"og:image:width\" content=\"960\" \/>\n\t<meta property=\"og:image:height\" content=\"629\" \/>\n\t<meta property=\"og:image:type\" content=\"image\/jpeg\" \/>\n<meta name=\"author\" content=\"Cope Alcoy\" \/>\n<meta name=\"twitter:label1\" content=\"Escrito por\" \/>\n\t<meta name=\"twitter:data1\" content=\"Cope Alcoy\" \/>\n\t<meta name=\"twitter:label2\" content=\"Tiempo de lectura\" \/>\n\t<meta name=\"twitter:data2\" content=\"2 minutos\" \/>\n<script type=\"application\/ld+json\" class=\"yoast-schema-graph\">{\"@context\":\"https:\\\/\\\/schema.org\",\"@graph\":[{\"@type\":\"Article\",\"@id\":\"https:\\\/\\\/www.copealcoy.es\\\/es\\\/jesus-cees-regresa-a-sant-cristofol-de-alcoy-para-retomar-su-obra-desautorizada\\\/#article\",\"isPartOf\":{\"@id\":\"https:\\\/\\\/www.copealcoy.es\\\/es\\\/jesus-cees-regresa-a-sant-cristofol-de-alcoy-para-retomar-su-obra-desautorizada\\\/\"},\"author\":{\"name\":\"Cope Alcoy\",\"@id\":\"https:\\\/\\\/www.copealcoy.es\\\/es\\\/#\\\/schema\\\/person\\\/e777c87fa024e57d40170af9df39882c\"},\"headline\":\"Jes\u00fas Cees regresa a Sant Crist\u00f2fol de Alcoy para retomar su obra desautorizada\",\"datePublished\":\"2022-06-08T11:12:56+00:00\",\"dateModified\":\"2022-06-08T13:54:08+00:00\",\"mainEntityOfPage\":{\"@id\":\"https:\\\/\\\/www.copealcoy.es\\\/es\\\/jesus-cees-regresa-a-sant-cristofol-de-alcoy-para-retomar-su-obra-desautorizada\\\/\"},\"wordCount\":312,\"commentCount\":0,\"image\":{\"@id\":\"https:\\\/\\\/www.copealcoy.es\\\/es\\\/jesus-cees-regresa-a-sant-cristofol-de-alcoy-para-retomar-su-obra-desautorizada\\\/#primaryimage\"},\"thumbnailUrl\":\"https:\\\/\\\/www.copealcoy.es\\\/wp-content\\\/uploads\\\/2022\\\/06\\\/286823925_5206637706069191_153766998622311944_n.jpg\",\"keywords\":[\"Alcoy\",\"Ermita de Sant Crist\u00f2fol\",\"Jes\u00fas Cees\",\"pinturas\"],\"articleSection\":[\"Actualidad\",\"Alcoy\",\"Noticias\",\"Portada\"],\"inLanguage\":\"es\"},{\"@type\":\"WebPage\",\"@id\":\"https:\\\/\\\/www.copealcoy.es\\\/es\\\/jesus-cees-regresa-a-sant-cristofol-de-alcoy-para-retomar-su-obra-desautorizada\\\/\",\"url\":\"https:\\\/\\\/www.copealcoy.es\\\/es\\\/jesus-cees-regresa-a-sant-cristofol-de-alcoy-para-retomar-su-obra-desautorizada\\\/\",\"name\":\"Jes\u00fas Cees regresa a Sant Crist\u00f2fol de Alcoy para retomar su obra desautorizada - COPE Alcoy\",\"isPartOf\":{\"@id\":\"https:\\\/\\\/www.copealcoy.es\\\/es\\\/#website\"},\"primaryImageOfPage\":{\"@id\":\"https:\\\/\\\/www.copealcoy.es\\\/es\\\/jesus-cees-regresa-a-sant-cristofol-de-alcoy-para-retomar-su-obra-desautorizada\\\/#primaryimage\"},\"image\":{\"@id\":\"https:\\\/\\\/www.copealcoy.es\\\/es\\\/jesus-cees-regresa-a-sant-cristofol-de-alcoy-para-retomar-su-obra-desautorizada\\\/#primaryimage\"},\"thumbnailUrl\":\"https:\\\/\\\/www.copealcoy.es\\\/wp-content\\\/uploads\\\/2022\\\/06\\\/286823925_5206637706069191_153766998622311944_n.jpg\",\"datePublished\":\"2022-06-08T11:12:56+00:00\",\"dateModified\":\"2022-06-08T13:54:08+00:00\",\"author\":{\"@id\":\"https:\\\/\\\/www.copealcoy.es\\\/es\\\/#\\\/schema\\\/person\\\/e777c87fa024e57d40170af9df39882c\"},\"breadcrumb\":{\"@id\":\"https:\\\/\\\/www.copealcoy.es\\\/es\\\/jesus-cees-regresa-a-sant-cristofol-de-alcoy-para-retomar-su-obra-desautorizada\\\/#breadcrumb\"},\"inLanguage\":\"es\",\"potentialAction\":[{\"@type\":\"ReadAction\",\"target\":[\"https:\\\/\\\/www.copealcoy.es\\\/es\\\/jesus-cees-regresa-a-sant-cristofol-de-alcoy-para-retomar-su-obra-desautorizada\\\/\"]}]},{\"@type\":\"ImageObject\",\"inLanguage\":\"es\",\"@id\":\"https:\\\/\\\/www.copealcoy.es\\\/es\\\/jesus-cees-regresa-a-sant-cristofol-de-alcoy-para-retomar-su-obra-desautorizada\\\/#primaryimage\",\"url\":\"https:\\\/\\\/www.copealcoy.es\\\/wp-content\\\/uploads\\\/2022\\\/06\\\/286823925_5206637706069191_153766998622311944_n.jpg\",\"contentUrl\":\"https:\\\/\\\/www.copealcoy.es\\\/wp-content\\\/uploads\\\/2022\\\/06\\\/286823925_5206637706069191_153766998622311944_n.jpg\",\"width\":960,\"height\":629},{\"@type\":\"BreadcrumbList\",\"@id\":\"https:\\\/\\\/www.copealcoy.es\\\/es\\\/jesus-cees-regresa-a-sant-cristofol-de-alcoy-para-retomar-su-obra-desautorizada\\\/#breadcrumb\",\"itemListElement\":[{\"@type\":\"ListItem\",\"position\":1,\"name\":\"Portada\",\"item\":\"https:\\\/\\\/www.copealcoy.es\\\/es\\\/\"},{\"@type\":\"ListItem\",\"position\":2,\"name\":\"Jes\u00fas Cees regresa a Sant Crist\u00f2fol de Alcoy para retomar su obra desautorizada\"}]},{\"@type\":\"WebSite\",\"@id\":\"https:\\\/\\\/www.copealcoy.es\\\/es\\\/#website\",\"url\":\"https:\\\/\\\/www.copealcoy.es\\\/es\\\/\",\"name\":\"COPE Alcoy\",\"description\":\"Emisora COPE de radio local con emisi\u00f3n online. Pont de Sant Jordi 8-10 03803 Alcoy\",\"potentialAction\":[{\"@type\":\"SearchAction\",\"target\":{\"@type\":\"EntryPoint\",\"urlTemplate\":\"https:\\\/\\\/www.copealcoy.es\\\/es\\\/?s={search_term_string}\"},\"query-input\":{\"@type\":\"PropertyValueSpecification\",\"valueRequired\":true,\"valueName\":\"search_term_string\"}}],\"inLanguage\":\"es\"},{\"@type\":\"Person\",\"@id\":\"https:\\\/\\\/www.copealcoy.es\\\/es\\\/#\\\/schema\\\/person\\\/e777c87fa024e57d40170af9df39882c\",\"name\":\"Cope Alcoy\",\"image\":{\"@type\":\"ImageObject\",\"inLanguage\":\"es\",\"@id\":\"https:\\\/\\\/secure.gravatar.com\\\/avatar\\\/bb65d0283347e303893ba14f0692005417c1e0e690a325a4c5d8bb2b3943ee14?s=96&d=mm&r=g\",\"url\":\"https:\\\/\\\/secure.gravatar.com\\\/avatar\\\/bb65d0283347e303893ba14f0692005417c1e0e690a325a4c5d8bb2b3943ee14?s=96&d=mm&r=g\",\"contentUrl\":\"https:\\\/\\\/secure.gravatar.com\\\/avatar\\\/bb65d0283347e303893ba14f0692005417c1e0e690a325a4c5d8bb2b3943ee14?s=96&d=mm&r=g\",\"caption\":\"Cope Alcoy\"}}]}<\/script>\n<!-- \/ Yoast SEO plugin. -->","yoast_head_json":{"title":"Jes\u00fas Cees regresa a Sant Crist\u00f2fol de Alcoy para retomar su obra desautorizada - COPE Alcoy","robots":{"index":"index","follow":"follow","max-snippet":"max-snippet:-1","max-image-preview":"max-image-preview:large","max-video-preview":"max-video-preview:-1"},"canonical":"https:\/\/www.copealcoy.es\/es\/jesus-cees-regresa-a-sant-cristofol-de-alcoy-para-retomar-su-obra-desautorizada\/","og_locale":"es_ES","og_type":"article","og_title":"Jes\u00fas Cees regresa a Sant Crist\u00f2fol de Alcoy para retomar su obra desautorizada - COPE Alcoy","og_description":"El artista Jes\u00fas Cees ha regresado a la ermita de Sant Crist\u00f2fol de Alcoy para retomar las pinturas murales que...","og_url":"https:\/\/www.copealcoy.es\/es\/jesus-cees-regresa-a-sant-cristofol-de-alcoy-para-retomar-su-obra-desautorizada\/","og_site_name":"COPE Alcoy","article_published_time":"2022-06-08T11:12:56+00:00","article_modified_time":"2022-06-08T13:54:08+00:00","og_image":[{"width":960,"height":629,"url":"https:\/\/www.copealcoy.es\/wp-content\/uploads\/2022\/06\/286823925_5206637706069191_153766998622311944_n.jpg","type":"image\/jpeg"}],"author":"Cope Alcoy","twitter_misc":{"Escrito por":"Cope Alcoy","Tiempo de lectura":"2 minutos"},"schema":{"@context":"https:\/\/schema.org","@graph":[{"@type":"Article","@id":"https:\/\/www.copealcoy.es\/es\/jesus-cees-regresa-a-sant-cristofol-de-alcoy-para-retomar-su-obra-desautorizada\/#article","isPartOf":{"@id":"https:\/\/www.copealcoy.es\/es\/jesus-cees-regresa-a-sant-cristofol-de-alcoy-para-retomar-su-obra-desautorizada\/"},"author":{"name":"Cope Alcoy","@id":"https:\/\/www.copealcoy.es\/es\/#\/schema\/person\/e777c87fa024e57d40170af9df39882c"},"headline":"Jes\u00fas Cees regresa a Sant Crist\u00f2fol de Alcoy para retomar su obra desautorizada","datePublished":"2022-06-08T11:12:56+00:00","dateModified":"2022-06-08T13:54:08+00:00","mainEntityOfPage":{"@id":"https:\/\/www.copealcoy.es\/es\/jesus-cees-regresa-a-sant-cristofol-de-alcoy-para-retomar-su-obra-desautorizada\/"},"wordCount":312,"commentCount":0,"image":{"@id":"https:\/\/www.copealcoy.es\/es\/jesus-cees-regresa-a-sant-cristofol-de-alcoy-para-retomar-su-obra-desautorizada\/#primaryimage"},"thumbnailUrl":"https:\/\/www.copealcoy.es\/wp-content\/uploads\/2022\/06\/286823925_5206637706069191_153766998622311944_n.jpg","keywords":["Alcoy","Ermita de Sant Crist\u00f2fol","Jes\u00fas Cees","pinturas"],"articleSection":["Actualidad","Alcoy","Noticias","Portada"],"inLanguage":"es"},{"@type":"WebPage","@id":"https:\/\/www.copealcoy.es\/es\/jesus-cees-regresa-a-sant-cristofol-de-alcoy-para-retomar-su-obra-desautorizada\/","url":"https:\/\/www.copealcoy.es\/es\/jesus-cees-regresa-a-sant-cristofol-de-alcoy-para-retomar-su-obra-desautorizada\/","name":"Jes\u00fas Cees regresa a Sant Crist\u00f2fol de Alcoy para retomar su obra desautorizada - COPE Alcoy","isPartOf":{"@id":"https:\/\/www.copealcoy.es\/es\/#website"},"primaryImageOfPage":{"@id":"https:\/\/www.copealcoy.es\/es\/jesus-cees-regresa-a-sant-cristofol-de-alcoy-para-retomar-su-obra-desautorizada\/#primaryimage"},"image":{"@id":"https:\/\/www.copealcoy.es\/es\/jesus-cees-regresa-a-sant-cristofol-de-alcoy-para-retomar-su-obra-desautorizada\/#primaryimage"},"thumbnailUrl":"https:\/\/www.copealcoy.es\/wp-content\/uploads\/2022\/06\/286823925_5206637706069191_153766998622311944_n.jpg","datePublished":"2022-06-08T11:12:56+00:00","dateModified":"2022-06-08T13:54:08+00:00","author":{"@id":"https:\/\/www.copealcoy.es\/es\/#\/schema\/person\/e777c87fa024e57d40170af9df39882c"},"breadcrumb":{"@id":"https:\/\/www.copealcoy.es\/es\/jesus-cees-regresa-a-sant-cristofol-de-alcoy-para-retomar-su-obra-desautorizada\/#breadcrumb"},"inLanguage":"es","potentialAction":[{"@type":"ReadAction","target":["https:\/\/www.copealcoy.es\/es\/jesus-cees-regresa-a-sant-cristofol-de-alcoy-para-retomar-su-obra-desautorizada\/"]}]},{"@type":"ImageObject","inLanguage":"es","@id":"https:\/\/www.copealcoy.es\/es\/jesus-cees-regresa-a-sant-cristofol-de-alcoy-para-retomar-su-obra-desautorizada\/#primaryimage","url":"https:\/\/www.copealcoy.es\/wp-content\/uploads\/2022\/06\/286823925_5206637706069191_153766998622311944_n.jpg","contentUrl":"https:\/\/www.copealcoy.es\/wp-content\/uploads\/2022\/06\/286823925_5206637706069191_153766998622311944_n.jpg","width":960,"height":629},{"@type":"BreadcrumbList","@id":"https:\/\/www.copealcoy.es\/es\/jesus-cees-regresa-a-sant-cristofol-de-alcoy-para-retomar-su-obra-desautorizada\/#breadcrumb","itemListElement":[{"@type":"ListItem","position":1,"name":"Portada","item":"https:\/\/www.copealcoy.es\/es\/"},{"@type":"ListItem","position":2,"name":"Jes\u00fas Cees regresa a Sant Crist\u00f2fol de Alcoy para retomar su obra desautorizada"}]},{"@type":"WebSite","@id":"https:\/\/www.copealcoy.es\/es\/#website","url":"https:\/\/www.copealcoy.es\/es\/","name":"COPE Alcoy","description":"Emisora COPE de radio local con emisi\u00f3n online. Pont de Sant Jordi 8-10 03803 Alcoy","potentialAction":[{"@type":"SearchAction","target":{"@type":"EntryPoint","urlTemplate":"https:\/\/www.copealcoy.es\/es\/?s={search_term_string}"},"query-input":{"@type":"PropertyValueSpecification","valueRequired":true,"valueName":"search_term_string"}}],"inLanguage":"es"},{"@type":"Person","@id":"https:\/\/www.copealcoy.es\/es\/#\/schema\/person\/e777c87fa024e57d40170af9df39882c","name":"Cope Alcoy","image":{"@type":"ImageObject","inLanguage":"es","@id":"https:\/\/secure.gravatar.com\/avatar\/bb65d0283347e303893ba14f0692005417c1e0e690a325a4c5d8bb2b3943ee14?s=96&d=mm&r=g","url":"https:\/\/secure.gravatar.com\/avatar\/bb65d0283347e303893ba14f0692005417c1e0e690a325a4c5d8bb2b3943ee14?s=96&d=mm&r=g","contentUrl":"https:\/\/secure.gravatar.com\/avatar\/bb65d0283347e303893ba14f0692005417c1e0e690a325a4c5d8bb2b3943ee14?s=96&d=mm&r=g","caption":"Cope Alcoy"}}]}},"_links":{"self":[{"href":"https:\/\/www.copealcoy.es\/es\/wp-json\/wp\/v2\/posts\/88333","targetHints":{"allow":["GET"]}}],"collection":[{"href":"https:\/\/www.copealcoy.es\/es\/wp-json\/wp\/v2\/posts"}],"about":[{"href":"https:\/\/www.copealcoy.es\/es\/wp-json\/wp\/v2\/types\/post"}],"author":[{"embeddable":true,"href":"https:\/\/www.copealcoy.es\/es\/wp-json\/wp\/v2\/users\/1"}],"replies":[{"embeddable":true,"href":"https:\/\/www.copealcoy.es\/es\/wp-json\/wp\/v2\/comments?post=88333"}],"version-history":[{"count":0,"href":"https:\/\/www.copealcoy.es\/es\/wp-json\/wp\/v2\/posts\/88333\/revisions"}],"wp:featuredmedia":[{"embeddable":true,"href":"https:\/\/www.copealcoy.es\/es\/wp-json\/wp\/v2\/media\/88334"}],"wp:attachment":[{"href":"https:\/\/www.copealcoy.es\/es\/wp-json\/wp\/v2\/media?parent=88333"}],"wp:term":[{"taxonomy":"category","embeddable":true,"href":"https:\/\/www.copealcoy.es\/es\/wp-json\/wp\/v2\/categories?post=88333"},{"taxonomy":"post_tag","embeddable":true,"href":"https:\/\/www.copealcoy.es\/es\/wp-json\/wp\/v2\/tags?post=88333"}],"curies":[{"name":"wp","href":"https:\/\/api.w.org\/{rel}","templated":true}]}}