{"id":88198,"date":"2022-06-05T17:55:00","date_gmt":"2022-06-05T16:55:00","guid":{"rendered":"https:\/\/www.copealcoy.es\/?p=88198"},"modified":"2022-06-05T18:28:06","modified_gmt":"2022-06-05T17:28:06","slug":"arranca-la-semana-del-esport-en-3d","status":"publish","type":"post","link":"https:\/\/www.copealcoy.es\/es\/arranca-la-semana-del-esport-en-3d\/","title":{"rendered":"Arranca la semana del &#8216;Esport en 3D&#8217;"},"content":{"rendered":"<p style=\"text-align: justify;\">Alcoy celebra esta semana <strong>la gran fiesta del deporte local<\/strong> tras dos a\u00f1os a\u00f1os de ausencia a causa de la pandemia de la Covid-19. <strong>&#8216;L&#8217;Esport en 3D&#8217; tendr\u00e1 desde el viernes al domingo sus d\u00edas centrales<\/strong> pero durante toda la semana se llevar\u00e1n a cab<strong>o iniciativas previas<\/strong> que servir\u00e1n de antesala a un evento que espera <strong>una participaci\u00f3n de m\u00e1s de 5.000 deportistas<\/strong> en unas <strong>treinta modalidades diferentes<\/strong>.<\/p>\n<p style=\"text-align: justify;\">Este lunes <strong>ser\u00e1 el turno de una charla a cargo del entrenador de porteros Marcos Abad<\/strong>, que se celebrar\u00e1 en el \u00c1gora a partir de las 19:30h, y ya el martes por la tarde a la misma hora tendr\u00e1 lugar <strong>el acto de reconocimiento a 31 deportistas de \u00e9lite<\/strong> de nuestra ciudad junto a<strong> una charla de la mano de Lydia Sempere<\/strong>. Antes de ello, durante la ma\u00f1ana, <strong>el Polideportivo Francisco Laporta acoger\u00e1 las Olimpiadas Escolares con la participaci\u00f3n de 620 estudiantes de sexto de primaria<\/strong> de la ciudad. Finalmente el jueves <strong>se entregar\u00e1n los premios deportivo del peri\u00f3dico El Nostre<\/strong>.<\/p>\n<p style=\"text-align: justify;\">El <strong>arranque oficial de &#8216;L&#8217;Esport en 3D&#8217;<\/strong> ser\u00e1 el viernes con un<strong> recorrido de la antorcha por los colegios alcoyanos<\/strong> durante la ma\u00f1ana, un acto que concluir\u00e1 en el Ayuntamiento de Alcoy a mediod\u00eda con<strong> la recepci\u00f3n del fuego ol\u00edmpico<\/strong> as\u00ed como la bandera. Desde all\u00ed ambos elementos saldr\u00e1 en la tarde del viernes <strong>para ser trasladados hasta el Polideportivo Municipal<\/strong> con el acompa\u00f1amiento del <strong>Club Voleibol Salesianos<\/strong> y el <strong>Club Atletismo de Alcoy<\/strong>. Una vez en el recinto <strong>se alzar\u00e1 la bandera<\/strong> rindiendo un homenaje a <strong>Alberto Molines y Susana Angulo<\/strong>.<\/p>\n<p style=\"text-align: justify;\">A partir de este instante estar\u00e1n en marcha las citadas <strong>m\u00e1s de treinta disciplinas deportivas<\/strong> que conformar la programaci\u00f3n del regreso de l&#8217;Esport en 3D. Todas las actividades s<strong>e desarrollar\u00e1n hasta mediod\u00eda del domingo<\/strong> y, tal y como han informado <strong>Alberto Belda<\/strong> (edil de Deportes) y <strong>Javi L\u00f3pez<\/strong> (Director del Centre d&#8217;Esports), habr\u00e1 <strong>servicio especial de autobuses<\/strong> durante el fin de semana.<\/p>\n<p><iframe loading=\"lazy\" title=\"RP 20220602 Esport en 3D\" width=\"1200\" height=\"675\" src=\"https:\/\/www.youtube.com\/embed\/Gj6XfRLxqB0?feature=oembed\" frameborder=\"0\" allow=\"accelerometer; autoplay; clipboard-write; encrypted-media; gyroscope; picture-in-picture\" allowfullscreen><\/iframe><\/p>\n","protected":false},"excerpt":{"rendered":"<p>Alcoy celebra esta semana la gran fiesta del deporte local tras dos a\u00f1os a\u00f1os de ausencia a causa de la&#8230;<\/p>\n","protected":false},"author":1,"featured_media":88199,"comment_status":"open","ping_status":"open","sticky":false,"template":"","format":"standard","meta":{"footnotes":""},"categories":[6909,97,92,75,125],"tags":[442,1494,2240,747],"class_list":["post-88198","post","type-post","status-publish","format-standard","has-post-thumbnail","hentry","category-actualidad","category-alcoy","category-deportes","category-noticias","category-portada","tag-actividades","tag-alcoy","tag-esport-en-3d","tag-programacion"],"yoast_head":"<!-- This site is optimized with the Yoast SEO plugin v27.3 - https:\/\/yoast.com\/product\/yoast-seo-wordpress\/ -->\n<title>Arranca la semana del &#039;Esport en 3D&#039; - COPE Alcoy<\/title>\n<meta name=\"robots\" content=\"index, follow, max-snippet:-1, max-image-preview:large, max-video-preview:-1\" \/>\n<link rel=\"canonical\" href=\"https:\/\/www.copealcoy.es\/es\/arranca-la-semana-del-esport-en-3d\/\" \/>\n<meta property=\"og:locale\" content=\"es_ES\" \/>\n<meta property=\"og:type\" content=\"article\" \/>\n<meta property=\"og:title\" content=\"Arranca la semana del &#039;Esport en 3D&#039; - COPE Alcoy\" \/>\n<meta property=\"og:description\" content=\"Alcoy celebra esta semana la gran fiesta del deporte local tras dos a\u00f1os a\u00f1os de ausencia a causa de la...\" \/>\n<meta property=\"og:url\" content=\"https:\/\/www.copealcoy.es\/es\/arranca-la-semana-del-esport-en-3d\/\" \/>\n<meta property=\"og:site_name\" content=\"COPE Alcoy\" \/>\n<meta property=\"article:published_time\" content=\"2022-06-05T16:55:00+00:00\" \/>\n<meta property=\"article:modified_time\" content=\"2022-06-05T17:28:06+00:00\" \/>\n<meta property=\"og:image\" content=\"https:\/\/www.copealcoy.es\/wp-content\/uploads\/2022\/06\/20220602-Roda-de-premsa-Esport-3D-scaled.jpg\" \/>\n\t<meta property=\"og:image:width\" content=\"1920\" \/>\n\t<meta property=\"og:image:height\" content=\"988\" \/>\n\t<meta property=\"og:image:type\" content=\"image\/jpeg\" \/>\n<meta name=\"author\" content=\"Cope Alcoy\" \/>\n<meta name=\"twitter:label1\" content=\"Escrito por\" \/>\n\t<meta name=\"twitter:data1\" content=\"Cope Alcoy\" \/>\n\t<meta name=\"twitter:label2\" content=\"Tiempo de lectura\" \/>\n\t<meta name=\"twitter:data2\" content=\"2 minutos\" \/>\n<script type=\"application\/ld+json\" class=\"yoast-schema-graph\">{\"@context\":\"https:\\\/\\\/schema.org\",\"@graph\":[{\"@type\":\"Article\",\"@id\":\"https:\\\/\\\/www.copealcoy.es\\\/es\\\/arranca-la-semana-del-esport-en-3d\\\/#article\",\"isPartOf\":{\"@id\":\"https:\\\/\\\/www.copealcoy.es\\\/es\\\/arranca-la-semana-del-esport-en-3d\\\/\"},\"author\":{\"name\":\"Cope Alcoy\",\"@id\":\"https:\\\/\\\/www.copealcoy.es\\\/es\\\/#\\\/schema\\\/person\\\/e777c87fa024e57d40170af9df39882c\"},\"headline\":\"Arranca la semana del &#8216;Esport en 3D&#8217;\",\"datePublished\":\"2022-06-05T16:55:00+00:00\",\"dateModified\":\"2022-06-05T17:28:06+00:00\",\"mainEntityOfPage\":{\"@id\":\"https:\\\/\\\/www.copealcoy.es\\\/es\\\/arranca-la-semana-del-esport-en-3d\\\/\"},\"wordCount\":365,\"commentCount\":0,\"image\":{\"@id\":\"https:\\\/\\\/www.copealcoy.es\\\/es\\\/arranca-la-semana-del-esport-en-3d\\\/#primaryimage\"},\"thumbnailUrl\":\"https:\\\/\\\/www.copealcoy.es\\\/wp-content\\\/uploads\\\/2022\\\/06\\\/20220602-Roda-de-premsa-Esport-3D-scaled.jpg\",\"keywords\":[\"Actividades\",\"Alcoy\",\"Esport en 3D\",\"Programaci\u00f3n\"],\"articleSection\":[\"Actualidad\",\"Alcoy\",\"Deportes\",\"Noticias\",\"Portada\"],\"inLanguage\":\"es\"},{\"@type\":\"WebPage\",\"@id\":\"https:\\\/\\\/www.copealcoy.es\\\/es\\\/arranca-la-semana-del-esport-en-3d\\\/\",\"url\":\"https:\\\/\\\/www.copealcoy.es\\\/es\\\/arranca-la-semana-del-esport-en-3d\\\/\",\"name\":\"Arranca la semana del 'Esport en 3D' - COPE Alcoy\",\"isPartOf\":{\"@id\":\"https:\\\/\\\/www.copealcoy.es\\\/es\\\/#website\"},\"primaryImageOfPage\":{\"@id\":\"https:\\\/\\\/www.copealcoy.es\\\/es\\\/arranca-la-semana-del-esport-en-3d\\\/#primaryimage\"},\"image\":{\"@id\":\"https:\\\/\\\/www.copealcoy.es\\\/es\\\/arranca-la-semana-del-esport-en-3d\\\/#primaryimage\"},\"thumbnailUrl\":\"https:\\\/\\\/www.copealcoy.es\\\/wp-content\\\/uploads\\\/2022\\\/06\\\/20220602-Roda-de-premsa-Esport-3D-scaled.jpg\",\"datePublished\":\"2022-06-05T16:55:00+00:00\",\"dateModified\":\"2022-06-05T17:28:06+00:00\",\"author\":{\"@id\":\"https:\\\/\\\/www.copealcoy.es\\\/es\\\/#\\\/schema\\\/person\\\/e777c87fa024e57d40170af9df39882c\"},\"breadcrumb\":{\"@id\":\"https:\\\/\\\/www.copealcoy.es\\\/es\\\/arranca-la-semana-del-esport-en-3d\\\/#breadcrumb\"},\"inLanguage\":\"es\",\"potentialAction\":[{\"@type\":\"ReadAction\",\"target\":[\"https:\\\/\\\/www.copealcoy.es\\\/es\\\/arranca-la-semana-del-esport-en-3d\\\/\"]}]},{\"@type\":\"ImageObject\",\"inLanguage\":\"es\",\"@id\":\"https:\\\/\\\/www.copealcoy.es\\\/es\\\/arranca-la-semana-del-esport-en-3d\\\/#primaryimage\",\"url\":\"https:\\\/\\\/www.copealcoy.es\\\/wp-content\\\/uploads\\\/2022\\\/06\\\/20220602-Roda-de-premsa-Esport-3D-scaled.jpg\",\"contentUrl\":\"https:\\\/\\\/www.copealcoy.es\\\/wp-content\\\/uploads\\\/2022\\\/06\\\/20220602-Roda-de-premsa-Esport-3D-scaled.jpg\",\"width\":1920,\"height\":988},{\"@type\":\"BreadcrumbList\",\"@id\":\"https:\\\/\\\/www.copealcoy.es\\\/es\\\/arranca-la-semana-del-esport-en-3d\\\/#breadcrumb\",\"itemListElement\":[{\"@type\":\"ListItem\",\"position\":1,\"name\":\"Portada\",\"item\":\"https:\\\/\\\/www.copealcoy.es\\\/es\\\/\"},{\"@type\":\"ListItem\",\"position\":2,\"name\":\"Arranca la semana del &#8216;Esport en 3D&#8217;\"}]},{\"@type\":\"WebSite\",\"@id\":\"https:\\\/\\\/www.copealcoy.es\\\/es\\\/#website\",\"url\":\"https:\\\/\\\/www.copealcoy.es\\\/es\\\/\",\"name\":\"COPE Alcoy\",\"description\":\"Emisora COPE de radio local con emisi\u00f3n online. Pont de Sant Jordi 8-10 03803 Alcoy\",\"potentialAction\":[{\"@type\":\"SearchAction\",\"target\":{\"@type\":\"EntryPoint\",\"urlTemplate\":\"https:\\\/\\\/www.copealcoy.es\\\/es\\\/?s={search_term_string}\"},\"query-input\":{\"@type\":\"PropertyValueSpecification\",\"valueRequired\":true,\"valueName\":\"search_term_string\"}}],\"inLanguage\":\"es\"},{\"@type\":\"Person\",\"@id\":\"https:\\\/\\\/www.copealcoy.es\\\/es\\\/#\\\/schema\\\/person\\\/e777c87fa024e57d40170af9df39882c\",\"name\":\"Cope Alcoy\",\"image\":{\"@type\":\"ImageObject\",\"inLanguage\":\"es\",\"@id\":\"https:\\\/\\\/secure.gravatar.com\\\/avatar\\\/bb65d0283347e303893ba14f0692005417c1e0e690a325a4c5d8bb2b3943ee14?s=96&d=mm&r=g\",\"url\":\"https:\\\/\\\/secure.gravatar.com\\\/avatar\\\/bb65d0283347e303893ba14f0692005417c1e0e690a325a4c5d8bb2b3943ee14?s=96&d=mm&r=g\",\"contentUrl\":\"https:\\\/\\\/secure.gravatar.com\\\/avatar\\\/bb65d0283347e303893ba14f0692005417c1e0e690a325a4c5d8bb2b3943ee14?s=96&d=mm&r=g\",\"caption\":\"Cope Alcoy\"}}]}<\/script>\n<!-- \/ Yoast SEO plugin. -->","yoast_head_json":{"title":"Arranca la semana del 'Esport en 3D' - COPE Alcoy","robots":{"index":"index","follow":"follow","max-snippet":"max-snippet:-1","max-image-preview":"max-image-preview:large","max-video-preview":"max-video-preview:-1"},"canonical":"https:\/\/www.copealcoy.es\/es\/arranca-la-semana-del-esport-en-3d\/","og_locale":"es_ES","og_type":"article","og_title":"Arranca la semana del 'Esport en 3D' - COPE Alcoy","og_description":"Alcoy celebra esta semana la gran fiesta del deporte local tras dos a\u00f1os a\u00f1os de ausencia a causa de la...","og_url":"https:\/\/www.copealcoy.es\/es\/arranca-la-semana-del-esport-en-3d\/","og_site_name":"COPE Alcoy","article_published_time":"2022-06-05T16:55:00+00:00","article_modified_time":"2022-06-05T17:28:06+00:00","og_image":[{"width":1920,"height":988,"url":"https:\/\/www.copealcoy.es\/wp-content\/uploads\/2022\/06\/20220602-Roda-de-premsa-Esport-3D-scaled.jpg","type":"image\/jpeg"}],"author":"Cope Alcoy","twitter_misc":{"Escrito por":"Cope Alcoy","Tiempo de lectura":"2 minutos"},"schema":{"@context":"https:\/\/schema.org","@graph":[{"@type":"Article","@id":"https:\/\/www.copealcoy.es\/es\/arranca-la-semana-del-esport-en-3d\/#article","isPartOf":{"@id":"https:\/\/www.copealcoy.es\/es\/arranca-la-semana-del-esport-en-3d\/"},"author":{"name":"Cope Alcoy","@id":"https:\/\/www.copealcoy.es\/es\/#\/schema\/person\/e777c87fa024e57d40170af9df39882c"},"headline":"Arranca la semana del &#8216;Esport en 3D&#8217;","datePublished":"2022-06-05T16:55:00+00:00","dateModified":"2022-06-05T17:28:06+00:00","mainEntityOfPage":{"@id":"https:\/\/www.copealcoy.es\/es\/arranca-la-semana-del-esport-en-3d\/"},"wordCount":365,"commentCount":0,"image":{"@id":"https:\/\/www.copealcoy.es\/es\/arranca-la-semana-del-esport-en-3d\/#primaryimage"},"thumbnailUrl":"https:\/\/www.copealcoy.es\/wp-content\/uploads\/2022\/06\/20220602-Roda-de-premsa-Esport-3D-scaled.jpg","keywords":["Actividades","Alcoy","Esport en 3D","Programaci\u00f3n"],"articleSection":["Actualidad","Alcoy","Deportes","Noticias","Portada"],"inLanguage":"es"},{"@type":"WebPage","@id":"https:\/\/www.copealcoy.es\/es\/arranca-la-semana-del-esport-en-3d\/","url":"https:\/\/www.copealcoy.es\/es\/arranca-la-semana-del-esport-en-3d\/","name":"Arranca la semana del 'Esport en 3D' - COPE Alcoy","isPartOf":{"@id":"https:\/\/www.copealcoy.es\/es\/#website"},"primaryImageOfPage":{"@id":"https:\/\/www.copealcoy.es\/es\/arranca-la-semana-del-esport-en-3d\/#primaryimage"},"image":{"@id":"https:\/\/www.copealcoy.es\/es\/arranca-la-semana-del-esport-en-3d\/#primaryimage"},"thumbnailUrl":"https:\/\/www.copealcoy.es\/wp-content\/uploads\/2022\/06\/20220602-Roda-de-premsa-Esport-3D-scaled.jpg","datePublished":"2022-06-05T16:55:00+00:00","dateModified":"2022-06-05T17:28:06+00:00","author":{"@id":"https:\/\/www.copealcoy.es\/es\/#\/schema\/person\/e777c87fa024e57d40170af9df39882c"},"breadcrumb":{"@id":"https:\/\/www.copealcoy.es\/es\/arranca-la-semana-del-esport-en-3d\/#breadcrumb"},"inLanguage":"es","potentialAction":[{"@type":"ReadAction","target":["https:\/\/www.copealcoy.es\/es\/arranca-la-semana-del-esport-en-3d\/"]}]},{"@type":"ImageObject","inLanguage":"es","@id":"https:\/\/www.copealcoy.es\/es\/arranca-la-semana-del-esport-en-3d\/#primaryimage","url":"https:\/\/www.copealcoy.es\/wp-content\/uploads\/2022\/06\/20220602-Roda-de-premsa-Esport-3D-scaled.jpg","contentUrl":"https:\/\/www.copealcoy.es\/wp-content\/uploads\/2022\/06\/20220602-Roda-de-premsa-Esport-3D-scaled.jpg","width":1920,"height":988},{"@type":"BreadcrumbList","@id":"https:\/\/www.copealcoy.es\/es\/arranca-la-semana-del-esport-en-3d\/#breadcrumb","itemListElement":[{"@type":"ListItem","position":1,"name":"Portada","item":"https:\/\/www.copealcoy.es\/es\/"},{"@type":"ListItem","position":2,"name":"Arranca la semana del &#8216;Esport en 3D&#8217;"}]},{"@type":"WebSite","@id":"https:\/\/www.copealcoy.es\/es\/#website","url":"https:\/\/www.copealcoy.es\/es\/","name":"COPE Alcoy","description":"Emisora COPE de radio local con emisi\u00f3n online. Pont de Sant Jordi 8-10 03803 Alcoy","potentialAction":[{"@type":"SearchAction","target":{"@type":"EntryPoint","urlTemplate":"https:\/\/www.copealcoy.es\/es\/?s={search_term_string}"},"query-input":{"@type":"PropertyValueSpecification","valueRequired":true,"valueName":"search_term_string"}}],"inLanguage":"es"},{"@type":"Person","@id":"https:\/\/www.copealcoy.es\/es\/#\/schema\/person\/e777c87fa024e57d40170af9df39882c","name":"Cope Alcoy","image":{"@type":"ImageObject","inLanguage":"es","@id":"https:\/\/secure.gravatar.com\/avatar\/bb65d0283347e303893ba14f0692005417c1e0e690a325a4c5d8bb2b3943ee14?s=96&d=mm&r=g","url":"https:\/\/secure.gravatar.com\/avatar\/bb65d0283347e303893ba14f0692005417c1e0e690a325a4c5d8bb2b3943ee14?s=96&d=mm&r=g","contentUrl":"https:\/\/secure.gravatar.com\/avatar\/bb65d0283347e303893ba14f0692005417c1e0e690a325a4c5d8bb2b3943ee14?s=96&d=mm&r=g","caption":"Cope Alcoy"}}]}},"_links":{"self":[{"href":"https:\/\/www.copealcoy.es\/es\/wp-json\/wp\/v2\/posts\/88198","targetHints":{"allow":["GET"]}}],"collection":[{"href":"https:\/\/www.copealcoy.es\/es\/wp-json\/wp\/v2\/posts"}],"about":[{"href":"https:\/\/www.copealcoy.es\/es\/wp-json\/wp\/v2\/types\/post"}],"author":[{"embeddable":true,"href":"https:\/\/www.copealcoy.es\/es\/wp-json\/wp\/v2\/users\/1"}],"replies":[{"embeddable":true,"href":"https:\/\/www.copealcoy.es\/es\/wp-json\/wp\/v2\/comments?post=88198"}],"version-history":[{"count":0,"href":"https:\/\/www.copealcoy.es\/es\/wp-json\/wp\/v2\/posts\/88198\/revisions"}],"wp:featuredmedia":[{"embeddable":true,"href":"https:\/\/www.copealcoy.es\/es\/wp-json\/wp\/v2\/media\/88199"}],"wp:attachment":[{"href":"https:\/\/www.copealcoy.es\/es\/wp-json\/wp\/v2\/media?parent=88198"}],"wp:term":[{"taxonomy":"category","embeddable":true,"href":"https:\/\/www.copealcoy.es\/es\/wp-json\/wp\/v2\/categories?post=88198"},{"taxonomy":"post_tag","embeddable":true,"href":"https:\/\/www.copealcoy.es\/es\/wp-json\/wp\/v2\/tags?post=88198"}],"curies":[{"name":"wp","href":"https:\/\/api.w.org\/{rel}","templated":true}]}}