{"id":88151,"date":"2022-06-03T10:09:23","date_gmt":"2022-06-03T09:09:23","guid":{"rendered":"https:\/\/www.copealcoy.es\/?p=88151"},"modified":"2022-06-03T23:34:10","modified_gmt":"2022-06-03T22:34:10","slug":"alcoy-tambien-recuerda-la-semana-europea-de-los-cementerios","status":"publish","type":"post","link":"https:\/\/www.copealcoy.es\/es\/alcoy-tambien-recuerda-la-semana-europea-de-los-cementerios\/","title":{"rendered":"Alcoy tambi\u00e9n recuerda la Semana Europea de los Cementerios"},"content":{"rendered":"<p style=\"text-align: justify;\">Alcoy <strong>ha preparado diferentes actividades para conmemorar la Semana Europea de los Cementerios<\/strong>, unas propuestas que <strong>se concentrar\u00e1n a lo largo de este fin de semana<\/strong>. Durante estos d\u00edas <strong>podemos disfrutar de rutas guiadas<\/strong> de la mano de la empresa &#8216;Guiarte con Arte&#8217; y los interesados en participar <span style=\"color: #0000ff;\"><a style=\"color: #0000ff;\" href=\"https:\/\/www.guiarteconarte.es\/\"><strong>pueden realizar aqu\u00ed<\/strong><\/a><\/span><span style=\"color: #000000;\"> la correspondiente inscripci\u00f3n.<\/span><\/p>\n<p style=\"text-align: justify;\">Hay que recordar que el Camposanto alcoyano <strong>forma parte de la Ruta Europea de los Cementerios desde 2012<\/strong> al mismo tiempo que <strong>ha sido objeto de numerosos premios y reconocimientos<\/strong>. Adem\u00e1s <strong>recibe cada a\u00f1o numerosas visitas de turistas<\/strong> que quieren conocer <strong>el importante patrimonio arquitect\u00f3nico que alberga<\/strong> &#8220;<em>el Cementerio San Antonio Abad nos permite apreciar diferentes disciplinas art\u00edsticas, pero, sobre todo, nos permite conocer nuestra historia y entendernos como sociedad. En nuestra ciudad contamos con un gran patrimonio hist\u00f3rico, nuestro cementerio es un valor importante como destino, de hecho, la ruta es considerada Itinerario Cultural Europeo. Tambi\u00e9n lo es crear productos tur\u00edsticos, como las visitas guiadas que tendremos durante esta semana, es muy relevante la colaboraci\u00f3n publicoprivada para el desarrollo tur\u00edstico de Alcoy y con estas actividades tenemos un ejemplo<\/em>&#8220;, afirma la edil de Turismo; <strong>Lorena Zamorano<\/strong>.<\/p>\n<p style=\"text-align: justify;\">Recordar que <strong>el Cementerio Municipal de Alcoy tambi\u00e9n cuenta con una aplicaci\u00f3n m\u00f3vil propia<\/strong>. En ella encontramos <strong>muchos detalles sobre el recinto, el horario de visitas y el lugar en el que reposan los restos<\/strong> de algunos de los personajes m\u00e1s destacados que descansan en \u00e9l.<\/p>\n","protected":false},"excerpt":{"rendered":"<p>Alcoy ha preparado diferentes actividades para conmemorar la Semana Europea de los Cementerios, unas propuestas que se concentrar\u00e1n a lo&#8230;<\/p>\n","protected":false},"author":1,"featured_media":66434,"comment_status":"open","ping_status":"open","sticky":false,"template":"","format":"standard","meta":{"footnotes":""},"categories":[6909,97,78,75],"tags":[442,1494,3998,1796,12791],"class_list":["post-88151","post","type-post","status-publish","format-standard","has-post-thumbnail","hentry","category-actualidad","category-alcoy","category-fiestaycultura","category-noticias","tag-actividades","tag-alcoy","tag-cementerio-municipal","tag-lorena-zamorano","tag-semana-europea-cementerios"],"yoast_head":"<!-- This site is optimized with the Yoast SEO plugin v27.3 - https:\/\/yoast.com\/product\/yoast-seo-wordpress\/ -->\n<title>Alcoy tambi\u00e9n recuerda la Semana Europea de los Cementerios - COPE Alcoy<\/title>\n<meta name=\"robots\" content=\"index, follow, max-snippet:-1, max-image-preview:large, max-video-preview:-1\" \/>\n<link rel=\"canonical\" href=\"https:\/\/www.copealcoy.es\/es\/alcoy-tambien-recuerda-la-semana-europea-de-los-cementerios\/\" \/>\n<meta property=\"og:locale\" content=\"es_ES\" \/>\n<meta property=\"og:type\" content=\"article\" \/>\n<meta property=\"og:title\" content=\"Alcoy tambi\u00e9n recuerda la Semana Europea de los Cementerios - COPE Alcoy\" \/>\n<meta property=\"og:description\" content=\"Alcoy ha preparado diferentes actividades para conmemorar la Semana Europea de los Cementerios, unas propuestas que se concentrar\u00e1n a lo...\" \/>\n<meta property=\"og:url\" content=\"https:\/\/www.copealcoy.es\/es\/alcoy-tambien-recuerda-la-semana-europea-de-los-cementerios\/\" \/>\n<meta property=\"og:site_name\" content=\"COPE Alcoy\" \/>\n<meta property=\"article:published_time\" content=\"2022-06-03T09:09:23+00:00\" \/>\n<meta property=\"article:modified_time\" content=\"2022-06-03T22:34:10+00:00\" \/>\n<meta property=\"og:image\" content=\"https:\/\/www.copealcoy.es\/wp-content\/uploads\/2020\/10\/Cementerio-Alcoy.jpg\" \/>\n\t<meta property=\"og:image:width\" content=\"1600\" \/>\n\t<meta property=\"og:image:height\" content=\"1200\" \/>\n\t<meta property=\"og:image:type\" content=\"image\/jpeg\" \/>\n<meta name=\"author\" content=\"Cope Alcoy\" \/>\n<meta name=\"twitter:label1\" content=\"Escrito por\" \/>\n\t<meta name=\"twitter:data1\" content=\"Cope Alcoy\" \/>\n\t<meta name=\"twitter:label2\" content=\"Tiempo de lectura\" \/>\n\t<meta name=\"twitter:data2\" content=\"2 minutos\" \/>\n<script type=\"application\/ld+json\" class=\"yoast-schema-graph\">{\"@context\":\"https:\\\/\\\/schema.org\",\"@graph\":[{\"@type\":\"Article\",\"@id\":\"https:\\\/\\\/www.copealcoy.es\\\/es\\\/alcoy-tambien-recuerda-la-semana-europea-de-los-cementerios\\\/#article\",\"isPartOf\":{\"@id\":\"https:\\\/\\\/www.copealcoy.es\\\/es\\\/alcoy-tambien-recuerda-la-semana-europea-de-los-cementerios\\\/\"},\"author\":{\"name\":\"Cope Alcoy\",\"@id\":\"https:\\\/\\\/www.copealcoy.es\\\/es\\\/#\\\/schema\\\/person\\\/e777c87fa024e57d40170af9df39882c\"},\"headline\":\"Alcoy tambi\u00e9n recuerda la Semana Europea de los Cementerios\",\"datePublished\":\"2022-06-03T09:09:23+00:00\",\"dateModified\":\"2022-06-03T22:34:10+00:00\",\"mainEntityOfPage\":{\"@id\":\"https:\\\/\\\/www.copealcoy.es\\\/es\\\/alcoy-tambien-recuerda-la-semana-europea-de-los-cementerios\\\/\"},\"wordCount\":262,\"commentCount\":0,\"image\":{\"@id\":\"https:\\\/\\\/www.copealcoy.es\\\/es\\\/alcoy-tambien-recuerda-la-semana-europea-de-los-cementerios\\\/#primaryimage\"},\"thumbnailUrl\":\"https:\\\/\\\/www.copealcoy.es\\\/wp-content\\\/uploads\\\/2020\\\/10\\\/Cementerio-Alcoy.jpg\",\"keywords\":[\"Actividades\",\"Alcoy\",\"Cementerio Municipal\",\"Lorena Zamorano\",\"Semana Europea Cementerios\"],\"articleSection\":[\"Actualidad\",\"Alcoy\",\"Fiesta y Cultura\",\"Noticias\"],\"inLanguage\":\"es\"},{\"@type\":\"WebPage\",\"@id\":\"https:\\\/\\\/www.copealcoy.es\\\/es\\\/alcoy-tambien-recuerda-la-semana-europea-de-los-cementerios\\\/\",\"url\":\"https:\\\/\\\/www.copealcoy.es\\\/es\\\/alcoy-tambien-recuerda-la-semana-europea-de-los-cementerios\\\/\",\"name\":\"Alcoy tambi\u00e9n recuerda la Semana Europea de los Cementerios - COPE Alcoy\",\"isPartOf\":{\"@id\":\"https:\\\/\\\/www.copealcoy.es\\\/es\\\/#website\"},\"primaryImageOfPage\":{\"@id\":\"https:\\\/\\\/www.copealcoy.es\\\/es\\\/alcoy-tambien-recuerda-la-semana-europea-de-los-cementerios\\\/#primaryimage\"},\"image\":{\"@id\":\"https:\\\/\\\/www.copealcoy.es\\\/es\\\/alcoy-tambien-recuerda-la-semana-europea-de-los-cementerios\\\/#primaryimage\"},\"thumbnailUrl\":\"https:\\\/\\\/www.copealcoy.es\\\/wp-content\\\/uploads\\\/2020\\\/10\\\/Cementerio-Alcoy.jpg\",\"datePublished\":\"2022-06-03T09:09:23+00:00\",\"dateModified\":\"2022-06-03T22:34:10+00:00\",\"author\":{\"@id\":\"https:\\\/\\\/www.copealcoy.es\\\/es\\\/#\\\/schema\\\/person\\\/e777c87fa024e57d40170af9df39882c\"},\"breadcrumb\":{\"@id\":\"https:\\\/\\\/www.copealcoy.es\\\/es\\\/alcoy-tambien-recuerda-la-semana-europea-de-los-cementerios\\\/#breadcrumb\"},\"inLanguage\":\"es\",\"potentialAction\":[{\"@type\":\"ReadAction\",\"target\":[\"https:\\\/\\\/www.copealcoy.es\\\/es\\\/alcoy-tambien-recuerda-la-semana-europea-de-los-cementerios\\\/\"]}]},{\"@type\":\"ImageObject\",\"inLanguage\":\"es\",\"@id\":\"https:\\\/\\\/www.copealcoy.es\\\/es\\\/alcoy-tambien-recuerda-la-semana-europea-de-los-cementerios\\\/#primaryimage\",\"url\":\"https:\\\/\\\/www.copealcoy.es\\\/wp-content\\\/uploads\\\/2020\\\/10\\\/Cementerio-Alcoy.jpg\",\"contentUrl\":\"https:\\\/\\\/www.copealcoy.es\\\/wp-content\\\/uploads\\\/2020\\\/10\\\/Cementerio-Alcoy.jpg\",\"width\":1600,\"height\":1200},{\"@type\":\"BreadcrumbList\",\"@id\":\"https:\\\/\\\/www.copealcoy.es\\\/es\\\/alcoy-tambien-recuerda-la-semana-europea-de-los-cementerios\\\/#breadcrumb\",\"itemListElement\":[{\"@type\":\"ListItem\",\"position\":1,\"name\":\"Portada\",\"item\":\"https:\\\/\\\/www.copealcoy.es\\\/es\\\/\"},{\"@type\":\"ListItem\",\"position\":2,\"name\":\"Alcoy tambi\u00e9n recuerda la Semana Europea de los Cementerios\"}]},{\"@type\":\"WebSite\",\"@id\":\"https:\\\/\\\/www.copealcoy.es\\\/es\\\/#website\",\"url\":\"https:\\\/\\\/www.copealcoy.es\\\/es\\\/\",\"name\":\"COPE Alcoy\",\"description\":\"Emisora COPE de radio local con emisi\u00f3n online. Pont de Sant Jordi 8-10 03803 Alcoy\",\"potentialAction\":[{\"@type\":\"SearchAction\",\"target\":{\"@type\":\"EntryPoint\",\"urlTemplate\":\"https:\\\/\\\/www.copealcoy.es\\\/es\\\/?s={search_term_string}\"},\"query-input\":{\"@type\":\"PropertyValueSpecification\",\"valueRequired\":true,\"valueName\":\"search_term_string\"}}],\"inLanguage\":\"es\"},{\"@type\":\"Person\",\"@id\":\"https:\\\/\\\/www.copealcoy.es\\\/es\\\/#\\\/schema\\\/person\\\/e777c87fa024e57d40170af9df39882c\",\"name\":\"Cope Alcoy\",\"image\":{\"@type\":\"ImageObject\",\"inLanguage\":\"es\",\"@id\":\"https:\\\/\\\/secure.gravatar.com\\\/avatar\\\/bb65d0283347e303893ba14f0692005417c1e0e690a325a4c5d8bb2b3943ee14?s=96&d=mm&r=g\",\"url\":\"https:\\\/\\\/secure.gravatar.com\\\/avatar\\\/bb65d0283347e303893ba14f0692005417c1e0e690a325a4c5d8bb2b3943ee14?s=96&d=mm&r=g\",\"contentUrl\":\"https:\\\/\\\/secure.gravatar.com\\\/avatar\\\/bb65d0283347e303893ba14f0692005417c1e0e690a325a4c5d8bb2b3943ee14?s=96&d=mm&r=g\",\"caption\":\"Cope Alcoy\"}}]}<\/script>\n<!-- \/ Yoast SEO plugin. -->","yoast_head_json":{"title":"Alcoy tambi\u00e9n recuerda la Semana Europea de los Cementerios - COPE Alcoy","robots":{"index":"index","follow":"follow","max-snippet":"max-snippet:-1","max-image-preview":"max-image-preview:large","max-video-preview":"max-video-preview:-1"},"canonical":"https:\/\/www.copealcoy.es\/es\/alcoy-tambien-recuerda-la-semana-europea-de-los-cementerios\/","og_locale":"es_ES","og_type":"article","og_title":"Alcoy tambi\u00e9n recuerda la Semana Europea de los Cementerios - COPE Alcoy","og_description":"Alcoy ha preparado diferentes actividades para conmemorar la Semana Europea de los Cementerios, unas propuestas que se concentrar\u00e1n a lo...","og_url":"https:\/\/www.copealcoy.es\/es\/alcoy-tambien-recuerda-la-semana-europea-de-los-cementerios\/","og_site_name":"COPE Alcoy","article_published_time":"2022-06-03T09:09:23+00:00","article_modified_time":"2022-06-03T22:34:10+00:00","og_image":[{"width":1600,"height":1200,"url":"https:\/\/www.copealcoy.es\/wp-content\/uploads\/2020\/10\/Cementerio-Alcoy.jpg","type":"image\/jpeg"}],"author":"Cope Alcoy","twitter_misc":{"Escrito por":"Cope Alcoy","Tiempo de lectura":"2 minutos"},"schema":{"@context":"https:\/\/schema.org","@graph":[{"@type":"Article","@id":"https:\/\/www.copealcoy.es\/es\/alcoy-tambien-recuerda-la-semana-europea-de-los-cementerios\/#article","isPartOf":{"@id":"https:\/\/www.copealcoy.es\/es\/alcoy-tambien-recuerda-la-semana-europea-de-los-cementerios\/"},"author":{"name":"Cope Alcoy","@id":"https:\/\/www.copealcoy.es\/es\/#\/schema\/person\/e777c87fa024e57d40170af9df39882c"},"headline":"Alcoy tambi\u00e9n recuerda la Semana Europea de los Cementerios","datePublished":"2022-06-03T09:09:23+00:00","dateModified":"2022-06-03T22:34:10+00:00","mainEntityOfPage":{"@id":"https:\/\/www.copealcoy.es\/es\/alcoy-tambien-recuerda-la-semana-europea-de-los-cementerios\/"},"wordCount":262,"commentCount":0,"image":{"@id":"https:\/\/www.copealcoy.es\/es\/alcoy-tambien-recuerda-la-semana-europea-de-los-cementerios\/#primaryimage"},"thumbnailUrl":"https:\/\/www.copealcoy.es\/wp-content\/uploads\/2020\/10\/Cementerio-Alcoy.jpg","keywords":["Actividades","Alcoy","Cementerio Municipal","Lorena Zamorano","Semana Europea Cementerios"],"articleSection":["Actualidad","Alcoy","Fiesta y Cultura","Noticias"],"inLanguage":"es"},{"@type":"WebPage","@id":"https:\/\/www.copealcoy.es\/es\/alcoy-tambien-recuerda-la-semana-europea-de-los-cementerios\/","url":"https:\/\/www.copealcoy.es\/es\/alcoy-tambien-recuerda-la-semana-europea-de-los-cementerios\/","name":"Alcoy tambi\u00e9n recuerda la Semana Europea de los Cementerios - COPE Alcoy","isPartOf":{"@id":"https:\/\/www.copealcoy.es\/es\/#website"},"primaryImageOfPage":{"@id":"https:\/\/www.copealcoy.es\/es\/alcoy-tambien-recuerda-la-semana-europea-de-los-cementerios\/#primaryimage"},"image":{"@id":"https:\/\/www.copealcoy.es\/es\/alcoy-tambien-recuerda-la-semana-europea-de-los-cementerios\/#primaryimage"},"thumbnailUrl":"https:\/\/www.copealcoy.es\/wp-content\/uploads\/2020\/10\/Cementerio-Alcoy.jpg","datePublished":"2022-06-03T09:09:23+00:00","dateModified":"2022-06-03T22:34:10+00:00","author":{"@id":"https:\/\/www.copealcoy.es\/es\/#\/schema\/person\/e777c87fa024e57d40170af9df39882c"},"breadcrumb":{"@id":"https:\/\/www.copealcoy.es\/es\/alcoy-tambien-recuerda-la-semana-europea-de-los-cementerios\/#breadcrumb"},"inLanguage":"es","potentialAction":[{"@type":"ReadAction","target":["https:\/\/www.copealcoy.es\/es\/alcoy-tambien-recuerda-la-semana-europea-de-los-cementerios\/"]}]},{"@type":"ImageObject","inLanguage":"es","@id":"https:\/\/www.copealcoy.es\/es\/alcoy-tambien-recuerda-la-semana-europea-de-los-cementerios\/#primaryimage","url":"https:\/\/www.copealcoy.es\/wp-content\/uploads\/2020\/10\/Cementerio-Alcoy.jpg","contentUrl":"https:\/\/www.copealcoy.es\/wp-content\/uploads\/2020\/10\/Cementerio-Alcoy.jpg","width":1600,"height":1200},{"@type":"BreadcrumbList","@id":"https:\/\/www.copealcoy.es\/es\/alcoy-tambien-recuerda-la-semana-europea-de-los-cementerios\/#breadcrumb","itemListElement":[{"@type":"ListItem","position":1,"name":"Portada","item":"https:\/\/www.copealcoy.es\/es\/"},{"@type":"ListItem","position":2,"name":"Alcoy tambi\u00e9n recuerda la Semana Europea de los Cementerios"}]},{"@type":"WebSite","@id":"https:\/\/www.copealcoy.es\/es\/#website","url":"https:\/\/www.copealcoy.es\/es\/","name":"COPE Alcoy","description":"Emisora COPE de radio local con emisi\u00f3n online. Pont de Sant Jordi 8-10 03803 Alcoy","potentialAction":[{"@type":"SearchAction","target":{"@type":"EntryPoint","urlTemplate":"https:\/\/www.copealcoy.es\/es\/?s={search_term_string}"},"query-input":{"@type":"PropertyValueSpecification","valueRequired":true,"valueName":"search_term_string"}}],"inLanguage":"es"},{"@type":"Person","@id":"https:\/\/www.copealcoy.es\/es\/#\/schema\/person\/e777c87fa024e57d40170af9df39882c","name":"Cope Alcoy","image":{"@type":"ImageObject","inLanguage":"es","@id":"https:\/\/secure.gravatar.com\/avatar\/bb65d0283347e303893ba14f0692005417c1e0e690a325a4c5d8bb2b3943ee14?s=96&d=mm&r=g","url":"https:\/\/secure.gravatar.com\/avatar\/bb65d0283347e303893ba14f0692005417c1e0e690a325a4c5d8bb2b3943ee14?s=96&d=mm&r=g","contentUrl":"https:\/\/secure.gravatar.com\/avatar\/bb65d0283347e303893ba14f0692005417c1e0e690a325a4c5d8bb2b3943ee14?s=96&d=mm&r=g","caption":"Cope Alcoy"}}]}},"_links":{"self":[{"href":"https:\/\/www.copealcoy.es\/es\/wp-json\/wp\/v2\/posts\/88151","targetHints":{"allow":["GET"]}}],"collection":[{"href":"https:\/\/www.copealcoy.es\/es\/wp-json\/wp\/v2\/posts"}],"about":[{"href":"https:\/\/www.copealcoy.es\/es\/wp-json\/wp\/v2\/types\/post"}],"author":[{"embeddable":true,"href":"https:\/\/www.copealcoy.es\/es\/wp-json\/wp\/v2\/users\/1"}],"replies":[{"embeddable":true,"href":"https:\/\/www.copealcoy.es\/es\/wp-json\/wp\/v2\/comments?post=88151"}],"version-history":[{"count":0,"href":"https:\/\/www.copealcoy.es\/es\/wp-json\/wp\/v2\/posts\/88151\/revisions"}],"wp:featuredmedia":[{"embeddable":true,"href":"https:\/\/www.copealcoy.es\/es\/wp-json\/wp\/v2\/media\/66434"}],"wp:attachment":[{"href":"https:\/\/www.copealcoy.es\/es\/wp-json\/wp\/v2\/media?parent=88151"}],"wp:term":[{"taxonomy":"category","embeddable":true,"href":"https:\/\/www.copealcoy.es\/es\/wp-json\/wp\/v2\/categories?post=88151"},{"taxonomy":"post_tag","embeddable":true,"href":"https:\/\/www.copealcoy.es\/es\/wp-json\/wp\/v2\/tags?post=88151"}],"curies":[{"name":"wp","href":"https:\/\/api.w.org\/{rel}","templated":true}]}}