{"id":88089,"date":"2022-06-02T11:20:52","date_gmt":"2022-06-02T10:20:52","guid":{"rendered":"https:\/\/www.copealcoy.es\/?p=88089"},"modified":"2022-06-02T11:20:52","modified_gmt":"2022-06-02T10:20:52","slug":"el-paro-baja-en-4-516-personas-en-mayo-en-la-comunidad-valenciana","status":"publish","type":"post","link":"https:\/\/www.copealcoy.es\/es\/el-paro-baja-en-4-516-personas-en-mayo-en-la-comunidad-valenciana\/","title":{"rendered":"El paro baja en 4.516 personas en mayo en la Comunidad Valenciana"},"content":{"rendered":"<p style=\"text-align: justify;\">El paro <strong>baj\u00f3 en la Comunitat Valenciana en 4.516 personas durante el mes de mayo (-1,26%)<\/strong> y el <strong>n\u00famero total de desempleados<\/strong> se situ\u00f3 en los 352.711.<\/p>\n<p style=\"text-align: justify;\">Seg\u00fan ha informado este jueves el <strong>Ministerio de Trabajo y Econom\u00eda Social<\/strong> y tal y como recoge COPE COMUNITAT VALENCIANA, <strong>el desempleo baj\u00f3 en 82.554 personas respecto a mayo<\/strong> de hace un a\u00f1o (-18,97%) en lo que es el conjunto de nuestra regi\u00f3n. Todo ello, adem\u00e1s, en el<strong> contexto generado por la situaci\u00f3n econ\u00f3mica derivada de la invasi\u00f3n rusa en Ucrania<\/strong>.<\/p>\n<p style=\"text-align: justify;\">En el conjunto de Espa\u00f1a, <strong>el n\u00famero de parados registrados en las oficinas de los servicios p\u00fablicos de empleo ha disminuido en 99.512 desempleados en mayo<\/strong> <strong>(-3,29%)<\/strong>, hasta un total de 2.922.991 parados. Esto supone la bajada de los tres millones por primera vez desde 2008.<\/p>\n","protected":false},"excerpt":{"rendered":"<p>El paro baj\u00f3 en la Comunitat Valenciana en 4.516 personas durante el mes de mayo (-1,26%) y el n\u00famero total&#8230;<\/p>\n","protected":false},"author":1,"featured_media":70462,"comment_status":"open","ping_status":"open","sticky":false,"template":"","format":"standard","meta":{"footnotes":""},"categories":[6909,75,79],"tags":[1768,7382,679,1098,12783],"class_list":["post-88089","post","type-post","status-publish","format-standard","has-post-thumbnail","hentry","category-actualidad","category-noticias","category-politicayeconomia","tag-comunitat-valenciana","tag-datos","tag-desempleo","tag-mayo","tag-ministerio-de-trabajo"],"yoast_head":"<!-- This site is optimized with the Yoast SEO plugin v27.3 - https:\/\/yoast.com\/product\/yoast-seo-wordpress\/ -->\n<title>El paro baja en 4.516 personas en mayo en la Comunidad Valenciana - COPE Alcoy<\/title>\n<meta name=\"robots\" content=\"index, follow, max-snippet:-1, max-image-preview:large, max-video-preview:-1\" \/>\n<link rel=\"canonical\" href=\"https:\/\/www.copealcoy.es\/es\/el-paro-baja-en-4-516-personas-en-mayo-en-la-comunidad-valenciana\/\" \/>\n<meta property=\"og:locale\" content=\"es_ES\" \/>\n<meta property=\"og:type\" content=\"article\" \/>\n<meta property=\"og:title\" content=\"El paro baja en 4.516 personas en mayo en la Comunidad Valenciana - COPE Alcoy\" \/>\n<meta property=\"og:description\" content=\"El paro baj\u00f3 en la Comunitat Valenciana en 4.516 personas durante el mes de mayo (-1,26%) y el n\u00famero total...\" \/>\n<meta property=\"og:url\" content=\"https:\/\/www.copealcoy.es\/es\/el-paro-baja-en-4-516-personas-en-mayo-en-la-comunidad-valenciana\/\" \/>\n<meta property=\"og:site_name\" content=\"COPE Alcoy\" \/>\n<meta property=\"article:published_time\" content=\"2022-06-02T10:20:52+00:00\" \/>\n<meta property=\"og:image\" content=\"https:\/\/www.copealcoy.es\/wp-content\/uploads\/2021\/02\/1612257033407-e1641581927170.jpg\" \/>\n\t<meta property=\"og:image:width\" content=\"640\" \/>\n\t<meta property=\"og:image:height\" content=\"427\" \/>\n\t<meta property=\"og:image:type\" content=\"image\/jpeg\" \/>\n<meta name=\"author\" content=\"Cope Alcoy\" \/>\n<meta name=\"twitter:label1\" content=\"Escrito por\" \/>\n\t<meta name=\"twitter:data1\" content=\"Cope Alcoy\" \/>\n\t<meta name=\"twitter:label2\" content=\"Tiempo de lectura\" \/>\n\t<meta name=\"twitter:data2\" content=\"1 minuto\" \/>\n<script type=\"application\/ld+json\" class=\"yoast-schema-graph\">{\"@context\":\"https:\\\/\\\/schema.org\",\"@graph\":[{\"@type\":\"Article\",\"@id\":\"https:\\\/\\\/www.copealcoy.es\\\/es\\\/el-paro-baja-en-4-516-personas-en-mayo-en-la-comunidad-valenciana\\\/#article\",\"isPartOf\":{\"@id\":\"https:\\\/\\\/www.copealcoy.es\\\/es\\\/el-paro-baja-en-4-516-personas-en-mayo-en-la-comunidad-valenciana\\\/\"},\"author\":{\"name\":\"Cope Alcoy\",\"@id\":\"https:\\\/\\\/www.copealcoy.es\\\/es\\\/#\\\/schema\\\/person\\\/e777c87fa024e57d40170af9df39882c\"},\"headline\":\"El paro baja en 4.516 personas en mayo en la Comunidad Valenciana\",\"datePublished\":\"2022-06-02T10:20:52+00:00\",\"mainEntityOfPage\":{\"@id\":\"https:\\\/\\\/www.copealcoy.es\\\/es\\\/el-paro-baja-en-4-516-personas-en-mayo-en-la-comunidad-valenciana\\\/\"},\"wordCount\":151,\"commentCount\":0,\"image\":{\"@id\":\"https:\\\/\\\/www.copealcoy.es\\\/es\\\/el-paro-baja-en-4-516-personas-en-mayo-en-la-comunidad-valenciana\\\/#primaryimage\"},\"thumbnailUrl\":\"https:\\\/\\\/www.copealcoy.es\\\/wp-content\\\/uploads\\\/2021\\\/02\\\/1612257033407-e1641581927170.jpg\",\"keywords\":[\"Comunitat Valenciana\",\"datos\",\"Desempleo\",\"mayo\",\"Ministerio de Trabajo\"],\"articleSection\":[\"Actualidad\",\"Noticias\",\"Pol\u00edtica y Econom\u00eda\"],\"inLanguage\":\"es\"},{\"@type\":\"WebPage\",\"@id\":\"https:\\\/\\\/www.copealcoy.es\\\/es\\\/el-paro-baja-en-4-516-personas-en-mayo-en-la-comunidad-valenciana\\\/\",\"url\":\"https:\\\/\\\/www.copealcoy.es\\\/es\\\/el-paro-baja-en-4-516-personas-en-mayo-en-la-comunidad-valenciana\\\/\",\"name\":\"El paro baja en 4.516 personas en mayo en la Comunidad Valenciana - COPE Alcoy\",\"isPartOf\":{\"@id\":\"https:\\\/\\\/www.copealcoy.es\\\/es\\\/#website\"},\"primaryImageOfPage\":{\"@id\":\"https:\\\/\\\/www.copealcoy.es\\\/es\\\/el-paro-baja-en-4-516-personas-en-mayo-en-la-comunidad-valenciana\\\/#primaryimage\"},\"image\":{\"@id\":\"https:\\\/\\\/www.copealcoy.es\\\/es\\\/el-paro-baja-en-4-516-personas-en-mayo-en-la-comunidad-valenciana\\\/#primaryimage\"},\"thumbnailUrl\":\"https:\\\/\\\/www.copealcoy.es\\\/wp-content\\\/uploads\\\/2021\\\/02\\\/1612257033407-e1641581927170.jpg\",\"datePublished\":\"2022-06-02T10:20:52+00:00\",\"author\":{\"@id\":\"https:\\\/\\\/www.copealcoy.es\\\/es\\\/#\\\/schema\\\/person\\\/e777c87fa024e57d40170af9df39882c\"},\"breadcrumb\":{\"@id\":\"https:\\\/\\\/www.copealcoy.es\\\/es\\\/el-paro-baja-en-4-516-personas-en-mayo-en-la-comunidad-valenciana\\\/#breadcrumb\"},\"inLanguage\":\"es\",\"potentialAction\":[{\"@type\":\"ReadAction\",\"target\":[\"https:\\\/\\\/www.copealcoy.es\\\/es\\\/el-paro-baja-en-4-516-personas-en-mayo-en-la-comunidad-valenciana\\\/\"]}]},{\"@type\":\"ImageObject\",\"inLanguage\":\"es\",\"@id\":\"https:\\\/\\\/www.copealcoy.es\\\/es\\\/el-paro-baja-en-4-516-personas-en-mayo-en-la-comunidad-valenciana\\\/#primaryimage\",\"url\":\"https:\\\/\\\/www.copealcoy.es\\\/wp-content\\\/uploads\\\/2021\\\/02\\\/1612257033407-e1641581927170.jpg\",\"contentUrl\":\"https:\\\/\\\/www.copealcoy.es\\\/wp-content\\\/uploads\\\/2021\\\/02\\\/1612257033407-e1641581927170.jpg\",\"width\":640,\"height\":427},{\"@type\":\"BreadcrumbList\",\"@id\":\"https:\\\/\\\/www.copealcoy.es\\\/es\\\/el-paro-baja-en-4-516-personas-en-mayo-en-la-comunidad-valenciana\\\/#breadcrumb\",\"itemListElement\":[{\"@type\":\"ListItem\",\"position\":1,\"name\":\"Portada\",\"item\":\"https:\\\/\\\/www.copealcoy.es\\\/es\\\/\"},{\"@type\":\"ListItem\",\"position\":2,\"name\":\"El paro baja en 4.516 personas en mayo en la Comunidad Valenciana\"}]},{\"@type\":\"WebSite\",\"@id\":\"https:\\\/\\\/www.copealcoy.es\\\/es\\\/#website\",\"url\":\"https:\\\/\\\/www.copealcoy.es\\\/es\\\/\",\"name\":\"COPE Alcoy\",\"description\":\"Emisora COPE de radio local con emisi\u00f3n online. Pont de Sant Jordi 8-10 03803 Alcoy\",\"potentialAction\":[{\"@type\":\"SearchAction\",\"target\":{\"@type\":\"EntryPoint\",\"urlTemplate\":\"https:\\\/\\\/www.copealcoy.es\\\/es\\\/?s={search_term_string}\"},\"query-input\":{\"@type\":\"PropertyValueSpecification\",\"valueRequired\":true,\"valueName\":\"search_term_string\"}}],\"inLanguage\":\"es\"},{\"@type\":\"Person\",\"@id\":\"https:\\\/\\\/www.copealcoy.es\\\/es\\\/#\\\/schema\\\/person\\\/e777c87fa024e57d40170af9df39882c\",\"name\":\"Cope Alcoy\",\"image\":{\"@type\":\"ImageObject\",\"inLanguage\":\"es\",\"@id\":\"https:\\\/\\\/secure.gravatar.com\\\/avatar\\\/bb65d0283347e303893ba14f0692005417c1e0e690a325a4c5d8bb2b3943ee14?s=96&d=mm&r=g\",\"url\":\"https:\\\/\\\/secure.gravatar.com\\\/avatar\\\/bb65d0283347e303893ba14f0692005417c1e0e690a325a4c5d8bb2b3943ee14?s=96&d=mm&r=g\",\"contentUrl\":\"https:\\\/\\\/secure.gravatar.com\\\/avatar\\\/bb65d0283347e303893ba14f0692005417c1e0e690a325a4c5d8bb2b3943ee14?s=96&d=mm&r=g\",\"caption\":\"Cope Alcoy\"}}]}<\/script>\n<!-- \/ Yoast SEO plugin. -->","yoast_head_json":{"title":"El paro baja en 4.516 personas en mayo en la Comunidad Valenciana - COPE Alcoy","robots":{"index":"index","follow":"follow","max-snippet":"max-snippet:-1","max-image-preview":"max-image-preview:large","max-video-preview":"max-video-preview:-1"},"canonical":"https:\/\/www.copealcoy.es\/es\/el-paro-baja-en-4-516-personas-en-mayo-en-la-comunidad-valenciana\/","og_locale":"es_ES","og_type":"article","og_title":"El paro baja en 4.516 personas en mayo en la Comunidad Valenciana - COPE Alcoy","og_description":"El paro baj\u00f3 en la Comunitat Valenciana en 4.516 personas durante el mes de mayo (-1,26%) y el n\u00famero total...","og_url":"https:\/\/www.copealcoy.es\/es\/el-paro-baja-en-4-516-personas-en-mayo-en-la-comunidad-valenciana\/","og_site_name":"COPE Alcoy","article_published_time":"2022-06-02T10:20:52+00:00","og_image":[{"width":640,"height":427,"url":"https:\/\/www.copealcoy.es\/wp-content\/uploads\/2021\/02\/1612257033407-e1641581927170.jpg","type":"image\/jpeg"}],"author":"Cope Alcoy","twitter_misc":{"Escrito por":"Cope Alcoy","Tiempo de lectura":"1 minuto"},"schema":{"@context":"https:\/\/schema.org","@graph":[{"@type":"Article","@id":"https:\/\/www.copealcoy.es\/es\/el-paro-baja-en-4-516-personas-en-mayo-en-la-comunidad-valenciana\/#article","isPartOf":{"@id":"https:\/\/www.copealcoy.es\/es\/el-paro-baja-en-4-516-personas-en-mayo-en-la-comunidad-valenciana\/"},"author":{"name":"Cope Alcoy","@id":"https:\/\/www.copealcoy.es\/es\/#\/schema\/person\/e777c87fa024e57d40170af9df39882c"},"headline":"El paro baja en 4.516 personas en mayo en la Comunidad Valenciana","datePublished":"2022-06-02T10:20:52+00:00","mainEntityOfPage":{"@id":"https:\/\/www.copealcoy.es\/es\/el-paro-baja-en-4-516-personas-en-mayo-en-la-comunidad-valenciana\/"},"wordCount":151,"commentCount":0,"image":{"@id":"https:\/\/www.copealcoy.es\/es\/el-paro-baja-en-4-516-personas-en-mayo-en-la-comunidad-valenciana\/#primaryimage"},"thumbnailUrl":"https:\/\/www.copealcoy.es\/wp-content\/uploads\/2021\/02\/1612257033407-e1641581927170.jpg","keywords":["Comunitat Valenciana","datos","Desempleo","mayo","Ministerio de Trabajo"],"articleSection":["Actualidad","Noticias","Pol\u00edtica y Econom\u00eda"],"inLanguage":"es"},{"@type":"WebPage","@id":"https:\/\/www.copealcoy.es\/es\/el-paro-baja-en-4-516-personas-en-mayo-en-la-comunidad-valenciana\/","url":"https:\/\/www.copealcoy.es\/es\/el-paro-baja-en-4-516-personas-en-mayo-en-la-comunidad-valenciana\/","name":"El paro baja en 4.516 personas en mayo en la Comunidad Valenciana - COPE Alcoy","isPartOf":{"@id":"https:\/\/www.copealcoy.es\/es\/#website"},"primaryImageOfPage":{"@id":"https:\/\/www.copealcoy.es\/es\/el-paro-baja-en-4-516-personas-en-mayo-en-la-comunidad-valenciana\/#primaryimage"},"image":{"@id":"https:\/\/www.copealcoy.es\/es\/el-paro-baja-en-4-516-personas-en-mayo-en-la-comunidad-valenciana\/#primaryimage"},"thumbnailUrl":"https:\/\/www.copealcoy.es\/wp-content\/uploads\/2021\/02\/1612257033407-e1641581927170.jpg","datePublished":"2022-06-02T10:20:52+00:00","author":{"@id":"https:\/\/www.copealcoy.es\/es\/#\/schema\/person\/e777c87fa024e57d40170af9df39882c"},"breadcrumb":{"@id":"https:\/\/www.copealcoy.es\/es\/el-paro-baja-en-4-516-personas-en-mayo-en-la-comunidad-valenciana\/#breadcrumb"},"inLanguage":"es","potentialAction":[{"@type":"ReadAction","target":["https:\/\/www.copealcoy.es\/es\/el-paro-baja-en-4-516-personas-en-mayo-en-la-comunidad-valenciana\/"]}]},{"@type":"ImageObject","inLanguage":"es","@id":"https:\/\/www.copealcoy.es\/es\/el-paro-baja-en-4-516-personas-en-mayo-en-la-comunidad-valenciana\/#primaryimage","url":"https:\/\/www.copealcoy.es\/wp-content\/uploads\/2021\/02\/1612257033407-e1641581927170.jpg","contentUrl":"https:\/\/www.copealcoy.es\/wp-content\/uploads\/2021\/02\/1612257033407-e1641581927170.jpg","width":640,"height":427},{"@type":"BreadcrumbList","@id":"https:\/\/www.copealcoy.es\/es\/el-paro-baja-en-4-516-personas-en-mayo-en-la-comunidad-valenciana\/#breadcrumb","itemListElement":[{"@type":"ListItem","position":1,"name":"Portada","item":"https:\/\/www.copealcoy.es\/es\/"},{"@type":"ListItem","position":2,"name":"El paro baja en 4.516 personas en mayo en la Comunidad Valenciana"}]},{"@type":"WebSite","@id":"https:\/\/www.copealcoy.es\/es\/#website","url":"https:\/\/www.copealcoy.es\/es\/","name":"COPE Alcoy","description":"Emisora COPE de radio local con emisi\u00f3n online. Pont de Sant Jordi 8-10 03803 Alcoy","potentialAction":[{"@type":"SearchAction","target":{"@type":"EntryPoint","urlTemplate":"https:\/\/www.copealcoy.es\/es\/?s={search_term_string}"},"query-input":{"@type":"PropertyValueSpecification","valueRequired":true,"valueName":"search_term_string"}}],"inLanguage":"es"},{"@type":"Person","@id":"https:\/\/www.copealcoy.es\/es\/#\/schema\/person\/e777c87fa024e57d40170af9df39882c","name":"Cope Alcoy","image":{"@type":"ImageObject","inLanguage":"es","@id":"https:\/\/secure.gravatar.com\/avatar\/bb65d0283347e303893ba14f0692005417c1e0e690a325a4c5d8bb2b3943ee14?s=96&d=mm&r=g","url":"https:\/\/secure.gravatar.com\/avatar\/bb65d0283347e303893ba14f0692005417c1e0e690a325a4c5d8bb2b3943ee14?s=96&d=mm&r=g","contentUrl":"https:\/\/secure.gravatar.com\/avatar\/bb65d0283347e303893ba14f0692005417c1e0e690a325a4c5d8bb2b3943ee14?s=96&d=mm&r=g","caption":"Cope Alcoy"}}]}},"_links":{"self":[{"href":"https:\/\/www.copealcoy.es\/es\/wp-json\/wp\/v2\/posts\/88089","targetHints":{"allow":["GET"]}}],"collection":[{"href":"https:\/\/www.copealcoy.es\/es\/wp-json\/wp\/v2\/posts"}],"about":[{"href":"https:\/\/www.copealcoy.es\/es\/wp-json\/wp\/v2\/types\/post"}],"author":[{"embeddable":true,"href":"https:\/\/www.copealcoy.es\/es\/wp-json\/wp\/v2\/users\/1"}],"replies":[{"embeddable":true,"href":"https:\/\/www.copealcoy.es\/es\/wp-json\/wp\/v2\/comments?post=88089"}],"version-history":[{"count":0,"href":"https:\/\/www.copealcoy.es\/es\/wp-json\/wp\/v2\/posts\/88089\/revisions"}],"wp:featuredmedia":[{"embeddable":true,"href":"https:\/\/www.copealcoy.es\/es\/wp-json\/wp\/v2\/media\/70462"}],"wp:attachment":[{"href":"https:\/\/www.copealcoy.es\/es\/wp-json\/wp\/v2\/media?parent=88089"}],"wp:term":[{"taxonomy":"category","embeddable":true,"href":"https:\/\/www.copealcoy.es\/es\/wp-json\/wp\/v2\/categories?post=88089"},{"taxonomy":"post_tag","embeddable":true,"href":"https:\/\/www.copealcoy.es\/es\/wp-json\/wp\/v2\/tags?post=88089"}],"curies":[{"name":"wp","href":"https:\/\/api.w.org\/{rel}","templated":true}]}}