{"id":88065,"date":"2022-06-01T10:57:22","date_gmt":"2022-06-01T09:57:22","guid":{"rendered":"https:\/\/www.copealcoy.es\/?p=88065"},"modified":"2022-06-01T17:05:51","modified_gmt":"2022-06-01T16:05:51","slug":"el-salvador-de-cocentaina-estrena-nuevo-altar-para-la-dolorosa","status":"publish","type":"post","link":"https:\/\/www.copealcoy.es\/es\/el-salvador-de-cocentaina-estrena-nuevo-altar-para-la-dolorosa\/","title":{"rendered":"El Salvador de Cocentaina estrena nuevo altar para La Dolorosa"},"content":{"rendered":"<p style=\"text-align: justify;\">La <strong>Parroquia del Salvador de Cocentaina<\/strong> ha estrenado recientemente<strong> el nuevo altar para la imagen de La Dolorosa<\/strong>, uno de los pasos de la Semana Santa del municipio que <strong>despierta gran devoci\u00f3n<\/strong> entre los vecinos de la Villa Condal. Esta talla <strong>fue realizada tras la Guerra Civil por el recordado escultor local Vicente de Pa\u00fal Agull\u00f3<\/strong>, conocido como \u2018Agull\u00f3 de Cocentaina\u2019, y hasta ahora <strong>se guardaba en una hornacina lateral de la capilla de la comuni\u00f3n<\/strong> de la citada iglesia del Salvador. De all\u00ed <strong>sal\u00eda en cada Semana Santa<\/strong> para participar en procesiones como la que organiza la cofrad\u00eda en la noche del Domingo de Ramos, la del Santo Entierro de Viernes Santo y la del Encuentro con el Resucitado en la madrugada del Domingo de Pascua.<\/p>\n<p style=\"text-align: justify;\">Desde la Junta de la citada cofrad\u00eda de La Dolorosa <strong>decidieron el pasado a\u00f1o poder trasladar a la Virgen a la nave mayor del templo<\/strong> y tras acordarlo en asamblea <strong>plantearon la propuesta a la comunidad parroquial<\/strong>, la cual la acept\u00f3 de inmediato. A partir de ah\u00ed <strong>se inici\u00f3 el proceso para construir un nuevo altar<\/strong> que se ha habilitado a <strong>la parte izquierda de la nave mayor del templo<\/strong> \u201c<em>ah\u00ed ten\u00edamos un conjunto de reciente creaci\u00f3n dedicado a la Mare de D\u00e9u del Miracle y lo hemos desmontado para trasladar despu\u00e9s el cuadro de la patrona al altar de la capilla. Seguidamente, con el remanente de la cofrad\u00eda y el apoyo de los feligreses, se encarg\u00f3 un nuevo altar a una empresa de Valencia y esta ha creado una obra de escayola que ha gustado mucho a la gente por la riqueza de su decoraci\u00f3n. Ahora nos queda la segunda fase que consistir\u00e1 en pintarlo y decorarlo<\/em>\u201d, explica el p\u00e1rroco del Salvador;<strong> Don Javier Sanchiz<\/strong>.<\/p>\n<p style=\"text-align: justify;\">Despu\u00e9s de este proceso <strong>se instalar\u00e1 nueva iluminaci\u00f3n<\/strong> acorde con el estilo arquitect\u00f3nico de esta parroquia contestana. Indicar que la cofrad\u00eda de la Dolorosa<strong> ha renovado tambi\u00e9n esta semana su junta directiva<\/strong>, la cual tendr\u00e1 a <strong>Paola Castell\u00f3 y a Joan Palac\u00ed<\/strong> como Presidenta y Vicepresidente para los pr\u00f3ximos tres a\u00f1os.<\/p>\n","protected":false},"excerpt":{"rendered":"<p>La Parroquia del Salvador de Cocentaina ha estrenado recientemente el nuevo altar para la imagen de La Dolorosa, uno de&#8230;<\/p>\n","protected":false},"author":1,"featured_media":88066,"comment_status":"open","ping_status":"open","sticky":false,"template":"","format":"standard","meta":{"footnotes":""},"categories":[98,75],"tags":[4530,132,2029,1684,745],"class_list":["post-88065","post","type-post","status-publish","format-standard","has-post-thumbnail","hentry","category-comarcas","category-noticias","tag-altar","tag-cocentaina","tag-dolorosa","tag-parroquia-el-salvador","tag-semana-santa"],"yoast_head":"<!-- This site is optimized with the Yoast SEO plugin v27.3 - https:\/\/yoast.com\/product\/yoast-seo-wordpress\/ -->\n<title>El Salvador de Cocentaina estrena nuevo altar para La Dolorosa - COPE Alcoy<\/title>\n<meta name=\"robots\" content=\"index, follow, max-snippet:-1, max-image-preview:large, max-video-preview:-1\" \/>\n<link rel=\"canonical\" href=\"https:\/\/www.copealcoy.es\/es\/el-salvador-de-cocentaina-estrena-nuevo-altar-para-la-dolorosa\/\" \/>\n<meta property=\"og:locale\" content=\"es_ES\" \/>\n<meta property=\"og:type\" content=\"article\" \/>\n<meta property=\"og:title\" content=\"El Salvador de Cocentaina estrena nuevo altar para La Dolorosa - COPE Alcoy\" \/>\n<meta property=\"og:description\" content=\"La Parroquia del Salvador de Cocentaina ha estrenado recientemente el nuevo altar para la imagen de La Dolorosa, uno de...\" \/>\n<meta property=\"og:url\" content=\"https:\/\/www.copealcoy.es\/es\/el-salvador-de-cocentaina-estrena-nuevo-altar-para-la-dolorosa\/\" \/>\n<meta property=\"og:site_name\" content=\"COPE Alcoy\" \/>\n<meta property=\"article:published_time\" content=\"2022-06-01T09:57:22+00:00\" \/>\n<meta property=\"article:modified_time\" content=\"2022-06-01T16:05:51+00:00\" \/>\n<meta property=\"og:image\" content=\"https:\/\/www.copealcoy.es\/wp-content\/uploads\/2022\/06\/10-Detalle-del-nuevo-altar-dedicado-a-la-Virgen-de-los-Dolores-Foto-Parroquia-El-Salvador.jpg\" \/>\n\t<meta property=\"og:image:width\" content=\"608\" \/>\n\t<meta property=\"og:image:height\" content=\"1080\" \/>\n\t<meta property=\"og:image:type\" content=\"image\/jpeg\" \/>\n<meta name=\"author\" content=\"Cope Alcoy\" \/>\n<meta name=\"twitter:label1\" content=\"Escrito por\" \/>\n\t<meta name=\"twitter:data1\" content=\"Cope Alcoy\" \/>\n\t<meta name=\"twitter:label2\" content=\"Tiempo de lectura\" \/>\n\t<meta name=\"twitter:data2\" content=\"2 minutos\" \/>\n<script type=\"application\/ld+json\" class=\"yoast-schema-graph\">{\"@context\":\"https:\\\/\\\/schema.org\",\"@graph\":[{\"@type\":\"Article\",\"@id\":\"https:\\\/\\\/www.copealcoy.es\\\/es\\\/el-salvador-de-cocentaina-estrena-nuevo-altar-para-la-dolorosa\\\/#article\",\"isPartOf\":{\"@id\":\"https:\\\/\\\/www.copealcoy.es\\\/es\\\/el-salvador-de-cocentaina-estrena-nuevo-altar-para-la-dolorosa\\\/\"},\"author\":{\"name\":\"Cope Alcoy\",\"@id\":\"https:\\\/\\\/www.copealcoy.es\\\/es\\\/#\\\/schema\\\/person\\\/e777c87fa024e57d40170af9df39882c\"},\"headline\":\"El Salvador de Cocentaina estrena nuevo altar para La Dolorosa\",\"datePublished\":\"2022-06-01T09:57:22+00:00\",\"dateModified\":\"2022-06-01T16:05:51+00:00\",\"mainEntityOfPage\":{\"@id\":\"https:\\\/\\\/www.copealcoy.es\\\/es\\\/el-salvador-de-cocentaina-estrena-nuevo-altar-para-la-dolorosa\\\/\"},\"wordCount\":375,\"commentCount\":0,\"image\":{\"@id\":\"https:\\\/\\\/www.copealcoy.es\\\/es\\\/el-salvador-de-cocentaina-estrena-nuevo-altar-para-la-dolorosa\\\/#primaryimage\"},\"thumbnailUrl\":\"https:\\\/\\\/www.copealcoy.es\\\/wp-content\\\/uploads\\\/2022\\\/06\\\/10-Detalle-del-nuevo-altar-dedicado-a-la-Virgen-de-los-Dolores-Foto-Parroquia-El-Salvador.jpg\",\"keywords\":[\"altar\",\"Cocentaina\",\"Dolorosa\",\"Parroquia El Salvador\",\"Semana Santa\"],\"articleSection\":[\"Comarcas\",\"Noticias\"],\"inLanguage\":\"es\"},{\"@type\":\"WebPage\",\"@id\":\"https:\\\/\\\/www.copealcoy.es\\\/es\\\/el-salvador-de-cocentaina-estrena-nuevo-altar-para-la-dolorosa\\\/\",\"url\":\"https:\\\/\\\/www.copealcoy.es\\\/es\\\/el-salvador-de-cocentaina-estrena-nuevo-altar-para-la-dolorosa\\\/\",\"name\":\"El Salvador de Cocentaina estrena nuevo altar para La Dolorosa - COPE Alcoy\",\"isPartOf\":{\"@id\":\"https:\\\/\\\/www.copealcoy.es\\\/es\\\/#website\"},\"primaryImageOfPage\":{\"@id\":\"https:\\\/\\\/www.copealcoy.es\\\/es\\\/el-salvador-de-cocentaina-estrena-nuevo-altar-para-la-dolorosa\\\/#primaryimage\"},\"image\":{\"@id\":\"https:\\\/\\\/www.copealcoy.es\\\/es\\\/el-salvador-de-cocentaina-estrena-nuevo-altar-para-la-dolorosa\\\/#primaryimage\"},\"thumbnailUrl\":\"https:\\\/\\\/www.copealcoy.es\\\/wp-content\\\/uploads\\\/2022\\\/06\\\/10-Detalle-del-nuevo-altar-dedicado-a-la-Virgen-de-los-Dolores-Foto-Parroquia-El-Salvador.jpg\",\"datePublished\":\"2022-06-01T09:57:22+00:00\",\"dateModified\":\"2022-06-01T16:05:51+00:00\",\"author\":{\"@id\":\"https:\\\/\\\/www.copealcoy.es\\\/es\\\/#\\\/schema\\\/person\\\/e777c87fa024e57d40170af9df39882c\"},\"breadcrumb\":{\"@id\":\"https:\\\/\\\/www.copealcoy.es\\\/es\\\/el-salvador-de-cocentaina-estrena-nuevo-altar-para-la-dolorosa\\\/#breadcrumb\"},\"inLanguage\":\"es\",\"potentialAction\":[{\"@type\":\"ReadAction\",\"target\":[\"https:\\\/\\\/www.copealcoy.es\\\/es\\\/el-salvador-de-cocentaina-estrena-nuevo-altar-para-la-dolorosa\\\/\"]}]},{\"@type\":\"ImageObject\",\"inLanguage\":\"es\",\"@id\":\"https:\\\/\\\/www.copealcoy.es\\\/es\\\/el-salvador-de-cocentaina-estrena-nuevo-altar-para-la-dolorosa\\\/#primaryimage\",\"url\":\"https:\\\/\\\/www.copealcoy.es\\\/wp-content\\\/uploads\\\/2022\\\/06\\\/10-Detalle-del-nuevo-altar-dedicado-a-la-Virgen-de-los-Dolores-Foto-Parroquia-El-Salvador.jpg\",\"contentUrl\":\"https:\\\/\\\/www.copealcoy.es\\\/wp-content\\\/uploads\\\/2022\\\/06\\\/10-Detalle-del-nuevo-altar-dedicado-a-la-Virgen-de-los-Dolores-Foto-Parroquia-El-Salvador.jpg\",\"width\":608,\"height\":1080},{\"@type\":\"BreadcrumbList\",\"@id\":\"https:\\\/\\\/www.copealcoy.es\\\/es\\\/el-salvador-de-cocentaina-estrena-nuevo-altar-para-la-dolorosa\\\/#breadcrumb\",\"itemListElement\":[{\"@type\":\"ListItem\",\"position\":1,\"name\":\"Portada\",\"item\":\"https:\\\/\\\/www.copealcoy.es\\\/es\\\/\"},{\"@type\":\"ListItem\",\"position\":2,\"name\":\"El Salvador de Cocentaina estrena nuevo altar para La Dolorosa\"}]},{\"@type\":\"WebSite\",\"@id\":\"https:\\\/\\\/www.copealcoy.es\\\/es\\\/#website\",\"url\":\"https:\\\/\\\/www.copealcoy.es\\\/es\\\/\",\"name\":\"COPE Alcoy\",\"description\":\"Emisora COPE de radio local con emisi\u00f3n online. Pont de Sant Jordi 8-10 03803 Alcoy\",\"potentialAction\":[{\"@type\":\"SearchAction\",\"target\":{\"@type\":\"EntryPoint\",\"urlTemplate\":\"https:\\\/\\\/www.copealcoy.es\\\/es\\\/?s={search_term_string}\"},\"query-input\":{\"@type\":\"PropertyValueSpecification\",\"valueRequired\":true,\"valueName\":\"search_term_string\"}}],\"inLanguage\":\"es\"},{\"@type\":\"Person\",\"@id\":\"https:\\\/\\\/www.copealcoy.es\\\/es\\\/#\\\/schema\\\/person\\\/e777c87fa024e57d40170af9df39882c\",\"name\":\"Cope Alcoy\",\"image\":{\"@type\":\"ImageObject\",\"inLanguage\":\"es\",\"@id\":\"https:\\\/\\\/secure.gravatar.com\\\/avatar\\\/bb65d0283347e303893ba14f0692005417c1e0e690a325a4c5d8bb2b3943ee14?s=96&d=mm&r=g\",\"url\":\"https:\\\/\\\/secure.gravatar.com\\\/avatar\\\/bb65d0283347e303893ba14f0692005417c1e0e690a325a4c5d8bb2b3943ee14?s=96&d=mm&r=g\",\"contentUrl\":\"https:\\\/\\\/secure.gravatar.com\\\/avatar\\\/bb65d0283347e303893ba14f0692005417c1e0e690a325a4c5d8bb2b3943ee14?s=96&d=mm&r=g\",\"caption\":\"Cope Alcoy\"}}]}<\/script>\n<!-- \/ Yoast SEO plugin. -->","yoast_head_json":{"title":"El Salvador de Cocentaina estrena nuevo altar para La Dolorosa - COPE Alcoy","robots":{"index":"index","follow":"follow","max-snippet":"max-snippet:-1","max-image-preview":"max-image-preview:large","max-video-preview":"max-video-preview:-1"},"canonical":"https:\/\/www.copealcoy.es\/es\/el-salvador-de-cocentaina-estrena-nuevo-altar-para-la-dolorosa\/","og_locale":"es_ES","og_type":"article","og_title":"El Salvador de Cocentaina estrena nuevo altar para La Dolorosa - COPE Alcoy","og_description":"La Parroquia del Salvador de Cocentaina ha estrenado recientemente el nuevo altar para la imagen de La Dolorosa, uno de...","og_url":"https:\/\/www.copealcoy.es\/es\/el-salvador-de-cocentaina-estrena-nuevo-altar-para-la-dolorosa\/","og_site_name":"COPE Alcoy","article_published_time":"2022-06-01T09:57:22+00:00","article_modified_time":"2022-06-01T16:05:51+00:00","og_image":[{"width":608,"height":1080,"url":"https:\/\/www.copealcoy.es\/wp-content\/uploads\/2022\/06\/10-Detalle-del-nuevo-altar-dedicado-a-la-Virgen-de-los-Dolores-Foto-Parroquia-El-Salvador.jpg","type":"image\/jpeg"}],"author":"Cope Alcoy","twitter_misc":{"Escrito por":"Cope Alcoy","Tiempo de lectura":"2 minutos"},"schema":{"@context":"https:\/\/schema.org","@graph":[{"@type":"Article","@id":"https:\/\/www.copealcoy.es\/es\/el-salvador-de-cocentaina-estrena-nuevo-altar-para-la-dolorosa\/#article","isPartOf":{"@id":"https:\/\/www.copealcoy.es\/es\/el-salvador-de-cocentaina-estrena-nuevo-altar-para-la-dolorosa\/"},"author":{"name":"Cope Alcoy","@id":"https:\/\/www.copealcoy.es\/es\/#\/schema\/person\/e777c87fa024e57d40170af9df39882c"},"headline":"El Salvador de Cocentaina estrena nuevo altar para La Dolorosa","datePublished":"2022-06-01T09:57:22+00:00","dateModified":"2022-06-01T16:05:51+00:00","mainEntityOfPage":{"@id":"https:\/\/www.copealcoy.es\/es\/el-salvador-de-cocentaina-estrena-nuevo-altar-para-la-dolorosa\/"},"wordCount":375,"commentCount":0,"image":{"@id":"https:\/\/www.copealcoy.es\/es\/el-salvador-de-cocentaina-estrena-nuevo-altar-para-la-dolorosa\/#primaryimage"},"thumbnailUrl":"https:\/\/www.copealcoy.es\/wp-content\/uploads\/2022\/06\/10-Detalle-del-nuevo-altar-dedicado-a-la-Virgen-de-los-Dolores-Foto-Parroquia-El-Salvador.jpg","keywords":["altar","Cocentaina","Dolorosa","Parroquia El Salvador","Semana Santa"],"articleSection":["Comarcas","Noticias"],"inLanguage":"es"},{"@type":"WebPage","@id":"https:\/\/www.copealcoy.es\/es\/el-salvador-de-cocentaina-estrena-nuevo-altar-para-la-dolorosa\/","url":"https:\/\/www.copealcoy.es\/es\/el-salvador-de-cocentaina-estrena-nuevo-altar-para-la-dolorosa\/","name":"El Salvador de Cocentaina estrena nuevo altar para La Dolorosa - COPE Alcoy","isPartOf":{"@id":"https:\/\/www.copealcoy.es\/es\/#website"},"primaryImageOfPage":{"@id":"https:\/\/www.copealcoy.es\/es\/el-salvador-de-cocentaina-estrena-nuevo-altar-para-la-dolorosa\/#primaryimage"},"image":{"@id":"https:\/\/www.copealcoy.es\/es\/el-salvador-de-cocentaina-estrena-nuevo-altar-para-la-dolorosa\/#primaryimage"},"thumbnailUrl":"https:\/\/www.copealcoy.es\/wp-content\/uploads\/2022\/06\/10-Detalle-del-nuevo-altar-dedicado-a-la-Virgen-de-los-Dolores-Foto-Parroquia-El-Salvador.jpg","datePublished":"2022-06-01T09:57:22+00:00","dateModified":"2022-06-01T16:05:51+00:00","author":{"@id":"https:\/\/www.copealcoy.es\/es\/#\/schema\/person\/e777c87fa024e57d40170af9df39882c"},"breadcrumb":{"@id":"https:\/\/www.copealcoy.es\/es\/el-salvador-de-cocentaina-estrena-nuevo-altar-para-la-dolorosa\/#breadcrumb"},"inLanguage":"es","potentialAction":[{"@type":"ReadAction","target":["https:\/\/www.copealcoy.es\/es\/el-salvador-de-cocentaina-estrena-nuevo-altar-para-la-dolorosa\/"]}]},{"@type":"ImageObject","inLanguage":"es","@id":"https:\/\/www.copealcoy.es\/es\/el-salvador-de-cocentaina-estrena-nuevo-altar-para-la-dolorosa\/#primaryimage","url":"https:\/\/www.copealcoy.es\/wp-content\/uploads\/2022\/06\/10-Detalle-del-nuevo-altar-dedicado-a-la-Virgen-de-los-Dolores-Foto-Parroquia-El-Salvador.jpg","contentUrl":"https:\/\/www.copealcoy.es\/wp-content\/uploads\/2022\/06\/10-Detalle-del-nuevo-altar-dedicado-a-la-Virgen-de-los-Dolores-Foto-Parroquia-El-Salvador.jpg","width":608,"height":1080},{"@type":"BreadcrumbList","@id":"https:\/\/www.copealcoy.es\/es\/el-salvador-de-cocentaina-estrena-nuevo-altar-para-la-dolorosa\/#breadcrumb","itemListElement":[{"@type":"ListItem","position":1,"name":"Portada","item":"https:\/\/www.copealcoy.es\/es\/"},{"@type":"ListItem","position":2,"name":"El Salvador de Cocentaina estrena nuevo altar para La Dolorosa"}]},{"@type":"WebSite","@id":"https:\/\/www.copealcoy.es\/es\/#website","url":"https:\/\/www.copealcoy.es\/es\/","name":"COPE Alcoy","description":"Emisora COPE de radio local con emisi\u00f3n online. Pont de Sant Jordi 8-10 03803 Alcoy","potentialAction":[{"@type":"SearchAction","target":{"@type":"EntryPoint","urlTemplate":"https:\/\/www.copealcoy.es\/es\/?s={search_term_string}"},"query-input":{"@type":"PropertyValueSpecification","valueRequired":true,"valueName":"search_term_string"}}],"inLanguage":"es"},{"@type":"Person","@id":"https:\/\/www.copealcoy.es\/es\/#\/schema\/person\/e777c87fa024e57d40170af9df39882c","name":"Cope Alcoy","image":{"@type":"ImageObject","inLanguage":"es","@id":"https:\/\/secure.gravatar.com\/avatar\/bb65d0283347e303893ba14f0692005417c1e0e690a325a4c5d8bb2b3943ee14?s=96&d=mm&r=g","url":"https:\/\/secure.gravatar.com\/avatar\/bb65d0283347e303893ba14f0692005417c1e0e690a325a4c5d8bb2b3943ee14?s=96&d=mm&r=g","contentUrl":"https:\/\/secure.gravatar.com\/avatar\/bb65d0283347e303893ba14f0692005417c1e0e690a325a4c5d8bb2b3943ee14?s=96&d=mm&r=g","caption":"Cope Alcoy"}}]}},"_links":{"self":[{"href":"https:\/\/www.copealcoy.es\/es\/wp-json\/wp\/v2\/posts\/88065","targetHints":{"allow":["GET"]}}],"collection":[{"href":"https:\/\/www.copealcoy.es\/es\/wp-json\/wp\/v2\/posts"}],"about":[{"href":"https:\/\/www.copealcoy.es\/es\/wp-json\/wp\/v2\/types\/post"}],"author":[{"embeddable":true,"href":"https:\/\/www.copealcoy.es\/es\/wp-json\/wp\/v2\/users\/1"}],"replies":[{"embeddable":true,"href":"https:\/\/www.copealcoy.es\/es\/wp-json\/wp\/v2\/comments?post=88065"}],"version-history":[{"count":0,"href":"https:\/\/www.copealcoy.es\/es\/wp-json\/wp\/v2\/posts\/88065\/revisions"}],"wp:featuredmedia":[{"embeddable":true,"href":"https:\/\/www.copealcoy.es\/es\/wp-json\/wp\/v2\/media\/88066"}],"wp:attachment":[{"href":"https:\/\/www.copealcoy.es\/es\/wp-json\/wp\/v2\/media?parent=88065"}],"wp:term":[{"taxonomy":"category","embeddable":true,"href":"https:\/\/www.copealcoy.es\/es\/wp-json\/wp\/v2\/categories?post=88065"},{"taxonomy":"post_tag","embeddable":true,"href":"https:\/\/www.copealcoy.es\/es\/wp-json\/wp\/v2\/tags?post=88065"}],"curies":[{"name":"wp","href":"https:\/\/api.w.org\/{rel}","templated":true}]}}