{"id":87779,"date":"2022-05-25T08:58:43","date_gmt":"2022-05-25T07:58:43","guid":{"rendered":"https:\/\/www.copealcoy.es\/?p=87779"},"modified":"2022-05-25T09:03:01","modified_gmt":"2022-05-25T08:03:01","slug":"la-comunitat-valenciana-notifica-13-fallecidos-y-4-728-nuevos-casos","status":"publish","type":"post","link":"https:\/\/www.copealcoy.es\/es\/la-comunitat-valenciana-notifica-13-fallecidos-y-4-728-nuevos-casos\/","title":{"rendered":"La Comunitat Valenciana notifica 13 fallecidos y 4.728 nuevos casos"},"content":{"rendered":"<p style=\"text-align: justify;\">La <strong>Conselleria de Sanitat<\/strong> ha notificado un total de <strong>4.728 nuevos casos de coronavirus<\/strong>\u00a0confirmados por prueba PCR o a trav\u00e9s de test de ant\u00edgenos desde la \u00faltima actualizaci\u00f3n. Los nuevos casos por provincias son 703 en Castell\u00f3n (175.463 en total), 1.478 en Alicante (491.226 en total) y 2.547 en Valencia (764.678 en total).<\/p>\n<p style=\"text-align: justify;\">De ellos,<strong>\u00a02.227 son de personas mayores de 60 a\u00f1os<\/strong>. Por provincias: 401 de Castell\u00f3n, 704 de Alicante y 1.122 de Valencia.<\/p>\n<p style=\"text-align: justify;\">Los hospitales valencianos tienen, actualmente\u00a0<strong>769 personas ingresadas, 36 de ellas en la UCI<\/strong>: 116 en la provincia de Castell\u00f3n, 4 en UCI; 266 en la provincia de Alicante, 13 de ellas en la UCI; y 387 en la provincia de Valencia, 19 en UCI.<\/p>\n<p style=\"text-align: justify;\">Se han notificado\u00a0<strong>13 fallecimientos por Coronavirus <\/strong>desde la \u00faltima actualizaci\u00f3n. Se trata de 6 mujeres, de entre 78 y 100 a\u00f1os, y 7 hombres de 79 a 95 a\u00f1os. El<strong> total de decesos<\/strong> desde el inicio de la pandemia asciende a 9.391: 1.097 en la provincia de Castell\u00f3n, <strong>3.569 en la de Alicante<\/strong> y 4.725 en la de Valencia.<\/p>\n","protected":false},"excerpt":{"rendered":"<p>La Conselleria de Sanitat ha notificado un total de 4.728 nuevos casos de coronavirus\u00a0confirmados por prueba PCR o a trav\u00e9s&#8230;<\/p>\n","protected":false},"author":1,"featured_media":83773,"comment_status":"open","ping_status":"open","sticky":false,"template":"","format":"standard","meta":{"footnotes":""},"categories":[6909,75,79],"tags":[12687,1768,7281,7397,12756,7477],"class_list":["post-87779","post","type-post","status-publish","format-standard","has-post-thumbnail","hentry","category-actualidad","category-noticias","category-politicayeconomia","tag-cifras","tag-comunitat-valenciana","tag-coronavirus","tag-covid-19","tag-datos-notificados","tag-pandemia"],"yoast_head":"<!-- This site is optimized with the Yoast SEO plugin v27.3 - https:\/\/yoast.com\/product\/yoast-seo-wordpress\/ -->\n<title>La Comunitat Valenciana notifica 13 fallecidos y 4.728 nuevos casos - COPE Alcoy<\/title>\n<meta name=\"robots\" content=\"index, follow, max-snippet:-1, max-image-preview:large, max-video-preview:-1\" \/>\n<link rel=\"canonical\" href=\"https:\/\/www.copealcoy.es\/es\/la-comunitat-valenciana-notifica-13-fallecidos-y-4-728-nuevos-casos\/\" \/>\n<meta property=\"og:locale\" content=\"es_ES\" \/>\n<meta property=\"og:type\" content=\"article\" \/>\n<meta property=\"og:title\" content=\"La Comunitat Valenciana notifica 13 fallecidos y 4.728 nuevos casos - COPE Alcoy\" \/>\n<meta property=\"og:description\" content=\"La Conselleria de Sanitat ha notificado un total de 4.728 nuevos casos de coronavirus\u00a0confirmados por prueba PCR o a trav\u00e9s...\" \/>\n<meta property=\"og:url\" content=\"https:\/\/www.copealcoy.es\/es\/la-comunitat-valenciana-notifica-13-fallecidos-y-4-728-nuevos-casos\/\" \/>\n<meta property=\"og:site_name\" content=\"COPE Alcoy\" \/>\n<meta property=\"article:published_time\" content=\"2022-05-25T07:58:43+00:00\" \/>\n<meta property=\"article:modified_time\" content=\"2022-05-25T08:03:01+00:00\" \/>\n<meta property=\"og:image\" content=\"https:\/\/www.copealcoy.es\/wp-content\/uploads\/2022\/02\/1630671244402.jpg\" \/>\n\t<meta property=\"og:image:width\" content=\"976\" \/>\n\t<meta property=\"og:image:height\" content=\"546\" \/>\n\t<meta property=\"og:image:type\" content=\"image\/jpeg\" \/>\n<meta name=\"author\" content=\"Cope Alcoy\" \/>\n<meta name=\"twitter:label1\" content=\"Escrito por\" \/>\n\t<meta name=\"twitter:data1\" content=\"Cope Alcoy\" \/>\n\t<meta name=\"twitter:label2\" content=\"Tiempo de lectura\" \/>\n\t<meta name=\"twitter:data2\" content=\"1 minuto\" \/>\n<script type=\"application\/ld+json\" class=\"yoast-schema-graph\">{\"@context\":\"https:\\\/\\\/schema.org\",\"@graph\":[{\"@type\":\"Article\",\"@id\":\"https:\\\/\\\/www.copealcoy.es\\\/es\\\/la-comunitat-valenciana-notifica-13-fallecidos-y-4-728-nuevos-casos\\\/#article\",\"isPartOf\":{\"@id\":\"https:\\\/\\\/www.copealcoy.es\\\/es\\\/la-comunitat-valenciana-notifica-13-fallecidos-y-4-728-nuevos-casos\\\/\"},\"author\":{\"name\":\"Cope Alcoy\",\"@id\":\"https:\\\/\\\/www.copealcoy.es\\\/es\\\/#\\\/schema\\\/person\\\/e777c87fa024e57d40170af9df39882c\"},\"headline\":\"La Comunitat Valenciana notifica 13 fallecidos y 4.728 nuevos casos\",\"datePublished\":\"2022-05-25T07:58:43+00:00\",\"dateModified\":\"2022-05-25T08:03:01+00:00\",\"mainEntityOfPage\":{\"@id\":\"https:\\\/\\\/www.copealcoy.es\\\/es\\\/la-comunitat-valenciana-notifica-13-fallecidos-y-4-728-nuevos-casos\\\/\"},\"wordCount\":169,\"commentCount\":0,\"image\":{\"@id\":\"https:\\\/\\\/www.copealcoy.es\\\/es\\\/la-comunitat-valenciana-notifica-13-fallecidos-y-4-728-nuevos-casos\\\/#primaryimage\"},\"thumbnailUrl\":\"https:\\\/\\\/www.copealcoy.es\\\/wp-content\\\/uploads\\\/2022\\\/02\\\/1630671244402.jpg\",\"keywords\":[\"cifras\",\"Comunitat Valenciana\",\"Coronavirus\",\"Covid-19\",\"datos notificados\",\"pandemia\"],\"articleSection\":[\"Actualidad\",\"Noticias\",\"Pol\u00edtica y Econom\u00eda\"],\"inLanguage\":\"es\"},{\"@type\":\"WebPage\",\"@id\":\"https:\\\/\\\/www.copealcoy.es\\\/es\\\/la-comunitat-valenciana-notifica-13-fallecidos-y-4-728-nuevos-casos\\\/\",\"url\":\"https:\\\/\\\/www.copealcoy.es\\\/es\\\/la-comunitat-valenciana-notifica-13-fallecidos-y-4-728-nuevos-casos\\\/\",\"name\":\"La Comunitat Valenciana notifica 13 fallecidos y 4.728 nuevos casos - COPE Alcoy\",\"isPartOf\":{\"@id\":\"https:\\\/\\\/www.copealcoy.es\\\/es\\\/#website\"},\"primaryImageOfPage\":{\"@id\":\"https:\\\/\\\/www.copealcoy.es\\\/es\\\/la-comunitat-valenciana-notifica-13-fallecidos-y-4-728-nuevos-casos\\\/#primaryimage\"},\"image\":{\"@id\":\"https:\\\/\\\/www.copealcoy.es\\\/es\\\/la-comunitat-valenciana-notifica-13-fallecidos-y-4-728-nuevos-casos\\\/#primaryimage\"},\"thumbnailUrl\":\"https:\\\/\\\/www.copealcoy.es\\\/wp-content\\\/uploads\\\/2022\\\/02\\\/1630671244402.jpg\",\"datePublished\":\"2022-05-25T07:58:43+00:00\",\"dateModified\":\"2022-05-25T08:03:01+00:00\",\"author\":{\"@id\":\"https:\\\/\\\/www.copealcoy.es\\\/es\\\/#\\\/schema\\\/person\\\/e777c87fa024e57d40170af9df39882c\"},\"breadcrumb\":{\"@id\":\"https:\\\/\\\/www.copealcoy.es\\\/es\\\/la-comunitat-valenciana-notifica-13-fallecidos-y-4-728-nuevos-casos\\\/#breadcrumb\"},\"inLanguage\":\"es\",\"potentialAction\":[{\"@type\":\"ReadAction\",\"target\":[\"https:\\\/\\\/www.copealcoy.es\\\/es\\\/la-comunitat-valenciana-notifica-13-fallecidos-y-4-728-nuevos-casos\\\/\"]}]},{\"@type\":\"ImageObject\",\"inLanguage\":\"es\",\"@id\":\"https:\\\/\\\/www.copealcoy.es\\\/es\\\/la-comunitat-valenciana-notifica-13-fallecidos-y-4-728-nuevos-casos\\\/#primaryimage\",\"url\":\"https:\\\/\\\/www.copealcoy.es\\\/wp-content\\\/uploads\\\/2022\\\/02\\\/1630671244402.jpg\",\"contentUrl\":\"https:\\\/\\\/www.copealcoy.es\\\/wp-content\\\/uploads\\\/2022\\\/02\\\/1630671244402.jpg\",\"width\":976,\"height\":546},{\"@type\":\"BreadcrumbList\",\"@id\":\"https:\\\/\\\/www.copealcoy.es\\\/es\\\/la-comunitat-valenciana-notifica-13-fallecidos-y-4-728-nuevos-casos\\\/#breadcrumb\",\"itemListElement\":[{\"@type\":\"ListItem\",\"position\":1,\"name\":\"Portada\",\"item\":\"https:\\\/\\\/www.copealcoy.es\\\/es\\\/\"},{\"@type\":\"ListItem\",\"position\":2,\"name\":\"La Comunitat Valenciana notifica 13 fallecidos y 4.728 nuevos casos\"}]},{\"@type\":\"WebSite\",\"@id\":\"https:\\\/\\\/www.copealcoy.es\\\/es\\\/#website\",\"url\":\"https:\\\/\\\/www.copealcoy.es\\\/es\\\/\",\"name\":\"COPE Alcoy\",\"description\":\"Emisora COPE de radio local con emisi\u00f3n online. Pont de Sant Jordi 8-10 03803 Alcoy\",\"potentialAction\":[{\"@type\":\"SearchAction\",\"target\":{\"@type\":\"EntryPoint\",\"urlTemplate\":\"https:\\\/\\\/www.copealcoy.es\\\/es\\\/?s={search_term_string}\"},\"query-input\":{\"@type\":\"PropertyValueSpecification\",\"valueRequired\":true,\"valueName\":\"search_term_string\"}}],\"inLanguage\":\"es\"},{\"@type\":\"Person\",\"@id\":\"https:\\\/\\\/www.copealcoy.es\\\/es\\\/#\\\/schema\\\/person\\\/e777c87fa024e57d40170af9df39882c\",\"name\":\"Cope Alcoy\",\"image\":{\"@type\":\"ImageObject\",\"inLanguage\":\"es\",\"@id\":\"https:\\\/\\\/secure.gravatar.com\\\/avatar\\\/bb65d0283347e303893ba14f0692005417c1e0e690a325a4c5d8bb2b3943ee14?s=96&d=mm&r=g\",\"url\":\"https:\\\/\\\/secure.gravatar.com\\\/avatar\\\/bb65d0283347e303893ba14f0692005417c1e0e690a325a4c5d8bb2b3943ee14?s=96&d=mm&r=g\",\"contentUrl\":\"https:\\\/\\\/secure.gravatar.com\\\/avatar\\\/bb65d0283347e303893ba14f0692005417c1e0e690a325a4c5d8bb2b3943ee14?s=96&d=mm&r=g\",\"caption\":\"Cope Alcoy\"}}]}<\/script>\n<!-- \/ Yoast SEO plugin. -->","yoast_head_json":{"title":"La Comunitat Valenciana notifica 13 fallecidos y 4.728 nuevos casos - COPE Alcoy","robots":{"index":"index","follow":"follow","max-snippet":"max-snippet:-1","max-image-preview":"max-image-preview:large","max-video-preview":"max-video-preview:-1"},"canonical":"https:\/\/www.copealcoy.es\/es\/la-comunitat-valenciana-notifica-13-fallecidos-y-4-728-nuevos-casos\/","og_locale":"es_ES","og_type":"article","og_title":"La Comunitat Valenciana notifica 13 fallecidos y 4.728 nuevos casos - COPE Alcoy","og_description":"La Conselleria de Sanitat ha notificado un total de 4.728 nuevos casos de coronavirus\u00a0confirmados por prueba PCR o a trav\u00e9s...","og_url":"https:\/\/www.copealcoy.es\/es\/la-comunitat-valenciana-notifica-13-fallecidos-y-4-728-nuevos-casos\/","og_site_name":"COPE Alcoy","article_published_time":"2022-05-25T07:58:43+00:00","article_modified_time":"2022-05-25T08:03:01+00:00","og_image":[{"width":976,"height":546,"url":"https:\/\/www.copealcoy.es\/wp-content\/uploads\/2022\/02\/1630671244402.jpg","type":"image\/jpeg"}],"author":"Cope Alcoy","twitter_misc":{"Escrito por":"Cope Alcoy","Tiempo de lectura":"1 minuto"},"schema":{"@context":"https:\/\/schema.org","@graph":[{"@type":"Article","@id":"https:\/\/www.copealcoy.es\/es\/la-comunitat-valenciana-notifica-13-fallecidos-y-4-728-nuevos-casos\/#article","isPartOf":{"@id":"https:\/\/www.copealcoy.es\/es\/la-comunitat-valenciana-notifica-13-fallecidos-y-4-728-nuevos-casos\/"},"author":{"name":"Cope Alcoy","@id":"https:\/\/www.copealcoy.es\/es\/#\/schema\/person\/e777c87fa024e57d40170af9df39882c"},"headline":"La Comunitat Valenciana notifica 13 fallecidos y 4.728 nuevos casos","datePublished":"2022-05-25T07:58:43+00:00","dateModified":"2022-05-25T08:03:01+00:00","mainEntityOfPage":{"@id":"https:\/\/www.copealcoy.es\/es\/la-comunitat-valenciana-notifica-13-fallecidos-y-4-728-nuevos-casos\/"},"wordCount":169,"commentCount":0,"image":{"@id":"https:\/\/www.copealcoy.es\/es\/la-comunitat-valenciana-notifica-13-fallecidos-y-4-728-nuevos-casos\/#primaryimage"},"thumbnailUrl":"https:\/\/www.copealcoy.es\/wp-content\/uploads\/2022\/02\/1630671244402.jpg","keywords":["cifras","Comunitat Valenciana","Coronavirus","Covid-19","datos notificados","pandemia"],"articleSection":["Actualidad","Noticias","Pol\u00edtica y Econom\u00eda"],"inLanguage":"es"},{"@type":"WebPage","@id":"https:\/\/www.copealcoy.es\/es\/la-comunitat-valenciana-notifica-13-fallecidos-y-4-728-nuevos-casos\/","url":"https:\/\/www.copealcoy.es\/es\/la-comunitat-valenciana-notifica-13-fallecidos-y-4-728-nuevos-casos\/","name":"La Comunitat Valenciana notifica 13 fallecidos y 4.728 nuevos casos - COPE Alcoy","isPartOf":{"@id":"https:\/\/www.copealcoy.es\/es\/#website"},"primaryImageOfPage":{"@id":"https:\/\/www.copealcoy.es\/es\/la-comunitat-valenciana-notifica-13-fallecidos-y-4-728-nuevos-casos\/#primaryimage"},"image":{"@id":"https:\/\/www.copealcoy.es\/es\/la-comunitat-valenciana-notifica-13-fallecidos-y-4-728-nuevos-casos\/#primaryimage"},"thumbnailUrl":"https:\/\/www.copealcoy.es\/wp-content\/uploads\/2022\/02\/1630671244402.jpg","datePublished":"2022-05-25T07:58:43+00:00","dateModified":"2022-05-25T08:03:01+00:00","author":{"@id":"https:\/\/www.copealcoy.es\/es\/#\/schema\/person\/e777c87fa024e57d40170af9df39882c"},"breadcrumb":{"@id":"https:\/\/www.copealcoy.es\/es\/la-comunitat-valenciana-notifica-13-fallecidos-y-4-728-nuevos-casos\/#breadcrumb"},"inLanguage":"es","potentialAction":[{"@type":"ReadAction","target":["https:\/\/www.copealcoy.es\/es\/la-comunitat-valenciana-notifica-13-fallecidos-y-4-728-nuevos-casos\/"]}]},{"@type":"ImageObject","inLanguage":"es","@id":"https:\/\/www.copealcoy.es\/es\/la-comunitat-valenciana-notifica-13-fallecidos-y-4-728-nuevos-casos\/#primaryimage","url":"https:\/\/www.copealcoy.es\/wp-content\/uploads\/2022\/02\/1630671244402.jpg","contentUrl":"https:\/\/www.copealcoy.es\/wp-content\/uploads\/2022\/02\/1630671244402.jpg","width":976,"height":546},{"@type":"BreadcrumbList","@id":"https:\/\/www.copealcoy.es\/es\/la-comunitat-valenciana-notifica-13-fallecidos-y-4-728-nuevos-casos\/#breadcrumb","itemListElement":[{"@type":"ListItem","position":1,"name":"Portada","item":"https:\/\/www.copealcoy.es\/es\/"},{"@type":"ListItem","position":2,"name":"La Comunitat Valenciana notifica 13 fallecidos y 4.728 nuevos casos"}]},{"@type":"WebSite","@id":"https:\/\/www.copealcoy.es\/es\/#website","url":"https:\/\/www.copealcoy.es\/es\/","name":"COPE Alcoy","description":"Emisora COPE de radio local con emisi\u00f3n online. Pont de Sant Jordi 8-10 03803 Alcoy","potentialAction":[{"@type":"SearchAction","target":{"@type":"EntryPoint","urlTemplate":"https:\/\/www.copealcoy.es\/es\/?s={search_term_string}"},"query-input":{"@type":"PropertyValueSpecification","valueRequired":true,"valueName":"search_term_string"}}],"inLanguage":"es"},{"@type":"Person","@id":"https:\/\/www.copealcoy.es\/es\/#\/schema\/person\/e777c87fa024e57d40170af9df39882c","name":"Cope Alcoy","image":{"@type":"ImageObject","inLanguage":"es","@id":"https:\/\/secure.gravatar.com\/avatar\/bb65d0283347e303893ba14f0692005417c1e0e690a325a4c5d8bb2b3943ee14?s=96&d=mm&r=g","url":"https:\/\/secure.gravatar.com\/avatar\/bb65d0283347e303893ba14f0692005417c1e0e690a325a4c5d8bb2b3943ee14?s=96&d=mm&r=g","contentUrl":"https:\/\/secure.gravatar.com\/avatar\/bb65d0283347e303893ba14f0692005417c1e0e690a325a4c5d8bb2b3943ee14?s=96&d=mm&r=g","caption":"Cope Alcoy"}}]}},"_links":{"self":[{"href":"https:\/\/www.copealcoy.es\/es\/wp-json\/wp\/v2\/posts\/87779","targetHints":{"allow":["GET"]}}],"collection":[{"href":"https:\/\/www.copealcoy.es\/es\/wp-json\/wp\/v2\/posts"}],"about":[{"href":"https:\/\/www.copealcoy.es\/es\/wp-json\/wp\/v2\/types\/post"}],"author":[{"embeddable":true,"href":"https:\/\/www.copealcoy.es\/es\/wp-json\/wp\/v2\/users\/1"}],"replies":[{"embeddable":true,"href":"https:\/\/www.copealcoy.es\/es\/wp-json\/wp\/v2\/comments?post=87779"}],"version-history":[{"count":0,"href":"https:\/\/www.copealcoy.es\/es\/wp-json\/wp\/v2\/posts\/87779\/revisions"}],"wp:featuredmedia":[{"embeddable":true,"href":"https:\/\/www.copealcoy.es\/es\/wp-json\/wp\/v2\/media\/83773"}],"wp:attachment":[{"href":"https:\/\/www.copealcoy.es\/es\/wp-json\/wp\/v2\/media?parent=87779"}],"wp:term":[{"taxonomy":"category","embeddable":true,"href":"https:\/\/www.copealcoy.es\/es\/wp-json\/wp\/v2\/categories?post=87779"},{"taxonomy":"post_tag","embeddable":true,"href":"https:\/\/www.copealcoy.es\/es\/wp-json\/wp\/v2\/tags?post=87779"}],"curies":[{"name":"wp","href":"https:\/\/api.w.org\/{rel}","templated":true}]}}