{"id":87693,"date":"2022-05-23T10:17:46","date_gmt":"2022-05-23T09:17:46","guid":{"rendered":"https:\/\/www.copealcoy.es\/?p=87693"},"modified":"2022-05-23T14:24:07","modified_gmt":"2022-05-23T13:24:07","slug":"homenaje-a-san-hipolito-422-anos-despues","status":"publish","type":"post","link":"https:\/\/www.copealcoy.es\/es\/homenaje-a-san-hipolito-422-anos-despues\/","title":{"rendered":"Homenaje a San Hip\u00f3lito 422 a\u00f1os despu\u00e9s"},"content":{"rendered":"<p style=\"text-align: justify;\">El pasado 7 de mayo <strong>se cumplieron 422 a\u00f1os de la elecci\u00f3n y proclamaci\u00f3n de San Hip\u00f3lito M\u00e1rtir como patr\u00f3n de Cocentaina<\/strong>, una efem\u00e9ride que volvi\u00f3 a recordarse en el municipio con <strong>diferentes actos<\/strong> organizados por la Junta de Festes.<\/p>\n<p style=\"text-align: justify;\">La programaci\u00f3n arranc\u00f3 en la tarde del viernes anterior, en la Parroquia de Santa Mar\u00eda, con <strong>una conferencia impartida por Gustavo Pascual P\u00e9rez<\/strong>. Este \u00faltimo fue el Presidente de la Comisi\u00f3n del IV Centenario del patronazgo de San Hip\u00f3lito, celebrado el a\u00f1o 2000, y en su alocuci\u00f3n hizo un repaso por la historia de la devoci\u00f3n que la Villa Condal le profesa al m\u00e1rtir al mismo tiempo que se refiri\u00f3 a los textos que han acercado a los contestanos hacia la figura de su patr\u00f3n a lo largo de las diferentes ediciones de la Revista de Fiestas. Ya al d\u00eda siguiente hubo un<strong> volteo general de campanas<\/strong> a mediod\u00eda, recordando que, en ese mismo d\u00eda, pero de 1600 se escog\u00eda a San Hip\u00f3lito como protector del municipio, mientras que por la tarde <strong>se ofici\u00f3 una misa solemne<\/strong> que incluy\u00f3 la presentaci\u00f3n de los reci\u00e9n nacidos al santo. Adem\u00e1s, <strong>se impusieron las medallas a los mayorales de San Hip\u00f3lito de este a\u00f1o<\/strong>, que tendr\u00e1n un papel destacado en los actos religiosos de las pr\u00f3ximas Fiestas de Moros y Cristianos, y se entreg\u00f3 una imagen del mismo patr\u00f3n a un asociado devoto escogido previamente por sorteo. Finalmente <strong>recibieron las insignias de la Junta de Festes<\/strong> <strong>Noelia Sell\u00e9s Valor<\/strong>, como nueva integrante de la misma, y <strong>dos Caps de Fil\u00e0<\/strong> que acceden a este cargo: <strong>Manolo Gen\u00eds P\u00e9rez (Mud\u00e9jares) y Rub\u00e9n Sell\u00e9s Grau (Llana)<\/strong>.<\/p>\n<p style=\"text-align: justify;\">La jornada finaliz\u00f3 con <strong>un disparo de arcabucer\u00eda<\/strong> en honor a San Hip\u00f3lito en la Plaza de la Iglesia \u201c<em>este a\u00f1o hemos podido celebrar todos estos actos con normalidad y a partir de ahora abrimos un camino ilusionante que nos llevar\u00e1 a recuperar nuestras Fiestas en agosto tres a\u00f1os despu\u00e9s de la \u00faltima vez que salimos a la calle<\/em>\u201d, manifestaba el Presidente de la mencionada Junta de Festes; <strong>Juan Francisco Masanet<\/strong>. Indicar que el s\u00e1bado 28 de mayo tendr\u00e1n lugar<strong> las paellas en el Pla de la Font<\/strong> con la participaci\u00f3n de todas las Filaes y el acompa\u00f1amiento de la Uni\u00f3n Musical Contestana.<\/p>\n","protected":false},"excerpt":{"rendered":"<p>El pasado 7 de mayo se cumplieron 422 a\u00f1os de la elecci\u00f3n y proclamaci\u00f3n de San Hip\u00f3lito M\u00e1rtir como patr\u00f3n&#8230;<\/p>\n","protected":false},"author":1,"featured_media":87694,"comment_status":"open","ping_status":"open","sticky":false,"template":"","format":"standard","meta":{"footnotes":""},"categories":[6909,98,75],"tags":[746,132,126,4488],"class_list":["post-87693","post","type-post","status-publish","format-standard","has-post-thumbnail","hentry","category-actualidad","category-comarcas","category-noticias","tag-actos","tag-cocentaina","tag-patron","tag-san-hipolito-martir"],"yoast_head":"<!-- This site is optimized with the Yoast SEO plugin v27.3 - https:\/\/yoast.com\/product\/yoast-seo-wordpress\/ -->\n<title>Homenaje a San Hip\u00f3lito 422 a\u00f1os despu\u00e9s - COPE Alcoy<\/title>\n<meta name=\"robots\" content=\"index, follow, max-snippet:-1, max-image-preview:large, max-video-preview:-1\" \/>\n<link rel=\"canonical\" href=\"https:\/\/www.copealcoy.es\/es\/homenaje-a-san-hipolito-422-anos-despues\/\" \/>\n<meta property=\"og:locale\" content=\"es_ES\" \/>\n<meta property=\"og:type\" content=\"article\" \/>\n<meta property=\"og:title\" content=\"Homenaje a San Hip\u00f3lito 422 a\u00f1os despu\u00e9s - COPE Alcoy\" \/>\n<meta property=\"og:description\" content=\"El pasado 7 de mayo se cumplieron 422 a\u00f1os de la elecci\u00f3n y proclamaci\u00f3n de San Hip\u00f3lito M\u00e1rtir como patr\u00f3n...\" \/>\n<meta property=\"og:url\" content=\"https:\/\/www.copealcoy.es\/es\/homenaje-a-san-hipolito-422-anos-despues\/\" \/>\n<meta property=\"og:site_name\" content=\"COPE Alcoy\" \/>\n<meta property=\"article:published_time\" content=\"2022-05-23T09:17:46+00:00\" \/>\n<meta property=\"article:modified_time\" content=\"2022-05-23T13:24:07+00:00\" \/>\n<meta property=\"og:image\" content=\"https:\/\/www.copealcoy.es\/wp-content\/uploads\/2022\/05\/unnamed-31.jpg\" \/>\n\t<meta property=\"og:image:width\" content=\"828\" \/>\n\t<meta property=\"og:image:height\" content=\"1009\" \/>\n\t<meta property=\"og:image:type\" content=\"image\/jpeg\" \/>\n<meta name=\"author\" content=\"Cope Alcoy\" \/>\n<meta name=\"twitter:label1\" content=\"Escrito por\" \/>\n\t<meta name=\"twitter:data1\" content=\"Cope Alcoy\" \/>\n\t<meta name=\"twitter:label2\" content=\"Tiempo de lectura\" \/>\n\t<meta name=\"twitter:data2\" content=\"2 minutos\" \/>\n<script type=\"application\/ld+json\" class=\"yoast-schema-graph\">{\"@context\":\"https:\\\/\\\/schema.org\",\"@graph\":[{\"@type\":\"Article\",\"@id\":\"https:\\\/\\\/www.copealcoy.es\\\/es\\\/homenaje-a-san-hipolito-422-anos-despues\\\/#article\",\"isPartOf\":{\"@id\":\"https:\\\/\\\/www.copealcoy.es\\\/es\\\/homenaje-a-san-hipolito-422-anos-despues\\\/\"},\"author\":{\"name\":\"Cope Alcoy\",\"@id\":\"https:\\\/\\\/www.copealcoy.es\\\/es\\\/#\\\/schema\\\/person\\\/e777c87fa024e57d40170af9df39882c\"},\"headline\":\"Homenaje a San Hip\u00f3lito 422 a\u00f1os despu\u00e9s\",\"datePublished\":\"2022-05-23T09:17:46+00:00\",\"dateModified\":\"2022-05-23T13:24:07+00:00\",\"mainEntityOfPage\":{\"@id\":\"https:\\\/\\\/www.copealcoy.es\\\/es\\\/homenaje-a-san-hipolito-422-anos-despues\\\/\"},\"wordCount\":424,\"commentCount\":0,\"image\":{\"@id\":\"https:\\\/\\\/www.copealcoy.es\\\/es\\\/homenaje-a-san-hipolito-422-anos-despues\\\/#primaryimage\"},\"thumbnailUrl\":\"https:\\\/\\\/www.copealcoy.es\\\/wp-content\\\/uploads\\\/2022\\\/05\\\/unnamed-31.jpg\",\"keywords\":[\"Actos\",\"Cocentaina\",\"patr\u00f3n\",\"San Hip\u00f3lito M\u00e1rtir\"],\"articleSection\":[\"Actualidad\",\"Comarcas\",\"Noticias\"],\"inLanguage\":\"es\"},{\"@type\":\"WebPage\",\"@id\":\"https:\\\/\\\/www.copealcoy.es\\\/es\\\/homenaje-a-san-hipolito-422-anos-despues\\\/\",\"url\":\"https:\\\/\\\/www.copealcoy.es\\\/es\\\/homenaje-a-san-hipolito-422-anos-despues\\\/\",\"name\":\"Homenaje a San Hip\u00f3lito 422 a\u00f1os despu\u00e9s - COPE Alcoy\",\"isPartOf\":{\"@id\":\"https:\\\/\\\/www.copealcoy.es\\\/es\\\/#website\"},\"primaryImageOfPage\":{\"@id\":\"https:\\\/\\\/www.copealcoy.es\\\/es\\\/homenaje-a-san-hipolito-422-anos-despues\\\/#primaryimage\"},\"image\":{\"@id\":\"https:\\\/\\\/www.copealcoy.es\\\/es\\\/homenaje-a-san-hipolito-422-anos-despues\\\/#primaryimage\"},\"thumbnailUrl\":\"https:\\\/\\\/www.copealcoy.es\\\/wp-content\\\/uploads\\\/2022\\\/05\\\/unnamed-31.jpg\",\"datePublished\":\"2022-05-23T09:17:46+00:00\",\"dateModified\":\"2022-05-23T13:24:07+00:00\",\"author\":{\"@id\":\"https:\\\/\\\/www.copealcoy.es\\\/es\\\/#\\\/schema\\\/person\\\/e777c87fa024e57d40170af9df39882c\"},\"breadcrumb\":{\"@id\":\"https:\\\/\\\/www.copealcoy.es\\\/es\\\/homenaje-a-san-hipolito-422-anos-despues\\\/#breadcrumb\"},\"inLanguage\":\"es\",\"potentialAction\":[{\"@type\":\"ReadAction\",\"target\":[\"https:\\\/\\\/www.copealcoy.es\\\/es\\\/homenaje-a-san-hipolito-422-anos-despues\\\/\"]}]},{\"@type\":\"ImageObject\",\"inLanguage\":\"es\",\"@id\":\"https:\\\/\\\/www.copealcoy.es\\\/es\\\/homenaje-a-san-hipolito-422-anos-despues\\\/#primaryimage\",\"url\":\"https:\\\/\\\/www.copealcoy.es\\\/wp-content\\\/uploads\\\/2022\\\/05\\\/unnamed-31.jpg\",\"contentUrl\":\"https:\\\/\\\/www.copealcoy.es\\\/wp-content\\\/uploads\\\/2022\\\/05\\\/unnamed-31.jpg\",\"width\":828,\"height\":1009},{\"@type\":\"BreadcrumbList\",\"@id\":\"https:\\\/\\\/www.copealcoy.es\\\/es\\\/homenaje-a-san-hipolito-422-anos-despues\\\/#breadcrumb\",\"itemListElement\":[{\"@type\":\"ListItem\",\"position\":1,\"name\":\"Portada\",\"item\":\"https:\\\/\\\/www.copealcoy.es\\\/es\\\/\"},{\"@type\":\"ListItem\",\"position\":2,\"name\":\"Homenaje a San Hip\u00f3lito 422 a\u00f1os despu\u00e9s\"}]},{\"@type\":\"WebSite\",\"@id\":\"https:\\\/\\\/www.copealcoy.es\\\/es\\\/#website\",\"url\":\"https:\\\/\\\/www.copealcoy.es\\\/es\\\/\",\"name\":\"COPE Alcoy\",\"description\":\"Emisora COPE de radio local con emisi\u00f3n online. Pont de Sant Jordi 8-10 03803 Alcoy\",\"potentialAction\":[{\"@type\":\"SearchAction\",\"target\":{\"@type\":\"EntryPoint\",\"urlTemplate\":\"https:\\\/\\\/www.copealcoy.es\\\/es\\\/?s={search_term_string}\"},\"query-input\":{\"@type\":\"PropertyValueSpecification\",\"valueRequired\":true,\"valueName\":\"search_term_string\"}}],\"inLanguage\":\"es\"},{\"@type\":\"Person\",\"@id\":\"https:\\\/\\\/www.copealcoy.es\\\/es\\\/#\\\/schema\\\/person\\\/e777c87fa024e57d40170af9df39882c\",\"name\":\"Cope Alcoy\",\"image\":{\"@type\":\"ImageObject\",\"inLanguage\":\"es\",\"@id\":\"https:\\\/\\\/secure.gravatar.com\\\/avatar\\\/bb65d0283347e303893ba14f0692005417c1e0e690a325a4c5d8bb2b3943ee14?s=96&d=mm&r=g\",\"url\":\"https:\\\/\\\/secure.gravatar.com\\\/avatar\\\/bb65d0283347e303893ba14f0692005417c1e0e690a325a4c5d8bb2b3943ee14?s=96&d=mm&r=g\",\"contentUrl\":\"https:\\\/\\\/secure.gravatar.com\\\/avatar\\\/bb65d0283347e303893ba14f0692005417c1e0e690a325a4c5d8bb2b3943ee14?s=96&d=mm&r=g\",\"caption\":\"Cope Alcoy\"}}]}<\/script>\n<!-- \/ Yoast SEO plugin. -->","yoast_head_json":{"title":"Homenaje a San Hip\u00f3lito 422 a\u00f1os despu\u00e9s - COPE Alcoy","robots":{"index":"index","follow":"follow","max-snippet":"max-snippet:-1","max-image-preview":"max-image-preview:large","max-video-preview":"max-video-preview:-1"},"canonical":"https:\/\/www.copealcoy.es\/es\/homenaje-a-san-hipolito-422-anos-despues\/","og_locale":"es_ES","og_type":"article","og_title":"Homenaje a San Hip\u00f3lito 422 a\u00f1os despu\u00e9s - COPE Alcoy","og_description":"El pasado 7 de mayo se cumplieron 422 a\u00f1os de la elecci\u00f3n y proclamaci\u00f3n de San Hip\u00f3lito M\u00e1rtir como patr\u00f3n...","og_url":"https:\/\/www.copealcoy.es\/es\/homenaje-a-san-hipolito-422-anos-despues\/","og_site_name":"COPE Alcoy","article_published_time":"2022-05-23T09:17:46+00:00","article_modified_time":"2022-05-23T13:24:07+00:00","og_image":[{"width":828,"height":1009,"url":"https:\/\/www.copealcoy.es\/wp-content\/uploads\/2022\/05\/unnamed-31.jpg","type":"image\/jpeg"}],"author":"Cope Alcoy","twitter_misc":{"Escrito por":"Cope Alcoy","Tiempo de lectura":"2 minutos"},"schema":{"@context":"https:\/\/schema.org","@graph":[{"@type":"Article","@id":"https:\/\/www.copealcoy.es\/es\/homenaje-a-san-hipolito-422-anos-despues\/#article","isPartOf":{"@id":"https:\/\/www.copealcoy.es\/es\/homenaje-a-san-hipolito-422-anos-despues\/"},"author":{"name":"Cope Alcoy","@id":"https:\/\/www.copealcoy.es\/es\/#\/schema\/person\/e777c87fa024e57d40170af9df39882c"},"headline":"Homenaje a San Hip\u00f3lito 422 a\u00f1os despu\u00e9s","datePublished":"2022-05-23T09:17:46+00:00","dateModified":"2022-05-23T13:24:07+00:00","mainEntityOfPage":{"@id":"https:\/\/www.copealcoy.es\/es\/homenaje-a-san-hipolito-422-anos-despues\/"},"wordCount":424,"commentCount":0,"image":{"@id":"https:\/\/www.copealcoy.es\/es\/homenaje-a-san-hipolito-422-anos-despues\/#primaryimage"},"thumbnailUrl":"https:\/\/www.copealcoy.es\/wp-content\/uploads\/2022\/05\/unnamed-31.jpg","keywords":["Actos","Cocentaina","patr\u00f3n","San Hip\u00f3lito M\u00e1rtir"],"articleSection":["Actualidad","Comarcas","Noticias"],"inLanguage":"es"},{"@type":"WebPage","@id":"https:\/\/www.copealcoy.es\/es\/homenaje-a-san-hipolito-422-anos-despues\/","url":"https:\/\/www.copealcoy.es\/es\/homenaje-a-san-hipolito-422-anos-despues\/","name":"Homenaje a San Hip\u00f3lito 422 a\u00f1os despu\u00e9s - COPE Alcoy","isPartOf":{"@id":"https:\/\/www.copealcoy.es\/es\/#website"},"primaryImageOfPage":{"@id":"https:\/\/www.copealcoy.es\/es\/homenaje-a-san-hipolito-422-anos-despues\/#primaryimage"},"image":{"@id":"https:\/\/www.copealcoy.es\/es\/homenaje-a-san-hipolito-422-anos-despues\/#primaryimage"},"thumbnailUrl":"https:\/\/www.copealcoy.es\/wp-content\/uploads\/2022\/05\/unnamed-31.jpg","datePublished":"2022-05-23T09:17:46+00:00","dateModified":"2022-05-23T13:24:07+00:00","author":{"@id":"https:\/\/www.copealcoy.es\/es\/#\/schema\/person\/e777c87fa024e57d40170af9df39882c"},"breadcrumb":{"@id":"https:\/\/www.copealcoy.es\/es\/homenaje-a-san-hipolito-422-anos-despues\/#breadcrumb"},"inLanguage":"es","potentialAction":[{"@type":"ReadAction","target":["https:\/\/www.copealcoy.es\/es\/homenaje-a-san-hipolito-422-anos-despues\/"]}]},{"@type":"ImageObject","inLanguage":"es","@id":"https:\/\/www.copealcoy.es\/es\/homenaje-a-san-hipolito-422-anos-despues\/#primaryimage","url":"https:\/\/www.copealcoy.es\/wp-content\/uploads\/2022\/05\/unnamed-31.jpg","contentUrl":"https:\/\/www.copealcoy.es\/wp-content\/uploads\/2022\/05\/unnamed-31.jpg","width":828,"height":1009},{"@type":"BreadcrumbList","@id":"https:\/\/www.copealcoy.es\/es\/homenaje-a-san-hipolito-422-anos-despues\/#breadcrumb","itemListElement":[{"@type":"ListItem","position":1,"name":"Portada","item":"https:\/\/www.copealcoy.es\/es\/"},{"@type":"ListItem","position":2,"name":"Homenaje a San Hip\u00f3lito 422 a\u00f1os despu\u00e9s"}]},{"@type":"WebSite","@id":"https:\/\/www.copealcoy.es\/es\/#website","url":"https:\/\/www.copealcoy.es\/es\/","name":"COPE Alcoy","description":"Emisora COPE de radio local con emisi\u00f3n online. Pont de Sant Jordi 8-10 03803 Alcoy","potentialAction":[{"@type":"SearchAction","target":{"@type":"EntryPoint","urlTemplate":"https:\/\/www.copealcoy.es\/es\/?s={search_term_string}"},"query-input":{"@type":"PropertyValueSpecification","valueRequired":true,"valueName":"search_term_string"}}],"inLanguage":"es"},{"@type":"Person","@id":"https:\/\/www.copealcoy.es\/es\/#\/schema\/person\/e777c87fa024e57d40170af9df39882c","name":"Cope Alcoy","image":{"@type":"ImageObject","inLanguage":"es","@id":"https:\/\/secure.gravatar.com\/avatar\/bb65d0283347e303893ba14f0692005417c1e0e690a325a4c5d8bb2b3943ee14?s=96&d=mm&r=g","url":"https:\/\/secure.gravatar.com\/avatar\/bb65d0283347e303893ba14f0692005417c1e0e690a325a4c5d8bb2b3943ee14?s=96&d=mm&r=g","contentUrl":"https:\/\/secure.gravatar.com\/avatar\/bb65d0283347e303893ba14f0692005417c1e0e690a325a4c5d8bb2b3943ee14?s=96&d=mm&r=g","caption":"Cope Alcoy"}}]}},"_links":{"self":[{"href":"https:\/\/www.copealcoy.es\/es\/wp-json\/wp\/v2\/posts\/87693","targetHints":{"allow":["GET"]}}],"collection":[{"href":"https:\/\/www.copealcoy.es\/es\/wp-json\/wp\/v2\/posts"}],"about":[{"href":"https:\/\/www.copealcoy.es\/es\/wp-json\/wp\/v2\/types\/post"}],"author":[{"embeddable":true,"href":"https:\/\/www.copealcoy.es\/es\/wp-json\/wp\/v2\/users\/1"}],"replies":[{"embeddable":true,"href":"https:\/\/www.copealcoy.es\/es\/wp-json\/wp\/v2\/comments?post=87693"}],"version-history":[{"count":0,"href":"https:\/\/www.copealcoy.es\/es\/wp-json\/wp\/v2\/posts\/87693\/revisions"}],"wp:featuredmedia":[{"embeddable":true,"href":"https:\/\/www.copealcoy.es\/es\/wp-json\/wp\/v2\/media\/87694"}],"wp:attachment":[{"href":"https:\/\/www.copealcoy.es\/es\/wp-json\/wp\/v2\/media?parent=87693"}],"wp:term":[{"taxonomy":"category","embeddable":true,"href":"https:\/\/www.copealcoy.es\/es\/wp-json\/wp\/v2\/categories?post=87693"},{"taxonomy":"post_tag","embeddable":true,"href":"https:\/\/www.copealcoy.es\/es\/wp-json\/wp\/v2\/tags?post=87693"}],"curies":[{"name":"wp","href":"https:\/\/api.w.org\/{rel}","templated":true}]}}