{"id":87639,"date":"2022-05-20T16:46:41","date_gmt":"2022-05-20T15:46:41","guid":{"rendered":"https:\/\/www.copealcoy.es\/?p=87639"},"modified":"2022-05-20T16:57:31","modified_gmt":"2022-05-20T15:57:31","slug":"ayuntamiento-y-upv-trabajan-en-la-reparacion-de-la-ladera-de-la-beniata","status":"publish","type":"post","link":"https:\/\/www.copealcoy.es\/es\/ayuntamiento-y-upv-trabajan-en-la-reparacion-de-la-ladera-de-la-beniata\/","title":{"rendered":"Ayuntamiento y UPV trabajan en la reparaci\u00f3n de la ladera de La Beniata"},"content":{"rendered":"<p style=\"text-align: justify;\">Representantes del Ayuntamiento de Alcoy y de la Universidad Polit\u00e9cnica de Valencia<strong> mantuvieron ayer jueves una reuni\u00f3n<\/strong> para seguir abordando<strong> cuestiones referidas a la reparaci\u00f3n de la ladera de La Beniata<\/strong>. Hay que recordar que en este punto <strong>se produjeron importantes desprendimientos a principios del pasado abril<\/strong> a causa de las intensas lluvias registradas en la ciudad durante las semanas anteriores.<\/p>\n<p style=\"text-align: justify;\">En estos momentos <strong>se barajan dos opciones para llevar a cabo esta reparaci\u00f3n<\/strong> y en futuros encuentros <strong>se hablar\u00e1 sobre c\u00f3mo se financia la actuaci\u00f3n<\/strong> ya que ahora se est\u00e1 a la espera de conocer el coste total de la misma. De momento los t\u00e9cnicos han puesto sobre la mesa <strong>una idea m\u00e1s sencilla<\/strong>, que consistir\u00eda en <strong>reforzar la ladera con muros de hormig\u00f3n<\/strong> para evitar nuevos desprendimientos, mientras que <strong>el segundo proyecto que se baraja es el abancalamiento de la zona<\/strong> para reducir la pronunciada pendiente que existe ahora. Este \u00faltimo proyecto <strong>ser\u00eda el m\u00e1s costoso<\/strong> por las caracter\u00edsticas de la intervenci\u00f3n &#8220;<em>las conversaciones van a muy buen ritmo pero estamos ante un tema complejo porque primero hab\u00eda que resolver la titularidad de los terrenos y despu\u00e9s definir la obra que se har\u00e1. Desde el departamento de infraestructuras de la UPV est\u00e1n abordando este tema como prioritario y el trabajo con el Consistorio es continuo<\/em>&#8220;, manifest\u00f3 ayer <strong>Jos\u00e9 Capilla<\/strong>; el rector de la UPV.<\/p>\n<p style=\"text-align: justify;\">Desde el mismo Ayuntamiento alcoyano han se\u00f1alado este viernes que las dos administraciones <strong>continuan trabajando para consensuar la reparaci\u00f3n de la zona<\/strong> y <strong>encontrar una soluci\u00f3n viable<\/strong> que evite males mayores en este punto de nuestra ciudad.<\/p>\n","protected":false},"excerpt":{"rendered":"<p>Representantes del Ayuntamiento de Alcoy y de la Universidad Polit\u00e9cnica de Valencia mantuvieron ayer jueves una reuni\u00f3n para seguir abordando&#8230;<\/p>\n","protected":false},"author":1,"featured_media":85918,"comment_status":"open","ping_status":"open","sticky":false,"template":"","format":"standard","meta":{"footnotes":""},"categories":[6909,97,75,79],"tags":[1494,229,1044,886,3849,3613,222,674],"class_list":["post-87639","post","type-post","status-publish","format-standard","has-post-thumbnail","hentry","category-actualidad","category-alcoy","category-noticias","category-politicayeconomia","tag-alcoy","tag-ayuntamiento","tag-beniata","tag-campus","tag-desprendimientos","tag-ladera","tag-reparacion","tag-upv"],"yoast_head":"<!-- This site is optimized with the Yoast SEO plugin v27.3 - https:\/\/yoast.com\/product\/yoast-seo-wordpress\/ -->\n<title>Ayuntamiento y UPV trabajan en la reparaci\u00f3n de la ladera de La Beniata - COPE Alcoy<\/title>\n<meta name=\"robots\" content=\"index, follow, max-snippet:-1, max-image-preview:large, max-video-preview:-1\" \/>\n<link rel=\"canonical\" href=\"https:\/\/www.copealcoy.es\/es\/ayuntamiento-y-upv-trabajan-en-la-reparacion-de-la-ladera-de-la-beniata\/\" \/>\n<meta property=\"og:locale\" content=\"es_ES\" \/>\n<meta property=\"og:type\" content=\"article\" \/>\n<meta property=\"og:title\" content=\"Ayuntamiento y UPV trabajan en la reparaci\u00f3n de la ladera de La Beniata - COPE Alcoy\" \/>\n<meta property=\"og:description\" content=\"Representantes del Ayuntamiento de Alcoy y de la Universidad Polit\u00e9cnica de Valencia mantuvieron ayer jueves una reuni\u00f3n para seguir abordando...\" \/>\n<meta property=\"og:url\" content=\"https:\/\/www.copealcoy.es\/es\/ayuntamiento-y-upv-trabajan-en-la-reparacion-de-la-ladera-de-la-beniata\/\" \/>\n<meta property=\"og:site_name\" content=\"COPE Alcoy\" \/>\n<meta property=\"article:published_time\" content=\"2022-05-20T15:46:41+00:00\" \/>\n<meta property=\"article:modified_time\" content=\"2022-05-20T15:57:31+00:00\" \/>\n<meta property=\"og:image\" content=\"https:\/\/www.copealcoy.es\/wp-content\/uploads\/2022\/04\/unnamed-9-scaled.jpg\" \/>\n\t<meta property=\"og:image:width\" content=\"1439\" \/>\n\t<meta property=\"og:image:height\" content=\"1080\" \/>\n\t<meta property=\"og:image:type\" content=\"image\/jpeg\" \/>\n<meta name=\"author\" content=\"Cope Alcoy\" \/>\n<meta name=\"twitter:label1\" content=\"Escrito por\" \/>\n\t<meta name=\"twitter:data1\" content=\"Cope Alcoy\" \/>\n\t<meta name=\"twitter:label2\" content=\"Tiempo de lectura\" \/>\n\t<meta name=\"twitter:data2\" content=\"2 minutos\" \/>\n<script type=\"application\/ld+json\" class=\"yoast-schema-graph\">{\"@context\":\"https:\\\/\\\/schema.org\",\"@graph\":[{\"@type\":\"Article\",\"@id\":\"https:\\\/\\\/www.copealcoy.es\\\/es\\\/ayuntamiento-y-upv-trabajan-en-la-reparacion-de-la-ladera-de-la-beniata\\\/#article\",\"isPartOf\":{\"@id\":\"https:\\\/\\\/www.copealcoy.es\\\/es\\\/ayuntamiento-y-upv-trabajan-en-la-reparacion-de-la-ladera-de-la-beniata\\\/\"},\"author\":{\"name\":\"Cope Alcoy\",\"@id\":\"https:\\\/\\\/www.copealcoy.es\\\/es\\\/#\\\/schema\\\/person\\\/e777c87fa024e57d40170af9df39882c\"},\"headline\":\"Ayuntamiento y UPV trabajan en la reparaci\u00f3n de la ladera de La Beniata\",\"datePublished\":\"2022-05-20T15:46:41+00:00\",\"dateModified\":\"2022-05-20T15:57:31+00:00\",\"mainEntityOfPage\":{\"@id\":\"https:\\\/\\\/www.copealcoy.es\\\/es\\\/ayuntamiento-y-upv-trabajan-en-la-reparacion-de-la-ladera-de-la-beniata\\\/\"},\"wordCount\":297,\"commentCount\":0,\"image\":{\"@id\":\"https:\\\/\\\/www.copealcoy.es\\\/es\\\/ayuntamiento-y-upv-trabajan-en-la-reparacion-de-la-ladera-de-la-beniata\\\/#primaryimage\"},\"thumbnailUrl\":\"https:\\\/\\\/www.copealcoy.es\\\/wp-content\\\/uploads\\\/2022\\\/04\\\/unnamed-9-scaled.jpg\",\"keywords\":[\"Alcoy\",\"Ayuntamiento\",\"Beniata\",\"Campus\",\"desprendimientos\",\"ladera\",\"Reparaci\u00f3n\",\"UPV\"],\"articleSection\":[\"Actualidad\",\"Alcoy\",\"Noticias\",\"Pol\u00edtica y Econom\u00eda\"],\"inLanguage\":\"es\"},{\"@type\":\"WebPage\",\"@id\":\"https:\\\/\\\/www.copealcoy.es\\\/es\\\/ayuntamiento-y-upv-trabajan-en-la-reparacion-de-la-ladera-de-la-beniata\\\/\",\"url\":\"https:\\\/\\\/www.copealcoy.es\\\/es\\\/ayuntamiento-y-upv-trabajan-en-la-reparacion-de-la-ladera-de-la-beniata\\\/\",\"name\":\"Ayuntamiento y UPV trabajan en la reparaci\u00f3n de la ladera de La Beniata - COPE Alcoy\",\"isPartOf\":{\"@id\":\"https:\\\/\\\/www.copealcoy.es\\\/es\\\/#website\"},\"primaryImageOfPage\":{\"@id\":\"https:\\\/\\\/www.copealcoy.es\\\/es\\\/ayuntamiento-y-upv-trabajan-en-la-reparacion-de-la-ladera-de-la-beniata\\\/#primaryimage\"},\"image\":{\"@id\":\"https:\\\/\\\/www.copealcoy.es\\\/es\\\/ayuntamiento-y-upv-trabajan-en-la-reparacion-de-la-ladera-de-la-beniata\\\/#primaryimage\"},\"thumbnailUrl\":\"https:\\\/\\\/www.copealcoy.es\\\/wp-content\\\/uploads\\\/2022\\\/04\\\/unnamed-9-scaled.jpg\",\"datePublished\":\"2022-05-20T15:46:41+00:00\",\"dateModified\":\"2022-05-20T15:57:31+00:00\",\"author\":{\"@id\":\"https:\\\/\\\/www.copealcoy.es\\\/es\\\/#\\\/schema\\\/person\\\/e777c87fa024e57d40170af9df39882c\"},\"breadcrumb\":{\"@id\":\"https:\\\/\\\/www.copealcoy.es\\\/es\\\/ayuntamiento-y-upv-trabajan-en-la-reparacion-de-la-ladera-de-la-beniata\\\/#breadcrumb\"},\"inLanguage\":\"es\",\"potentialAction\":[{\"@type\":\"ReadAction\",\"target\":[\"https:\\\/\\\/www.copealcoy.es\\\/es\\\/ayuntamiento-y-upv-trabajan-en-la-reparacion-de-la-ladera-de-la-beniata\\\/\"]}]},{\"@type\":\"ImageObject\",\"inLanguage\":\"es\",\"@id\":\"https:\\\/\\\/www.copealcoy.es\\\/es\\\/ayuntamiento-y-upv-trabajan-en-la-reparacion-de-la-ladera-de-la-beniata\\\/#primaryimage\",\"url\":\"https:\\\/\\\/www.copealcoy.es\\\/wp-content\\\/uploads\\\/2022\\\/04\\\/unnamed-9-scaled.jpg\",\"contentUrl\":\"https:\\\/\\\/www.copealcoy.es\\\/wp-content\\\/uploads\\\/2022\\\/04\\\/unnamed-9-scaled.jpg\",\"width\":1439,\"height\":1080},{\"@type\":\"BreadcrumbList\",\"@id\":\"https:\\\/\\\/www.copealcoy.es\\\/es\\\/ayuntamiento-y-upv-trabajan-en-la-reparacion-de-la-ladera-de-la-beniata\\\/#breadcrumb\",\"itemListElement\":[{\"@type\":\"ListItem\",\"position\":1,\"name\":\"Portada\",\"item\":\"https:\\\/\\\/www.copealcoy.es\\\/es\\\/\"},{\"@type\":\"ListItem\",\"position\":2,\"name\":\"Ayuntamiento y UPV trabajan en la reparaci\u00f3n de la ladera de La Beniata\"}]},{\"@type\":\"WebSite\",\"@id\":\"https:\\\/\\\/www.copealcoy.es\\\/es\\\/#website\",\"url\":\"https:\\\/\\\/www.copealcoy.es\\\/es\\\/\",\"name\":\"COPE Alcoy\",\"description\":\"Emisora COPE de radio local con emisi\u00f3n online. Pont de Sant Jordi 8-10 03803 Alcoy\",\"potentialAction\":[{\"@type\":\"SearchAction\",\"target\":{\"@type\":\"EntryPoint\",\"urlTemplate\":\"https:\\\/\\\/www.copealcoy.es\\\/es\\\/?s={search_term_string}\"},\"query-input\":{\"@type\":\"PropertyValueSpecification\",\"valueRequired\":true,\"valueName\":\"search_term_string\"}}],\"inLanguage\":\"es\"},{\"@type\":\"Person\",\"@id\":\"https:\\\/\\\/www.copealcoy.es\\\/es\\\/#\\\/schema\\\/person\\\/e777c87fa024e57d40170af9df39882c\",\"name\":\"Cope Alcoy\",\"image\":{\"@type\":\"ImageObject\",\"inLanguage\":\"es\",\"@id\":\"https:\\\/\\\/secure.gravatar.com\\\/avatar\\\/bb65d0283347e303893ba14f0692005417c1e0e690a325a4c5d8bb2b3943ee14?s=96&d=mm&r=g\",\"url\":\"https:\\\/\\\/secure.gravatar.com\\\/avatar\\\/bb65d0283347e303893ba14f0692005417c1e0e690a325a4c5d8bb2b3943ee14?s=96&d=mm&r=g\",\"contentUrl\":\"https:\\\/\\\/secure.gravatar.com\\\/avatar\\\/bb65d0283347e303893ba14f0692005417c1e0e690a325a4c5d8bb2b3943ee14?s=96&d=mm&r=g\",\"caption\":\"Cope Alcoy\"}}]}<\/script>\n<!-- \/ Yoast SEO plugin. -->","yoast_head_json":{"title":"Ayuntamiento y UPV trabajan en la reparaci\u00f3n de la ladera de La Beniata - COPE Alcoy","robots":{"index":"index","follow":"follow","max-snippet":"max-snippet:-1","max-image-preview":"max-image-preview:large","max-video-preview":"max-video-preview:-1"},"canonical":"https:\/\/www.copealcoy.es\/es\/ayuntamiento-y-upv-trabajan-en-la-reparacion-de-la-ladera-de-la-beniata\/","og_locale":"es_ES","og_type":"article","og_title":"Ayuntamiento y UPV trabajan en la reparaci\u00f3n de la ladera de La Beniata - COPE Alcoy","og_description":"Representantes del Ayuntamiento de Alcoy y de la Universidad Polit\u00e9cnica de Valencia mantuvieron ayer jueves una reuni\u00f3n para seguir abordando...","og_url":"https:\/\/www.copealcoy.es\/es\/ayuntamiento-y-upv-trabajan-en-la-reparacion-de-la-ladera-de-la-beniata\/","og_site_name":"COPE Alcoy","article_published_time":"2022-05-20T15:46:41+00:00","article_modified_time":"2022-05-20T15:57:31+00:00","og_image":[{"width":1439,"height":1080,"url":"https:\/\/www.copealcoy.es\/wp-content\/uploads\/2022\/04\/unnamed-9-scaled.jpg","type":"image\/jpeg"}],"author":"Cope Alcoy","twitter_misc":{"Escrito por":"Cope Alcoy","Tiempo de lectura":"2 minutos"},"schema":{"@context":"https:\/\/schema.org","@graph":[{"@type":"Article","@id":"https:\/\/www.copealcoy.es\/es\/ayuntamiento-y-upv-trabajan-en-la-reparacion-de-la-ladera-de-la-beniata\/#article","isPartOf":{"@id":"https:\/\/www.copealcoy.es\/es\/ayuntamiento-y-upv-trabajan-en-la-reparacion-de-la-ladera-de-la-beniata\/"},"author":{"name":"Cope Alcoy","@id":"https:\/\/www.copealcoy.es\/es\/#\/schema\/person\/e777c87fa024e57d40170af9df39882c"},"headline":"Ayuntamiento y UPV trabajan en la reparaci\u00f3n de la ladera de La Beniata","datePublished":"2022-05-20T15:46:41+00:00","dateModified":"2022-05-20T15:57:31+00:00","mainEntityOfPage":{"@id":"https:\/\/www.copealcoy.es\/es\/ayuntamiento-y-upv-trabajan-en-la-reparacion-de-la-ladera-de-la-beniata\/"},"wordCount":297,"commentCount":0,"image":{"@id":"https:\/\/www.copealcoy.es\/es\/ayuntamiento-y-upv-trabajan-en-la-reparacion-de-la-ladera-de-la-beniata\/#primaryimage"},"thumbnailUrl":"https:\/\/www.copealcoy.es\/wp-content\/uploads\/2022\/04\/unnamed-9-scaled.jpg","keywords":["Alcoy","Ayuntamiento","Beniata","Campus","desprendimientos","ladera","Reparaci\u00f3n","UPV"],"articleSection":["Actualidad","Alcoy","Noticias","Pol\u00edtica y Econom\u00eda"],"inLanguage":"es"},{"@type":"WebPage","@id":"https:\/\/www.copealcoy.es\/es\/ayuntamiento-y-upv-trabajan-en-la-reparacion-de-la-ladera-de-la-beniata\/","url":"https:\/\/www.copealcoy.es\/es\/ayuntamiento-y-upv-trabajan-en-la-reparacion-de-la-ladera-de-la-beniata\/","name":"Ayuntamiento y UPV trabajan en la reparaci\u00f3n de la ladera de La Beniata - COPE Alcoy","isPartOf":{"@id":"https:\/\/www.copealcoy.es\/es\/#website"},"primaryImageOfPage":{"@id":"https:\/\/www.copealcoy.es\/es\/ayuntamiento-y-upv-trabajan-en-la-reparacion-de-la-ladera-de-la-beniata\/#primaryimage"},"image":{"@id":"https:\/\/www.copealcoy.es\/es\/ayuntamiento-y-upv-trabajan-en-la-reparacion-de-la-ladera-de-la-beniata\/#primaryimage"},"thumbnailUrl":"https:\/\/www.copealcoy.es\/wp-content\/uploads\/2022\/04\/unnamed-9-scaled.jpg","datePublished":"2022-05-20T15:46:41+00:00","dateModified":"2022-05-20T15:57:31+00:00","author":{"@id":"https:\/\/www.copealcoy.es\/es\/#\/schema\/person\/e777c87fa024e57d40170af9df39882c"},"breadcrumb":{"@id":"https:\/\/www.copealcoy.es\/es\/ayuntamiento-y-upv-trabajan-en-la-reparacion-de-la-ladera-de-la-beniata\/#breadcrumb"},"inLanguage":"es","potentialAction":[{"@type":"ReadAction","target":["https:\/\/www.copealcoy.es\/es\/ayuntamiento-y-upv-trabajan-en-la-reparacion-de-la-ladera-de-la-beniata\/"]}]},{"@type":"ImageObject","inLanguage":"es","@id":"https:\/\/www.copealcoy.es\/es\/ayuntamiento-y-upv-trabajan-en-la-reparacion-de-la-ladera-de-la-beniata\/#primaryimage","url":"https:\/\/www.copealcoy.es\/wp-content\/uploads\/2022\/04\/unnamed-9-scaled.jpg","contentUrl":"https:\/\/www.copealcoy.es\/wp-content\/uploads\/2022\/04\/unnamed-9-scaled.jpg","width":1439,"height":1080},{"@type":"BreadcrumbList","@id":"https:\/\/www.copealcoy.es\/es\/ayuntamiento-y-upv-trabajan-en-la-reparacion-de-la-ladera-de-la-beniata\/#breadcrumb","itemListElement":[{"@type":"ListItem","position":1,"name":"Portada","item":"https:\/\/www.copealcoy.es\/es\/"},{"@type":"ListItem","position":2,"name":"Ayuntamiento y UPV trabajan en la reparaci\u00f3n de la ladera de La Beniata"}]},{"@type":"WebSite","@id":"https:\/\/www.copealcoy.es\/es\/#website","url":"https:\/\/www.copealcoy.es\/es\/","name":"COPE Alcoy","description":"Emisora COPE de radio local con emisi\u00f3n online. Pont de Sant Jordi 8-10 03803 Alcoy","potentialAction":[{"@type":"SearchAction","target":{"@type":"EntryPoint","urlTemplate":"https:\/\/www.copealcoy.es\/es\/?s={search_term_string}"},"query-input":{"@type":"PropertyValueSpecification","valueRequired":true,"valueName":"search_term_string"}}],"inLanguage":"es"},{"@type":"Person","@id":"https:\/\/www.copealcoy.es\/es\/#\/schema\/person\/e777c87fa024e57d40170af9df39882c","name":"Cope Alcoy","image":{"@type":"ImageObject","inLanguage":"es","@id":"https:\/\/secure.gravatar.com\/avatar\/bb65d0283347e303893ba14f0692005417c1e0e690a325a4c5d8bb2b3943ee14?s=96&d=mm&r=g","url":"https:\/\/secure.gravatar.com\/avatar\/bb65d0283347e303893ba14f0692005417c1e0e690a325a4c5d8bb2b3943ee14?s=96&d=mm&r=g","contentUrl":"https:\/\/secure.gravatar.com\/avatar\/bb65d0283347e303893ba14f0692005417c1e0e690a325a4c5d8bb2b3943ee14?s=96&d=mm&r=g","caption":"Cope Alcoy"}}]}},"_links":{"self":[{"href":"https:\/\/www.copealcoy.es\/es\/wp-json\/wp\/v2\/posts\/87639","targetHints":{"allow":["GET"]}}],"collection":[{"href":"https:\/\/www.copealcoy.es\/es\/wp-json\/wp\/v2\/posts"}],"about":[{"href":"https:\/\/www.copealcoy.es\/es\/wp-json\/wp\/v2\/types\/post"}],"author":[{"embeddable":true,"href":"https:\/\/www.copealcoy.es\/es\/wp-json\/wp\/v2\/users\/1"}],"replies":[{"embeddable":true,"href":"https:\/\/www.copealcoy.es\/es\/wp-json\/wp\/v2\/comments?post=87639"}],"version-history":[{"count":0,"href":"https:\/\/www.copealcoy.es\/es\/wp-json\/wp\/v2\/posts\/87639\/revisions"}],"wp:featuredmedia":[{"embeddable":true,"href":"https:\/\/www.copealcoy.es\/es\/wp-json\/wp\/v2\/media\/85918"}],"wp:attachment":[{"href":"https:\/\/www.copealcoy.es\/es\/wp-json\/wp\/v2\/media?parent=87639"}],"wp:term":[{"taxonomy":"category","embeddable":true,"href":"https:\/\/www.copealcoy.es\/es\/wp-json\/wp\/v2\/categories?post=87639"},{"taxonomy":"post_tag","embeddable":true,"href":"https:\/\/www.copealcoy.es\/es\/wp-json\/wp\/v2\/tags?post=87639"}],"curies":[{"name":"wp","href":"https:\/\/api.w.org\/{rel}","templated":true}]}}