{"id":87516,"date":"2022-05-18T14:18:27","date_gmt":"2022-05-18T13:18:27","guid":{"rendered":"https:\/\/www.copealcoy.es\/?p=87516"},"modified":"2022-05-18T14:41:52","modified_gmt":"2022-05-18T13:41:52","slug":"cocentaina-incorpora-nous-vehicles-per-a-la-neteja-viaria","status":"publish","type":"post","link":"https:\/\/www.copealcoy.es\/es\/cocentaina-incorpora-nous-vehicles-per-a-la-neteja-viaria\/","title":{"rendered":"Cocentaina incorpora nous vehicles per a la neteja vi\u00e0ria"},"content":{"rendered":"<p style=\"text-align: justify;\">L&#8217;<strong>Ajuntament de Cocentaina<\/strong> ha presentat <strong>els nous vehicles que l&#8217;empresa\u00a0<span class=\"hiddenSpellError\">FCC<\/span>\u00a0<\/strong>incorpora <strong>al servei de neteja vi\u00e0ria i xarxa de sanejament del municipi<\/strong>. En total <strong>s\u00f3n 7 cotxes<\/strong> segons la informaci\u00f3 facilitada pel Consistori de la Vila Comtal.<\/p>\n<p style=\"text-align: justify;\">Es tracta de <strong>2 agranadores d&#8217;aspiraci\u00f3 i arrossegament<\/strong>; <strong>1 vehicle furg\u00f3 <span class=\"hiddenSpellError\">hidronetejador<\/span><\/strong>; <strong>2 vehicles auxiliars de neteja el\u00e8ctrics<\/strong>; <strong>1 vehicle turisme h\u00edbrid<\/strong>; <strong>3 bufadores el\u00e8ctriques<\/strong>; <strong>2 desbrossadores el\u00e8ctriques<\/strong>; <strong>3 carrets autopropulsats<\/strong>; <strong>5 carrets\u00a0<span class=\"hiddenSpellError\">portacubs<\/span><\/strong>. Tant els vehicles com la maquin\u00e0ria <strong>han estat exposats a la Pla\u00e7a\u00a0de la Vila i en l&#8217;actualitat<\/strong> tots es troben en funcionament\u00a0<span class=\"hiddenGrammarError\">&#8220;<\/span><em>els nous vehicles permeten una pres\u00e8ncia permanent dels mitjans mec\u00e0nics en barris i pedanies, fent costat als efectius de neteja manual per a un escombratge diari \u00f2ptim. S&#8217;est\u00e0 fent un salt substancial en la neteja que est\u00e0 sent percebut pels ciutadans gr\u00e0cies al suport mec\u00e0nic proporcionat pels nous equips, aix\u00ed mateix els equips s\u00f3n m\u00e9s sostenibles i eficients<\/em><span class=\"hiddenGrammarError\">\u201d<\/span>, ha indicat la regidora de Neteja Vi\u00e0ria; <strong>Paqui Ruiz<\/strong>.<\/p>\n<p style=\"text-align: justify;\">En la presentaci\u00f3 van estar presents, a banda de la regidora i l&#8217;alcaldessa, el Cap de Servei d&#8217;<span class=\"hiddenSpellError\">FCC<\/span>; <strong>Jos\u00e9\u00a0<span class=\"hiddenSpellError\">Aurelio<\/span>\u00a0<span class=\"hiddenSpellError\">Bueno<\/span><\/strong>. L&#8217;acte<strong> es va portar a terme a les portes de l&#8217;Ajuntament<\/strong> de la capital del Comtat.<\/p>\n","protected":false},"excerpt":{"rendered":"<p>L&#8217;Ajuntament de Cocentaina ha presentat els nous vehicles que l&#8217;empresa\u00a0FCC\u00a0incorpora al servei de neteja vi\u00e0ria i xarxa de sanejament del&#8230;<\/p>\n","protected":false},"author":1,"featured_media":87517,"comment_status":"open","ping_status":"open","sticky":false,"template":"","format":"standard","meta":{"footnotes":""},"categories":[98,75],"tags":[132,10749,7199,12733],"class_list":["post-87516","post","type-post","status-publish","format-standard","has-post-thumbnail","hentry","category-comarcas","category-noticias","tag-cocentaina","tag-neteja-viaria","tag-paqui-ruiz","tag-vehicles"],"yoast_head":"<!-- This site is optimized with the Yoast SEO plugin v27.3 - https:\/\/yoast.com\/product\/yoast-seo-wordpress\/ -->\n<title>Cocentaina incorpora nous vehicles per a la neteja vi\u00e0ria - COPE Alcoy<\/title>\n<meta name=\"robots\" content=\"index, follow, max-snippet:-1, max-image-preview:large, max-video-preview:-1\" \/>\n<link rel=\"canonical\" href=\"https:\/\/www.copealcoy.es\/es\/cocentaina-incorpora-nous-vehicles-per-a-la-neteja-viaria\/\" \/>\n<meta property=\"og:locale\" content=\"es_ES\" \/>\n<meta property=\"og:type\" content=\"article\" \/>\n<meta property=\"og:title\" content=\"Cocentaina incorpora nous vehicles per a la neteja vi\u00e0ria - COPE Alcoy\" \/>\n<meta property=\"og:description\" content=\"L&#8217;Ajuntament de Cocentaina ha presentat els nous vehicles que l&#8217;empresa\u00a0FCC\u00a0incorpora al servei de neteja vi\u00e0ria i xarxa de sanejament del...\" \/>\n<meta property=\"og:url\" content=\"https:\/\/www.copealcoy.es\/es\/cocentaina-incorpora-nous-vehicles-per-a-la-neteja-viaria\/\" \/>\n<meta property=\"og:site_name\" content=\"COPE Alcoy\" \/>\n<meta property=\"article:published_time\" content=\"2022-05-18T13:18:27+00:00\" \/>\n<meta property=\"article:modified_time\" content=\"2022-05-18T13:41:52+00:00\" \/>\n<meta property=\"og:image\" content=\"https:\/\/www.copealcoy.es\/wp-content\/uploads\/2022\/05\/P2EA64KPMVHZDHRTWJFJXWRKSY.jpg\" \/>\n\t<meta property=\"og:image:width\" content=\"736\" \/>\n\t<meta property=\"og:image:height\" content=\"552\" \/>\n\t<meta property=\"og:image:type\" content=\"image\/jpeg\" \/>\n<meta name=\"author\" content=\"Cope Alcoy\" \/>\n<meta name=\"twitter:label1\" content=\"Escrito por\" \/>\n\t<meta name=\"twitter:data1\" content=\"Cope Alcoy\" \/>\n\t<meta name=\"twitter:label2\" content=\"Tiempo de lectura\" \/>\n\t<meta name=\"twitter:data2\" content=\"1 minuto\" \/>\n<script type=\"application\/ld+json\" class=\"yoast-schema-graph\">{\"@context\":\"https:\\\/\\\/schema.org\",\"@graph\":[{\"@type\":\"Article\",\"@id\":\"https:\\\/\\\/www.copealcoy.es\\\/es\\\/cocentaina-incorpora-nous-vehicles-per-a-la-neteja-viaria\\\/#article\",\"isPartOf\":{\"@id\":\"https:\\\/\\\/www.copealcoy.es\\\/es\\\/cocentaina-incorpora-nous-vehicles-per-a-la-neteja-viaria\\\/\"},\"author\":{\"name\":\"Cope Alcoy\",\"@id\":\"https:\\\/\\\/www.copealcoy.es\\\/es\\\/#\\\/schema\\\/person\\\/e777c87fa024e57d40170af9df39882c\"},\"headline\":\"Cocentaina incorpora nous vehicles per a la neteja vi\u00e0ria\",\"datePublished\":\"2022-05-18T13:18:27+00:00\",\"dateModified\":\"2022-05-18T13:41:52+00:00\",\"mainEntityOfPage\":{\"@id\":\"https:\\\/\\\/www.copealcoy.es\\\/es\\\/cocentaina-incorpora-nous-vehicles-per-a-la-neteja-viaria\\\/\"},\"wordCount\":224,\"commentCount\":0,\"image\":{\"@id\":\"https:\\\/\\\/www.copealcoy.es\\\/es\\\/cocentaina-incorpora-nous-vehicles-per-a-la-neteja-viaria\\\/#primaryimage\"},\"thumbnailUrl\":\"https:\\\/\\\/www.copealcoy.es\\\/wp-content\\\/uploads\\\/2022\\\/05\\\/P2EA64KPMVHZDHRTWJFJXWRKSY.jpg\",\"keywords\":[\"Cocentaina\",\"neteja vi\u00e0ria\",\"Paqui Ruiz\",\"vehicles\"],\"articleSection\":[\"Comarcas\",\"Noticias\"],\"inLanguage\":\"es\"},{\"@type\":\"WebPage\",\"@id\":\"https:\\\/\\\/www.copealcoy.es\\\/es\\\/cocentaina-incorpora-nous-vehicles-per-a-la-neteja-viaria\\\/\",\"url\":\"https:\\\/\\\/www.copealcoy.es\\\/es\\\/cocentaina-incorpora-nous-vehicles-per-a-la-neteja-viaria\\\/\",\"name\":\"Cocentaina incorpora nous vehicles per a la neteja vi\u00e0ria - COPE Alcoy\",\"isPartOf\":{\"@id\":\"https:\\\/\\\/www.copealcoy.es\\\/es\\\/#website\"},\"primaryImageOfPage\":{\"@id\":\"https:\\\/\\\/www.copealcoy.es\\\/es\\\/cocentaina-incorpora-nous-vehicles-per-a-la-neteja-viaria\\\/#primaryimage\"},\"image\":{\"@id\":\"https:\\\/\\\/www.copealcoy.es\\\/es\\\/cocentaina-incorpora-nous-vehicles-per-a-la-neteja-viaria\\\/#primaryimage\"},\"thumbnailUrl\":\"https:\\\/\\\/www.copealcoy.es\\\/wp-content\\\/uploads\\\/2022\\\/05\\\/P2EA64KPMVHZDHRTWJFJXWRKSY.jpg\",\"datePublished\":\"2022-05-18T13:18:27+00:00\",\"dateModified\":\"2022-05-18T13:41:52+00:00\",\"author\":{\"@id\":\"https:\\\/\\\/www.copealcoy.es\\\/es\\\/#\\\/schema\\\/person\\\/e777c87fa024e57d40170af9df39882c\"},\"breadcrumb\":{\"@id\":\"https:\\\/\\\/www.copealcoy.es\\\/es\\\/cocentaina-incorpora-nous-vehicles-per-a-la-neteja-viaria\\\/#breadcrumb\"},\"inLanguage\":\"es\",\"potentialAction\":[{\"@type\":\"ReadAction\",\"target\":[\"https:\\\/\\\/www.copealcoy.es\\\/es\\\/cocentaina-incorpora-nous-vehicles-per-a-la-neteja-viaria\\\/\"]}]},{\"@type\":\"ImageObject\",\"inLanguage\":\"es\",\"@id\":\"https:\\\/\\\/www.copealcoy.es\\\/es\\\/cocentaina-incorpora-nous-vehicles-per-a-la-neteja-viaria\\\/#primaryimage\",\"url\":\"https:\\\/\\\/www.copealcoy.es\\\/wp-content\\\/uploads\\\/2022\\\/05\\\/P2EA64KPMVHZDHRTWJFJXWRKSY.jpg\",\"contentUrl\":\"https:\\\/\\\/www.copealcoy.es\\\/wp-content\\\/uploads\\\/2022\\\/05\\\/P2EA64KPMVHZDHRTWJFJXWRKSY.jpg\",\"width\":736,\"height\":552},{\"@type\":\"BreadcrumbList\",\"@id\":\"https:\\\/\\\/www.copealcoy.es\\\/es\\\/cocentaina-incorpora-nous-vehicles-per-a-la-neteja-viaria\\\/#breadcrumb\",\"itemListElement\":[{\"@type\":\"ListItem\",\"position\":1,\"name\":\"Portada\",\"item\":\"https:\\\/\\\/www.copealcoy.es\\\/es\\\/\"},{\"@type\":\"ListItem\",\"position\":2,\"name\":\"Cocentaina incorpora nous vehicles per a la neteja vi\u00e0ria\"}]},{\"@type\":\"WebSite\",\"@id\":\"https:\\\/\\\/www.copealcoy.es\\\/es\\\/#website\",\"url\":\"https:\\\/\\\/www.copealcoy.es\\\/es\\\/\",\"name\":\"COPE Alcoy\",\"description\":\"Emisora COPE de radio local con emisi\u00f3n online. Pont de Sant Jordi 8-10 03803 Alcoy\",\"potentialAction\":[{\"@type\":\"SearchAction\",\"target\":{\"@type\":\"EntryPoint\",\"urlTemplate\":\"https:\\\/\\\/www.copealcoy.es\\\/es\\\/?s={search_term_string}\"},\"query-input\":{\"@type\":\"PropertyValueSpecification\",\"valueRequired\":true,\"valueName\":\"search_term_string\"}}],\"inLanguage\":\"es\"},{\"@type\":\"Person\",\"@id\":\"https:\\\/\\\/www.copealcoy.es\\\/es\\\/#\\\/schema\\\/person\\\/e777c87fa024e57d40170af9df39882c\",\"name\":\"Cope Alcoy\",\"image\":{\"@type\":\"ImageObject\",\"inLanguage\":\"es\",\"@id\":\"https:\\\/\\\/secure.gravatar.com\\\/avatar\\\/bb65d0283347e303893ba14f0692005417c1e0e690a325a4c5d8bb2b3943ee14?s=96&d=mm&r=g\",\"url\":\"https:\\\/\\\/secure.gravatar.com\\\/avatar\\\/bb65d0283347e303893ba14f0692005417c1e0e690a325a4c5d8bb2b3943ee14?s=96&d=mm&r=g\",\"contentUrl\":\"https:\\\/\\\/secure.gravatar.com\\\/avatar\\\/bb65d0283347e303893ba14f0692005417c1e0e690a325a4c5d8bb2b3943ee14?s=96&d=mm&r=g\",\"caption\":\"Cope Alcoy\"}}]}<\/script>\n<!-- \/ Yoast SEO plugin. -->","yoast_head_json":{"title":"Cocentaina incorpora nous vehicles per a la neteja vi\u00e0ria - COPE Alcoy","robots":{"index":"index","follow":"follow","max-snippet":"max-snippet:-1","max-image-preview":"max-image-preview:large","max-video-preview":"max-video-preview:-1"},"canonical":"https:\/\/www.copealcoy.es\/es\/cocentaina-incorpora-nous-vehicles-per-a-la-neteja-viaria\/","og_locale":"es_ES","og_type":"article","og_title":"Cocentaina incorpora nous vehicles per a la neteja vi\u00e0ria - COPE Alcoy","og_description":"L&#8217;Ajuntament de Cocentaina ha presentat els nous vehicles que l&#8217;empresa\u00a0FCC\u00a0incorpora al servei de neteja vi\u00e0ria i xarxa de sanejament del...","og_url":"https:\/\/www.copealcoy.es\/es\/cocentaina-incorpora-nous-vehicles-per-a-la-neteja-viaria\/","og_site_name":"COPE Alcoy","article_published_time":"2022-05-18T13:18:27+00:00","article_modified_time":"2022-05-18T13:41:52+00:00","og_image":[{"width":736,"height":552,"url":"https:\/\/www.copealcoy.es\/wp-content\/uploads\/2022\/05\/P2EA64KPMVHZDHRTWJFJXWRKSY.jpg","type":"image\/jpeg"}],"author":"Cope Alcoy","twitter_misc":{"Escrito por":"Cope Alcoy","Tiempo de lectura":"1 minuto"},"schema":{"@context":"https:\/\/schema.org","@graph":[{"@type":"Article","@id":"https:\/\/www.copealcoy.es\/es\/cocentaina-incorpora-nous-vehicles-per-a-la-neteja-viaria\/#article","isPartOf":{"@id":"https:\/\/www.copealcoy.es\/es\/cocentaina-incorpora-nous-vehicles-per-a-la-neteja-viaria\/"},"author":{"name":"Cope Alcoy","@id":"https:\/\/www.copealcoy.es\/es\/#\/schema\/person\/e777c87fa024e57d40170af9df39882c"},"headline":"Cocentaina incorpora nous vehicles per a la neteja vi\u00e0ria","datePublished":"2022-05-18T13:18:27+00:00","dateModified":"2022-05-18T13:41:52+00:00","mainEntityOfPage":{"@id":"https:\/\/www.copealcoy.es\/es\/cocentaina-incorpora-nous-vehicles-per-a-la-neteja-viaria\/"},"wordCount":224,"commentCount":0,"image":{"@id":"https:\/\/www.copealcoy.es\/es\/cocentaina-incorpora-nous-vehicles-per-a-la-neteja-viaria\/#primaryimage"},"thumbnailUrl":"https:\/\/www.copealcoy.es\/wp-content\/uploads\/2022\/05\/P2EA64KPMVHZDHRTWJFJXWRKSY.jpg","keywords":["Cocentaina","neteja vi\u00e0ria","Paqui Ruiz","vehicles"],"articleSection":["Comarcas","Noticias"],"inLanguage":"es"},{"@type":"WebPage","@id":"https:\/\/www.copealcoy.es\/es\/cocentaina-incorpora-nous-vehicles-per-a-la-neteja-viaria\/","url":"https:\/\/www.copealcoy.es\/es\/cocentaina-incorpora-nous-vehicles-per-a-la-neteja-viaria\/","name":"Cocentaina incorpora nous vehicles per a la neteja vi\u00e0ria - COPE Alcoy","isPartOf":{"@id":"https:\/\/www.copealcoy.es\/es\/#website"},"primaryImageOfPage":{"@id":"https:\/\/www.copealcoy.es\/es\/cocentaina-incorpora-nous-vehicles-per-a-la-neteja-viaria\/#primaryimage"},"image":{"@id":"https:\/\/www.copealcoy.es\/es\/cocentaina-incorpora-nous-vehicles-per-a-la-neteja-viaria\/#primaryimage"},"thumbnailUrl":"https:\/\/www.copealcoy.es\/wp-content\/uploads\/2022\/05\/P2EA64KPMVHZDHRTWJFJXWRKSY.jpg","datePublished":"2022-05-18T13:18:27+00:00","dateModified":"2022-05-18T13:41:52+00:00","author":{"@id":"https:\/\/www.copealcoy.es\/es\/#\/schema\/person\/e777c87fa024e57d40170af9df39882c"},"breadcrumb":{"@id":"https:\/\/www.copealcoy.es\/es\/cocentaina-incorpora-nous-vehicles-per-a-la-neteja-viaria\/#breadcrumb"},"inLanguage":"es","potentialAction":[{"@type":"ReadAction","target":["https:\/\/www.copealcoy.es\/es\/cocentaina-incorpora-nous-vehicles-per-a-la-neteja-viaria\/"]}]},{"@type":"ImageObject","inLanguage":"es","@id":"https:\/\/www.copealcoy.es\/es\/cocentaina-incorpora-nous-vehicles-per-a-la-neteja-viaria\/#primaryimage","url":"https:\/\/www.copealcoy.es\/wp-content\/uploads\/2022\/05\/P2EA64KPMVHZDHRTWJFJXWRKSY.jpg","contentUrl":"https:\/\/www.copealcoy.es\/wp-content\/uploads\/2022\/05\/P2EA64KPMVHZDHRTWJFJXWRKSY.jpg","width":736,"height":552},{"@type":"BreadcrumbList","@id":"https:\/\/www.copealcoy.es\/es\/cocentaina-incorpora-nous-vehicles-per-a-la-neteja-viaria\/#breadcrumb","itemListElement":[{"@type":"ListItem","position":1,"name":"Portada","item":"https:\/\/www.copealcoy.es\/es\/"},{"@type":"ListItem","position":2,"name":"Cocentaina incorpora nous vehicles per a la neteja vi\u00e0ria"}]},{"@type":"WebSite","@id":"https:\/\/www.copealcoy.es\/es\/#website","url":"https:\/\/www.copealcoy.es\/es\/","name":"COPE Alcoy","description":"Emisora COPE de radio local con emisi\u00f3n online. Pont de Sant Jordi 8-10 03803 Alcoy","potentialAction":[{"@type":"SearchAction","target":{"@type":"EntryPoint","urlTemplate":"https:\/\/www.copealcoy.es\/es\/?s={search_term_string}"},"query-input":{"@type":"PropertyValueSpecification","valueRequired":true,"valueName":"search_term_string"}}],"inLanguage":"es"},{"@type":"Person","@id":"https:\/\/www.copealcoy.es\/es\/#\/schema\/person\/e777c87fa024e57d40170af9df39882c","name":"Cope Alcoy","image":{"@type":"ImageObject","inLanguage":"es","@id":"https:\/\/secure.gravatar.com\/avatar\/bb65d0283347e303893ba14f0692005417c1e0e690a325a4c5d8bb2b3943ee14?s=96&d=mm&r=g","url":"https:\/\/secure.gravatar.com\/avatar\/bb65d0283347e303893ba14f0692005417c1e0e690a325a4c5d8bb2b3943ee14?s=96&d=mm&r=g","contentUrl":"https:\/\/secure.gravatar.com\/avatar\/bb65d0283347e303893ba14f0692005417c1e0e690a325a4c5d8bb2b3943ee14?s=96&d=mm&r=g","caption":"Cope Alcoy"}}]}},"_links":{"self":[{"href":"https:\/\/www.copealcoy.es\/es\/wp-json\/wp\/v2\/posts\/87516","targetHints":{"allow":["GET"]}}],"collection":[{"href":"https:\/\/www.copealcoy.es\/es\/wp-json\/wp\/v2\/posts"}],"about":[{"href":"https:\/\/www.copealcoy.es\/es\/wp-json\/wp\/v2\/types\/post"}],"author":[{"embeddable":true,"href":"https:\/\/www.copealcoy.es\/es\/wp-json\/wp\/v2\/users\/1"}],"replies":[{"embeddable":true,"href":"https:\/\/www.copealcoy.es\/es\/wp-json\/wp\/v2\/comments?post=87516"}],"version-history":[{"count":0,"href":"https:\/\/www.copealcoy.es\/es\/wp-json\/wp\/v2\/posts\/87516\/revisions"}],"wp:featuredmedia":[{"embeddable":true,"href":"https:\/\/www.copealcoy.es\/es\/wp-json\/wp\/v2\/media\/87517"}],"wp:attachment":[{"href":"https:\/\/www.copealcoy.es\/es\/wp-json\/wp\/v2\/media?parent=87516"}],"wp:term":[{"taxonomy":"category","embeddable":true,"href":"https:\/\/www.copealcoy.es\/es\/wp-json\/wp\/v2\/categories?post=87516"},{"taxonomy":"post_tag","embeddable":true,"href":"https:\/\/www.copealcoy.es\/es\/wp-json\/wp\/v2\/tags?post=87516"}],"curies":[{"name":"wp","href":"https:\/\/api.w.org\/{rel}","templated":true}]}}