{"id":87475,"date":"2022-05-17T14:56:31","date_gmt":"2022-05-17T13:56:31","guid":{"rendered":"https:\/\/www.copealcoy.es\/?p=87475"},"modified":"2022-05-17T15:11:58","modified_gmt":"2022-05-17T14:11:58","slug":"el-consell-aprueba-el-convenio-para-iniciar-las-actuaciones-en-el-cdti-de-rodes","status":"publish","type":"post","link":"https:\/\/www.copealcoy.es\/es\/el-consell-aprueba-el-convenio-para-iniciar-las-actuaciones-en-el-cdti-de-rodes\/","title":{"rendered":"El Consell aprueba el convenio para iniciar las actuaciones en el CDTi de Rodes"},"content":{"rendered":"<p style=\"text-align: justify;\">El Consell ha aprobado recientemente<strong> el convenio entre el Ayuntamiento y la Ag\u00e8ncia Valenciana de Turisme<\/strong> para iniciar <strong>la adecuaci\u00f3n de las instalaciones que acoger\u00e1n el futuro Centro de Turismo de Interior (CDTi)<\/strong> que se ubicar\u00e1 en la manzana de Rodes. De esta forma <strong>Turisme destinar\u00e1 1.200.000 euros<\/strong> para que el Consistorio adjudique y ejecute los trabajos mientras que\u00a0<strong>se har\u00e1 cargo \u00edntegramente de los 2,1 millones de euros<\/strong> en los cuales est\u00e1 presupuestada la obra.<\/p>\n<p style=\"text-align: justify;\">Hay que destacar que el Consistorio alcoyano, seg\u00fan la informaci\u00f3n facilitada, <strong>ya ha licitado estas obras<\/strong> y una vez se tenga la firma <strong>podr\u00e1n ser adjudicadas las mismas<\/strong>. A partir de ah\u00ed se iniciar\u00e1 el camino para comenzar <strong>la intervenci\u00f3n que har\u00e1 realidad un CDTi<\/strong> mediante el cual <strong>se dar\u00e1 servicio<\/strong> a cinco comarcas (L\u2019Alcoi\u00e0, El Comtat, La Vall d\u2019Albaida, La Costera i L\u2019Alt Vinalop\u00f3), 92 municipios y a una poblaci\u00f3n de 350.000 habitantes &#8220;<em>la implicaci\u00f3n de la Generalitat Valenciana, a trav\u00e9s del compromiso directo del presidente Ximo Puig financiando \u00edntegramente el Centro de Desarrollo Tur\u00edstico de Alcoy ejemplifica y demuestra la importancia de un proyecto estrat\u00e9gico para el crecimiento econ\u00f3mico y demogr\u00e1fico de la ciudad y del territorio que nos rodea. El turismo de interior es un potencial para nuestro territorio que tenemos que ser capaces de capitalizar<\/em>&#8220;, afirma la edil de Turismo; <strong>Lorena Zamorano<\/strong>.<\/p>\n<p style=\"text-align: justify;\">Recordar que la Generalitat Valenciana, en total, <strong>invertir\u00e1 4,7 millones de euros en el nuevo complejo tecnol\u00f3gico-cultural de Rodes<\/strong>. Las obras comenzaron a desarrollarse<a href=\"https:\/\/www.copealcoy.es\/rodes-comenca-a-ser-una-realitat\/\"><span style=\"color: #0000ff;\"><strong> el pasado mes de noviembre<\/strong><\/span><\/a>.<\/p>\n","protected":false},"excerpt":{"rendered":"<p>El Consell ha aprobado recientemente el convenio entre el Ayuntamiento y la Ag\u00e8ncia Valenciana de Turisme para iniciar la adecuaci\u00f3n&#8230;<\/p>\n","protected":false},"author":1,"featured_media":56056,"comment_status":"open","ping_status":"open","sticky":false,"template":"","format":"standard","meta":{"footnotes":""},"categories":[97,75,79],"tags":[4667,1494,11779,803],"class_list":["post-87475","post","type-post","status-publish","format-standard","has-post-thumbnail","hentry","category-alcoy","category-noticias","category-politicayeconomia","tag-agencia-valenciana-de-turisme","tag-alcoy","tag-cdti","tag-rodes"],"yoast_head":"<!-- This site is optimized with the Yoast SEO plugin v27.3 - https:\/\/yoast.com\/product\/yoast-seo-wordpress\/ -->\n<title>El Consell aprueba el convenio para iniciar las actuaciones en el CDTi de Rodes - COPE Alcoy<\/title>\n<meta name=\"robots\" content=\"index, follow, max-snippet:-1, max-image-preview:large, max-video-preview:-1\" \/>\n<link rel=\"canonical\" href=\"https:\/\/www.copealcoy.es\/es\/el-consell-aprueba-el-convenio-para-iniciar-las-actuaciones-en-el-cdti-de-rodes\/\" \/>\n<meta property=\"og:locale\" content=\"es_ES\" \/>\n<meta property=\"og:type\" content=\"article\" \/>\n<meta property=\"og:title\" content=\"El Consell aprueba el convenio para iniciar las actuaciones en el CDTi de Rodes - COPE Alcoy\" \/>\n<meta property=\"og:description\" content=\"El Consell ha aprobado recientemente el convenio entre el Ayuntamiento y la Ag\u00e8ncia Valenciana de Turisme para iniciar la adecuaci\u00f3n...\" \/>\n<meta property=\"og:url\" content=\"https:\/\/www.copealcoy.es\/es\/el-consell-aprueba-el-convenio-para-iniciar-las-actuaciones-en-el-cdti-de-rodes\/\" \/>\n<meta property=\"og:site_name\" content=\"COPE Alcoy\" \/>\n<meta property=\"article:published_time\" content=\"2022-05-17T13:56:31+00:00\" \/>\n<meta property=\"article:modified_time\" content=\"2022-05-17T14:11:58+00:00\" \/>\n<meta property=\"og:image\" content=\"https:\/\/www.copealcoy.es\/wp-content\/uploads\/2019\/10\/rodes_CDT-1-scaled.jpg\" \/>\n\t<meta property=\"og:image:width\" content=\"2560\" \/>\n\t<meta property=\"og:image:height\" content=\"1707\" \/>\n\t<meta property=\"og:image:type\" content=\"image\/jpeg\" \/>\n<meta name=\"author\" content=\"Cope Alcoy\" \/>\n<meta name=\"twitter:label1\" content=\"Escrito por\" \/>\n\t<meta name=\"twitter:data1\" content=\"Cope Alcoy\" \/>\n\t<meta name=\"twitter:label2\" content=\"Tiempo de lectura\" \/>\n\t<meta name=\"twitter:data2\" content=\"2 minutos\" \/>\n<script type=\"application\/ld+json\" class=\"yoast-schema-graph\">{\"@context\":\"https:\\\/\\\/schema.org\",\"@graph\":[{\"@type\":\"Article\",\"@id\":\"https:\\\/\\\/www.copealcoy.es\\\/es\\\/el-consell-aprueba-el-convenio-para-iniciar-las-actuaciones-en-el-cdti-de-rodes\\\/#article\",\"isPartOf\":{\"@id\":\"https:\\\/\\\/www.copealcoy.es\\\/es\\\/el-consell-aprueba-el-convenio-para-iniciar-las-actuaciones-en-el-cdti-de-rodes\\\/\"},\"author\":{\"name\":\"Cope Alcoy\",\"@id\":\"https:\\\/\\\/www.copealcoy.es\\\/es\\\/#\\\/schema\\\/person\\\/e777c87fa024e57d40170af9df39882c\"},\"headline\":\"El Consell aprueba el convenio para iniciar las actuaciones en el CDTi de Rodes\",\"datePublished\":\"2022-05-17T13:56:31+00:00\",\"dateModified\":\"2022-05-17T14:11:58+00:00\",\"mainEntityOfPage\":{\"@id\":\"https:\\\/\\\/www.copealcoy.es\\\/es\\\/el-consell-aprueba-el-convenio-para-iniciar-las-actuaciones-en-el-cdti-de-rodes\\\/\"},\"wordCount\":278,\"commentCount\":0,\"image\":{\"@id\":\"https:\\\/\\\/www.copealcoy.es\\\/es\\\/el-consell-aprueba-el-convenio-para-iniciar-las-actuaciones-en-el-cdti-de-rodes\\\/#primaryimage\"},\"thumbnailUrl\":\"https:\\\/\\\/www.copealcoy.es\\\/wp-content\\\/uploads\\\/2019\\\/10\\\/rodes_CDT-1-scaled.jpg\",\"keywords\":[\"Ag\u00e8ncia Valenciana de Turisme\",\"Alcoy\",\"CDTI\",\"Rodes\"],\"articleSection\":[\"Alcoy\",\"Noticias\",\"Pol\u00edtica y Econom\u00eda\"],\"inLanguage\":\"es\"},{\"@type\":\"WebPage\",\"@id\":\"https:\\\/\\\/www.copealcoy.es\\\/es\\\/el-consell-aprueba-el-convenio-para-iniciar-las-actuaciones-en-el-cdti-de-rodes\\\/\",\"url\":\"https:\\\/\\\/www.copealcoy.es\\\/es\\\/el-consell-aprueba-el-convenio-para-iniciar-las-actuaciones-en-el-cdti-de-rodes\\\/\",\"name\":\"El Consell aprueba el convenio para iniciar las actuaciones en el CDTi de Rodes - COPE Alcoy\",\"isPartOf\":{\"@id\":\"https:\\\/\\\/www.copealcoy.es\\\/es\\\/#website\"},\"primaryImageOfPage\":{\"@id\":\"https:\\\/\\\/www.copealcoy.es\\\/es\\\/el-consell-aprueba-el-convenio-para-iniciar-las-actuaciones-en-el-cdti-de-rodes\\\/#primaryimage\"},\"image\":{\"@id\":\"https:\\\/\\\/www.copealcoy.es\\\/es\\\/el-consell-aprueba-el-convenio-para-iniciar-las-actuaciones-en-el-cdti-de-rodes\\\/#primaryimage\"},\"thumbnailUrl\":\"https:\\\/\\\/www.copealcoy.es\\\/wp-content\\\/uploads\\\/2019\\\/10\\\/rodes_CDT-1-scaled.jpg\",\"datePublished\":\"2022-05-17T13:56:31+00:00\",\"dateModified\":\"2022-05-17T14:11:58+00:00\",\"author\":{\"@id\":\"https:\\\/\\\/www.copealcoy.es\\\/es\\\/#\\\/schema\\\/person\\\/e777c87fa024e57d40170af9df39882c\"},\"breadcrumb\":{\"@id\":\"https:\\\/\\\/www.copealcoy.es\\\/es\\\/el-consell-aprueba-el-convenio-para-iniciar-las-actuaciones-en-el-cdti-de-rodes\\\/#breadcrumb\"},\"inLanguage\":\"es\",\"potentialAction\":[{\"@type\":\"ReadAction\",\"target\":[\"https:\\\/\\\/www.copealcoy.es\\\/es\\\/el-consell-aprueba-el-convenio-para-iniciar-las-actuaciones-en-el-cdti-de-rodes\\\/\"]}]},{\"@type\":\"ImageObject\",\"inLanguage\":\"es\",\"@id\":\"https:\\\/\\\/www.copealcoy.es\\\/es\\\/el-consell-aprueba-el-convenio-para-iniciar-las-actuaciones-en-el-cdti-de-rodes\\\/#primaryimage\",\"url\":\"https:\\\/\\\/www.copealcoy.es\\\/wp-content\\\/uploads\\\/2019\\\/10\\\/rodes_CDT-1-scaled.jpg\",\"contentUrl\":\"https:\\\/\\\/www.copealcoy.es\\\/wp-content\\\/uploads\\\/2019\\\/10\\\/rodes_CDT-1-scaled.jpg\",\"width\":2560,\"height\":1707},{\"@type\":\"BreadcrumbList\",\"@id\":\"https:\\\/\\\/www.copealcoy.es\\\/es\\\/el-consell-aprueba-el-convenio-para-iniciar-las-actuaciones-en-el-cdti-de-rodes\\\/#breadcrumb\",\"itemListElement\":[{\"@type\":\"ListItem\",\"position\":1,\"name\":\"Portada\",\"item\":\"https:\\\/\\\/www.copealcoy.es\\\/es\\\/\"},{\"@type\":\"ListItem\",\"position\":2,\"name\":\"El Consell aprueba el convenio para iniciar las actuaciones en el CDTi de Rodes\"}]},{\"@type\":\"WebSite\",\"@id\":\"https:\\\/\\\/www.copealcoy.es\\\/es\\\/#website\",\"url\":\"https:\\\/\\\/www.copealcoy.es\\\/es\\\/\",\"name\":\"COPE Alcoy\",\"description\":\"Emisora COPE de radio local con emisi\u00f3n online. Pont de Sant Jordi 8-10 03803 Alcoy\",\"potentialAction\":[{\"@type\":\"SearchAction\",\"target\":{\"@type\":\"EntryPoint\",\"urlTemplate\":\"https:\\\/\\\/www.copealcoy.es\\\/es\\\/?s={search_term_string}\"},\"query-input\":{\"@type\":\"PropertyValueSpecification\",\"valueRequired\":true,\"valueName\":\"search_term_string\"}}],\"inLanguage\":\"es\"},{\"@type\":\"Person\",\"@id\":\"https:\\\/\\\/www.copealcoy.es\\\/es\\\/#\\\/schema\\\/person\\\/e777c87fa024e57d40170af9df39882c\",\"name\":\"Cope Alcoy\",\"image\":{\"@type\":\"ImageObject\",\"inLanguage\":\"es\",\"@id\":\"https:\\\/\\\/secure.gravatar.com\\\/avatar\\\/bb65d0283347e303893ba14f0692005417c1e0e690a325a4c5d8bb2b3943ee14?s=96&d=mm&r=g\",\"url\":\"https:\\\/\\\/secure.gravatar.com\\\/avatar\\\/bb65d0283347e303893ba14f0692005417c1e0e690a325a4c5d8bb2b3943ee14?s=96&d=mm&r=g\",\"contentUrl\":\"https:\\\/\\\/secure.gravatar.com\\\/avatar\\\/bb65d0283347e303893ba14f0692005417c1e0e690a325a4c5d8bb2b3943ee14?s=96&d=mm&r=g\",\"caption\":\"Cope Alcoy\"}}]}<\/script>\n<!-- \/ Yoast SEO plugin. -->","yoast_head_json":{"title":"El Consell aprueba el convenio para iniciar las actuaciones en el CDTi de Rodes - COPE Alcoy","robots":{"index":"index","follow":"follow","max-snippet":"max-snippet:-1","max-image-preview":"max-image-preview:large","max-video-preview":"max-video-preview:-1"},"canonical":"https:\/\/www.copealcoy.es\/es\/el-consell-aprueba-el-convenio-para-iniciar-las-actuaciones-en-el-cdti-de-rodes\/","og_locale":"es_ES","og_type":"article","og_title":"El Consell aprueba el convenio para iniciar las actuaciones en el CDTi de Rodes - COPE Alcoy","og_description":"El Consell ha aprobado recientemente el convenio entre el Ayuntamiento y la Ag\u00e8ncia Valenciana de Turisme para iniciar la adecuaci\u00f3n...","og_url":"https:\/\/www.copealcoy.es\/es\/el-consell-aprueba-el-convenio-para-iniciar-las-actuaciones-en-el-cdti-de-rodes\/","og_site_name":"COPE Alcoy","article_published_time":"2022-05-17T13:56:31+00:00","article_modified_time":"2022-05-17T14:11:58+00:00","og_image":[{"width":2560,"height":1707,"url":"https:\/\/www.copealcoy.es\/wp-content\/uploads\/2019\/10\/rodes_CDT-1-scaled.jpg","type":"image\/jpeg"}],"author":"Cope Alcoy","twitter_misc":{"Escrito por":"Cope Alcoy","Tiempo de lectura":"2 minutos"},"schema":{"@context":"https:\/\/schema.org","@graph":[{"@type":"Article","@id":"https:\/\/www.copealcoy.es\/es\/el-consell-aprueba-el-convenio-para-iniciar-las-actuaciones-en-el-cdti-de-rodes\/#article","isPartOf":{"@id":"https:\/\/www.copealcoy.es\/es\/el-consell-aprueba-el-convenio-para-iniciar-las-actuaciones-en-el-cdti-de-rodes\/"},"author":{"name":"Cope Alcoy","@id":"https:\/\/www.copealcoy.es\/es\/#\/schema\/person\/e777c87fa024e57d40170af9df39882c"},"headline":"El Consell aprueba el convenio para iniciar las actuaciones en el CDTi de Rodes","datePublished":"2022-05-17T13:56:31+00:00","dateModified":"2022-05-17T14:11:58+00:00","mainEntityOfPage":{"@id":"https:\/\/www.copealcoy.es\/es\/el-consell-aprueba-el-convenio-para-iniciar-las-actuaciones-en-el-cdti-de-rodes\/"},"wordCount":278,"commentCount":0,"image":{"@id":"https:\/\/www.copealcoy.es\/es\/el-consell-aprueba-el-convenio-para-iniciar-las-actuaciones-en-el-cdti-de-rodes\/#primaryimage"},"thumbnailUrl":"https:\/\/www.copealcoy.es\/wp-content\/uploads\/2019\/10\/rodes_CDT-1-scaled.jpg","keywords":["Ag\u00e8ncia Valenciana de Turisme","Alcoy","CDTI","Rodes"],"articleSection":["Alcoy","Noticias","Pol\u00edtica y Econom\u00eda"],"inLanguage":"es"},{"@type":"WebPage","@id":"https:\/\/www.copealcoy.es\/es\/el-consell-aprueba-el-convenio-para-iniciar-las-actuaciones-en-el-cdti-de-rodes\/","url":"https:\/\/www.copealcoy.es\/es\/el-consell-aprueba-el-convenio-para-iniciar-las-actuaciones-en-el-cdti-de-rodes\/","name":"El Consell aprueba el convenio para iniciar las actuaciones en el CDTi de Rodes - COPE Alcoy","isPartOf":{"@id":"https:\/\/www.copealcoy.es\/es\/#website"},"primaryImageOfPage":{"@id":"https:\/\/www.copealcoy.es\/es\/el-consell-aprueba-el-convenio-para-iniciar-las-actuaciones-en-el-cdti-de-rodes\/#primaryimage"},"image":{"@id":"https:\/\/www.copealcoy.es\/es\/el-consell-aprueba-el-convenio-para-iniciar-las-actuaciones-en-el-cdti-de-rodes\/#primaryimage"},"thumbnailUrl":"https:\/\/www.copealcoy.es\/wp-content\/uploads\/2019\/10\/rodes_CDT-1-scaled.jpg","datePublished":"2022-05-17T13:56:31+00:00","dateModified":"2022-05-17T14:11:58+00:00","author":{"@id":"https:\/\/www.copealcoy.es\/es\/#\/schema\/person\/e777c87fa024e57d40170af9df39882c"},"breadcrumb":{"@id":"https:\/\/www.copealcoy.es\/es\/el-consell-aprueba-el-convenio-para-iniciar-las-actuaciones-en-el-cdti-de-rodes\/#breadcrumb"},"inLanguage":"es","potentialAction":[{"@type":"ReadAction","target":["https:\/\/www.copealcoy.es\/es\/el-consell-aprueba-el-convenio-para-iniciar-las-actuaciones-en-el-cdti-de-rodes\/"]}]},{"@type":"ImageObject","inLanguage":"es","@id":"https:\/\/www.copealcoy.es\/es\/el-consell-aprueba-el-convenio-para-iniciar-las-actuaciones-en-el-cdti-de-rodes\/#primaryimage","url":"https:\/\/www.copealcoy.es\/wp-content\/uploads\/2019\/10\/rodes_CDT-1-scaled.jpg","contentUrl":"https:\/\/www.copealcoy.es\/wp-content\/uploads\/2019\/10\/rodes_CDT-1-scaled.jpg","width":2560,"height":1707},{"@type":"BreadcrumbList","@id":"https:\/\/www.copealcoy.es\/es\/el-consell-aprueba-el-convenio-para-iniciar-las-actuaciones-en-el-cdti-de-rodes\/#breadcrumb","itemListElement":[{"@type":"ListItem","position":1,"name":"Portada","item":"https:\/\/www.copealcoy.es\/es\/"},{"@type":"ListItem","position":2,"name":"El Consell aprueba el convenio para iniciar las actuaciones en el CDTi de Rodes"}]},{"@type":"WebSite","@id":"https:\/\/www.copealcoy.es\/es\/#website","url":"https:\/\/www.copealcoy.es\/es\/","name":"COPE Alcoy","description":"Emisora COPE de radio local con emisi\u00f3n online. Pont de Sant Jordi 8-10 03803 Alcoy","potentialAction":[{"@type":"SearchAction","target":{"@type":"EntryPoint","urlTemplate":"https:\/\/www.copealcoy.es\/es\/?s={search_term_string}"},"query-input":{"@type":"PropertyValueSpecification","valueRequired":true,"valueName":"search_term_string"}}],"inLanguage":"es"},{"@type":"Person","@id":"https:\/\/www.copealcoy.es\/es\/#\/schema\/person\/e777c87fa024e57d40170af9df39882c","name":"Cope Alcoy","image":{"@type":"ImageObject","inLanguage":"es","@id":"https:\/\/secure.gravatar.com\/avatar\/bb65d0283347e303893ba14f0692005417c1e0e690a325a4c5d8bb2b3943ee14?s=96&d=mm&r=g","url":"https:\/\/secure.gravatar.com\/avatar\/bb65d0283347e303893ba14f0692005417c1e0e690a325a4c5d8bb2b3943ee14?s=96&d=mm&r=g","contentUrl":"https:\/\/secure.gravatar.com\/avatar\/bb65d0283347e303893ba14f0692005417c1e0e690a325a4c5d8bb2b3943ee14?s=96&d=mm&r=g","caption":"Cope Alcoy"}}]}},"_links":{"self":[{"href":"https:\/\/www.copealcoy.es\/es\/wp-json\/wp\/v2\/posts\/87475","targetHints":{"allow":["GET"]}}],"collection":[{"href":"https:\/\/www.copealcoy.es\/es\/wp-json\/wp\/v2\/posts"}],"about":[{"href":"https:\/\/www.copealcoy.es\/es\/wp-json\/wp\/v2\/types\/post"}],"author":[{"embeddable":true,"href":"https:\/\/www.copealcoy.es\/es\/wp-json\/wp\/v2\/users\/1"}],"replies":[{"embeddable":true,"href":"https:\/\/www.copealcoy.es\/es\/wp-json\/wp\/v2\/comments?post=87475"}],"version-history":[{"count":0,"href":"https:\/\/www.copealcoy.es\/es\/wp-json\/wp\/v2\/posts\/87475\/revisions"}],"wp:featuredmedia":[{"embeddable":true,"href":"https:\/\/www.copealcoy.es\/es\/wp-json\/wp\/v2\/media\/56056"}],"wp:attachment":[{"href":"https:\/\/www.copealcoy.es\/es\/wp-json\/wp\/v2\/media?parent=87475"}],"wp:term":[{"taxonomy":"category","embeddable":true,"href":"https:\/\/www.copealcoy.es\/es\/wp-json\/wp\/v2\/categories?post=87475"},{"taxonomy":"post_tag","embeddable":true,"href":"https:\/\/www.copealcoy.es\/es\/wp-json\/wp\/v2\/tags?post=87475"}],"curies":[{"name":"wp","href":"https:\/\/api.w.org\/{rel}","templated":true}]}}